{"id":16429,"date":"2024-10-24T14:30:00","date_gmt":"2024-10-24T14:30:00","guid":{"rendered":"https:\/\/www.reciplasa.es\/?p=16429\/"},"modified":"2024-10-28T11:22:48","modified_gmt":"2024-10-28T11:22:48","slug":"toledo-presenta-una-futura-reciplasa-moderna-i-pionera-en-la-gestio-de-residus-amb-una-inversio-de-70-milions-en-els-proxims-3-anys","status":"publish","type":"post","link":"https:\/\/www.reciplasa.es\/va\/toledo-presenta-una-futura-reciplasa-moderna-i-pionera-en-la-gestio-de-residus-amb-una-inversio-de-70-milions-en-els-proxims-3-anys\/","title":{"rendered":"Toledo presenta una futura Reciplasa moderna i pionera en la gesti\u00f3 de residus amb una inversi\u00f3 de 70 milions en els pr\u00f2xims 3 anys"},"content":{"rendered":"\n<p><em>L&#8217;entitat p\u00fablica presenta el seu projecte com a fermall d&#8217;or en les jornades T\u00e8cniques de l&#8217;Associaci\u00f3 d&#8217;Empreses P\u00fabliques de Medi Ambient (ANEPMA)<\/em><\/p>\n\n\n\n<p><em>Sergio Toledo: \u201cReciplasa afronta un moment hist\u00f2ric i tenim el comprom\u00eds de continuar defenent el medi ambient i ser cada vegada m\u00e9s efica\u00e7os\u201d<\/em><\/p>\n\n\n\n<p><strong>Castell\u00f3 (24-10-2024). \u2013 <\/strong>El president de l&#8217;entitat p\u00fablica Reciplasa, Sergio Toledo, ha sigut l&#8217;encarregat de real\u00e7ar una presentaci\u00f3 de l&#8217;entitat, la seua hist\u00f2ria, les seues dades i, sobretot, els reptes de futur, aprofitant la celebraci\u00f3 de les XXXI Jornades T\u00e8cniques de l&#8217;Associaci\u00f3 d&#8217;Empreses P\u00fabliques de Medi Ambient (ANEPMA), el f\u00f2rum t\u00e8cnic m\u00e9s important d&#8217;Espanya, i que s&#8217;ha celebrat a Castell\u00f3 per primera vegada.<\/p>\n\n\n\n<p>En este context, Toledo ha presentat una Reciplasa moderna i pionera en la gesti\u00f3 de residus, \u201cque afronta un moment hist\u00f2ric, ja que hem previst una inversi\u00f3 de 70 milions en els pr\u00f2xims 3 anys. I \u00e9s que l&#8217;entitat \u201ccompta amb 30 anys d&#8217;hist\u00f2ria que celebrem just en este f\u00f2rum i porta tres d\u00e8cades prestant servici als ciutadans\u201d no sols dels municipis que formen part del consell d&#8217;administraci\u00f3, sin\u00f3 de diverses localitats de la seua \u00e0rea d&#8217;influ\u00e8ncia. Unes inversions que se centraran en modernitzar les plantes de les quals disposa l&#8217;entitat, aix\u00ed com modernitzar tots els processos en favor d&#8217;una major efici\u00e8ncia.<\/p>\n\n\n\n<p>\u201cEl comprom\u00eds de Reciplasa continuar\u00e0 sent el d&#8217;invertir en millores en les plantes de tractament, per\u00f2 sobretot el d&#8217;estar a l&#8217;altura dels reptes que es presenten en els pr\u00f2xims anys en la gesti\u00f3 dels residus\u201d. Reciplasa compta amb \u201cun important capital hum\u00e0 i uns principis que treballen en favor de la major efici\u00e8ncia, transpar\u00e8ncia i respecte pel medi ambient\u201d.<\/p>\n\n\n\n<p>A m\u00e9s, el president ha exposat la implicaci\u00f3 amb la investigaci\u00f3 a trav\u00e9s de la C\u00e0tedra *Reciplasa i la important aposta per la conscienciaci\u00f3 i respecte per la prov\u00edncia de Castell\u00f3.<\/p>\n\n\n\n<p><strong>\u00daltima dia de les jornades de ANEPMA<\/strong><\/p>\n\n\n\n<p>A m\u00e9s, hui \u00e9s l\u2019\u00faltim dia de les Jornades ANEPMA celebrades per primera vegada a la Comunitat Valenciana.\u201dHem aconseguit portar el f\u00f2rum t\u00e8cnic mediambiental m\u00e9s important del nostre pa\u00eds: 500 persones especialitzades que han apr\u00e9s i exposat les seues pon\u00e8ncies en els avan\u00e7os t\u00e8cnics m\u00e9s importants del sector, amb temes tan interessants com la introducci\u00f3 de la intel\u00b7lig\u00e8ncia artificial per a una major efici\u00e8ncia, o la transici\u00f3 energ\u00e8tica\u201d, ha indicat el president de Reciplasa, Sergio Toledo.<\/p>\n\n\n\n<p>Toledo ha explicat que \u201cReciplasa ho conformem 8 ajuntaments: l&#8217;Alcora, Almassora, Benic\u00e0ssim, Betx\u00ed, Borriana, Castell\u00f3, Onda i Vila-real. I prestem servici a 46 municipis. Perqu\u00e8 es puguen fer una idea del nostre treball, atenem una poblaci\u00f3 equivalent al 60% de la prov\u00edncia, des de pobles rurals de menys de 200 habitants a ciutats com la capital, amb prop de 200.000. Rebem di\u00e0riament en les nostres instal\u00b7lacions 400 tones de residus\u201d i ha agra\u00eft a ANEMPA haver triat Castell\u00f3 per a este important congr\u00e9s just quan es complixen 30 anys d&#8217;hist\u00f2ria de Reciplasa.<\/p>\n","protected":false},"excerpt":{"rendered":"<p>L&#8217;entitat p\u00fablica presenta el seu projecte com a fermall d&#8217;or en les jornades T\u00e8cniques de l&#8217;Associaci\u00f3 d&#8217;Empreses P\u00fabliques de Medi Ambient (ANEPMA) Sergio Toledo: \u201cReciplasa afronta un moment hist\u00f2ric i tenim el comprom\u00eds de continuar defenent el medi ambient i ser cada vegada m\u00e9s efica\u00e7os\u201d Castell\u00f3 (24-10-2024). \u2013 El president de l&#8217;entitat p\u00fablica Reciplasa, SergioDale que hay m\u00e1s &#8230;<\/p>\n","protected":false},"author":13,"featured_media":16427,"comment_status":"closed","ping_status":"closed","sticky":false,"template":"","format":"standard","meta":{"footnotes":""},"categories":[3],"tags":[],"class_list":["post-16429","post","type-post","status-publish","format-standard","has-post-thumbnail","hentry","category-noticias-corporativas"],"yoast_head":"<!-- This site is optimized with the Yoast SEO plugin v27.4 - https:\/\/yoast.com\/product\/yoast-seo-wordpress\/ -->\n<title>Toledo presenta una futura Reciplasa moderna i pionera en la gesti\u00f3 de residus amb una inversi\u00f3 de 70 milions en els pr\u00f2xims 3 anys - RECIPLASA<\/title>\n<meta name=\"description\" content=\"L&#039;entitat p\u00fablica presenta el seu projecte com a fermall d&#039;or en les jornades T\u00e8cniques de l&#039;Associaci\u00f3 d&#039;Empreses P\u00fabliques de Medi Ambient.\" \/>\n<meta name=\"robots\" content=\"index, follow, max-snippet:-1, max-image-preview:large, max-video-preview:-1\" \/>\n<link rel=\"canonical\" href=\"https:\/\/www.reciplasa.es\/va\/toledo-presenta-una-futura-reciplasa-moderna-i-pionera-en-la-gestio-de-residus-amb-una-inversio-de-70-milions-en-els-proxims-3-anys\/\" \/>\n<meta property=\"og:locale\" content=\"en_US\" \/>\n<meta property=\"og:type\" content=\"article\" \/>\n<meta property=\"og:title\" content=\"Toledo presenta una futura Reciplasa moderna i pionera en la gesti\u00f3 de residus amb una inversi\u00f3 de 70 milions en els pr\u00f2xims 3 anys - RECIPLASA\" \/>\n<meta property=\"og:description\" content=\"L&#039;entitat p\u00fablica presenta el seu projecte com a fermall d&#039;or en les jornades T\u00e8cniques de l&#039;Associaci\u00f3 d&#039;Empreses P\u00fabliques de Medi Ambient.\" \/>\n<meta property=\"og:url\" content=\"https:\/\/www.reciplasa.es\/va\/toledo-presenta-una-futura-reciplasa-moderna-i-pionera-en-la-gestio-de-residus-amb-una-inversio-de-70-milions-en-els-proxims-3-anys\/\" \/>\n<meta property=\"og:site_name\" content=\"RECIPLASA\" \/>\n<meta property=\"article:published_time\" content=\"2024-10-24T14:30:00+00:00\" \/>\n<meta property=\"article:modified_time\" content=\"2024-10-28T11:22:48+00:00\" \/>\n<meta property=\"og:image\" content=\"https:\/\/www.reciplasa.es\/wp-content\/uploads\/2024\/10\/Sergio-Toledo-intervencion-en-Anepma-Reciplasa-1.jpeg\" \/>\n\t<meta property=\"og:image:width\" content=\"1600\" \/>\n\t<meta property=\"og:image:height\" content=\"1152\" \/>\n\t<meta property=\"og:image:type\" content=\"image\/jpeg\" \/>\n<meta name=\"author\" content=\"Sandra\" \/>\n<meta name=\"twitter:card\" content=\"summary_large_image\" \/>\n<meta name=\"twitter:label1\" content=\"Written by\" \/>\n\t<meta name=\"twitter:data1\" content=\"Sandra\" \/>\n\t<meta name=\"twitter:label2\" content=\"Est. reading time\" \/>\n\t<meta name=\"twitter:data2\" content=\"3 minutes\" \/>\n<script type=\"application\/ld+json\" class=\"yoast-schema-graph\">{\"@context\":\"https:\\\/\\\/schema.org\",\"@graph\":[{\"@type\":\"Article\",\"@id\":\"https:\\\/\\\/www.reciplasa.es\\\/va\\\/toledo-presenta-una-futura-reciplasa-moderna-i-pionera-en-la-gestio-de-residus-amb-una-inversio-de-70-milions-en-els-proxims-3-anys\\\/#article\",\"isPartOf\":{\"@id\":\"https:\\\/\\\/www.reciplasa.es\\\/va\\\/toledo-presenta-una-futura-reciplasa-moderna-i-pionera-en-la-gestio-de-residus-amb-una-inversio-de-70-milions-en-els-proxims-3-anys\\\/\"},\"author\":{\"name\":\"Sandra\",\"@id\":\"https:\\\/\\\/www.reciplasa.es\\\/#\\\/schema\\\/person\\\/15191934c9f5618dadb907c80c029c0b\"},\"headline\":\"Toledo presenta una futura Reciplasa moderna i pionera en la gesti\u00f3 de residus amb una inversi\u00f3 de 70 milions en els pr\u00f2xims 3 anys\",\"datePublished\":\"2024-10-24T14:30:00+00:00\",\"dateModified\":\"2024-10-28T11:22:48+00:00\",\"mainEntityOfPage\":{\"@id\":\"https:\\\/\\\/www.reciplasa.es\\\/va\\\/toledo-presenta-una-futura-reciplasa-moderna-i-pionera-en-la-gestio-de-residus-amb-una-inversio-de-70-milions-en-els-proxims-3-anys\\\/\"},\"wordCount\":562,\"image\":{\"@id\":\"https:\\\/\\\/www.reciplasa.es\\\/va\\\/toledo-presenta-una-futura-reciplasa-moderna-i-pionera-en-la-gestio-de-residus-amb-una-inversio-de-70-milions-en-els-proxims-3-anys\\\/#primaryimage\"},\"thumbnailUrl\":\"https:\\\/\\\/www.reciplasa.es\\\/wp-content\\\/uploads\\\/2024\\\/10\\\/Sergio-Toledo-intervencion-en-Anepma-Reciplasa-1.jpeg\",\"articleSection\":[\"Noticias corporativas\"],\"inLanguage\":\"va-VA\"},{\"@type\":\"WebPage\",\"@id\":\"https:\\\/\\\/www.reciplasa.es\\\/va\\\/toledo-presenta-una-futura-reciplasa-moderna-i-pionera-en-la-gestio-de-residus-amb-una-inversio-de-70-milions-en-els-proxims-3-anys\\\/\",\"url\":\"https:\\\/\\\/www.reciplasa.es\\\/va\\\/toledo-presenta-una-futura-reciplasa-moderna-i-pionera-en-la-gestio-de-residus-amb-una-inversio-de-70-milions-en-els-proxims-3-anys\\\/\",\"name\":\"Toledo presenta una futura Reciplasa moderna i pionera en la gesti\u00f3 de residus amb una inversi\u00f3 de 70 milions en els pr\u00f2xims 3 anys - RECIPLASA\",\"isPartOf\":{\"@id\":\"https:\\\/\\\/www.reciplasa.es\\\/#website\"},\"primaryImageOfPage\":{\"@id\":\"https:\\\/\\\/www.reciplasa.es\\\/va\\\/toledo-presenta-una-futura-reciplasa-moderna-i-pionera-en-la-gestio-de-residus-amb-una-inversio-de-70-milions-en-els-proxims-3-anys\\\/#primaryimage\"},\"image\":{\"@id\":\"https:\\\/\\\/www.reciplasa.es\\\/va\\\/toledo-presenta-una-futura-reciplasa-moderna-i-pionera-en-la-gestio-de-residus-amb-una-inversio-de-70-milions-en-els-proxims-3-anys\\\/#primaryimage\"},\"thumbnailUrl\":\"https:\\\/\\\/www.reciplasa.es\\\/wp-content\\\/uploads\\\/2024\\\/10\\\/Sergio-Toledo-intervencion-en-Anepma-Reciplasa-1.jpeg\",\"datePublished\":\"2024-10-24T14:30:00+00:00\",\"dateModified\":\"2024-10-28T11:22:48+00:00\",\"author\":{\"@id\":\"https:\\\/\\\/www.reciplasa.es\\\/#\\\/schema\\\/person\\\/15191934c9f5618dadb907c80c029c0b\"},\"description\":\"L'entitat p\u00fablica presenta el seu projecte com a fermall d'or en les jornades T\u00e8cniques de l'Associaci\u00f3 d'Empreses P\u00fabliques de Medi Ambient.\",\"breadcrumb\":{\"@id\":\"https:\\\/\\\/www.reciplasa.es\\\/va\\\/toledo-presenta-una-futura-reciplasa-moderna-i-pionera-en-la-gestio-de-residus-amb-una-inversio-de-70-milions-en-els-proxims-3-anys\\\/#breadcrumb\"},\"inLanguage\":\"va-VA\",\"potentialAction\":[{\"@type\":\"ReadAction\",\"target\":[\"https:\\\/\\\/www.reciplasa.es\\\/va\\\/toledo-presenta-una-futura-reciplasa-moderna-i-pionera-en-la-gestio-de-residus-amb-una-inversio-de-70-milions-en-els-proxims-3-anys\\\/\"]}]},{\"@type\":\"ImageObject\",\"inLanguage\":\"va-VA\",\"@id\":\"https:\\\/\\\/www.reciplasa.es\\\/va\\\/toledo-presenta-una-futura-reciplasa-moderna-i-pionera-en-la-gestio-de-residus-amb-una-inversio-de-70-milions-en-els-proxims-3-anys\\\/#primaryimage\",\"url\":\"https:\\\/\\\/www.reciplasa.es\\\/wp-content\\\/uploads\\\/2024\\\/10\\\/Sergio-Toledo-intervencion-en-Anepma-Reciplasa-1.jpeg\",\"contentUrl\":\"https:\\\/\\\/www.reciplasa.es\\\/wp-content\\\/uploads\\\/2024\\\/10\\\/Sergio-Toledo-intervencion-en-Anepma-Reciplasa-1.jpeg\",\"width\":1600,\"height\":1152},{\"@type\":\"BreadcrumbList\",\"@id\":\"https:\\\/\\\/www.reciplasa.es\\\/va\\\/toledo-presenta-una-futura-reciplasa-moderna-i-pionera-en-la-gestio-de-residus-amb-una-inversio-de-70-milions-en-els-proxims-3-anys\\\/#breadcrumb\",\"itemListElement\":[{\"@type\":\"ListItem\",\"position\":1,\"name\":\"Portada\",\"item\":\"https:\\\/\\\/www.reciplasa.es\\\/va\\\/\"},{\"@type\":\"ListItem\",\"position\":2,\"name\":\"Toledo presenta una futura Reciplasa moderna i pionera en la gesti\u00f3 de residus amb una inversi\u00f3 de 70 milions en els pr\u00f2xims 3 anys\"}]},{\"@type\":\"WebSite\",\"@id\":\"https:\\\/\\\/www.reciplasa.es\\\/#website\",\"url\":\"https:\\\/\\\/www.reciplasa.es\\\/\",\"name\":\"RECIPLASA\",\"description\":\"Reciclats de Residus La Plana SA\",\"potentialAction\":[{\"@type\":\"SearchAction\",\"target\":{\"@type\":\"EntryPoint\",\"urlTemplate\":\"https:\\\/\\\/www.reciplasa.es\\\/?s={search_term_string}\"},\"query-input\":{\"@type\":\"PropertyValueSpecification\",\"valueRequired\":true,\"valueName\":\"search_term_string\"}}],\"inLanguage\":\"va-VA\"},{\"@type\":\"Person\",\"@id\":\"https:\\\/\\\/www.reciplasa.es\\\/#\\\/schema\\\/person\\\/15191934c9f5618dadb907c80c029c0b\",\"name\":\"Sandra\",\"image\":{\"@type\":\"ImageObject\",\"inLanguage\":\"va-VA\",\"@id\":\"https:\\\/\\\/secure.gravatar.com\\\/avatar\\\/605ca84bedd79915b697a46887df8ccd0249fb6f2a1bbcd0bfc66c91d997ae51?s=96&d=mm&r=g\",\"url\":\"https:\\\/\\\/secure.gravatar.com\\\/avatar\\\/605ca84bedd79915b697a46887df8ccd0249fb6f2a1bbcd0bfc66c91d997ae51?s=96&d=mm&r=g\",\"contentUrl\":\"https:\\\/\\\/secure.gravatar.com\\\/avatar\\\/605ca84bedd79915b697a46887df8ccd0249fb6f2a1bbcd0bfc66c91d997ae51?s=96&d=mm&r=g\",\"caption\":\"Sandra\"},\"url\":\"https:\\\/\\\/www.reciplasa.es\\\/va\\\/author\\\/sandra\\\/\"}]}<\/script>\n<!-- \/ Yoast SEO plugin. -->","yoast_head_json":{"title":"Toledo presenta una futura Reciplasa moderna i pionera en la gesti\u00f3 de residus amb una inversi\u00f3 de 70 milions en els pr\u00f2xims 3 anys - RECIPLASA","description":"L'entitat p\u00fablica presenta el seu projecte com a fermall d'or en les jornades T\u00e8cniques de l'Associaci\u00f3 d'Empreses P\u00fabliques de Medi Ambient.","robots":{"index":"index","follow":"follow","max-snippet":"max-snippet:-1","max-image-preview":"max-image-preview:large","max-video-preview":"max-video-preview:-1"},"canonical":"https:\/\/www.reciplasa.es\/va\/toledo-presenta-una-futura-reciplasa-moderna-i-pionera-en-la-gestio-de-residus-amb-una-inversio-de-70-milions-en-els-proxims-3-anys\/","og_locale":"en_US","og_type":"article","og_title":"Toledo presenta una futura Reciplasa moderna i pionera en la gesti\u00f3 de residus amb una inversi\u00f3 de 70 milions en els pr\u00f2xims 3 anys - RECIPLASA","og_description":"L'entitat p\u00fablica presenta el seu projecte com a fermall d'or en les jornades T\u00e8cniques de l'Associaci\u00f3 d'Empreses P\u00fabliques de Medi Ambient.","og_url":"https:\/\/www.reciplasa.es\/va\/toledo-presenta-una-futura-reciplasa-moderna-i-pionera-en-la-gestio-de-residus-amb-una-inversio-de-70-milions-en-els-proxims-3-anys\/","og_site_name":"RECIPLASA","article_published_time":"2024-10-24T14:30:00+00:00","article_modified_time":"2024-10-28T11:22:48+00:00","og_image":[{"width":1600,"height":1152,"url":"https:\/\/www.reciplasa.es\/wp-content\/uploads\/2024\/10\/Sergio-Toledo-intervencion-en-Anepma-Reciplasa-1.jpeg","type":"image\/jpeg"}],"author":"Sandra","twitter_card":"summary_large_image","twitter_misc":{"Written by":"Sandra","Est. reading time":"3 minutes"},"schema":{"@context":"https:\/\/schema.org","@graph":[{"@type":"Article","@id":"https:\/\/www.reciplasa.es\/va\/toledo-presenta-una-futura-reciplasa-moderna-i-pionera-en-la-gestio-de-residus-amb-una-inversio-de-70-milions-en-els-proxims-3-anys\/#article","isPartOf":{"@id":"https:\/\/www.reciplasa.es\/va\/toledo-presenta-una-futura-reciplasa-moderna-i-pionera-en-la-gestio-de-residus-amb-una-inversio-de-70-milions-en-els-proxims-3-anys\/"},"author":{"name":"Sandra","@id":"https:\/\/www.reciplasa.es\/#\/schema\/person\/15191934c9f5618dadb907c80c029c0b"},"headline":"Toledo presenta una futura Reciplasa moderna i pionera en la gesti\u00f3 de residus amb una inversi\u00f3 de 70 milions en els pr\u00f2xims 3 anys","datePublished":"2024-10-24T14:30:00+00:00","dateModified":"2024-10-28T11:22:48+00:00","mainEntityOfPage":{"@id":"https:\/\/www.reciplasa.es\/va\/toledo-presenta-una-futura-reciplasa-moderna-i-pionera-en-la-gestio-de-residus-amb-una-inversio-de-70-milions-en-els-proxims-3-anys\/"},"wordCount":562,"image":{"@id":"https:\/\/www.reciplasa.es\/va\/toledo-presenta-una-futura-reciplasa-moderna-i-pionera-en-la-gestio-de-residus-amb-una-inversio-de-70-milions-en-els-proxims-3-anys\/#primaryimage"},"thumbnailUrl":"https:\/\/www.reciplasa.es\/wp-content\/uploads\/2024\/10\/Sergio-Toledo-intervencion-en-Anepma-Reciplasa-1.jpeg","articleSection":["Noticias corporativas"],"inLanguage":"va-VA"},{"@type":"WebPage","@id":"https:\/\/www.reciplasa.es\/va\/toledo-presenta-una-futura-reciplasa-moderna-i-pionera-en-la-gestio-de-residus-amb-una-inversio-de-70-milions-en-els-proxims-3-anys\/","url":"https:\/\/www.reciplasa.es\/va\/toledo-presenta-una-futura-reciplasa-moderna-i-pionera-en-la-gestio-de-residus-amb-una-inversio-de-70-milions-en-els-proxims-3-anys\/","name":"Toledo presenta una futura Reciplasa moderna i pionera en la gesti\u00f3 de residus amb una inversi\u00f3 de 70 milions en els pr\u00f2xims 3 anys - RECIPLASA","isPartOf":{"@id":"https:\/\/www.reciplasa.es\/#website"},"primaryImageOfPage":{"@id":"https:\/\/www.reciplasa.es\/va\/toledo-presenta-una-futura-reciplasa-moderna-i-pionera-en-la-gestio-de-residus-amb-una-inversio-de-70-milions-en-els-proxims-3-anys\/#primaryimage"},"image":{"@id":"https:\/\/www.reciplasa.es\/va\/toledo-presenta-una-futura-reciplasa-moderna-i-pionera-en-la-gestio-de-residus-amb-una-inversio-de-70-milions-en-els-proxims-3-anys\/#primaryimage"},"thumbnailUrl":"https:\/\/www.reciplasa.es\/wp-content\/uploads\/2024\/10\/Sergio-Toledo-intervencion-en-Anepma-Reciplasa-1.jpeg","datePublished":"2024-10-24T14:30:00+00:00","dateModified":"2024-10-28T11:22:48+00:00","author":{"@id":"https:\/\/www.reciplasa.es\/#\/schema\/person\/15191934c9f5618dadb907c80c029c0b"},"description":"L'entitat p\u00fablica presenta el seu projecte com a fermall d'or en les jornades T\u00e8cniques de l'Associaci\u00f3 d'Empreses P\u00fabliques de Medi Ambient.","breadcrumb":{"@id":"https:\/\/www.reciplasa.es\/va\/toledo-presenta-una-futura-reciplasa-moderna-i-pionera-en-la-gestio-de-residus-amb-una-inversio-de-70-milions-en-els-proxims-3-anys\/#breadcrumb"},"inLanguage":"va-VA","potentialAction":[{"@type":"ReadAction","target":["https:\/\/www.reciplasa.es\/va\/toledo-presenta-una-futura-reciplasa-moderna-i-pionera-en-la-gestio-de-residus-amb-una-inversio-de-70-milions-en-els-proxims-3-anys\/"]}]},{"@type":"ImageObject","inLanguage":"va-VA","@id":"https:\/\/www.reciplasa.es\/va\/toledo-presenta-una-futura-reciplasa-moderna-i-pionera-en-la-gestio-de-residus-amb-una-inversio-de-70-milions-en-els-proxims-3-anys\/#primaryimage","url":"https:\/\/www.reciplasa.es\/wp-content\/uploads\/2024\/10\/Sergio-Toledo-intervencion-en-Anepma-Reciplasa-1.jpeg","contentUrl":"https:\/\/www.reciplasa.es\/wp-content\/uploads\/2024\/10\/Sergio-Toledo-intervencion-en-Anepma-Reciplasa-1.jpeg","width":1600,"height":1152},{"@type":"BreadcrumbList","@id":"https:\/\/www.reciplasa.es\/va\/toledo-presenta-una-futura-reciplasa-moderna-i-pionera-en-la-gestio-de-residus-amb-una-inversio-de-70-milions-en-els-proxims-3-anys\/#breadcrumb","itemListElement":[{"@type":"ListItem","position":1,"name":"Portada","item":"https:\/\/www.reciplasa.es\/va\/"},{"@type":"ListItem","position":2,"name":"Toledo presenta una futura Reciplasa moderna i pionera en la gesti\u00f3 de residus amb una inversi\u00f3 de 70 milions en els pr\u00f2xims 3 anys"}]},{"@type":"WebSite","@id":"https:\/\/www.reciplasa.es\/#website","url":"https:\/\/www.reciplasa.es\/","name":"RECIPLASA","description":"Reciclats de Residus La Plana SA","potentialAction":[{"@type":"SearchAction","target":{"@type":"EntryPoint","urlTemplate":"https:\/\/www.reciplasa.es\/?s={search_term_string}"},"query-input":{"@type":"PropertyValueSpecification","valueRequired":true,"valueName":"search_term_string"}}],"inLanguage":"va-VA"},{"@type":"Person","@id":"https:\/\/www.reciplasa.es\/#\/schema\/person\/15191934c9f5618dadb907c80c029c0b","name":"Sandra","image":{"@type":"ImageObject","inLanguage":"va-VA","@id":"https:\/\/secure.gravatar.com\/avatar\/605ca84bedd79915b697a46887df8ccd0249fb6f2a1bbcd0bfc66c91d997ae51?s=96&d=mm&r=g","url":"https:\/\/secure.gravatar.com\/avatar\/605ca84bedd79915b697a46887df8ccd0249fb6f2a1bbcd0bfc66c91d997ae51?s=96&d=mm&r=g","contentUrl":"https:\/\/secure.gravatar.com\/avatar\/605ca84bedd79915b697a46887df8ccd0249fb6f2a1bbcd0bfc66c91d997ae51?s=96&d=mm&r=g","caption":"Sandra"},"url":"https:\/\/www.reciplasa.es\/va\/author\/sandra\/"}]}},"_links":{"self":[{"href":"https:\/\/www.reciplasa.es\/va\/wp-json\/wp\/v2\/posts\/16429","targetHints":{"allow":["GET"]}}],"collection":[{"href":"https:\/\/www.reciplasa.es\/va\/wp-json\/wp\/v2\/posts"}],"about":[{"href":"https:\/\/www.reciplasa.es\/va\/wp-json\/wp\/v2\/types\/post"}],"author":[{"embeddable":true,"href":"https:\/\/www.reciplasa.es\/va\/wp-json\/wp\/v2\/users\/13"}],"replies":[{"embeddable":true,"href":"https:\/\/www.reciplasa.es\/va\/wp-json\/wp\/v2\/comments?post=16429"}],"version-history":[{"count":1,"href":"https:\/\/www.reciplasa.es\/va\/wp-json\/wp\/v2\/posts\/16429\/revisions"}],"predecessor-version":[{"id":16430,"href":"https:\/\/www.reciplasa.es\/va\/wp-json\/wp\/v2\/posts\/16429\/revisions\/16430"}],"wp:featuredmedia":[{"embeddable":true,"href":"https:\/\/www.reciplasa.es\/va\/wp-json\/wp\/v2\/media\/16427"}],"wp:attachment":[{"href":"https:\/\/www.reciplasa.es\/va\/wp-json\/wp\/v2\/media?parent=16429"}],"wp:term":[{"taxonomy":"category","embeddable":true,"href":"https:\/\/www.reciplasa.es\/va\/wp-json\/wp\/v2\/categories?post=16429"},{"taxonomy":"post_tag","embeddable":true,"href":"https:\/\/www.reciplasa.es\/va\/wp-json\/wp\/v2\/tags?post=16429"}],"curies":[{"name":"wp","href":"https:\/\/api.w.org\/{rel}","templated":true}]}}