{"id":16434,"date":"2024-10-25T15:30:00","date_gmt":"2024-10-25T15:30:00","guid":{"rendered":"https:\/\/www.reciplasa.es\/?p=16434\/"},"modified":"2024-10-28T11:39:58","modified_gmt":"2024-10-28T11:39:58","slug":"castello-supera-els-400-000-euros-dimpacte-economic-amb-el-congres-de-anepma","status":"publish","type":"post","link":"https:\/\/www.reciplasa.es\/va\/castello-supera-els-400-000-euros-dimpacte-economic-amb-el-congres-de-anepma\/","title":{"rendered":"Castell\u00f3 supera els 400.000 euros d&#8217;impacte econ\u00f2mic amb el congr\u00e9s de ANEPMA"},"content":{"rendered":"\n<p><em>L&#8217;entitat p\u00fablica agra\u00efx a ANEPMA haver triat la prov\u00edncia per a celebrar este important congr\u00e9s nacional en el 30 aniversari de Reciplasa<\/em><\/p>\n\n\n\n<p><strong>Castell\u00f3 (25-10-2024). \u2013 <\/strong>El president de l&#8217;entitat p\u00fablica&nbsp;Reciplasa, Sergio Toledo, entitat que ha funcionat com a amfitriona de la celebraci\u00f3 a Castell\u00f3 de les XXXI Jornades T\u00e8cniques de l&#8217;Associaci\u00f3 d&#8217;Empreses P\u00fabliques de Medi Ambient (ANEPMA), el f\u00f2rum t\u00e8cnic m\u00e9s important d&#8217;Espanya, ha superat els 400.000 euros d&#8217;impacte econ\u00f2mic en aquests dies.<\/p>\n\n\n\n<p><br>Tal com explica el president de&nbsp;Reciplasa&nbsp;\u201cmancant con\u00e9ixer amb detall les xifres, es tracta d&#8217;un congr\u00e9s que ha servit, en primer lloc, per a beneficiar a l&#8217;economia de la prov\u00edncia ja que la gent que ha assistit al congr\u00e9s ha optat per gaudir tamb\u00e9 d&#8217;aquesta prov\u00edncia i els seus municipis i, sobretot, descobrir la infinitat de serveis tur\u00edstics dels quals disposem\u201d.<\/p>\n\n\n\n<p><br>El president de&nbsp;ANEPMA, Jes\u00fas&nbsp;Diz, ha assegurat en la jornada de clausura que \u201cha sigut un \u00e8xit de jornades i de ciutat i de&nbsp;Reciplasa&nbsp;com a amfitrions. La ciutat de Castell\u00f3 s&#8217;ha bolcat en l&#8217;organitzaci\u00f3, a rebre&#8217;ns i a visibilitzar el treball que desenvolupem. Estem molt agra\u00efts tant amb l&#8217;Ajuntament com amb la resta d&#8217;administracions per la seua atenci\u00f3, i tamb\u00e9 per descomptat amb&nbsp;Reciplasa\u201d.&nbsp;Diz&nbsp;conclo\u00efa la seua intervenci\u00f3 anunciant que la pr\u00f2xima seu de les XXXII Jornades&nbsp;ANEPMA&nbsp;en 2025 ser\u00e0 Rota.<\/p>\n\n\n\n<p><br><br>ANEPMA&nbsp;est\u00e0 integrada per 51 empreses associades que presten cobertura a m\u00e9s de 1.200 municipis de 13 Comunitats Aut\u00f2nomes, atesa una poblaci\u00f3 de m\u00e9s d&#8217;11 milions de ciutadans i aquestes jornades han provocat que centenars de persones s&#8217;hagen despla\u00e7at a Castell\u00f3.<\/p>\n\n\n\n<p><br>\u201c\u00c9s evident que \u00e9s una injecci\u00f3 important als nostres hotels, en els nostres restaurants, per\u00f2, a m\u00e9s, serveix per a demostrar la fortalesa de la prov\u00edncia com a pot\u00e8ncia tur\u00edstica\u201d, ha destacat el president de&nbsp;Reciplasa, Sergio Toledo.<\/p>\n\n\n\n<p><br>Aix\u00ed mateix, Toledo ha destacat que \u201chem aconseguit tamb\u00e9 posar de manifest el comprom\u00eds de&nbsp;Reciplasa, la hist\u00f2ria d&#8217;una entitat que conjumina les voluntats d&#8217;una terra en favor del medi ambient\u201d pel que \u201c\u00e9s molt satisfactori per a tots els alcaldes i municipis que integren&nbsp;Reciplasa&nbsp;que els beneficis es queden a Castell\u00f3\u201d i demostrar \u201cl&#8217;efic\u00e0cia de&nbsp;Reciplasa&nbsp;amb la cura del nostre entorn\u201d<\/p>\n\n\n\n<p><br><br>El congr\u00e9s de&nbsp;ANEPMA&nbsp;celebrat per primera vegada en la Comunitat Valenciana ha servit per a l&#8217;aprenentatge amb tot l&#8217;exposat en les seues pon\u00e8ncies en els avan\u00e7os t\u00e8cnics m\u00e9s importants del sector, amb temes tan interessants com la introducci\u00f3 de la intel\u00b7lig\u00e8ncia artificial per a una major efici\u00e8ncia, o la transici\u00f3 energ\u00e8tica. La gesti\u00f3 dels residus en municipis tur\u00edstics, o la comunicaci\u00f3 en el sector del medi ambient han centrat tamb\u00e9 l&#8217;atenci\u00f3 de professionals t\u00e8cnics responsables de la gesti\u00f3 de les m\u00e9s importants empreses p\u00fabliques d&#8217;Espanya.<\/p>\n\n\n\n<p><br><br><strong>Gran difusi\u00f3 de&nbsp;Reciplasa&nbsp;entre el sector mediambiental<\/strong><\/p>\n\n\n\n<p>Tots els assistents han conegut a m\u00e9s de primera m\u00e0 el treball que desenvolupa l&#8217;empresa p\u00fablica&nbsp;Reciplasa&nbsp;en la zona centre de la prov\u00edncia de Castell\u00f3, que actualment afronta l&#8217;inici d&#8217;un il\u00b7lusionant projecte de modernitzaci\u00f3 integral de les seues instal\u00b7lacions.<\/p>\n\n\n\n<p><br>Toledo ha explicat que \u201cReciplasa&nbsp;ho conformem 8 ajuntaments: l&#8217;Alcora, Almassora, Benic\u00e0ssim, Betx\u00ed, Borriana, Castell\u00f3, Onda i Vila-real. I prestem servei a 46 municipis. Perqu\u00e8 es puguen fer una idea del nostre treball, atenem una poblaci\u00f3 equivalent al 60% de la prov\u00edncia, des de pobles rurals de menys de 200 habitants a ciutats com la capital, amb prop de 200.000. Rebem di\u00e0riament en les nostres instal\u00b7lacions 400 tones de residus\u201d i ha agra\u00eft a&nbsp;ANEMPA&nbsp;haver triat Castell\u00f3 per a aquest important congr\u00e9s just quan es compleixen 30 anys d&#8217;hist\u00f2ria de&nbsp;Reciplasa.<\/p>\n","protected":false},"excerpt":{"rendered":"<p>L&#8217;entitat p\u00fablica agra\u00efx a ANEPMA haver triat la prov\u00edncia per a celebrar este important congr\u00e9s nacional en el 30 aniversari de Reciplasa Castell\u00f3 (25-10-2024). \u2013 El president de l&#8217;entitat p\u00fablica&nbsp;Reciplasa, Sergio Toledo, entitat que ha funcionat com a amfitriona de la celebraci\u00f3 a Castell\u00f3 de les XXXI Jornades T\u00e8cniques de l&#8217;Associaci\u00f3 d&#8217;Empreses P\u00fabliques de MediDale que hay m\u00e1s &#8230;<\/p>\n","protected":false},"author":13,"featured_media":16432,"comment_status":"closed","ping_status":"closed","sticky":false,"template":"","format":"standard","meta":{"footnotes":""},"categories":[3],"tags":[],"class_list":["post-16434","post","type-post","status-publish","format-standard","has-post-thumbnail","hentry","category-noticias-corporativas"],"yoast_head":"<!-- This site is optimized with the Yoast SEO plugin v27.4 - https:\/\/yoast.com\/product\/yoast-seo-wordpress\/ -->\n<title>Castell\u00f3 supera els 400.000 euros d&#039;impacte econ\u00f2mic amb el congr\u00e9s de ANEPMA - RECIPLASA<\/title>\n<meta name=\"description\" content=\"L&#039;entitat p\u00fablica agra\u00efx a ANEPMA haver triat la prov\u00edncia per a celebrar este important congr\u00e9s nacional en el 30 aniversari de Reciplasa.\" \/>\n<meta name=\"robots\" content=\"index, follow, max-snippet:-1, max-image-preview:large, max-video-preview:-1\" \/>\n<link rel=\"canonical\" href=\"https:\/\/www.reciplasa.es\/va\/castello-supera-els-400-000-euros-dimpacte-economic-amb-el-congres-de-anepma\/\" \/>\n<meta property=\"og:locale\" content=\"en_US\" \/>\n<meta property=\"og:type\" content=\"article\" \/>\n<meta property=\"og:title\" content=\"Castell\u00f3 supera els 400.000 euros d&#039;impacte econ\u00f2mic amb el congr\u00e9s de ANEPMA - RECIPLASA\" \/>\n<meta property=\"og:description\" content=\"L&#039;entitat p\u00fablica agra\u00efx a ANEPMA haver triat la prov\u00edncia per a celebrar este important congr\u00e9s nacional en el 30 aniversari de Reciplasa.\" \/>\n<meta property=\"og:url\" content=\"https:\/\/www.reciplasa.es\/va\/castello-supera-els-400-000-euros-dimpacte-economic-amb-el-congres-de-anepma\/\" \/>\n<meta property=\"og:site_name\" content=\"RECIPLASA\" \/>\n<meta property=\"article:published_time\" content=\"2024-10-25T15:30:00+00:00\" \/>\n<meta property=\"article:modified_time\" content=\"2024-10-28T11:39:58+00:00\" \/>\n<meta property=\"og:image\" content=\"https:\/\/www.reciplasa.es\/wp-content\/uploads\/2024\/10\/Juan-Manuel-Garcia-secretario-general-de-ANEPMA-Sergio-Toledo-presidente-de-Reciplasa-Jesus-Diz-presidente-de-ANEPMA-y-Fernando-Albarran-director-tecnico-de-Reciplasa.-1.jpeg\" \/>\n\t<meta property=\"og:image:width\" content=\"2048\" \/>\n\t<meta property=\"og:image:height\" content=\"1366\" \/>\n\t<meta property=\"og:image:type\" content=\"image\/jpeg\" \/>\n<meta name=\"author\" content=\"Sandra\" \/>\n<meta name=\"twitter:card\" content=\"summary_large_image\" \/>\n<meta name=\"twitter:label1\" content=\"Written by\" \/>\n\t<meta name=\"twitter:data1\" content=\"Sandra\" \/>\n\t<meta name=\"twitter:label2\" content=\"Est. reading time\" \/>\n\t<meta name=\"twitter:data2\" content=\"3 minutes\" \/>\n<script type=\"application\/ld+json\" class=\"yoast-schema-graph\">{\"@context\":\"https:\\\/\\\/schema.org\",\"@graph\":[{\"@type\":\"Article\",\"@id\":\"https:\\\/\\\/www.reciplasa.es\\\/va\\\/castello-supera-els-400-000-euros-dimpacte-economic-amb-el-congres-de-anepma\\\/#article\",\"isPartOf\":{\"@id\":\"https:\\\/\\\/www.reciplasa.es\\\/va\\\/castello-supera-els-400-000-euros-dimpacte-economic-amb-el-congres-de-anepma\\\/\"},\"author\":{\"name\":\"Sandra\",\"@id\":\"https:\\\/\\\/www.reciplasa.es\\\/#\\\/schema\\\/person\\\/15191934c9f5618dadb907c80c029c0b\"},\"headline\":\"Castell\u00f3 supera els 400.000 euros d&#8217;impacte econ\u00f2mic amb el congr\u00e9s de ANEPMA\",\"datePublished\":\"2024-10-25T15:30:00+00:00\",\"dateModified\":\"2024-10-28T11:39:58+00:00\",\"mainEntityOfPage\":{\"@id\":\"https:\\\/\\\/www.reciplasa.es\\\/va\\\/castello-supera-els-400-000-euros-dimpacte-economic-amb-el-congres-de-anepma\\\/\"},\"wordCount\":705,\"image\":{\"@id\":\"https:\\\/\\\/www.reciplasa.es\\\/va\\\/castello-supera-els-400-000-euros-dimpacte-economic-amb-el-congres-de-anepma\\\/#primaryimage\"},\"thumbnailUrl\":\"https:\\\/\\\/www.reciplasa.es\\\/wp-content\\\/uploads\\\/2024\\\/10\\\/Juan-Manuel-Garcia-secretario-general-de-ANEPMA-Sergio-Toledo-presidente-de-Reciplasa-Jesus-Diz-presidente-de-ANEPMA-y-Fernando-Albarran-director-tecnico-de-Reciplasa.-1.jpeg\",\"articleSection\":[\"Noticias corporativas\"],\"inLanguage\":\"va-VA\"},{\"@type\":\"WebPage\",\"@id\":\"https:\\\/\\\/www.reciplasa.es\\\/va\\\/castello-supera-els-400-000-euros-dimpacte-economic-amb-el-congres-de-anepma\\\/\",\"url\":\"https:\\\/\\\/www.reciplasa.es\\\/va\\\/castello-supera-els-400-000-euros-dimpacte-economic-amb-el-congres-de-anepma\\\/\",\"name\":\"Castell\u00f3 supera els 400.000 euros d'impacte econ\u00f2mic amb el congr\u00e9s de ANEPMA - RECIPLASA\",\"isPartOf\":{\"@id\":\"https:\\\/\\\/www.reciplasa.es\\\/#website\"},\"primaryImageOfPage\":{\"@id\":\"https:\\\/\\\/www.reciplasa.es\\\/va\\\/castello-supera-els-400-000-euros-dimpacte-economic-amb-el-congres-de-anepma\\\/#primaryimage\"},\"image\":{\"@id\":\"https:\\\/\\\/www.reciplasa.es\\\/va\\\/castello-supera-els-400-000-euros-dimpacte-economic-amb-el-congres-de-anepma\\\/#primaryimage\"},\"thumbnailUrl\":\"https:\\\/\\\/www.reciplasa.es\\\/wp-content\\\/uploads\\\/2024\\\/10\\\/Juan-Manuel-Garcia-secretario-general-de-ANEPMA-Sergio-Toledo-presidente-de-Reciplasa-Jesus-Diz-presidente-de-ANEPMA-y-Fernando-Albarran-director-tecnico-de-Reciplasa.-1.jpeg\",\"datePublished\":\"2024-10-25T15:30:00+00:00\",\"dateModified\":\"2024-10-28T11:39:58+00:00\",\"author\":{\"@id\":\"https:\\\/\\\/www.reciplasa.es\\\/#\\\/schema\\\/person\\\/15191934c9f5618dadb907c80c029c0b\"},\"description\":\"L'entitat p\u00fablica agra\u00efx a ANEPMA haver triat la prov\u00edncia per a celebrar este important congr\u00e9s nacional en el 30 aniversari de Reciplasa.\",\"breadcrumb\":{\"@id\":\"https:\\\/\\\/www.reciplasa.es\\\/va\\\/castello-supera-els-400-000-euros-dimpacte-economic-amb-el-congres-de-anepma\\\/#breadcrumb\"},\"inLanguage\":\"va-VA\",\"potentialAction\":[{\"@type\":\"ReadAction\",\"target\":[\"https:\\\/\\\/www.reciplasa.es\\\/va\\\/castello-supera-els-400-000-euros-dimpacte-economic-amb-el-congres-de-anepma\\\/\"]}]},{\"@type\":\"ImageObject\",\"inLanguage\":\"va-VA\",\"@id\":\"https:\\\/\\\/www.reciplasa.es\\\/va\\\/castello-supera-els-400-000-euros-dimpacte-economic-amb-el-congres-de-anepma\\\/#primaryimage\",\"url\":\"https:\\\/\\\/www.reciplasa.es\\\/wp-content\\\/uploads\\\/2024\\\/10\\\/Juan-Manuel-Garcia-secretario-general-de-ANEPMA-Sergio-Toledo-presidente-de-Reciplasa-Jesus-Diz-presidente-de-ANEPMA-y-Fernando-Albarran-director-tecnico-de-Reciplasa.-1.jpeg\",\"contentUrl\":\"https:\\\/\\\/www.reciplasa.es\\\/wp-content\\\/uploads\\\/2024\\\/10\\\/Juan-Manuel-Garcia-secretario-general-de-ANEPMA-Sergio-Toledo-presidente-de-Reciplasa-Jesus-Diz-presidente-de-ANEPMA-y-Fernando-Albarran-director-tecnico-de-Reciplasa.-1.jpeg\",\"width\":2048,\"height\":1366},{\"@type\":\"BreadcrumbList\",\"@id\":\"https:\\\/\\\/www.reciplasa.es\\\/va\\\/castello-supera-els-400-000-euros-dimpacte-economic-amb-el-congres-de-anepma\\\/#breadcrumb\",\"itemListElement\":[{\"@type\":\"ListItem\",\"position\":1,\"name\":\"Portada\",\"item\":\"https:\\\/\\\/www.reciplasa.es\\\/va\\\/\"},{\"@type\":\"ListItem\",\"position\":2,\"name\":\"Castell\u00f3 supera els 400.000 euros d&#8217;impacte econ\u00f2mic amb el congr\u00e9s de ANEPMA\"}]},{\"@type\":\"WebSite\",\"@id\":\"https:\\\/\\\/www.reciplasa.es\\\/#website\",\"url\":\"https:\\\/\\\/www.reciplasa.es\\\/\",\"name\":\"RECIPLASA\",\"description\":\"Reciclats de Residus La Plana SA\",\"potentialAction\":[{\"@type\":\"SearchAction\",\"target\":{\"@type\":\"EntryPoint\",\"urlTemplate\":\"https:\\\/\\\/www.reciplasa.es\\\/?s={search_term_string}\"},\"query-input\":{\"@type\":\"PropertyValueSpecification\",\"valueRequired\":true,\"valueName\":\"search_term_string\"}}],\"inLanguage\":\"va-VA\"},{\"@type\":\"Person\",\"@id\":\"https:\\\/\\\/www.reciplasa.es\\\/#\\\/schema\\\/person\\\/15191934c9f5618dadb907c80c029c0b\",\"name\":\"Sandra\",\"image\":{\"@type\":\"ImageObject\",\"inLanguage\":\"va-VA\",\"@id\":\"https:\\\/\\\/secure.gravatar.com\\\/avatar\\\/605ca84bedd79915b697a46887df8ccd0249fb6f2a1bbcd0bfc66c91d997ae51?s=96&d=mm&r=g\",\"url\":\"https:\\\/\\\/secure.gravatar.com\\\/avatar\\\/605ca84bedd79915b697a46887df8ccd0249fb6f2a1bbcd0bfc66c91d997ae51?s=96&d=mm&r=g\",\"contentUrl\":\"https:\\\/\\\/secure.gravatar.com\\\/avatar\\\/605ca84bedd79915b697a46887df8ccd0249fb6f2a1bbcd0bfc66c91d997ae51?s=96&d=mm&r=g\",\"caption\":\"Sandra\"},\"url\":\"https:\\\/\\\/www.reciplasa.es\\\/va\\\/author\\\/sandra\\\/\"}]}<\/script>\n<!-- \/ Yoast SEO plugin. -->","yoast_head_json":{"title":"Castell\u00f3 supera els 400.000 euros d'impacte econ\u00f2mic amb el congr\u00e9s de ANEPMA - RECIPLASA","description":"L'entitat p\u00fablica agra\u00efx a ANEPMA haver triat la prov\u00edncia per a celebrar este important congr\u00e9s nacional en el 30 aniversari de Reciplasa.","robots":{"index":"index","follow":"follow","max-snippet":"max-snippet:-1","max-image-preview":"max-image-preview:large","max-video-preview":"max-video-preview:-1"},"canonical":"https:\/\/www.reciplasa.es\/va\/castello-supera-els-400-000-euros-dimpacte-economic-amb-el-congres-de-anepma\/","og_locale":"en_US","og_type":"article","og_title":"Castell\u00f3 supera els 400.000 euros d'impacte econ\u00f2mic amb el congr\u00e9s de ANEPMA - RECIPLASA","og_description":"L'entitat p\u00fablica agra\u00efx a ANEPMA haver triat la prov\u00edncia per a celebrar este important congr\u00e9s nacional en el 30 aniversari de Reciplasa.","og_url":"https:\/\/www.reciplasa.es\/va\/castello-supera-els-400-000-euros-dimpacte-economic-amb-el-congres-de-anepma\/","og_site_name":"RECIPLASA","article_published_time":"2024-10-25T15:30:00+00:00","article_modified_time":"2024-10-28T11:39:58+00:00","og_image":[{"width":2048,"height":1366,"url":"https:\/\/www.reciplasa.es\/wp-content\/uploads\/2024\/10\/Juan-Manuel-Garcia-secretario-general-de-ANEPMA-Sergio-Toledo-presidente-de-Reciplasa-Jesus-Diz-presidente-de-ANEPMA-y-Fernando-Albarran-director-tecnico-de-Reciplasa.-1.jpeg","type":"image\/jpeg"}],"author":"Sandra","twitter_card":"summary_large_image","twitter_misc":{"Written by":"Sandra","Est. reading time":"3 minutes"},"schema":{"@context":"https:\/\/schema.org","@graph":[{"@type":"Article","@id":"https:\/\/www.reciplasa.es\/va\/castello-supera-els-400-000-euros-dimpacte-economic-amb-el-congres-de-anepma\/#article","isPartOf":{"@id":"https:\/\/www.reciplasa.es\/va\/castello-supera-els-400-000-euros-dimpacte-economic-amb-el-congres-de-anepma\/"},"author":{"name":"Sandra","@id":"https:\/\/www.reciplasa.es\/#\/schema\/person\/15191934c9f5618dadb907c80c029c0b"},"headline":"Castell\u00f3 supera els 400.000 euros d&#8217;impacte econ\u00f2mic amb el congr\u00e9s de ANEPMA","datePublished":"2024-10-25T15:30:00+00:00","dateModified":"2024-10-28T11:39:58+00:00","mainEntityOfPage":{"@id":"https:\/\/www.reciplasa.es\/va\/castello-supera-els-400-000-euros-dimpacte-economic-amb-el-congres-de-anepma\/"},"wordCount":705,"image":{"@id":"https:\/\/www.reciplasa.es\/va\/castello-supera-els-400-000-euros-dimpacte-economic-amb-el-congres-de-anepma\/#primaryimage"},"thumbnailUrl":"https:\/\/www.reciplasa.es\/wp-content\/uploads\/2024\/10\/Juan-Manuel-Garcia-secretario-general-de-ANEPMA-Sergio-Toledo-presidente-de-Reciplasa-Jesus-Diz-presidente-de-ANEPMA-y-Fernando-Albarran-director-tecnico-de-Reciplasa.-1.jpeg","articleSection":["Noticias corporativas"],"inLanguage":"va-VA"},{"@type":"WebPage","@id":"https:\/\/www.reciplasa.es\/va\/castello-supera-els-400-000-euros-dimpacte-economic-amb-el-congres-de-anepma\/","url":"https:\/\/www.reciplasa.es\/va\/castello-supera-els-400-000-euros-dimpacte-economic-amb-el-congres-de-anepma\/","name":"Castell\u00f3 supera els 400.000 euros d'impacte econ\u00f2mic amb el congr\u00e9s de ANEPMA - RECIPLASA","isPartOf":{"@id":"https:\/\/www.reciplasa.es\/#website"},"primaryImageOfPage":{"@id":"https:\/\/www.reciplasa.es\/va\/castello-supera-els-400-000-euros-dimpacte-economic-amb-el-congres-de-anepma\/#primaryimage"},"image":{"@id":"https:\/\/www.reciplasa.es\/va\/castello-supera-els-400-000-euros-dimpacte-economic-amb-el-congres-de-anepma\/#primaryimage"},"thumbnailUrl":"https:\/\/www.reciplasa.es\/wp-content\/uploads\/2024\/10\/Juan-Manuel-Garcia-secretario-general-de-ANEPMA-Sergio-Toledo-presidente-de-Reciplasa-Jesus-Diz-presidente-de-ANEPMA-y-Fernando-Albarran-director-tecnico-de-Reciplasa.-1.jpeg","datePublished":"2024-10-25T15:30:00+00:00","dateModified":"2024-10-28T11:39:58+00:00","author":{"@id":"https:\/\/www.reciplasa.es\/#\/schema\/person\/15191934c9f5618dadb907c80c029c0b"},"description":"L'entitat p\u00fablica agra\u00efx a ANEPMA haver triat la prov\u00edncia per a celebrar este important congr\u00e9s nacional en el 30 aniversari de Reciplasa.","breadcrumb":{"@id":"https:\/\/www.reciplasa.es\/va\/castello-supera-els-400-000-euros-dimpacte-economic-amb-el-congres-de-anepma\/#breadcrumb"},"inLanguage":"va-VA","potentialAction":[{"@type":"ReadAction","target":["https:\/\/www.reciplasa.es\/va\/castello-supera-els-400-000-euros-dimpacte-economic-amb-el-congres-de-anepma\/"]}]},{"@type":"ImageObject","inLanguage":"va-VA","@id":"https:\/\/www.reciplasa.es\/va\/castello-supera-els-400-000-euros-dimpacte-economic-amb-el-congres-de-anepma\/#primaryimage","url":"https:\/\/www.reciplasa.es\/wp-content\/uploads\/2024\/10\/Juan-Manuel-Garcia-secretario-general-de-ANEPMA-Sergio-Toledo-presidente-de-Reciplasa-Jesus-Diz-presidente-de-ANEPMA-y-Fernando-Albarran-director-tecnico-de-Reciplasa.-1.jpeg","contentUrl":"https:\/\/www.reciplasa.es\/wp-content\/uploads\/2024\/10\/Juan-Manuel-Garcia-secretario-general-de-ANEPMA-Sergio-Toledo-presidente-de-Reciplasa-Jesus-Diz-presidente-de-ANEPMA-y-Fernando-Albarran-director-tecnico-de-Reciplasa.-1.jpeg","width":2048,"height":1366},{"@type":"BreadcrumbList","@id":"https:\/\/www.reciplasa.es\/va\/castello-supera-els-400-000-euros-dimpacte-economic-amb-el-congres-de-anepma\/#breadcrumb","itemListElement":[{"@type":"ListItem","position":1,"name":"Portada","item":"https:\/\/www.reciplasa.es\/va\/"},{"@type":"ListItem","position":2,"name":"Castell\u00f3 supera els 400.000 euros d&#8217;impacte econ\u00f2mic amb el congr\u00e9s de ANEPMA"}]},{"@type":"WebSite","@id":"https:\/\/www.reciplasa.es\/#website","url":"https:\/\/www.reciplasa.es\/","name":"RECIPLASA","description":"Reciclats de Residus La Plana SA","potentialAction":[{"@type":"SearchAction","target":{"@type":"EntryPoint","urlTemplate":"https:\/\/www.reciplasa.es\/?s={search_term_string}"},"query-input":{"@type":"PropertyValueSpecification","valueRequired":true,"valueName":"search_term_string"}}],"inLanguage":"va-VA"},{"@type":"Person","@id":"https:\/\/www.reciplasa.es\/#\/schema\/person\/15191934c9f5618dadb907c80c029c0b","name":"Sandra","image":{"@type":"ImageObject","inLanguage":"va-VA","@id":"https:\/\/secure.gravatar.com\/avatar\/605ca84bedd79915b697a46887df8ccd0249fb6f2a1bbcd0bfc66c91d997ae51?s=96&d=mm&r=g","url":"https:\/\/secure.gravatar.com\/avatar\/605ca84bedd79915b697a46887df8ccd0249fb6f2a1bbcd0bfc66c91d997ae51?s=96&d=mm&r=g","contentUrl":"https:\/\/secure.gravatar.com\/avatar\/605ca84bedd79915b697a46887df8ccd0249fb6f2a1bbcd0bfc66c91d997ae51?s=96&d=mm&r=g","caption":"Sandra"},"url":"https:\/\/www.reciplasa.es\/va\/author\/sandra\/"}]}},"_links":{"self":[{"href":"https:\/\/www.reciplasa.es\/va\/wp-json\/wp\/v2\/posts\/16434","targetHints":{"allow":["GET"]}}],"collection":[{"href":"https:\/\/www.reciplasa.es\/va\/wp-json\/wp\/v2\/posts"}],"about":[{"href":"https:\/\/www.reciplasa.es\/va\/wp-json\/wp\/v2\/types\/post"}],"author":[{"embeddable":true,"href":"https:\/\/www.reciplasa.es\/va\/wp-json\/wp\/v2\/users\/13"}],"replies":[{"embeddable":true,"href":"https:\/\/www.reciplasa.es\/va\/wp-json\/wp\/v2\/comments?post=16434"}],"version-history":[{"count":1,"href":"https:\/\/www.reciplasa.es\/va\/wp-json\/wp\/v2\/posts\/16434\/revisions"}],"predecessor-version":[{"id":16435,"href":"https:\/\/www.reciplasa.es\/va\/wp-json\/wp\/v2\/posts\/16434\/revisions\/16435"}],"wp:featuredmedia":[{"embeddable":true,"href":"https:\/\/www.reciplasa.es\/va\/wp-json\/wp\/v2\/media\/16432"}],"wp:attachment":[{"href":"https:\/\/www.reciplasa.es\/va\/wp-json\/wp\/v2\/media?parent=16434"}],"wp:term":[{"taxonomy":"category","embeddable":true,"href":"https:\/\/www.reciplasa.es\/va\/wp-json\/wp\/v2\/categories?post=16434"},{"taxonomy":"post_tag","embeddable":true,"href":"https:\/\/www.reciplasa.es\/va\/wp-json\/wp\/v2\/tags?post=16434"}],"curies":[{"name":"wp","href":"https:\/\/api.w.org\/{rel}","templated":true}]}}