{"id":16508,"date":"2024-12-12T09:28:00","date_gmt":"2024-12-12T09:28:00","guid":{"rendered":"https:\/\/www.reciplasa.es\/?p=16508\/"},"modified":"2024-12-20T08:01:41","modified_gmt":"2024-12-20T08:01:41","slug":"reciplasa-cierra-el-ano-con-18-millones-de-inversion-para-erradicar-los-incendios-en-su-planta-y-por-la-eficacia-y-el-medio-ambiente","status":"publish","type":"post","link":"https:\/\/www.reciplasa.es\/va\/reciplasa-cierra-el-ano-con-18-millones-de-inversion-para-erradicar-los-incendios-en-su-planta-y-por-la-eficacia-y-el-medio-ambiente\/","title":{"rendered":"Reciplasa cierra el a\u00f1o con 1,8 millones de inversi\u00f3n para erradicar los incendios en su planta y por la eficacia y el medio ambiente"},"content":{"rendered":"\n<p><em>La entidad p\u00fablica celebra el \u00faltimo consejo de administraci\u00f3n de la entidad con la vista puesta en mejoras de cara al pr\u00f3ximo 2025<\/em><\/p>\n\n\n\n<p><strong>Vila-real (12-12-2024). \u2013 <\/strong>El presidente de la entidad p\u00fablica Reciplasa, Sergio Toledo, ha presidido el \u00faltimo consejo de administraci\u00f3n de la entidad p\u00fablica en un a\u00f1o marcado por la constante mejora inversora desde Reciplasa en la defensa de \u201cmejores infraestructuras\u201d y, sobre todo, m\u00e1s eficaces para fomentar la protecci\u00f3n del medio ambiente en la provincia.<\/p>\n\n\n\n<p>En este \u00faltimo consejo de administraci\u00f3n se han repasado las diferentes licitaciones, sobre el todo el plan de gesti\u00f3n de la entidad, para conocer el punto exacto de los diferentes programas que tiene en macha Reciplasa. Cabe recordar que la entidad dispone de un total de 21.840.797 euros que se destinar\u00e1n a la gesti\u00f3n y tratamiento de los municipios que forman parte de la entidad para el pr\u00f3ximo 2025. Un presupuesto ajustado a la realidad de la provincia y que buscan la eficacia para el pr\u00f3ximo ejercicio.<\/p>\n\n\n\n<p>Y es que el equipo de ingenier\u00eda que trabaja en el nuevo Proyecto de Gesti\u00f3n est\u00e1 ultimando el documento que estar\u00e1 concluido la pr\u00f3xima semana con el objetivo de que el primero Consejo de Administraci\u00f3n de la entidad en 2025 estudie y valore su aprobaci\u00f3n para la remisi\u00f3n al Consorcio cuya Comisi\u00f3n T\u00e9cnica lo aprobar\u00eda dentro del primer trimestre de 2025.<\/p>\n\n\n\n<p>Asimismo, se contempla una importante novedad para el a\u00f1o que viene y que es la congelaci\u00f3n&nbsp; del canon previsto de un 5,3% a los Ayuntamientos (\u00cdndice de Precios al Consumo del mes de agosto m\u00e1s un 3% de inversiones que se acord\u00f3 en el a\u00f1o 2012) y reducirlo hasta aplicar \u00fanicamente el IPC interanual al mes de agosto. Reciplasa mantiene con sus cuentas un equilibrio entre ingresos y gastos, atendiendo a las necesidades reales de los municipios.<\/p>\n\n\n\n<p>En cuanto al estado de las diferentes licitaciones, Toledo explica que \u201cse trata de proyectos t\u00e9cnicos para diferentes puntos de la provincia y que est\u00e1n centrados en mejorar los proyectos ambientales de los municipios que formar parte de Reciplasa, as\u00ed como su \u00e1rea de influencia.<\/p>\n\n\n\n<p><strong>1,8 millones de inversi\u00f3n para erradicar los incendios: vaciado de las eras de fermentaci\u00f3n y bioestabilizado en la planta de Onda<\/strong><\/p>\n\n\n\n<p>El \u00faltimo Consejo de Administraci\u00f3n de 2024 ha aprobado la inversi\u00f3n de 1.826.744,88 euros para el vaciado de las eras de fermentaci\u00f3n y bioestabilizado de la planta de reciclaje y compostaje que la entidad tiene en Onda. Con ello, Reciplasa confirma su compromiso con la erradicaci\u00f3n de los incendios localizados en estas zonas donde actualmente se acopian m\u00e1s de 20.000 toneladas de residuos, y por la mejora de la eficacia y el medio ambiente en sus instalaciones.<\/p>\n\n\n\n<p>A continuaci\u00f3n se detalla el coste previsto del vaciado y tratamiento del material en funci\u00f3n de su tipolog\u00eda:<\/p>\n\n\n\n<figure class=\"wp-block-image size-large\"><img loading=\"lazy\" decoding=\"async\" width=\"602\" height=\"138\" src=\"https:\/\/www.reciplasa.es\/wp-content\/uploads\/2024\/12\/tabla-ndp-reciplasa.png\" alt=\"\" class=\"wp-image-16510\" srcset=\"https:\/\/www.reciplasa.es\/wp-content\/uploads\/2024\/12\/tabla-ndp-reciplasa.png 602w, https:\/\/www.reciplasa.es\/wp-content\/uploads\/2024\/12\/tabla-ndp-reciplasa-300x69.png 300w\" sizes=\"auto, (max-width: 602px) 100vw, 602px\" \/><\/figure>\n\n\n\n<p>El presidente de Reciplasa, Sergio Toledo, ha hecho hincapi\u00e9 en que \u201ccon esta inversi\u00f3n Reciplasa pone todos sus recursos a disposici\u00f3n de erradicar los incendios en sus instalaciones, ya que por su propia naturaleza de degradaci\u00f3n, suele haber zonas humeantes en las eras de fermentaci\u00f3n. Con el vaciado de las eras y el tratamiento de este material ponemos soluci\u00f3n a una situaci\u00f3n que inquietaba especialmente a los vecinos de la zona donde queda ubicada la planta de reciclaje y compostaje de Onda\u201d.<\/p>\n\n\n\n<p>Cabe se\u00f1alar que la superficie que abarcan ambas eras, la de fermentaci\u00f3n y la de bioestabilizado, es cercana a los 13.000 metros cuadrados.<\/p>\n","protected":false},"excerpt":{"rendered":"<p>La entidad p\u00fablica celebra el \u00faltimo consejo de administraci\u00f3n de la entidad con la vista puesta en mejoras de cara al pr\u00f3ximo 2025 Vila-real (12-12-2024). \u2013 El presidente de la entidad p\u00fablica Reciplasa, Sergio Toledo, ha presidido el \u00faltimo consejo de administraci\u00f3n de la entidad p\u00fablica en un a\u00f1o marcado por la constante mejora inversoraDale que hay m\u00e1s &#8230;<\/p>\n","protected":false},"author":13,"featured_media":16511,"comment_status":"closed","ping_status":"closed","sticky":false,"template":"","format":"standard","meta":{"footnotes":""},"categories":[3],"tags":[],"class_list":["post-16508","post","type-post","status-publish","format-standard","has-post-thumbnail","hentry","category-noticias-corporativas"],"yoast_head":"<!-- This site is optimized with the Yoast SEO plugin v27.4 - https:\/\/yoast.com\/product\/yoast-seo-wordpress\/ -->\n<title>Reciplasa cierra el a\u00f1o con 1,8 millones de inversi\u00f3n para erradicar los incendios en su planta y por la eficacia y el medio ambiente - RECIPLASA<\/title>\n<meta name=\"description\" content=\"La entidad p\u00fablica celebra el \u00faltimo consejo de administraci\u00f3n de la entidad con la vista puesta en mejoras de cara al pr\u00f3ximo 2025.\" \/>\n<meta name=\"robots\" content=\"index, follow, max-snippet:-1, max-image-preview:large, max-video-preview:-1\" \/>\n<link rel=\"canonical\" href=\"https:\/\/www.reciplasa.es\/reciplasa-cierra-el-ano-con-18-millones-de-inversion-para-erradicar-los-incendios-en-su-planta-y-por-la-eficacia-y-el-medio-ambiente\/\" \/>\n<meta property=\"og:locale\" content=\"en_US\" \/>\n<meta property=\"og:type\" content=\"article\" \/>\n<meta property=\"og:title\" content=\"Reciplasa cierra el a\u00f1o con 1,8 millones de inversi\u00f3n para erradicar los incendios en su planta y por la eficacia y el medio ambiente - RECIPLASA\" \/>\n<meta property=\"og:description\" content=\"La entidad p\u00fablica celebra el \u00faltimo consejo de administraci\u00f3n de la entidad con la vista puesta en mejoras de cara al pr\u00f3ximo 2025.\" \/>\n<meta property=\"og:url\" content=\"https:\/\/www.reciplasa.es\/reciplasa-cierra-el-ano-con-18-millones-de-inversion-para-erradicar-los-incendios-en-su-planta-y-por-la-eficacia-y-el-medio-ambiente\/\" \/>\n<meta property=\"og:site_name\" content=\"RECIPLASA\" \/>\n<meta property=\"article:published_time\" content=\"2024-12-12T09:28:00+00:00\" \/>\n<meta property=\"article:modified_time\" content=\"2024-12-20T08:01:41+00:00\" \/>\n<meta property=\"og:image\" content=\"https:\/\/www.reciplasa.es\/wp-content\/uploads\/2024\/12\/Consejo-Administracion-diciembre.jpeg\" \/>\n\t<meta property=\"og:image:width\" content=\"1600\" \/>\n\t<meta property=\"og:image:height\" content=\"1200\" \/>\n\t<meta property=\"og:image:type\" content=\"image\/jpeg\" \/>\n<meta name=\"author\" content=\"Sandra\" \/>\n<meta name=\"twitter:card\" content=\"summary_large_image\" \/>\n<meta name=\"twitter:label1\" content=\"Written by\" \/>\n\t<meta name=\"twitter:data1\" content=\"Sandra\" \/>\n\t<meta name=\"twitter:label2\" content=\"Est. reading time\" \/>\n\t<meta name=\"twitter:data2\" content=\"3 minutes\" \/>\n<script type=\"application\/ld+json\" class=\"yoast-schema-graph\">{\"@context\":\"https:\\\/\\\/schema.org\",\"@graph\":[{\"@type\":\"Article\",\"@id\":\"https:\\\/\\\/www.reciplasa.es\\\/reciplasa-cierra-el-ano-con-18-millones-de-inversion-para-erradicar-los-incendios-en-su-planta-y-por-la-eficacia-y-el-medio-ambiente\\\/#article\",\"isPartOf\":{\"@id\":\"https:\\\/\\\/www.reciplasa.es\\\/reciplasa-cierra-el-ano-con-18-millones-de-inversion-para-erradicar-los-incendios-en-su-planta-y-por-la-eficacia-y-el-medio-ambiente\\\/\"},\"author\":{\"name\":\"Sandra\",\"@id\":\"https:\\\/\\\/www.reciplasa.es\\\/#\\\/schema\\\/person\\\/15191934c9f5618dadb907c80c029c0b\"},\"headline\":\"Reciplasa cierra el a\u00f1o con 1,8 millones de inversi\u00f3n para erradicar los incendios en su planta y por la eficacia y el medio ambiente\",\"datePublished\":\"2024-12-12T09:28:00+00:00\",\"dateModified\":\"2024-12-20T08:01:41+00:00\",\"mainEntityOfPage\":{\"@id\":\"https:\\\/\\\/www.reciplasa.es\\\/reciplasa-cierra-el-ano-con-18-millones-de-inversion-para-erradicar-los-incendios-en-su-planta-y-por-la-eficacia-y-el-medio-ambiente\\\/\"},\"wordCount\":630,\"image\":{\"@id\":\"https:\\\/\\\/www.reciplasa.es\\\/reciplasa-cierra-el-ano-con-18-millones-de-inversion-para-erradicar-los-incendios-en-su-planta-y-por-la-eficacia-y-el-medio-ambiente\\\/#primaryimage\"},\"thumbnailUrl\":\"https:\\\/\\\/www.reciplasa.es\\\/wp-content\\\/uploads\\\/2024\\\/12\\\/Consejo-Administracion-diciembre.jpeg\",\"articleSection\":[\"Noticias corporativas\"],\"inLanguage\":\"va-VA\"},{\"@type\":\"WebPage\",\"@id\":\"https:\\\/\\\/www.reciplasa.es\\\/reciplasa-cierra-el-ano-con-18-millones-de-inversion-para-erradicar-los-incendios-en-su-planta-y-por-la-eficacia-y-el-medio-ambiente\\\/\",\"url\":\"https:\\\/\\\/www.reciplasa.es\\\/reciplasa-cierra-el-ano-con-18-millones-de-inversion-para-erradicar-los-incendios-en-su-planta-y-por-la-eficacia-y-el-medio-ambiente\\\/\",\"name\":\"Reciplasa cierra el a\u00f1o con 1,8 millones de inversi\u00f3n para erradicar los incendios en su planta y por la eficacia y el medio ambiente - RECIPLASA\",\"isPartOf\":{\"@id\":\"https:\\\/\\\/www.reciplasa.es\\\/#website\"},\"primaryImageOfPage\":{\"@id\":\"https:\\\/\\\/www.reciplasa.es\\\/reciplasa-cierra-el-ano-con-18-millones-de-inversion-para-erradicar-los-incendios-en-su-planta-y-por-la-eficacia-y-el-medio-ambiente\\\/#primaryimage\"},\"image\":{\"@id\":\"https:\\\/\\\/www.reciplasa.es\\\/reciplasa-cierra-el-ano-con-18-millones-de-inversion-para-erradicar-los-incendios-en-su-planta-y-por-la-eficacia-y-el-medio-ambiente\\\/#primaryimage\"},\"thumbnailUrl\":\"https:\\\/\\\/www.reciplasa.es\\\/wp-content\\\/uploads\\\/2024\\\/12\\\/Consejo-Administracion-diciembre.jpeg\",\"datePublished\":\"2024-12-12T09:28:00+00:00\",\"dateModified\":\"2024-12-20T08:01:41+00:00\",\"author\":{\"@id\":\"https:\\\/\\\/www.reciplasa.es\\\/#\\\/schema\\\/person\\\/15191934c9f5618dadb907c80c029c0b\"},\"description\":\"La entidad p\u00fablica celebra el \u00faltimo consejo de administraci\u00f3n de la entidad con la vista puesta en mejoras de cara al pr\u00f3ximo 2025.\",\"breadcrumb\":{\"@id\":\"https:\\\/\\\/www.reciplasa.es\\\/reciplasa-cierra-el-ano-con-18-millones-de-inversion-para-erradicar-los-incendios-en-su-planta-y-por-la-eficacia-y-el-medio-ambiente\\\/#breadcrumb\"},\"inLanguage\":\"va-VA\",\"potentialAction\":[{\"@type\":\"ReadAction\",\"target\":[\"https:\\\/\\\/www.reciplasa.es\\\/reciplasa-cierra-el-ano-con-18-millones-de-inversion-para-erradicar-los-incendios-en-su-planta-y-por-la-eficacia-y-el-medio-ambiente\\\/\"]}]},{\"@type\":\"ImageObject\",\"inLanguage\":\"va-VA\",\"@id\":\"https:\\\/\\\/www.reciplasa.es\\\/reciplasa-cierra-el-ano-con-18-millones-de-inversion-para-erradicar-los-incendios-en-su-planta-y-por-la-eficacia-y-el-medio-ambiente\\\/#primaryimage\",\"url\":\"https:\\\/\\\/www.reciplasa.es\\\/wp-content\\\/uploads\\\/2024\\\/12\\\/Consejo-Administracion-diciembre.jpeg\",\"contentUrl\":\"https:\\\/\\\/www.reciplasa.es\\\/wp-content\\\/uploads\\\/2024\\\/12\\\/Consejo-Administracion-diciembre.jpeg\",\"width\":1600,\"height\":1200,\"caption\":\"Consejo de Administraci\u00f3n diciembre\"},{\"@type\":\"BreadcrumbList\",\"@id\":\"https:\\\/\\\/www.reciplasa.es\\\/reciplasa-cierra-el-ano-con-18-millones-de-inversion-para-erradicar-los-incendios-en-su-planta-y-por-la-eficacia-y-el-medio-ambiente\\\/#breadcrumb\",\"itemListElement\":[{\"@type\":\"ListItem\",\"position\":1,\"name\":\"Portada\",\"item\":\"https:\\\/\\\/www.reciplasa.es\\\/va\\\/\"},{\"@type\":\"ListItem\",\"position\":2,\"name\":\"Reciplasa cierra el a\u00f1o con 1,8 millones de inversi\u00f3n para erradicar los incendios en su planta y por la eficacia y el medio ambiente\"}]},{\"@type\":\"WebSite\",\"@id\":\"https:\\\/\\\/www.reciplasa.es\\\/#website\",\"url\":\"https:\\\/\\\/www.reciplasa.es\\\/\",\"name\":\"RECIPLASA\",\"description\":\"Reciclats de Residus La Plana SA\",\"potentialAction\":[{\"@type\":\"SearchAction\",\"target\":{\"@type\":\"EntryPoint\",\"urlTemplate\":\"https:\\\/\\\/www.reciplasa.es\\\/?s={search_term_string}\"},\"query-input\":{\"@type\":\"PropertyValueSpecification\",\"valueRequired\":true,\"valueName\":\"search_term_string\"}}],\"inLanguage\":\"va-VA\"},{\"@type\":\"Person\",\"@id\":\"https:\\\/\\\/www.reciplasa.es\\\/#\\\/schema\\\/person\\\/15191934c9f5618dadb907c80c029c0b\",\"name\":\"Sandra\",\"image\":{\"@type\":\"ImageObject\",\"inLanguage\":\"va-VA\",\"@id\":\"https:\\\/\\\/secure.gravatar.com\\\/avatar\\\/605ca84bedd79915b697a46887df8ccd0249fb6f2a1bbcd0bfc66c91d997ae51?s=96&d=mm&r=g\",\"url\":\"https:\\\/\\\/secure.gravatar.com\\\/avatar\\\/605ca84bedd79915b697a46887df8ccd0249fb6f2a1bbcd0bfc66c91d997ae51?s=96&d=mm&r=g\",\"contentUrl\":\"https:\\\/\\\/secure.gravatar.com\\\/avatar\\\/605ca84bedd79915b697a46887df8ccd0249fb6f2a1bbcd0bfc66c91d997ae51?s=96&d=mm&r=g\",\"caption\":\"Sandra\"},\"url\":\"https:\\\/\\\/www.reciplasa.es\\\/va\\\/author\\\/sandra\\\/\"}]}<\/script>\n<!-- \/ Yoast SEO plugin. -->","yoast_head_json":{"title":"Reciplasa cierra el a\u00f1o con 1,8 millones de inversi\u00f3n para erradicar los incendios en su planta y por la eficacia y el medio ambiente - RECIPLASA","description":"La entidad p\u00fablica celebra el \u00faltimo consejo de administraci\u00f3n de la entidad con la vista puesta en mejoras de cara al pr\u00f3ximo 2025.","robots":{"index":"index","follow":"follow","max-snippet":"max-snippet:-1","max-image-preview":"max-image-preview:large","max-video-preview":"max-video-preview:-1"},"canonical":"https:\/\/www.reciplasa.es\/reciplasa-cierra-el-ano-con-18-millones-de-inversion-para-erradicar-los-incendios-en-su-planta-y-por-la-eficacia-y-el-medio-ambiente\/","og_locale":"en_US","og_type":"article","og_title":"Reciplasa cierra el a\u00f1o con 1,8 millones de inversi\u00f3n para erradicar los incendios en su planta y por la eficacia y el medio ambiente - RECIPLASA","og_description":"La entidad p\u00fablica celebra el \u00faltimo consejo de administraci\u00f3n de la entidad con la vista puesta en mejoras de cara al pr\u00f3ximo 2025.","og_url":"https:\/\/www.reciplasa.es\/reciplasa-cierra-el-ano-con-18-millones-de-inversion-para-erradicar-los-incendios-en-su-planta-y-por-la-eficacia-y-el-medio-ambiente\/","og_site_name":"RECIPLASA","article_published_time":"2024-12-12T09:28:00+00:00","article_modified_time":"2024-12-20T08:01:41+00:00","og_image":[{"width":1600,"height":1200,"url":"https:\/\/www.reciplasa.es\/wp-content\/uploads\/2024\/12\/Consejo-Administracion-diciembre.jpeg","type":"image\/jpeg"}],"author":"Sandra","twitter_card":"summary_large_image","twitter_misc":{"Written by":"Sandra","Est. reading time":"3 minutes"},"schema":{"@context":"https:\/\/schema.org","@graph":[{"@type":"Article","@id":"https:\/\/www.reciplasa.es\/reciplasa-cierra-el-ano-con-18-millones-de-inversion-para-erradicar-los-incendios-en-su-planta-y-por-la-eficacia-y-el-medio-ambiente\/#article","isPartOf":{"@id":"https:\/\/www.reciplasa.es\/reciplasa-cierra-el-ano-con-18-millones-de-inversion-para-erradicar-los-incendios-en-su-planta-y-por-la-eficacia-y-el-medio-ambiente\/"},"author":{"name":"Sandra","@id":"https:\/\/www.reciplasa.es\/#\/schema\/person\/15191934c9f5618dadb907c80c029c0b"},"headline":"Reciplasa cierra el a\u00f1o con 1,8 millones de inversi\u00f3n para erradicar los incendios en su planta y por la eficacia y el medio ambiente","datePublished":"2024-12-12T09:28:00+00:00","dateModified":"2024-12-20T08:01:41+00:00","mainEntityOfPage":{"@id":"https:\/\/www.reciplasa.es\/reciplasa-cierra-el-ano-con-18-millones-de-inversion-para-erradicar-los-incendios-en-su-planta-y-por-la-eficacia-y-el-medio-ambiente\/"},"wordCount":630,"image":{"@id":"https:\/\/www.reciplasa.es\/reciplasa-cierra-el-ano-con-18-millones-de-inversion-para-erradicar-los-incendios-en-su-planta-y-por-la-eficacia-y-el-medio-ambiente\/#primaryimage"},"thumbnailUrl":"https:\/\/www.reciplasa.es\/wp-content\/uploads\/2024\/12\/Consejo-Administracion-diciembre.jpeg","articleSection":["Noticias corporativas"],"inLanguage":"va-VA"},{"@type":"WebPage","@id":"https:\/\/www.reciplasa.es\/reciplasa-cierra-el-ano-con-18-millones-de-inversion-para-erradicar-los-incendios-en-su-planta-y-por-la-eficacia-y-el-medio-ambiente\/","url":"https:\/\/www.reciplasa.es\/reciplasa-cierra-el-ano-con-18-millones-de-inversion-para-erradicar-los-incendios-en-su-planta-y-por-la-eficacia-y-el-medio-ambiente\/","name":"Reciplasa cierra el a\u00f1o con 1,8 millones de inversi\u00f3n para erradicar los incendios en su planta y por la eficacia y el medio ambiente - RECIPLASA","isPartOf":{"@id":"https:\/\/www.reciplasa.es\/#website"},"primaryImageOfPage":{"@id":"https:\/\/www.reciplasa.es\/reciplasa-cierra-el-ano-con-18-millones-de-inversion-para-erradicar-los-incendios-en-su-planta-y-por-la-eficacia-y-el-medio-ambiente\/#primaryimage"},"image":{"@id":"https:\/\/www.reciplasa.es\/reciplasa-cierra-el-ano-con-18-millones-de-inversion-para-erradicar-los-incendios-en-su-planta-y-por-la-eficacia-y-el-medio-ambiente\/#primaryimage"},"thumbnailUrl":"https:\/\/www.reciplasa.es\/wp-content\/uploads\/2024\/12\/Consejo-Administracion-diciembre.jpeg","datePublished":"2024-12-12T09:28:00+00:00","dateModified":"2024-12-20T08:01:41+00:00","author":{"@id":"https:\/\/www.reciplasa.es\/#\/schema\/person\/15191934c9f5618dadb907c80c029c0b"},"description":"La entidad p\u00fablica celebra el \u00faltimo consejo de administraci\u00f3n de la entidad con la vista puesta en mejoras de cara al pr\u00f3ximo 2025.","breadcrumb":{"@id":"https:\/\/www.reciplasa.es\/reciplasa-cierra-el-ano-con-18-millones-de-inversion-para-erradicar-los-incendios-en-su-planta-y-por-la-eficacia-y-el-medio-ambiente\/#breadcrumb"},"inLanguage":"va-VA","potentialAction":[{"@type":"ReadAction","target":["https:\/\/www.reciplasa.es\/reciplasa-cierra-el-ano-con-18-millones-de-inversion-para-erradicar-los-incendios-en-su-planta-y-por-la-eficacia-y-el-medio-ambiente\/"]}]},{"@type":"ImageObject","inLanguage":"va-VA","@id":"https:\/\/www.reciplasa.es\/reciplasa-cierra-el-ano-con-18-millones-de-inversion-para-erradicar-los-incendios-en-su-planta-y-por-la-eficacia-y-el-medio-ambiente\/#primaryimage","url":"https:\/\/www.reciplasa.es\/wp-content\/uploads\/2024\/12\/Consejo-Administracion-diciembre.jpeg","contentUrl":"https:\/\/www.reciplasa.es\/wp-content\/uploads\/2024\/12\/Consejo-Administracion-diciembre.jpeg","width":1600,"height":1200,"caption":"Consejo de Administraci\u00f3n diciembre"},{"@type":"BreadcrumbList","@id":"https:\/\/www.reciplasa.es\/reciplasa-cierra-el-ano-con-18-millones-de-inversion-para-erradicar-los-incendios-en-su-planta-y-por-la-eficacia-y-el-medio-ambiente\/#breadcrumb","itemListElement":[{"@type":"ListItem","position":1,"name":"Portada","item":"https:\/\/www.reciplasa.es\/va\/"},{"@type":"ListItem","position":2,"name":"Reciplasa cierra el a\u00f1o con 1,8 millones de inversi\u00f3n para erradicar los incendios en su planta y por la eficacia y el medio ambiente"}]},{"@type":"WebSite","@id":"https:\/\/www.reciplasa.es\/#website","url":"https:\/\/www.reciplasa.es\/","name":"RECIPLASA","description":"Reciclats de Residus La Plana SA","potentialAction":[{"@type":"SearchAction","target":{"@type":"EntryPoint","urlTemplate":"https:\/\/www.reciplasa.es\/?s={search_term_string}"},"query-input":{"@type":"PropertyValueSpecification","valueRequired":true,"valueName":"search_term_string"}}],"inLanguage":"va-VA"},{"@type":"Person","@id":"https:\/\/www.reciplasa.es\/#\/schema\/person\/15191934c9f5618dadb907c80c029c0b","name":"Sandra","image":{"@type":"ImageObject","inLanguage":"va-VA","@id":"https:\/\/secure.gravatar.com\/avatar\/605ca84bedd79915b697a46887df8ccd0249fb6f2a1bbcd0bfc66c91d997ae51?s=96&d=mm&r=g","url":"https:\/\/secure.gravatar.com\/avatar\/605ca84bedd79915b697a46887df8ccd0249fb6f2a1bbcd0bfc66c91d997ae51?s=96&d=mm&r=g","contentUrl":"https:\/\/secure.gravatar.com\/avatar\/605ca84bedd79915b697a46887df8ccd0249fb6f2a1bbcd0bfc66c91d997ae51?s=96&d=mm&r=g","caption":"Sandra"},"url":"https:\/\/www.reciplasa.es\/va\/author\/sandra\/"}]}},"_links":{"self":[{"href":"https:\/\/www.reciplasa.es\/va\/wp-json\/wp\/v2\/posts\/16508","targetHints":{"allow":["GET"]}}],"collection":[{"href":"https:\/\/www.reciplasa.es\/va\/wp-json\/wp\/v2\/posts"}],"about":[{"href":"https:\/\/www.reciplasa.es\/va\/wp-json\/wp\/v2\/types\/post"}],"author":[{"embeddable":true,"href":"https:\/\/www.reciplasa.es\/va\/wp-json\/wp\/v2\/users\/13"}],"replies":[{"embeddable":true,"href":"https:\/\/www.reciplasa.es\/va\/wp-json\/wp\/v2\/comments?post=16508"}],"version-history":[{"count":1,"href":"https:\/\/www.reciplasa.es\/va\/wp-json\/wp\/v2\/posts\/16508\/revisions"}],"predecessor-version":[{"id":16512,"href":"https:\/\/www.reciplasa.es\/va\/wp-json\/wp\/v2\/posts\/16508\/revisions\/16512"}],"wp:featuredmedia":[{"embeddable":true,"href":"https:\/\/www.reciplasa.es\/va\/wp-json\/wp\/v2\/media\/16511"}],"wp:attachment":[{"href":"https:\/\/www.reciplasa.es\/va\/wp-json\/wp\/v2\/media?parent=16508"}],"wp:term":[{"taxonomy":"category","embeddable":true,"href":"https:\/\/www.reciplasa.es\/va\/wp-json\/wp\/v2\/categories?post=16508"},{"taxonomy":"post_tag","embeddable":true,"href":"https:\/\/www.reciplasa.es\/va\/wp-json\/wp\/v2\/tags?post=16508"}],"curies":[{"name":"wp","href":"https:\/\/api.w.org\/{rel}","templated":true}]}}