{"id":16513,"date":"2024-12-12T09:39:00","date_gmt":"2024-12-12T09:39:00","guid":{"rendered":"https:\/\/www.reciplasa.es\/?p=16513\/"},"modified":"2024-12-16T09:46:10","modified_gmt":"2024-12-16T09:46:10","slug":"reciplasa-tanca-lany-amb-18-milions-dinversio-per-a-erradicar-els-incendis-en-la-seva-planta-i-per-leficacia-i-el-medi-ambient","status":"publish","type":"post","link":"https:\/\/www.reciplasa.es\/va\/reciplasa-tanca-lany-amb-18-milions-dinversio-per-a-erradicar-els-incendis-en-la-seva-planta-i-per-leficacia-i-el-medi-ambient\/","title":{"rendered":"Reciplasa&nbsp;tanca l&#8217;any amb 1,8 milions d&#8217;inversi\u00f3 per a erradicar els incendis en la seva planta i per l&#8217;efic\u00e0cia i el medi ambient"},"content":{"rendered":"\n<p><em>L&#8217;entitat p\u00fablica celebra l&#8217;\u00faltim consell d&#8217;administraci\u00f3 de l&#8217;entitat amb la vista posada en millores de cara al pr\u00f2xim 2025<\/em><\/p>\n\n\n\n<p>Vila-real (12-12-2024). \u2013 El president de l&#8217;entitat p\u00fablica&nbsp;Reciplasa, Sergio Toledo, ha presidit l&#8217;\u00faltim consell d&#8217;administraci\u00f3 de l&#8217;entitat p\u00fablica en un any marcat per la constant millora inversora des de&nbsp;Reciplasa&nbsp;en la defensa de \u201cmillors infraestructures\u201d i, sobretot, m\u00e9s eficaces per a fomentar la protecci\u00f3 del medi ambient a la prov\u00edncia.<\/p>\n\n\n\n<p>En aquest \u00faltim consell d&#8217;administraci\u00f3 s&#8217;han repassat les diferents licitacions, sobre el tot el pla de gesti\u00f3 de l&#8217;entitat, per a con\u00e8ixer el punt exacte dels diferents programes que t\u00e9 en gallimarsot&nbsp;Reciplasa. Cal recordar que l&#8217;entitat disposa d&#8217;un total de 21.840.797 euros que es destinaran a la gesti\u00f3 i tractament dels municipis que formen part de l&#8217;entitat per al pr\u00f2xim 2025. Un pressupost ajustat a la realitat de la prov\u00edncia i que busquen l&#8217;efic\u00e0cia per al pr\u00f2xim exercici.<\/p>\n\n\n\n<p>I \u00e9s que l&#8217;equip d&#8217;enginyeria que treballa en el nou Projecte de Gesti\u00f3 est\u00e0 ultimant el document que estar\u00e0 concl\u00f2s la setmana vinent amb l&#8217;objectiu que el primer Consell d&#8217;Administraci\u00f3 de l&#8217;entitat en 2025 estudi\u00ef i valori la seva aprovaci\u00f3 per a la remissi\u00f3 al Consorci la Comissi\u00f3 T\u00e8cnica del qual l&#8217;aprovaria dins del primer trimestre de 2025.<\/p>\n\n\n\n<p>Aix\u00ed mateix, es contempla una important novetat per a l&#8217;any que ve i que \u00e9s la congelaci\u00f3 del c\u00e0non previst d&#8217;un 5,3% als Ajuntaments (\u00cdndex de Preus al Consum del mes d&#8217;agost m\u00e9s un 3% d&#8217;inversions que es va acordar l&#8217;any 2012) i reduir-ho fins a aplicar \u00fanicament l&#8217;IPC interanual al mes d&#8217;agost.&nbsp;Reciplasa&nbsp;mant\u00e9 amb els seus comptes un equilibri entre ingressos i despeses, ateses les necessitats reals dels municipis.<\/p>\n\n\n\n<p>Quant a l&#8217;estat de les diferents licitacions, Toledo explica que \u201ces tracta de projectes t\u00e8cnics per a diferents punts de la prov\u00edncia i que estan centrats en millorar els projectes ambientals dels municipis que formar part de&nbsp;Reciplasa, aix\u00ed com la seva \u00e0rea d&#8217;influ\u00e8ncia.<\/p>\n\n\n\n<p><strong>1,8 milions d&#8217;inversi\u00f3 per a erradicar els incendis: buidatge de les eres de fermentaci\u00f3 i&nbsp;bioestabilizado&nbsp;en la planta d&#8217;Onda<\/strong><\/p>\n\n\n\n<p>L&#8217;\u00faltim Consell d&#8217;Administraci\u00f3 de 2024 ha aprovat la inversi\u00f3 d&#8217;1.826.744,88 euros per al buidatge de les eres de fermentaci\u00f3 i&nbsp;bioestabilizado&nbsp;de la planta de reciclatge i compostatge que l&#8217;entitat t\u00e9 a Onda. Amb aix\u00f2,&nbsp;Reciplasa&nbsp;confirma el seu comprom\u00eds amb l&#8217;erradicaci\u00f3 dels incendis localitzats en aquestes zones on actualment s&#8217;apilen m\u00e9s de 20.000 tones de residus, i per la millora de l&#8217;efic\u00e0cia i el medi ambient en les seves instal\u00b7lacions.<\/p>\n\n\n\n<p>A continuaci\u00f3 es detalla el cost previst del buidatge i tractament del material en funci\u00f3 de la seva tipologia:<\/p>\n\n\n\n<figure class=\"wp-block-image size-large\"><img loading=\"lazy\" decoding=\"async\" width=\"602\" height=\"138\" src=\"https:\/\/www.reciplasa.es\/wp-content\/uploads\/2024\/12\/tabla-ndp-reciplasa.png\" alt=\"\" class=\"wp-image-16510\" srcset=\"https:\/\/www.reciplasa.es\/wp-content\/uploads\/2024\/12\/tabla-ndp-reciplasa.png 602w, https:\/\/www.reciplasa.es\/wp-content\/uploads\/2024\/12\/tabla-ndp-reciplasa-300x69.png 300w\" sizes=\"auto, (max-width: 602px) 100vw, 602px\" \/><\/figure>\n\n\n\n<p>El president de&nbsp;Reciplasa, Sergio Toledo, ha posat l&#8217;accent que \u201camb aquesta inversi\u00f3&nbsp;Reciplasa&nbsp;posa tots els seus recursos a la disposici\u00f3 d&#8217;erradicar els incendis en les seves instal\u00b7lacions, ja que per la seva pr\u00f2pia naturalesa de degradaci\u00f3, sol haver-hi zones fumejants en les eres de fermentaci\u00f3. Amb el buidatge de les eres i el tractament d&#8217;aquest material posem soluci\u00f3 a una situaci\u00f3 que inquietava especialment als ve\u00efns de la zona on queda situada la planta de reciclatge i compostatge d&#8217;Onda\u201d.<\/p>\n\n\n\n<p>Cal assenyalar que la superf\u00edcie que abasten totes dues eres, la de fermentaci\u00f3 i la de&nbsp;bioestabilitzat, \u00e9s pr\u00f2xima als 13.000 metres quadrats.<\/p>\n","protected":false},"excerpt":{"rendered":"<p>L&#8217;entitat p\u00fablica celebra l&#8217;\u00faltim consell d&#8217;administraci\u00f3 de l&#8217;entitat amb la vista posada en millores de cara al pr\u00f2xim 2025 Vila-real (12-12-2024). \u2013 El president de l&#8217;entitat p\u00fablica&nbsp;Reciplasa, Sergio Toledo, ha presidit l&#8217;\u00faltim consell d&#8217;administraci\u00f3 de l&#8217;entitat p\u00fablica en un any marcat per la constant millora inversora des de&nbsp;Reciplasa&nbsp;en la defensa de \u201cmillors infraestructures\u201d i, sobretot,Dale que hay m\u00e1s &#8230;<\/p>\n","protected":false},"author":13,"featured_media":16511,"comment_status":"closed","ping_status":"closed","sticky":false,"template":"","format":"standard","meta":{"footnotes":""},"categories":[3],"tags":[],"class_list":["post-16513","post","type-post","status-publish","format-standard","has-post-thumbnail","hentry","category-noticias-corporativas"],"yoast_head":"<!-- This site is optimized with the Yoast SEO plugin v27.4 - https:\/\/yoast.com\/product\/yoast-seo-wordpress\/ -->\n<title>Reciplasa&nbsp;tanca l&#039;any amb 1,8 milions d&#039;inversi\u00f3 per a erradicar els incendis en la seva planta i per l&#039;efic\u00e0cia i el medi ambient - RECIPLASA<\/title>\n<meta name=\"description\" content=\"L&#039;entitat p\u00fablica celebra l&#039;\u00faltim consell d&#039;administraci\u00f3 de l&#039;entitat amb la vista posada en millores de cara al pr\u00f2xim 2025\" \/>\n<meta name=\"robots\" content=\"index, follow, max-snippet:-1, max-image-preview:large, max-video-preview:-1\" \/>\n<link rel=\"canonical\" href=\"https:\/\/www.reciplasa.es\/va\/reciplasa-tanca-lany-amb-18-milions-dinversio-per-a-erradicar-els-incendis-en-la-seva-planta-i-per-leficacia-i-el-medi-ambient\/\" \/>\n<meta property=\"og:locale\" content=\"en_US\" \/>\n<meta property=\"og:type\" content=\"article\" \/>\n<meta property=\"og:title\" content=\"Reciplasa&nbsp;tanca l&#039;any amb 1,8 milions d&#039;inversi\u00f3 per a erradicar els incendis en la seva planta i per l&#039;efic\u00e0cia i el medi ambient - RECIPLASA\" \/>\n<meta property=\"og:description\" content=\"L&#039;entitat p\u00fablica celebra l&#039;\u00faltim consell d&#039;administraci\u00f3 de l&#039;entitat amb la vista posada en millores de cara al pr\u00f2xim 2025\" \/>\n<meta property=\"og:url\" content=\"https:\/\/www.reciplasa.es\/va\/reciplasa-tanca-lany-amb-18-milions-dinversio-per-a-erradicar-els-incendis-en-la-seva-planta-i-per-leficacia-i-el-medi-ambient\/\" \/>\n<meta property=\"og:site_name\" content=\"RECIPLASA\" \/>\n<meta property=\"article:published_time\" content=\"2024-12-12T09:39:00+00:00\" \/>\n<meta property=\"article:modified_time\" content=\"2024-12-16T09:46:10+00:00\" \/>\n<meta property=\"og:image\" content=\"https:\/\/www.reciplasa.es\/wp-content\/uploads\/2024\/12\/Consejo-Administracion-diciembre.jpeg\" \/>\n\t<meta property=\"og:image:width\" content=\"1600\" \/>\n\t<meta property=\"og:image:height\" content=\"1200\" \/>\n\t<meta property=\"og:image:type\" content=\"image\/jpeg\" \/>\n<meta name=\"author\" content=\"Sandra\" \/>\n<meta name=\"twitter:card\" content=\"summary_large_image\" \/>\n<meta name=\"twitter:label1\" content=\"Written by\" \/>\n\t<meta name=\"twitter:data1\" content=\"Sandra\" \/>\n\t<meta name=\"twitter:label2\" content=\"Est. reading time\" \/>\n\t<meta name=\"twitter:data2\" content=\"3 minutes\" \/>\n<script type=\"application\/ld+json\" class=\"yoast-schema-graph\">{\"@context\":\"https:\\\/\\\/schema.org\",\"@graph\":[{\"@type\":\"Article\",\"@id\":\"https:\\\/\\\/www.reciplasa.es\\\/va\\\/reciplasa-tanca-lany-amb-18-milions-dinversio-per-a-erradicar-els-incendis-en-la-seva-planta-i-per-leficacia-i-el-medi-ambient\\\/#article\",\"isPartOf\":{\"@id\":\"https:\\\/\\\/www.reciplasa.es\\\/va\\\/reciplasa-tanca-lany-amb-18-milions-dinversio-per-a-erradicar-els-incendis-en-la-seva-planta-i-per-leficacia-i-el-medi-ambient\\\/\"},\"author\":{\"name\":\"Sandra\",\"@id\":\"https:\\\/\\\/www.reciplasa.es\\\/#\\\/schema\\\/person\\\/15191934c9f5618dadb907c80c029c0b\"},\"headline\":\"Reciplasa&nbsp;tanca l&#8217;any amb 1,8 milions d&#8217;inversi\u00f3 per a erradicar els incendis en la seva planta i per l&#8217;efic\u00e0cia i el medi ambient\",\"datePublished\":\"2024-12-12T09:39:00+00:00\",\"dateModified\":\"2024-12-16T09:46:10+00:00\",\"mainEntityOfPage\":{\"@id\":\"https:\\\/\\\/www.reciplasa.es\\\/va\\\/reciplasa-tanca-lany-amb-18-milions-dinversio-per-a-erradicar-els-incendis-en-la-seva-planta-i-per-leficacia-i-el-medi-ambient\\\/\"},\"wordCount\":638,\"image\":{\"@id\":\"https:\\\/\\\/www.reciplasa.es\\\/va\\\/reciplasa-tanca-lany-amb-18-milions-dinversio-per-a-erradicar-els-incendis-en-la-seva-planta-i-per-leficacia-i-el-medi-ambient\\\/#primaryimage\"},\"thumbnailUrl\":\"https:\\\/\\\/www.reciplasa.es\\\/wp-content\\\/uploads\\\/2024\\\/12\\\/Consejo-Administracion-diciembre.jpeg\",\"articleSection\":[\"Noticias corporativas\"],\"inLanguage\":\"va-VA\"},{\"@type\":\"WebPage\",\"@id\":\"https:\\\/\\\/www.reciplasa.es\\\/va\\\/reciplasa-tanca-lany-amb-18-milions-dinversio-per-a-erradicar-els-incendis-en-la-seva-planta-i-per-leficacia-i-el-medi-ambient\\\/\",\"url\":\"https:\\\/\\\/www.reciplasa.es\\\/va\\\/reciplasa-tanca-lany-amb-18-milions-dinversio-per-a-erradicar-els-incendis-en-la-seva-planta-i-per-leficacia-i-el-medi-ambient\\\/\",\"name\":\"Reciplasa&nbsp;tanca l'any amb 1,8 milions d'inversi\u00f3 per a erradicar els incendis en la seva planta i per l'efic\u00e0cia i el medi ambient - RECIPLASA\",\"isPartOf\":{\"@id\":\"https:\\\/\\\/www.reciplasa.es\\\/#website\"},\"primaryImageOfPage\":{\"@id\":\"https:\\\/\\\/www.reciplasa.es\\\/va\\\/reciplasa-tanca-lany-amb-18-milions-dinversio-per-a-erradicar-els-incendis-en-la-seva-planta-i-per-leficacia-i-el-medi-ambient\\\/#primaryimage\"},\"image\":{\"@id\":\"https:\\\/\\\/www.reciplasa.es\\\/va\\\/reciplasa-tanca-lany-amb-18-milions-dinversio-per-a-erradicar-els-incendis-en-la-seva-planta-i-per-leficacia-i-el-medi-ambient\\\/#primaryimage\"},\"thumbnailUrl\":\"https:\\\/\\\/www.reciplasa.es\\\/wp-content\\\/uploads\\\/2024\\\/12\\\/Consejo-Administracion-diciembre.jpeg\",\"datePublished\":\"2024-12-12T09:39:00+00:00\",\"dateModified\":\"2024-12-16T09:46:10+00:00\",\"author\":{\"@id\":\"https:\\\/\\\/www.reciplasa.es\\\/#\\\/schema\\\/person\\\/15191934c9f5618dadb907c80c029c0b\"},\"description\":\"L'entitat p\u00fablica celebra l'\u00faltim consell d'administraci\u00f3 de l'entitat amb la vista posada en millores de cara al pr\u00f2xim 2025\",\"breadcrumb\":{\"@id\":\"https:\\\/\\\/www.reciplasa.es\\\/va\\\/reciplasa-tanca-lany-amb-18-milions-dinversio-per-a-erradicar-els-incendis-en-la-seva-planta-i-per-leficacia-i-el-medi-ambient\\\/#breadcrumb\"},\"inLanguage\":\"va-VA\",\"potentialAction\":[{\"@type\":\"ReadAction\",\"target\":[\"https:\\\/\\\/www.reciplasa.es\\\/va\\\/reciplasa-tanca-lany-amb-18-milions-dinversio-per-a-erradicar-els-incendis-en-la-seva-planta-i-per-leficacia-i-el-medi-ambient\\\/\"]}]},{\"@type\":\"ImageObject\",\"inLanguage\":\"va-VA\",\"@id\":\"https:\\\/\\\/www.reciplasa.es\\\/va\\\/reciplasa-tanca-lany-amb-18-milions-dinversio-per-a-erradicar-els-incendis-en-la-seva-planta-i-per-leficacia-i-el-medi-ambient\\\/#primaryimage\",\"url\":\"https:\\\/\\\/www.reciplasa.es\\\/wp-content\\\/uploads\\\/2024\\\/12\\\/Consejo-Administracion-diciembre.jpeg\",\"contentUrl\":\"https:\\\/\\\/www.reciplasa.es\\\/wp-content\\\/uploads\\\/2024\\\/12\\\/Consejo-Administracion-diciembre.jpeg\",\"width\":1600,\"height\":1200,\"caption\":\"Consejo de Administraci\u00f3n diciembre\"},{\"@type\":\"BreadcrumbList\",\"@id\":\"https:\\\/\\\/www.reciplasa.es\\\/va\\\/reciplasa-tanca-lany-amb-18-milions-dinversio-per-a-erradicar-els-incendis-en-la-seva-planta-i-per-leficacia-i-el-medi-ambient\\\/#breadcrumb\",\"itemListElement\":[{\"@type\":\"ListItem\",\"position\":1,\"name\":\"Portada\",\"item\":\"https:\\\/\\\/www.reciplasa.es\\\/va\\\/\"},{\"@type\":\"ListItem\",\"position\":2,\"name\":\"Reciplasa&nbsp;tanca l&#8217;any amb 1,8 milions d&#8217;inversi\u00f3 per a erradicar els incendis en la seva planta i per l&#8217;efic\u00e0cia i el medi ambient\"}]},{\"@type\":\"WebSite\",\"@id\":\"https:\\\/\\\/www.reciplasa.es\\\/#website\",\"url\":\"https:\\\/\\\/www.reciplasa.es\\\/\",\"name\":\"RECIPLASA\",\"description\":\"Reciclats de Residus La Plana SA\",\"potentialAction\":[{\"@type\":\"SearchAction\",\"target\":{\"@type\":\"EntryPoint\",\"urlTemplate\":\"https:\\\/\\\/www.reciplasa.es\\\/?s={search_term_string}\"},\"query-input\":{\"@type\":\"PropertyValueSpecification\",\"valueRequired\":true,\"valueName\":\"search_term_string\"}}],\"inLanguage\":\"va-VA\"},{\"@type\":\"Person\",\"@id\":\"https:\\\/\\\/www.reciplasa.es\\\/#\\\/schema\\\/person\\\/15191934c9f5618dadb907c80c029c0b\",\"name\":\"Sandra\",\"image\":{\"@type\":\"ImageObject\",\"inLanguage\":\"va-VA\",\"@id\":\"https:\\\/\\\/secure.gravatar.com\\\/avatar\\\/605ca84bedd79915b697a46887df8ccd0249fb6f2a1bbcd0bfc66c91d997ae51?s=96&d=mm&r=g\",\"url\":\"https:\\\/\\\/secure.gravatar.com\\\/avatar\\\/605ca84bedd79915b697a46887df8ccd0249fb6f2a1bbcd0bfc66c91d997ae51?s=96&d=mm&r=g\",\"contentUrl\":\"https:\\\/\\\/secure.gravatar.com\\\/avatar\\\/605ca84bedd79915b697a46887df8ccd0249fb6f2a1bbcd0bfc66c91d997ae51?s=96&d=mm&r=g\",\"caption\":\"Sandra\"},\"url\":\"https:\\\/\\\/www.reciplasa.es\\\/va\\\/author\\\/sandra\\\/\"}]}<\/script>\n<!-- \/ Yoast SEO plugin. -->","yoast_head_json":{"title":"Reciplasa&nbsp;tanca l'any amb 1,8 milions d'inversi\u00f3 per a erradicar els incendis en la seva planta i per l'efic\u00e0cia i el medi ambient - RECIPLASA","description":"L'entitat p\u00fablica celebra l'\u00faltim consell d'administraci\u00f3 de l'entitat amb la vista posada en millores de cara al pr\u00f2xim 2025","robots":{"index":"index","follow":"follow","max-snippet":"max-snippet:-1","max-image-preview":"max-image-preview:large","max-video-preview":"max-video-preview:-1"},"canonical":"https:\/\/www.reciplasa.es\/va\/reciplasa-tanca-lany-amb-18-milions-dinversio-per-a-erradicar-els-incendis-en-la-seva-planta-i-per-leficacia-i-el-medi-ambient\/","og_locale":"en_US","og_type":"article","og_title":"Reciplasa&nbsp;tanca l'any amb 1,8 milions d'inversi\u00f3 per a erradicar els incendis en la seva planta i per l'efic\u00e0cia i el medi ambient - RECIPLASA","og_description":"L'entitat p\u00fablica celebra l'\u00faltim consell d'administraci\u00f3 de l'entitat amb la vista posada en millores de cara al pr\u00f2xim 2025","og_url":"https:\/\/www.reciplasa.es\/va\/reciplasa-tanca-lany-amb-18-milions-dinversio-per-a-erradicar-els-incendis-en-la-seva-planta-i-per-leficacia-i-el-medi-ambient\/","og_site_name":"RECIPLASA","article_published_time":"2024-12-12T09:39:00+00:00","article_modified_time":"2024-12-16T09:46:10+00:00","og_image":[{"width":1600,"height":1200,"url":"https:\/\/www.reciplasa.es\/wp-content\/uploads\/2024\/12\/Consejo-Administracion-diciembre.jpeg","type":"image\/jpeg"}],"author":"Sandra","twitter_card":"summary_large_image","twitter_misc":{"Written by":"Sandra","Est. reading time":"3 minutes"},"schema":{"@context":"https:\/\/schema.org","@graph":[{"@type":"Article","@id":"https:\/\/www.reciplasa.es\/va\/reciplasa-tanca-lany-amb-18-milions-dinversio-per-a-erradicar-els-incendis-en-la-seva-planta-i-per-leficacia-i-el-medi-ambient\/#article","isPartOf":{"@id":"https:\/\/www.reciplasa.es\/va\/reciplasa-tanca-lany-amb-18-milions-dinversio-per-a-erradicar-els-incendis-en-la-seva-planta-i-per-leficacia-i-el-medi-ambient\/"},"author":{"name":"Sandra","@id":"https:\/\/www.reciplasa.es\/#\/schema\/person\/15191934c9f5618dadb907c80c029c0b"},"headline":"Reciplasa&nbsp;tanca l&#8217;any amb 1,8 milions d&#8217;inversi\u00f3 per a erradicar els incendis en la seva planta i per l&#8217;efic\u00e0cia i el medi ambient","datePublished":"2024-12-12T09:39:00+00:00","dateModified":"2024-12-16T09:46:10+00:00","mainEntityOfPage":{"@id":"https:\/\/www.reciplasa.es\/va\/reciplasa-tanca-lany-amb-18-milions-dinversio-per-a-erradicar-els-incendis-en-la-seva-planta-i-per-leficacia-i-el-medi-ambient\/"},"wordCount":638,"image":{"@id":"https:\/\/www.reciplasa.es\/va\/reciplasa-tanca-lany-amb-18-milions-dinversio-per-a-erradicar-els-incendis-en-la-seva-planta-i-per-leficacia-i-el-medi-ambient\/#primaryimage"},"thumbnailUrl":"https:\/\/www.reciplasa.es\/wp-content\/uploads\/2024\/12\/Consejo-Administracion-diciembre.jpeg","articleSection":["Noticias corporativas"],"inLanguage":"va-VA"},{"@type":"WebPage","@id":"https:\/\/www.reciplasa.es\/va\/reciplasa-tanca-lany-amb-18-milions-dinversio-per-a-erradicar-els-incendis-en-la-seva-planta-i-per-leficacia-i-el-medi-ambient\/","url":"https:\/\/www.reciplasa.es\/va\/reciplasa-tanca-lany-amb-18-milions-dinversio-per-a-erradicar-els-incendis-en-la-seva-planta-i-per-leficacia-i-el-medi-ambient\/","name":"Reciplasa&nbsp;tanca l'any amb 1,8 milions d'inversi\u00f3 per a erradicar els incendis en la seva planta i per l'efic\u00e0cia i el medi ambient - RECIPLASA","isPartOf":{"@id":"https:\/\/www.reciplasa.es\/#website"},"primaryImageOfPage":{"@id":"https:\/\/www.reciplasa.es\/va\/reciplasa-tanca-lany-amb-18-milions-dinversio-per-a-erradicar-els-incendis-en-la-seva-planta-i-per-leficacia-i-el-medi-ambient\/#primaryimage"},"image":{"@id":"https:\/\/www.reciplasa.es\/va\/reciplasa-tanca-lany-amb-18-milions-dinversio-per-a-erradicar-els-incendis-en-la-seva-planta-i-per-leficacia-i-el-medi-ambient\/#primaryimage"},"thumbnailUrl":"https:\/\/www.reciplasa.es\/wp-content\/uploads\/2024\/12\/Consejo-Administracion-diciembre.jpeg","datePublished":"2024-12-12T09:39:00+00:00","dateModified":"2024-12-16T09:46:10+00:00","author":{"@id":"https:\/\/www.reciplasa.es\/#\/schema\/person\/15191934c9f5618dadb907c80c029c0b"},"description":"L'entitat p\u00fablica celebra l'\u00faltim consell d'administraci\u00f3 de l'entitat amb la vista posada en millores de cara al pr\u00f2xim 2025","breadcrumb":{"@id":"https:\/\/www.reciplasa.es\/va\/reciplasa-tanca-lany-amb-18-milions-dinversio-per-a-erradicar-els-incendis-en-la-seva-planta-i-per-leficacia-i-el-medi-ambient\/#breadcrumb"},"inLanguage":"va-VA","potentialAction":[{"@type":"ReadAction","target":["https:\/\/www.reciplasa.es\/va\/reciplasa-tanca-lany-amb-18-milions-dinversio-per-a-erradicar-els-incendis-en-la-seva-planta-i-per-leficacia-i-el-medi-ambient\/"]}]},{"@type":"ImageObject","inLanguage":"va-VA","@id":"https:\/\/www.reciplasa.es\/va\/reciplasa-tanca-lany-amb-18-milions-dinversio-per-a-erradicar-els-incendis-en-la-seva-planta-i-per-leficacia-i-el-medi-ambient\/#primaryimage","url":"https:\/\/www.reciplasa.es\/wp-content\/uploads\/2024\/12\/Consejo-Administracion-diciembre.jpeg","contentUrl":"https:\/\/www.reciplasa.es\/wp-content\/uploads\/2024\/12\/Consejo-Administracion-diciembre.jpeg","width":1600,"height":1200,"caption":"Consejo de Administraci\u00f3n diciembre"},{"@type":"BreadcrumbList","@id":"https:\/\/www.reciplasa.es\/va\/reciplasa-tanca-lany-amb-18-milions-dinversio-per-a-erradicar-els-incendis-en-la-seva-planta-i-per-leficacia-i-el-medi-ambient\/#breadcrumb","itemListElement":[{"@type":"ListItem","position":1,"name":"Portada","item":"https:\/\/www.reciplasa.es\/va\/"},{"@type":"ListItem","position":2,"name":"Reciplasa&nbsp;tanca l&#8217;any amb 1,8 milions d&#8217;inversi\u00f3 per a erradicar els incendis en la seva planta i per l&#8217;efic\u00e0cia i el medi ambient"}]},{"@type":"WebSite","@id":"https:\/\/www.reciplasa.es\/#website","url":"https:\/\/www.reciplasa.es\/","name":"RECIPLASA","description":"Reciclats de Residus La Plana SA","potentialAction":[{"@type":"SearchAction","target":{"@type":"EntryPoint","urlTemplate":"https:\/\/www.reciplasa.es\/?s={search_term_string}"},"query-input":{"@type":"PropertyValueSpecification","valueRequired":true,"valueName":"search_term_string"}}],"inLanguage":"va-VA"},{"@type":"Person","@id":"https:\/\/www.reciplasa.es\/#\/schema\/person\/15191934c9f5618dadb907c80c029c0b","name":"Sandra","image":{"@type":"ImageObject","inLanguage":"va-VA","@id":"https:\/\/secure.gravatar.com\/avatar\/605ca84bedd79915b697a46887df8ccd0249fb6f2a1bbcd0bfc66c91d997ae51?s=96&d=mm&r=g","url":"https:\/\/secure.gravatar.com\/avatar\/605ca84bedd79915b697a46887df8ccd0249fb6f2a1bbcd0bfc66c91d997ae51?s=96&d=mm&r=g","contentUrl":"https:\/\/secure.gravatar.com\/avatar\/605ca84bedd79915b697a46887df8ccd0249fb6f2a1bbcd0bfc66c91d997ae51?s=96&d=mm&r=g","caption":"Sandra"},"url":"https:\/\/www.reciplasa.es\/va\/author\/sandra\/"}]}},"_links":{"self":[{"href":"https:\/\/www.reciplasa.es\/va\/wp-json\/wp\/v2\/posts\/16513","targetHints":{"allow":["GET"]}}],"collection":[{"href":"https:\/\/www.reciplasa.es\/va\/wp-json\/wp\/v2\/posts"}],"about":[{"href":"https:\/\/www.reciplasa.es\/va\/wp-json\/wp\/v2\/types\/post"}],"author":[{"embeddable":true,"href":"https:\/\/www.reciplasa.es\/va\/wp-json\/wp\/v2\/users\/13"}],"replies":[{"embeddable":true,"href":"https:\/\/www.reciplasa.es\/va\/wp-json\/wp\/v2\/comments?post=16513"}],"version-history":[{"count":3,"href":"https:\/\/www.reciplasa.es\/va\/wp-json\/wp\/v2\/posts\/16513\/revisions"}],"predecessor-version":[{"id":16516,"href":"https:\/\/www.reciplasa.es\/va\/wp-json\/wp\/v2\/posts\/16513\/revisions\/16516"}],"wp:featuredmedia":[{"embeddable":true,"href":"https:\/\/www.reciplasa.es\/va\/wp-json\/wp\/v2\/media\/16511"}],"wp:attachment":[{"href":"https:\/\/www.reciplasa.es\/va\/wp-json\/wp\/v2\/media?parent=16513"}],"wp:term":[{"taxonomy":"category","embeddable":true,"href":"https:\/\/www.reciplasa.es\/va\/wp-json\/wp\/v2\/categories?post=16513"},{"taxonomy":"post_tag","embeddable":true,"href":"https:\/\/www.reciplasa.es\/va\/wp-json\/wp\/v2\/tags?post=16513"}],"curies":[{"name":"wp","href":"https:\/\/api.w.org\/{rel}","templated":true}]}}