{"id":16561,"date":"2024-12-20T08:12:27","date_gmt":"2024-12-20T08:12:27","guid":{"rendered":"https:\/\/www.reciplasa.es\/?p=16561\/"},"modified":"2024-12-20T08:13:41","modified_gmt":"2024-12-20T08:13:41","slug":"la-catedra-reciplasa-premia-la-labor-de-benlloc-en-una-iniciativa-per-a-millorar-la-gestio-ambiental","status":"publish","type":"post","link":"https:\/\/www.reciplasa.es\/va\/la-catedra-reciplasa-premia-la-labor-de-benlloc-en-una-iniciativa-per-a-millorar-la-gestio-ambiental\/","title":{"rendered":"La C\u00e0tedra Reciplasa premia la labor de Benlloc en una iniciativa per a millorar la gesti\u00f3 ambiental"},"content":{"rendered":"\n<p><em>L&#8217;Ajuntament rep el premi a la iniciativa per a la millora de la gesti\u00f3 sostenible, dotat amb 2.500 euros, per un sistema pioner que ha redu\u00eft un 80% la despesa en tractament de residus<\/em><\/p>\n\n\n\n<p><strong>Castell\u00f3 (20-12-2024). \u2013 <\/strong>La C\u00e0tedra&nbsp;Reciplasa&nbsp;de Residus Urbans de la Universitat Jaume I ha lliurat el guard\u00f3 de la tercera edici\u00f3 del Premi a la Iniciativa per a la millora de la gesti\u00f3 sostenible dels residus urbans i que enguany ha recaigut a l&#8217;Ajuntament de Benlloc per la implementaci\u00f3 del programari de gesti\u00f3 d&#8217;usuaris i l&#8217;establiment d&#8217;un pla d&#8217;educaci\u00f3 i comunicaci\u00f3 ambiental, que ha estat possible gr\u00e0cies a que, en el seu moment, l&#8217;Ajuntament va decidir apostar per la recollida selectiva porta a porta, alineant-se amb les directrius de la Uni\u00f3 Europea.<\/p>\n\n\n\n<p><br>En la taula de lliurament del premi ha participat el president de l&#8217;entitat p\u00fablica, Sergio Toledo, qui ha mostrat la seva satisfacci\u00f3 \u201cpel bon estat de salut d&#8217;aquest premi ja que cada any comptem amb m\u00e9s iniciatives que tracten de millorar la sostenibilitat\u201d que, en moltes ocasions, \u201csorgeixen de l&#8217;obstinaci\u00f3 p\u00fablica, privat i de la col\u00b7laboraci\u00f3 ciutadana com \u00e9s el cas\u201d. El premi s&#8217;ha lliurat a l&#8217;alcalde de la localitat, \u00c1ngel Ribes, en representaci\u00f3 dels ve\u00efns de la localitat, que s\u00f3n els que estan apostant per aquesta iniciativa.<\/p>\n\n\n\n<p><br>Aix\u00ed mateix, tamb\u00e9 han format d&#8217;aquesta taula de lliurament el vicerector de Recerca de l&#8217;UJI, Jes\u00fas Lancis, el director t\u00e8cnic de&nbsp;Reciplasa, Fernando Albarr\u00e1n; i el catedr\u00e0tic de l&#8217;UJI i director de la C\u00e0tedra, F\u00e9lix Hern\u00e1ndez. El director de la C\u00e0tedra ha donat compte del desenvolupament del premi, aix\u00ed com de la formaci\u00f3 del jurat del mateix i de l&#8217;activitat que realitza la c\u00e0tedra durant l&#8217;exercici. Ha explicat, a m\u00e9s, que \u201ccada vegada \u00e9s evident que hi ha un major comprom\u00eds de la societat amb ser respectuosos i, sobretot, eficients, en la gesti\u00f3 de residus\u201d pel que \u201caquests premis s\u00f3n una forma m\u00e9s de donar a con\u00e8ixer iniciatives que desenvolupem des de la C\u00e0tedra en aquest sentit\u201d.<\/p>\n\n\n\n<p><br>En aquesta ocasi\u00f3, s&#8217;ha valorat la iniciativa de Benlloc en la implementaci\u00f3 d&#8217;un sistema de recollida de residus porta a porta, secundat per un programari innovador que facilita la gesti\u00f3 i control dels residus, promovent la sostenibilitat i la participaci\u00f3 ciutadana. Aquesta iniciativa cerca reduir la despesa municipal i fomentar una &#8220;taxa justa&#8221; basada en les aportacions de cada ve\u00ed.<\/p>\n\n\n\n<p><br>L&#8217;Ajuntament ha contractat un t\u00e8cnic mediambiental per a gestionar la implantaci\u00f3 i seguiment del nou sistema, i per a desenvolupar campanyes d&#8217;educaci\u00f3 ambiental que busquen conscienciar a la ciutadania sobre la import\u00e0ncia de la gesti\u00f3 adequada dels residus.<\/p>\n\n\n\n<p><br>Una de les novetats del projecte \u00e9s la utilitzaci\u00f3 del programari&nbsp;ECOSAT, que permet la identificaci\u00f3 dels usuaris mitjan\u00e7ant un codi associat a cada contenidor. Aquest sistema facilita el control de les aportacions di\u00e0ries i la gesti\u00f3 d&#8217;incid\u00e8ncies, proporcionant informaci\u00f3 en temps real sobre el funcionament del servei. A m\u00e9s, el projecte ha millorat l&#8217;efici\u00e8ncia en la recollida de residus i ha redu\u00eft la partida municipal per a la gesti\u00f3 de residus en un 80% en 2024, traduint-se en un estalvi notable per als ve\u00efns. El premi, dirigit a municipis de menys de 3.000 habitants, est\u00e0 dotant amb 2.500 euros.<\/p>\n","protected":false},"excerpt":{"rendered":"<p>L&#8217;Ajuntament rep el premi a la iniciativa per a la millora de la gesti\u00f3 sostenible, dotat amb 2.500 euros, per un sistema pioner que ha redu\u00eft un 80% la despesa en tractament de residus Castell\u00f3 (20-12-2024). \u2013 La C\u00e0tedra&nbsp;Reciplasa&nbsp;de Residus Urbans de la Universitat Jaume I ha lliurat el guard\u00f3 de la tercera edici\u00f3 delDale que hay m\u00e1s &#8230;<\/p>\n","protected":false},"author":13,"featured_media":16558,"comment_status":"closed","ping_status":"closed","sticky":false,"template":"","format":"standard","meta":{"footnotes":""},"categories":[2],"tags":[],"class_list":["post-16561","post","type-post","status-publish","format-standard","has-post-thumbnail","hentry","category-sin-categorizar"],"yoast_head":"<!-- This site is optimized with the Yoast SEO plugin v27.4 - https:\/\/yoast.com\/product\/yoast-seo-wordpress\/ -->\n<title>La C\u00e0tedra Reciplasa premia la labor de Benlloc en una iniciativa per a millorar la gesti\u00f3 ambiental - RECIPLASA<\/title>\n<meta name=\"description\" content=\"El premi a la iniciativa per a la millora de la gesti\u00f3 sostenible reconeix a l&#039;Ajuntament per un sistema pioner que ha redu\u00eft un 80% la despesa en tractament de residus\" \/>\n<meta name=\"robots\" content=\"index, follow, max-snippet:-1, max-image-preview:large, max-video-preview:-1\" \/>\n<link rel=\"canonical\" href=\"https:\/\/www.reciplasa.es\/va\/la-catedra-reciplasa-premia-la-labor-de-benlloc-en-una-iniciativa-per-a-millorar-la-gestio-ambiental\/\" \/>\n<meta property=\"og:locale\" content=\"en_US\" \/>\n<meta property=\"og:type\" content=\"article\" \/>\n<meta property=\"og:title\" content=\"La C\u00e0tedra Reciplasa premia la labor de Benlloc en una iniciativa per a millorar la gesti\u00f3 ambiental - RECIPLASA\" \/>\n<meta property=\"og:description\" content=\"El premi a la iniciativa per a la millora de la gesti\u00f3 sostenible reconeix a l&#039;Ajuntament per un sistema pioner que ha redu\u00eft un 80% la despesa en tractament de residus\" \/>\n<meta property=\"og:url\" content=\"https:\/\/www.reciplasa.es\/va\/la-catedra-reciplasa-premia-la-labor-de-benlloc-en-una-iniciativa-per-a-millorar-la-gestio-ambiental\/\" \/>\n<meta property=\"og:site_name\" content=\"RECIPLASA\" \/>\n<meta property=\"article:published_time\" content=\"2024-12-20T08:12:27+00:00\" \/>\n<meta property=\"article:modified_time\" content=\"2024-12-20T08:13:41+00:00\" \/>\n<meta property=\"og:image\" content=\"https:\/\/www.reciplasa.es\/wp-content\/uploads\/2024\/12\/2012_premio_iniciativa.jpeg\" \/>\n\t<meta property=\"og:image:width\" content=\"1600\" \/>\n\t<meta property=\"og:image:height\" content=\"1110\" \/>\n\t<meta property=\"og:image:type\" content=\"image\/jpeg\" \/>\n<meta name=\"author\" content=\"Sandra\" \/>\n<meta name=\"twitter:card\" content=\"summary_large_image\" \/>\n<meta name=\"twitter:label1\" content=\"Written by\" \/>\n\t<meta name=\"twitter:data1\" content=\"Sandra\" \/>\n\t<meta name=\"twitter:label2\" content=\"Est. reading time\" \/>\n\t<meta name=\"twitter:data2\" content=\"3 minutes\" \/>\n<script type=\"application\/ld+json\" class=\"yoast-schema-graph\">{\"@context\":\"https:\\\/\\\/schema.org\",\"@graph\":[{\"@type\":\"Article\",\"@id\":\"https:\\\/\\\/www.reciplasa.es\\\/va\\\/la-catedra-reciplasa-premia-la-labor-de-benlloc-en-una-iniciativa-per-a-millorar-la-gestio-ambiental\\\/#article\",\"isPartOf\":{\"@id\":\"https:\\\/\\\/www.reciplasa.es\\\/va\\\/la-catedra-reciplasa-premia-la-labor-de-benlloc-en-una-iniciativa-per-a-millorar-la-gestio-ambiental\\\/\"},\"author\":{\"name\":\"Sandra\",\"@id\":\"https:\\\/\\\/www.reciplasa.es\\\/#\\\/schema\\\/person\\\/15191934c9f5618dadb907c80c029c0b\"},\"headline\":\"La C\u00e0tedra Reciplasa premia la labor de Benlloc en una iniciativa per a millorar la gesti\u00f3 ambiental\",\"datePublished\":\"2024-12-20T08:12:27+00:00\",\"dateModified\":\"2024-12-20T08:13:41+00:00\",\"mainEntityOfPage\":{\"@id\":\"https:\\\/\\\/www.reciplasa.es\\\/va\\\/la-catedra-reciplasa-premia-la-labor-de-benlloc-en-una-iniciativa-per-a-millorar-la-gestio-ambiental\\\/\"},\"wordCount\":602,\"image\":{\"@id\":\"https:\\\/\\\/www.reciplasa.es\\\/va\\\/la-catedra-reciplasa-premia-la-labor-de-benlloc-en-una-iniciativa-per-a-millorar-la-gestio-ambiental\\\/#primaryimage\"},\"thumbnailUrl\":\"https:\\\/\\\/www.reciplasa.es\\\/wp-content\\\/uploads\\\/2024\\\/12\\\/2012_premio_iniciativa.jpeg\",\"articleSection\":[\"Catedra-Reciplasa-UJI\"],\"inLanguage\":\"va-VA\"},{\"@type\":\"WebPage\",\"@id\":\"https:\\\/\\\/www.reciplasa.es\\\/va\\\/la-catedra-reciplasa-premia-la-labor-de-benlloc-en-una-iniciativa-per-a-millorar-la-gestio-ambiental\\\/\",\"url\":\"https:\\\/\\\/www.reciplasa.es\\\/va\\\/la-catedra-reciplasa-premia-la-labor-de-benlloc-en-una-iniciativa-per-a-millorar-la-gestio-ambiental\\\/\",\"name\":\"La C\u00e0tedra Reciplasa premia la labor de Benlloc en una iniciativa per a millorar la gesti\u00f3 ambiental - RECIPLASA\",\"isPartOf\":{\"@id\":\"https:\\\/\\\/www.reciplasa.es\\\/#website\"},\"primaryImageOfPage\":{\"@id\":\"https:\\\/\\\/www.reciplasa.es\\\/va\\\/la-catedra-reciplasa-premia-la-labor-de-benlloc-en-una-iniciativa-per-a-millorar-la-gestio-ambiental\\\/#primaryimage\"},\"image\":{\"@id\":\"https:\\\/\\\/www.reciplasa.es\\\/va\\\/la-catedra-reciplasa-premia-la-labor-de-benlloc-en-una-iniciativa-per-a-millorar-la-gestio-ambiental\\\/#primaryimage\"},\"thumbnailUrl\":\"https:\\\/\\\/www.reciplasa.es\\\/wp-content\\\/uploads\\\/2024\\\/12\\\/2012_premio_iniciativa.jpeg\",\"datePublished\":\"2024-12-20T08:12:27+00:00\",\"dateModified\":\"2024-12-20T08:13:41+00:00\",\"author\":{\"@id\":\"https:\\\/\\\/www.reciplasa.es\\\/#\\\/schema\\\/person\\\/15191934c9f5618dadb907c80c029c0b\"},\"description\":\"El premi a la iniciativa per a la millora de la gesti\u00f3 sostenible reconeix a l'Ajuntament per un sistema pioner que ha redu\u00eft un 80% la despesa en tractament de residus\",\"breadcrumb\":{\"@id\":\"https:\\\/\\\/www.reciplasa.es\\\/va\\\/la-catedra-reciplasa-premia-la-labor-de-benlloc-en-una-iniciativa-per-a-millorar-la-gestio-ambiental\\\/#breadcrumb\"},\"inLanguage\":\"va-VA\",\"potentialAction\":[{\"@type\":\"ReadAction\",\"target\":[\"https:\\\/\\\/www.reciplasa.es\\\/va\\\/la-catedra-reciplasa-premia-la-labor-de-benlloc-en-una-iniciativa-per-a-millorar-la-gestio-ambiental\\\/\"]}]},{\"@type\":\"ImageObject\",\"inLanguage\":\"va-VA\",\"@id\":\"https:\\\/\\\/www.reciplasa.es\\\/va\\\/la-catedra-reciplasa-premia-la-labor-de-benlloc-en-una-iniciativa-per-a-millorar-la-gestio-ambiental\\\/#primaryimage\",\"url\":\"https:\\\/\\\/www.reciplasa.es\\\/wp-content\\\/uploads\\\/2024\\\/12\\\/2012_premio_iniciativa.jpeg\",\"contentUrl\":\"https:\\\/\\\/www.reciplasa.es\\\/wp-content\\\/uploads\\\/2024\\\/12\\\/2012_premio_iniciativa.jpeg\",\"width\":1600,\"height\":1110,\"caption\":\"La C\u00e1tedra Reciplasa premia la labor de Benlloc en una iniciativa para mejorar la gesti\u00f3n ambiental\"},{\"@type\":\"BreadcrumbList\",\"@id\":\"https:\\\/\\\/www.reciplasa.es\\\/va\\\/la-catedra-reciplasa-premia-la-labor-de-benlloc-en-una-iniciativa-per-a-millorar-la-gestio-ambiental\\\/#breadcrumb\",\"itemListElement\":[{\"@type\":\"ListItem\",\"position\":1,\"name\":\"Portada\",\"item\":\"https:\\\/\\\/www.reciplasa.es\\\/va\\\/\"},{\"@type\":\"ListItem\",\"position\":2,\"name\":\"La C\u00e0tedra Reciplasa premia la labor de Benlloc en una iniciativa per a millorar la gesti\u00f3 ambiental\"}]},{\"@type\":\"WebSite\",\"@id\":\"https:\\\/\\\/www.reciplasa.es\\\/#website\",\"url\":\"https:\\\/\\\/www.reciplasa.es\\\/\",\"name\":\"RECIPLASA\",\"description\":\"Reciclats de Residus La Plana SA\",\"potentialAction\":[{\"@type\":\"SearchAction\",\"target\":{\"@type\":\"EntryPoint\",\"urlTemplate\":\"https:\\\/\\\/www.reciplasa.es\\\/?s={search_term_string}\"},\"query-input\":{\"@type\":\"PropertyValueSpecification\",\"valueRequired\":true,\"valueName\":\"search_term_string\"}}],\"inLanguage\":\"va-VA\"},{\"@type\":\"Person\",\"@id\":\"https:\\\/\\\/www.reciplasa.es\\\/#\\\/schema\\\/person\\\/15191934c9f5618dadb907c80c029c0b\",\"name\":\"Sandra\",\"image\":{\"@type\":\"ImageObject\",\"inLanguage\":\"va-VA\",\"@id\":\"https:\\\/\\\/secure.gravatar.com\\\/avatar\\\/605ca84bedd79915b697a46887df8ccd0249fb6f2a1bbcd0bfc66c91d997ae51?s=96&d=mm&r=g\",\"url\":\"https:\\\/\\\/secure.gravatar.com\\\/avatar\\\/605ca84bedd79915b697a46887df8ccd0249fb6f2a1bbcd0bfc66c91d997ae51?s=96&d=mm&r=g\",\"contentUrl\":\"https:\\\/\\\/secure.gravatar.com\\\/avatar\\\/605ca84bedd79915b697a46887df8ccd0249fb6f2a1bbcd0bfc66c91d997ae51?s=96&d=mm&r=g\",\"caption\":\"Sandra\"},\"url\":\"https:\\\/\\\/www.reciplasa.es\\\/va\\\/author\\\/sandra\\\/\"}]}<\/script>\n<!-- \/ Yoast SEO plugin. -->","yoast_head_json":{"title":"La C\u00e0tedra Reciplasa premia la labor de Benlloc en una iniciativa per a millorar la gesti\u00f3 ambiental - RECIPLASA","description":"El premi a la iniciativa per a la millora de la gesti\u00f3 sostenible reconeix a l'Ajuntament per un sistema pioner que ha redu\u00eft un 80% la despesa en tractament de residus","robots":{"index":"index","follow":"follow","max-snippet":"max-snippet:-1","max-image-preview":"max-image-preview:large","max-video-preview":"max-video-preview:-1"},"canonical":"https:\/\/www.reciplasa.es\/va\/la-catedra-reciplasa-premia-la-labor-de-benlloc-en-una-iniciativa-per-a-millorar-la-gestio-ambiental\/","og_locale":"en_US","og_type":"article","og_title":"La C\u00e0tedra Reciplasa premia la labor de Benlloc en una iniciativa per a millorar la gesti\u00f3 ambiental - RECIPLASA","og_description":"El premi a la iniciativa per a la millora de la gesti\u00f3 sostenible reconeix a l'Ajuntament per un sistema pioner que ha redu\u00eft un 80% la despesa en tractament de residus","og_url":"https:\/\/www.reciplasa.es\/va\/la-catedra-reciplasa-premia-la-labor-de-benlloc-en-una-iniciativa-per-a-millorar-la-gestio-ambiental\/","og_site_name":"RECIPLASA","article_published_time":"2024-12-20T08:12:27+00:00","article_modified_time":"2024-12-20T08:13:41+00:00","og_image":[{"width":1600,"height":1110,"url":"https:\/\/www.reciplasa.es\/wp-content\/uploads\/2024\/12\/2012_premio_iniciativa.jpeg","type":"image\/jpeg"}],"author":"Sandra","twitter_card":"summary_large_image","twitter_misc":{"Written by":"Sandra","Est. reading time":"3 minutes"},"schema":{"@context":"https:\/\/schema.org","@graph":[{"@type":"Article","@id":"https:\/\/www.reciplasa.es\/va\/la-catedra-reciplasa-premia-la-labor-de-benlloc-en-una-iniciativa-per-a-millorar-la-gestio-ambiental\/#article","isPartOf":{"@id":"https:\/\/www.reciplasa.es\/va\/la-catedra-reciplasa-premia-la-labor-de-benlloc-en-una-iniciativa-per-a-millorar-la-gestio-ambiental\/"},"author":{"name":"Sandra","@id":"https:\/\/www.reciplasa.es\/#\/schema\/person\/15191934c9f5618dadb907c80c029c0b"},"headline":"La C\u00e0tedra Reciplasa premia la labor de Benlloc en una iniciativa per a millorar la gesti\u00f3 ambiental","datePublished":"2024-12-20T08:12:27+00:00","dateModified":"2024-12-20T08:13:41+00:00","mainEntityOfPage":{"@id":"https:\/\/www.reciplasa.es\/va\/la-catedra-reciplasa-premia-la-labor-de-benlloc-en-una-iniciativa-per-a-millorar-la-gestio-ambiental\/"},"wordCount":602,"image":{"@id":"https:\/\/www.reciplasa.es\/va\/la-catedra-reciplasa-premia-la-labor-de-benlloc-en-una-iniciativa-per-a-millorar-la-gestio-ambiental\/#primaryimage"},"thumbnailUrl":"https:\/\/www.reciplasa.es\/wp-content\/uploads\/2024\/12\/2012_premio_iniciativa.jpeg","articleSection":["Catedra-Reciplasa-UJI"],"inLanguage":"va-VA"},{"@type":"WebPage","@id":"https:\/\/www.reciplasa.es\/va\/la-catedra-reciplasa-premia-la-labor-de-benlloc-en-una-iniciativa-per-a-millorar-la-gestio-ambiental\/","url":"https:\/\/www.reciplasa.es\/va\/la-catedra-reciplasa-premia-la-labor-de-benlloc-en-una-iniciativa-per-a-millorar-la-gestio-ambiental\/","name":"La C\u00e0tedra Reciplasa premia la labor de Benlloc en una iniciativa per a millorar la gesti\u00f3 ambiental - RECIPLASA","isPartOf":{"@id":"https:\/\/www.reciplasa.es\/#website"},"primaryImageOfPage":{"@id":"https:\/\/www.reciplasa.es\/va\/la-catedra-reciplasa-premia-la-labor-de-benlloc-en-una-iniciativa-per-a-millorar-la-gestio-ambiental\/#primaryimage"},"image":{"@id":"https:\/\/www.reciplasa.es\/va\/la-catedra-reciplasa-premia-la-labor-de-benlloc-en-una-iniciativa-per-a-millorar-la-gestio-ambiental\/#primaryimage"},"thumbnailUrl":"https:\/\/www.reciplasa.es\/wp-content\/uploads\/2024\/12\/2012_premio_iniciativa.jpeg","datePublished":"2024-12-20T08:12:27+00:00","dateModified":"2024-12-20T08:13:41+00:00","author":{"@id":"https:\/\/www.reciplasa.es\/#\/schema\/person\/15191934c9f5618dadb907c80c029c0b"},"description":"El premi a la iniciativa per a la millora de la gesti\u00f3 sostenible reconeix a l'Ajuntament per un sistema pioner que ha redu\u00eft un 80% la despesa en tractament de residus","breadcrumb":{"@id":"https:\/\/www.reciplasa.es\/va\/la-catedra-reciplasa-premia-la-labor-de-benlloc-en-una-iniciativa-per-a-millorar-la-gestio-ambiental\/#breadcrumb"},"inLanguage":"va-VA","potentialAction":[{"@type":"ReadAction","target":["https:\/\/www.reciplasa.es\/va\/la-catedra-reciplasa-premia-la-labor-de-benlloc-en-una-iniciativa-per-a-millorar-la-gestio-ambiental\/"]}]},{"@type":"ImageObject","inLanguage":"va-VA","@id":"https:\/\/www.reciplasa.es\/va\/la-catedra-reciplasa-premia-la-labor-de-benlloc-en-una-iniciativa-per-a-millorar-la-gestio-ambiental\/#primaryimage","url":"https:\/\/www.reciplasa.es\/wp-content\/uploads\/2024\/12\/2012_premio_iniciativa.jpeg","contentUrl":"https:\/\/www.reciplasa.es\/wp-content\/uploads\/2024\/12\/2012_premio_iniciativa.jpeg","width":1600,"height":1110,"caption":"La C\u00e1tedra Reciplasa premia la labor de Benlloc en una iniciativa para mejorar la gesti\u00f3n ambiental"},{"@type":"BreadcrumbList","@id":"https:\/\/www.reciplasa.es\/va\/la-catedra-reciplasa-premia-la-labor-de-benlloc-en-una-iniciativa-per-a-millorar-la-gestio-ambiental\/#breadcrumb","itemListElement":[{"@type":"ListItem","position":1,"name":"Portada","item":"https:\/\/www.reciplasa.es\/va\/"},{"@type":"ListItem","position":2,"name":"La C\u00e0tedra Reciplasa premia la labor de Benlloc en una iniciativa per a millorar la gesti\u00f3 ambiental"}]},{"@type":"WebSite","@id":"https:\/\/www.reciplasa.es\/#website","url":"https:\/\/www.reciplasa.es\/","name":"RECIPLASA","description":"Reciclats de Residus La Plana SA","potentialAction":[{"@type":"SearchAction","target":{"@type":"EntryPoint","urlTemplate":"https:\/\/www.reciplasa.es\/?s={search_term_string}"},"query-input":{"@type":"PropertyValueSpecification","valueRequired":true,"valueName":"search_term_string"}}],"inLanguage":"va-VA"},{"@type":"Person","@id":"https:\/\/www.reciplasa.es\/#\/schema\/person\/15191934c9f5618dadb907c80c029c0b","name":"Sandra","image":{"@type":"ImageObject","inLanguage":"va-VA","@id":"https:\/\/secure.gravatar.com\/avatar\/605ca84bedd79915b697a46887df8ccd0249fb6f2a1bbcd0bfc66c91d997ae51?s=96&d=mm&r=g","url":"https:\/\/secure.gravatar.com\/avatar\/605ca84bedd79915b697a46887df8ccd0249fb6f2a1bbcd0bfc66c91d997ae51?s=96&d=mm&r=g","contentUrl":"https:\/\/secure.gravatar.com\/avatar\/605ca84bedd79915b697a46887df8ccd0249fb6f2a1bbcd0bfc66c91d997ae51?s=96&d=mm&r=g","caption":"Sandra"},"url":"https:\/\/www.reciplasa.es\/va\/author\/sandra\/"}]}},"_links":{"self":[{"href":"https:\/\/www.reciplasa.es\/va\/wp-json\/wp\/v2\/posts\/16561","targetHints":{"allow":["GET"]}}],"collection":[{"href":"https:\/\/www.reciplasa.es\/va\/wp-json\/wp\/v2\/posts"}],"about":[{"href":"https:\/\/www.reciplasa.es\/va\/wp-json\/wp\/v2\/types\/post"}],"author":[{"embeddable":true,"href":"https:\/\/www.reciplasa.es\/va\/wp-json\/wp\/v2\/users\/13"}],"replies":[{"embeddable":true,"href":"https:\/\/www.reciplasa.es\/va\/wp-json\/wp\/v2\/comments?post=16561"}],"version-history":[{"count":1,"href":"https:\/\/www.reciplasa.es\/va\/wp-json\/wp\/v2\/posts\/16561\/revisions"}],"predecessor-version":[{"id":16562,"href":"https:\/\/www.reciplasa.es\/va\/wp-json\/wp\/v2\/posts\/16561\/revisions\/16562"}],"wp:featuredmedia":[{"embeddable":true,"href":"https:\/\/www.reciplasa.es\/va\/wp-json\/wp\/v2\/media\/16558"}],"wp:attachment":[{"href":"https:\/\/www.reciplasa.es\/va\/wp-json\/wp\/v2\/media?parent=16561"}],"wp:term":[{"taxonomy":"category","embeddable":true,"href":"https:\/\/www.reciplasa.es\/va\/wp-json\/wp\/v2\/categories?post=16561"},{"taxonomy":"post_tag","embeddable":true,"href":"https:\/\/www.reciplasa.es\/va\/wp-json\/wp\/v2\/tags?post=16561"}],"curies":[{"name":"wp","href":"https:\/\/api.w.org\/{rel}","templated":true}]}}