{"id":16572,"date":"2024-12-27T12:39:00","date_gmt":"2024-12-27T12:39:00","guid":{"rendered":"https:\/\/www.reciplasa.es\/?p=16572\/"},"modified":"2025-01-08T12:42:01","modified_gmt":"2025-01-08T12:42:01","slug":"reciplasa-refuerza-la-mejora-en-los-tratamientos-gracias-a-la-inversion-de-24-millones-del-consell-en-nueva-maquinaria","status":"publish","type":"post","link":"https:\/\/www.reciplasa.es\/va\/reciplasa-refuerza-la-mejora-en-los-tratamientos-gracias-a-la-inversion-de-24-millones-del-consell-en-nueva-maquinaria\/","title":{"rendered":"Reciplasa refuerza la mejora en los tratamientos gracias a la inversi\u00f3n de 2,4 millones del Consell en nueva maquinaria"},"content":{"rendered":"\n<p><em>El director general de Calidad y Educaci\u00f3n Ambiental visita las instalaciones de Onda para conocer de primera mano la apuesta por la eficacia en los tratamientos&nbsp;<\/em><\/p>\n\n\n\n<p><strong>Castell\u00f3n (27-12-2024). \u2013 <\/strong>El director general de Calidad y Educaci\u00f3n Ambiental de la Generalitat Valenciana, Jorge Blanco, ha visitado las instalaciones de Reciplasa en Onda para comprobar de primera mano el funcionamiento de la nueva maquinaria adquirida con la inversi\u00f3n de 2,4 millones de euros de la Generalitat en la planta de Onda. Una inversi\u00f3n en innovaci\u00f3n que apuesta por la m\u00e1xima eficacia y el medio ambiente en el proceso de selecci\u00f3n y tratamiento de residuos.<\/p>\n\n\n\n<p>El director general, acompa\u00f1ado por los t\u00e9cnicos y el director t\u00e9cnico de Reciplasa, Fernando Albarr\u00e1n, ha comprobado el funcionamiento de los equipos de separaci\u00f3n de residuos, as\u00ed como una trituradora de restos de poda que se ha adquirido gracias a la propia Generalitat.&nbsp;<\/p>\n\n\n\n<p>La ejecuci\u00f3n de estos proyectos permitir\u00e1 recuperar m\u00e1s materiales para su posterior reutilizaci\u00f3n, lo que supondr\u00e1 reducir un 5% la cantidad de residuos municipales que llegan al vertedero.<\/p>\n\n\n\n<p><strong>Reciplasa afronta un ambicioso proceso de modernizaci\u00f3n<\/strong><\/p>\n\n\n\n<p>La planta de tratamiento de Reciplasa ubicada en Onda fue de las primeras que se construyeron en Espa\u00f1a, y ahora, coincidiendo con su 30 aniversario afronta un periodo de modernizaci\u00f3n y nuevas inversiones que vendr\u00e1 contextualizado en su nuevo Proyecto de Gesti\u00f3n que aprobar\u00e1 en 2025. Este Proyecto de Gesti\u00f3n contempla inversiones superiores a los 70 millones de euros para los pr\u00f3ximos ejercicios.<\/p>\n\n\n\n<p>Tal y como ha explicado el presidente de Reciplasa, Sergio Toledo, \u201clos Ayuntamientos que formamos parte del consejo de administraci\u00f3n de Reciplasa tenemos un firme compromiso con la calidad del medio ambiente y en apostar por mejoras constantes en la planta de Onda para reducir el rechazo y, sobre todo, ganar en eficiencia\u201d de ah\u00ed que \u201csea una gran noticia inversiones como esta nueva maquinaria que mejora nuestro trabajo\u201d.<\/p>\n","protected":false},"excerpt":{"rendered":"<p>El director general de Calidad y Educaci\u00f3n Ambiental visita las instalaciones de Onda para conocer de primera mano la apuesta por la eficacia en los tratamientos&nbsp; Castell\u00f3n (27-12-2024). \u2013 El director general de Calidad y Educaci\u00f3n Ambiental de la Generalitat Valenciana, Jorge Blanco, ha visitado las instalaciones de Reciplasa en Onda para comprobar de primeraDale que hay m\u00e1s &#8230;<\/p>\n","protected":false},"author":13,"featured_media":16573,"comment_status":"closed","ping_status":"closed","sticky":false,"template":"","format":"standard","meta":{"footnotes":""},"categories":[3],"tags":[],"class_list":["post-16572","post","type-post","status-publish","format-standard","has-post-thumbnail","hentry","category-noticias-corporativas"],"yoast_head":"<!-- This site is optimized with the Yoast SEO plugin v27.4 - https:\/\/yoast.com\/product\/yoast-seo-wordpress\/ -->\n<title>Reciplasa refuerza la mejora en los tratamientos gracias a la inversi\u00f3n de 2,4 millones del Consell en nueva maquinaria - RECIPLASA<\/title>\n<meta name=\"robots\" content=\"index, follow, max-snippet:-1, max-image-preview:large, max-video-preview:-1\" \/>\n<link rel=\"canonical\" href=\"https:\/\/www.reciplasa.es\/reciplasa-refuerza-la-mejora-en-los-tratamientos-gracias-a-la-inversion-de-24-millones-del-consell-en-nueva-maquinaria\/\" \/>\n<meta property=\"og:locale\" content=\"en_US\" \/>\n<meta property=\"og:type\" content=\"article\" \/>\n<meta property=\"og:title\" content=\"Reciplasa refuerza la mejora en los tratamientos gracias a la inversi\u00f3n de 2,4 millones del Consell en nueva maquinaria - RECIPLASA\" \/>\n<meta property=\"og:description\" content=\"El director general de Calidad y Educaci\u00f3n Ambiental visita las instalaciones de Onda para conocer de primera mano la apuesta por la eficacia en los tratamientos&nbsp; Castell\u00f3n (27-12-2024). \u2013 El director general de Calidad y Educaci\u00f3n Ambiental de la Generalitat Valenciana, Jorge Blanco, ha visitado las instalaciones de Reciplasa en Onda para comprobar de primeraDale que hay m\u00e1s ...\" \/>\n<meta property=\"og:url\" content=\"https:\/\/www.reciplasa.es\/reciplasa-refuerza-la-mejora-en-los-tratamientos-gracias-a-la-inversion-de-24-millones-del-consell-en-nueva-maquinaria\/\" \/>\n<meta property=\"og:site_name\" content=\"RECIPLASA\" \/>\n<meta property=\"article:published_time\" content=\"2024-12-27T12:39:00+00:00\" \/>\n<meta property=\"article:modified_time\" content=\"2025-01-08T12:42:01+00:00\" \/>\n<meta property=\"og:image\" content=\"https:\/\/www.reciplasa.es\/wp-content\/uploads\/2025\/01\/Reciplasa-mejora-los-tratamientos-con-la-inversion-en-nueva-maquinaria.jpeg\" \/>\n\t<meta property=\"og:image:width\" content=\"1200\" \/>\n\t<meta property=\"og:image:height\" content=\"1600\" \/>\n\t<meta property=\"og:image:type\" content=\"image\/jpeg\" \/>\n<meta name=\"author\" content=\"Sandra\" \/>\n<meta name=\"twitter:card\" content=\"summary_large_image\" \/>\n<meta name=\"twitter:label1\" content=\"Written by\" \/>\n\t<meta name=\"twitter:data1\" content=\"Sandra\" \/>\n\t<meta name=\"twitter:label2\" content=\"Est. reading time\" \/>\n\t<meta name=\"twitter:data2\" content=\"2 minutes\" \/>\n<script type=\"application\/ld+json\" class=\"yoast-schema-graph\">{\"@context\":\"https:\\\/\\\/schema.org\",\"@graph\":[{\"@type\":\"Article\",\"@id\":\"https:\\\/\\\/www.reciplasa.es\\\/reciplasa-refuerza-la-mejora-en-los-tratamientos-gracias-a-la-inversion-de-24-millones-del-consell-en-nueva-maquinaria\\\/#article\",\"isPartOf\":{\"@id\":\"https:\\\/\\\/www.reciplasa.es\\\/reciplasa-refuerza-la-mejora-en-los-tratamientos-gracias-a-la-inversion-de-24-millones-del-consell-en-nueva-maquinaria\\\/\"},\"author\":{\"name\":\"Sandra\",\"@id\":\"https:\\\/\\\/www.reciplasa.es\\\/#\\\/schema\\\/person\\\/15191934c9f5618dadb907c80c029c0b\"},\"headline\":\"Reciplasa refuerza la mejora en los tratamientos gracias a la inversi\u00f3n de 2,4 millones del Consell en nueva maquinaria\",\"datePublished\":\"2024-12-27T12:39:00+00:00\",\"dateModified\":\"2025-01-08T12:42:01+00:00\",\"mainEntityOfPage\":{\"@id\":\"https:\\\/\\\/www.reciplasa.es\\\/reciplasa-refuerza-la-mejora-en-los-tratamientos-gracias-a-la-inversion-de-24-millones-del-consell-en-nueva-maquinaria\\\/\"},\"wordCount\":351,\"image\":{\"@id\":\"https:\\\/\\\/www.reciplasa.es\\\/reciplasa-refuerza-la-mejora-en-los-tratamientos-gracias-a-la-inversion-de-24-millones-del-consell-en-nueva-maquinaria\\\/#primaryimage\"},\"thumbnailUrl\":\"https:\\\/\\\/www.reciplasa.es\\\/wp-content\\\/uploads\\\/2025\\\/01\\\/Reciplasa-mejora-los-tratamientos-con-la-inversion-en-nueva-maquinaria.jpeg\",\"articleSection\":[\"Noticias corporativas\"],\"inLanguage\":\"va-VA\"},{\"@type\":\"WebPage\",\"@id\":\"https:\\\/\\\/www.reciplasa.es\\\/reciplasa-refuerza-la-mejora-en-los-tratamientos-gracias-a-la-inversion-de-24-millones-del-consell-en-nueva-maquinaria\\\/\",\"url\":\"https:\\\/\\\/www.reciplasa.es\\\/reciplasa-refuerza-la-mejora-en-los-tratamientos-gracias-a-la-inversion-de-24-millones-del-consell-en-nueva-maquinaria\\\/\",\"name\":\"Reciplasa refuerza la mejora en los tratamientos gracias a la inversi\u00f3n de 2,4 millones del Consell en nueva maquinaria - RECIPLASA\",\"isPartOf\":{\"@id\":\"https:\\\/\\\/www.reciplasa.es\\\/#website\"},\"primaryImageOfPage\":{\"@id\":\"https:\\\/\\\/www.reciplasa.es\\\/reciplasa-refuerza-la-mejora-en-los-tratamientos-gracias-a-la-inversion-de-24-millones-del-consell-en-nueva-maquinaria\\\/#primaryimage\"},\"image\":{\"@id\":\"https:\\\/\\\/www.reciplasa.es\\\/reciplasa-refuerza-la-mejora-en-los-tratamientos-gracias-a-la-inversion-de-24-millones-del-consell-en-nueva-maquinaria\\\/#primaryimage\"},\"thumbnailUrl\":\"https:\\\/\\\/www.reciplasa.es\\\/wp-content\\\/uploads\\\/2025\\\/01\\\/Reciplasa-mejora-los-tratamientos-con-la-inversion-en-nueva-maquinaria.jpeg\",\"datePublished\":\"2024-12-27T12:39:00+00:00\",\"dateModified\":\"2025-01-08T12:42:01+00:00\",\"author\":{\"@id\":\"https:\\\/\\\/www.reciplasa.es\\\/#\\\/schema\\\/person\\\/15191934c9f5618dadb907c80c029c0b\"},\"breadcrumb\":{\"@id\":\"https:\\\/\\\/www.reciplasa.es\\\/reciplasa-refuerza-la-mejora-en-los-tratamientos-gracias-a-la-inversion-de-24-millones-del-consell-en-nueva-maquinaria\\\/#breadcrumb\"},\"inLanguage\":\"va-VA\",\"potentialAction\":[{\"@type\":\"ReadAction\",\"target\":[\"https:\\\/\\\/www.reciplasa.es\\\/reciplasa-refuerza-la-mejora-en-los-tratamientos-gracias-a-la-inversion-de-24-millones-del-consell-en-nueva-maquinaria\\\/\"]}]},{\"@type\":\"ImageObject\",\"inLanguage\":\"va-VA\",\"@id\":\"https:\\\/\\\/www.reciplasa.es\\\/reciplasa-refuerza-la-mejora-en-los-tratamientos-gracias-a-la-inversion-de-24-millones-del-consell-en-nueva-maquinaria\\\/#primaryimage\",\"url\":\"https:\\\/\\\/www.reciplasa.es\\\/wp-content\\\/uploads\\\/2025\\\/01\\\/Reciplasa-mejora-los-tratamientos-con-la-inversion-en-nueva-maquinaria.jpeg\",\"contentUrl\":\"https:\\\/\\\/www.reciplasa.es\\\/wp-content\\\/uploads\\\/2025\\\/01\\\/Reciplasa-mejora-los-tratamientos-con-la-inversion-en-nueva-maquinaria.jpeg\",\"width\":1200,\"height\":1600},{\"@type\":\"BreadcrumbList\",\"@id\":\"https:\\\/\\\/www.reciplasa.es\\\/reciplasa-refuerza-la-mejora-en-los-tratamientos-gracias-a-la-inversion-de-24-millones-del-consell-en-nueva-maquinaria\\\/#breadcrumb\",\"itemListElement\":[{\"@type\":\"ListItem\",\"position\":1,\"name\":\"Portada\",\"item\":\"https:\\\/\\\/www.reciplasa.es\\\/va\\\/\"},{\"@type\":\"ListItem\",\"position\":2,\"name\":\"Reciplasa refuerza la mejora en los tratamientos gracias a la inversi\u00f3n de 2,4 millones del Consell en nueva maquinaria\"}]},{\"@type\":\"WebSite\",\"@id\":\"https:\\\/\\\/www.reciplasa.es\\\/#website\",\"url\":\"https:\\\/\\\/www.reciplasa.es\\\/\",\"name\":\"RECIPLASA\",\"description\":\"Reciclats de Residus La Plana SA\",\"potentialAction\":[{\"@type\":\"SearchAction\",\"target\":{\"@type\":\"EntryPoint\",\"urlTemplate\":\"https:\\\/\\\/www.reciplasa.es\\\/?s={search_term_string}\"},\"query-input\":{\"@type\":\"PropertyValueSpecification\",\"valueRequired\":true,\"valueName\":\"search_term_string\"}}],\"inLanguage\":\"va-VA\"},{\"@type\":\"Person\",\"@id\":\"https:\\\/\\\/www.reciplasa.es\\\/#\\\/schema\\\/person\\\/15191934c9f5618dadb907c80c029c0b\",\"name\":\"Sandra\",\"image\":{\"@type\":\"ImageObject\",\"inLanguage\":\"va-VA\",\"@id\":\"https:\\\/\\\/secure.gravatar.com\\\/avatar\\\/605ca84bedd79915b697a46887df8ccd0249fb6f2a1bbcd0bfc66c91d997ae51?s=96&d=mm&r=g\",\"url\":\"https:\\\/\\\/secure.gravatar.com\\\/avatar\\\/605ca84bedd79915b697a46887df8ccd0249fb6f2a1bbcd0bfc66c91d997ae51?s=96&d=mm&r=g\",\"contentUrl\":\"https:\\\/\\\/secure.gravatar.com\\\/avatar\\\/605ca84bedd79915b697a46887df8ccd0249fb6f2a1bbcd0bfc66c91d997ae51?s=96&d=mm&r=g\",\"caption\":\"Sandra\"},\"url\":\"https:\\\/\\\/www.reciplasa.es\\\/va\\\/author\\\/sandra\\\/\"}]}<\/script>\n<!-- \/ Yoast SEO plugin. -->","yoast_head_json":{"title":"Reciplasa refuerza la mejora en los tratamientos gracias a la inversi\u00f3n de 2,4 millones del Consell en nueva maquinaria - RECIPLASA","robots":{"index":"index","follow":"follow","max-snippet":"max-snippet:-1","max-image-preview":"max-image-preview:large","max-video-preview":"max-video-preview:-1"},"canonical":"https:\/\/www.reciplasa.es\/reciplasa-refuerza-la-mejora-en-los-tratamientos-gracias-a-la-inversion-de-24-millones-del-consell-en-nueva-maquinaria\/","og_locale":"en_US","og_type":"article","og_title":"Reciplasa refuerza la mejora en los tratamientos gracias a la inversi\u00f3n de 2,4 millones del Consell en nueva maquinaria - RECIPLASA","og_description":"El director general de Calidad y Educaci\u00f3n Ambiental visita las instalaciones de Onda para conocer de primera mano la apuesta por la eficacia en los tratamientos&nbsp; Castell\u00f3n (27-12-2024). \u2013 El director general de Calidad y Educaci\u00f3n Ambiental de la Generalitat Valenciana, Jorge Blanco, ha visitado las instalaciones de Reciplasa en Onda para comprobar de primeraDale que hay m\u00e1s ...","og_url":"https:\/\/www.reciplasa.es\/reciplasa-refuerza-la-mejora-en-los-tratamientos-gracias-a-la-inversion-de-24-millones-del-consell-en-nueva-maquinaria\/","og_site_name":"RECIPLASA","article_published_time":"2024-12-27T12:39:00+00:00","article_modified_time":"2025-01-08T12:42:01+00:00","og_image":[{"width":1200,"height":1600,"url":"https:\/\/www.reciplasa.es\/wp-content\/uploads\/2025\/01\/Reciplasa-mejora-los-tratamientos-con-la-inversion-en-nueva-maquinaria.jpeg","type":"image\/jpeg"}],"author":"Sandra","twitter_card":"summary_large_image","twitter_misc":{"Written by":"Sandra","Est. reading time":"2 minutes"},"schema":{"@context":"https:\/\/schema.org","@graph":[{"@type":"Article","@id":"https:\/\/www.reciplasa.es\/reciplasa-refuerza-la-mejora-en-los-tratamientos-gracias-a-la-inversion-de-24-millones-del-consell-en-nueva-maquinaria\/#article","isPartOf":{"@id":"https:\/\/www.reciplasa.es\/reciplasa-refuerza-la-mejora-en-los-tratamientos-gracias-a-la-inversion-de-24-millones-del-consell-en-nueva-maquinaria\/"},"author":{"name":"Sandra","@id":"https:\/\/www.reciplasa.es\/#\/schema\/person\/15191934c9f5618dadb907c80c029c0b"},"headline":"Reciplasa refuerza la mejora en los tratamientos gracias a la inversi\u00f3n de 2,4 millones del Consell en nueva maquinaria","datePublished":"2024-12-27T12:39:00+00:00","dateModified":"2025-01-08T12:42:01+00:00","mainEntityOfPage":{"@id":"https:\/\/www.reciplasa.es\/reciplasa-refuerza-la-mejora-en-los-tratamientos-gracias-a-la-inversion-de-24-millones-del-consell-en-nueva-maquinaria\/"},"wordCount":351,"image":{"@id":"https:\/\/www.reciplasa.es\/reciplasa-refuerza-la-mejora-en-los-tratamientos-gracias-a-la-inversion-de-24-millones-del-consell-en-nueva-maquinaria\/#primaryimage"},"thumbnailUrl":"https:\/\/www.reciplasa.es\/wp-content\/uploads\/2025\/01\/Reciplasa-mejora-los-tratamientos-con-la-inversion-en-nueva-maquinaria.jpeg","articleSection":["Noticias corporativas"],"inLanguage":"va-VA"},{"@type":"WebPage","@id":"https:\/\/www.reciplasa.es\/reciplasa-refuerza-la-mejora-en-los-tratamientos-gracias-a-la-inversion-de-24-millones-del-consell-en-nueva-maquinaria\/","url":"https:\/\/www.reciplasa.es\/reciplasa-refuerza-la-mejora-en-los-tratamientos-gracias-a-la-inversion-de-24-millones-del-consell-en-nueva-maquinaria\/","name":"Reciplasa refuerza la mejora en los tratamientos gracias a la inversi\u00f3n de 2,4 millones del Consell en nueva maquinaria - RECIPLASA","isPartOf":{"@id":"https:\/\/www.reciplasa.es\/#website"},"primaryImageOfPage":{"@id":"https:\/\/www.reciplasa.es\/reciplasa-refuerza-la-mejora-en-los-tratamientos-gracias-a-la-inversion-de-24-millones-del-consell-en-nueva-maquinaria\/#primaryimage"},"image":{"@id":"https:\/\/www.reciplasa.es\/reciplasa-refuerza-la-mejora-en-los-tratamientos-gracias-a-la-inversion-de-24-millones-del-consell-en-nueva-maquinaria\/#primaryimage"},"thumbnailUrl":"https:\/\/www.reciplasa.es\/wp-content\/uploads\/2025\/01\/Reciplasa-mejora-los-tratamientos-con-la-inversion-en-nueva-maquinaria.jpeg","datePublished":"2024-12-27T12:39:00+00:00","dateModified":"2025-01-08T12:42:01+00:00","author":{"@id":"https:\/\/www.reciplasa.es\/#\/schema\/person\/15191934c9f5618dadb907c80c029c0b"},"breadcrumb":{"@id":"https:\/\/www.reciplasa.es\/reciplasa-refuerza-la-mejora-en-los-tratamientos-gracias-a-la-inversion-de-24-millones-del-consell-en-nueva-maquinaria\/#breadcrumb"},"inLanguage":"va-VA","potentialAction":[{"@type":"ReadAction","target":["https:\/\/www.reciplasa.es\/reciplasa-refuerza-la-mejora-en-los-tratamientos-gracias-a-la-inversion-de-24-millones-del-consell-en-nueva-maquinaria\/"]}]},{"@type":"ImageObject","inLanguage":"va-VA","@id":"https:\/\/www.reciplasa.es\/reciplasa-refuerza-la-mejora-en-los-tratamientos-gracias-a-la-inversion-de-24-millones-del-consell-en-nueva-maquinaria\/#primaryimage","url":"https:\/\/www.reciplasa.es\/wp-content\/uploads\/2025\/01\/Reciplasa-mejora-los-tratamientos-con-la-inversion-en-nueva-maquinaria.jpeg","contentUrl":"https:\/\/www.reciplasa.es\/wp-content\/uploads\/2025\/01\/Reciplasa-mejora-los-tratamientos-con-la-inversion-en-nueva-maquinaria.jpeg","width":1200,"height":1600},{"@type":"BreadcrumbList","@id":"https:\/\/www.reciplasa.es\/reciplasa-refuerza-la-mejora-en-los-tratamientos-gracias-a-la-inversion-de-24-millones-del-consell-en-nueva-maquinaria\/#breadcrumb","itemListElement":[{"@type":"ListItem","position":1,"name":"Portada","item":"https:\/\/www.reciplasa.es\/va\/"},{"@type":"ListItem","position":2,"name":"Reciplasa refuerza la mejora en los tratamientos gracias a la inversi\u00f3n de 2,4 millones del Consell en nueva maquinaria"}]},{"@type":"WebSite","@id":"https:\/\/www.reciplasa.es\/#website","url":"https:\/\/www.reciplasa.es\/","name":"RECIPLASA","description":"Reciclats de Residus La Plana SA","potentialAction":[{"@type":"SearchAction","target":{"@type":"EntryPoint","urlTemplate":"https:\/\/www.reciplasa.es\/?s={search_term_string}"},"query-input":{"@type":"PropertyValueSpecification","valueRequired":true,"valueName":"search_term_string"}}],"inLanguage":"va-VA"},{"@type":"Person","@id":"https:\/\/www.reciplasa.es\/#\/schema\/person\/15191934c9f5618dadb907c80c029c0b","name":"Sandra","image":{"@type":"ImageObject","inLanguage":"va-VA","@id":"https:\/\/secure.gravatar.com\/avatar\/605ca84bedd79915b697a46887df8ccd0249fb6f2a1bbcd0bfc66c91d997ae51?s=96&d=mm&r=g","url":"https:\/\/secure.gravatar.com\/avatar\/605ca84bedd79915b697a46887df8ccd0249fb6f2a1bbcd0bfc66c91d997ae51?s=96&d=mm&r=g","contentUrl":"https:\/\/secure.gravatar.com\/avatar\/605ca84bedd79915b697a46887df8ccd0249fb6f2a1bbcd0bfc66c91d997ae51?s=96&d=mm&r=g","caption":"Sandra"},"url":"https:\/\/www.reciplasa.es\/va\/author\/sandra\/"}]}},"_links":{"self":[{"href":"https:\/\/www.reciplasa.es\/va\/wp-json\/wp\/v2\/posts\/16572","targetHints":{"allow":["GET"]}}],"collection":[{"href":"https:\/\/www.reciplasa.es\/va\/wp-json\/wp\/v2\/posts"}],"about":[{"href":"https:\/\/www.reciplasa.es\/va\/wp-json\/wp\/v2\/types\/post"}],"author":[{"embeddable":true,"href":"https:\/\/www.reciplasa.es\/va\/wp-json\/wp\/v2\/users\/13"}],"replies":[{"embeddable":true,"href":"https:\/\/www.reciplasa.es\/va\/wp-json\/wp\/v2\/comments?post=16572"}],"version-history":[{"count":1,"href":"https:\/\/www.reciplasa.es\/va\/wp-json\/wp\/v2\/posts\/16572\/revisions"}],"predecessor-version":[{"id":16574,"href":"https:\/\/www.reciplasa.es\/va\/wp-json\/wp\/v2\/posts\/16572\/revisions\/16574"}],"wp:featuredmedia":[{"embeddable":true,"href":"https:\/\/www.reciplasa.es\/va\/wp-json\/wp\/v2\/media\/16573"}],"wp:attachment":[{"href":"https:\/\/www.reciplasa.es\/va\/wp-json\/wp\/v2\/media?parent=16572"}],"wp:term":[{"taxonomy":"category","embeddable":true,"href":"https:\/\/www.reciplasa.es\/va\/wp-json\/wp\/v2\/categories?post=16572"},{"taxonomy":"post_tag","embeddable":true,"href":"https:\/\/www.reciplasa.es\/va\/wp-json\/wp\/v2\/tags?post=16572"}],"curies":[{"name":"wp","href":"https:\/\/api.w.org\/{rel}","templated":true}]}}