{"id":16576,"date":"2024-12-27T12:43:00","date_gmt":"2024-12-27T12:43:00","guid":{"rendered":"https:\/\/www.reciplasa.es\/?p=16576\/"},"modified":"2025-01-08T12:45:22","modified_gmt":"2025-01-08T12:45:22","slug":"reciplasa-reforca-la-millora-en-els-tractaments-gracies-a-la-inversio-de-24-milions-del-consell-en-nova-maquinaria","status":"publish","type":"post","link":"https:\/\/www.reciplasa.es\/va\/reciplasa-reforca-la-millora-en-els-tractaments-gracies-a-la-inversio-de-24-milions-del-consell-en-nova-maquinaria\/","title":{"rendered":"Reciplasa refor\u00e7a la millora en els tractaments gr\u00e0cies a la inversi\u00f3 de 2,4 milions del Consell en nova maquin\u00e0ria"},"content":{"rendered":"\n<p><em>El director general de Qualitat i Educaci\u00f3 Ambiental visita les instal\u00b7lacions d&#8217;Onda per a con\u00e8ixer de primera m\u00e0 l&#8217;aposta per l&#8217;efic\u00e0cia en els tractaments.<\/em><\/p>\n\n\n\n<p><strong>Castell\u00f3 (27-12-2024). \u2013 <\/strong>El director general de Qualitat i Educaci\u00f3 Ambiental de la Generalitat Valenciana, Jorge Blanco, ha visitat les instal\u00b7lacions de&nbsp;Reciplasa&nbsp;a Onda per a comprovar de primera m\u00e0 el funcionament de la nova maquin\u00e0ria adquirida amb la inversi\u00f3 de 2,4 milions d&#8217;euros de la Generalitat en la planta d&#8217;Onda. Una inversi\u00f3 en innovaci\u00f3 que aposta per la m\u00e0xima efic\u00e0cia i el medi ambient en el proc\u00e9s de selecci\u00f3 i tractament de residus.<\/p>\n\n\n\n<p><br>El director general, acompanyat pels t\u00e8cnics i el director t\u00e8cnic de&nbsp;Reciplasa, Fernando Albarr\u00e1n, ha comprovat el funcionament dels equips de separaci\u00f3 de residus, aix\u00ed com una trituradora de restes de poda que s&#8217;ha adquirit gr\u00e0cies a la mateixa Generalitat.<\/p>\n\n\n\n<p><br>L&#8217;execuci\u00f3 d&#8217;aquests projectes permetr\u00e0 recuperar m\u00e9s materials per a la seva posterior reutilitzaci\u00f3, la qual cosa suposar\u00e0 reduir un 5% la quantitat de residus municipals que arriben a l&#8217;abocador.<\/p>\n\n\n\n<p><strong>Reciplasa&nbsp;afronta un ambici\u00f3s proc\u00e9s de modernitzaci\u00f3<\/strong><\/p>\n\n\n\n<p>La planta de tractament de&nbsp;Reciplasa&nbsp;situada a Onda va ser de les primeres que es van construir a Espanya, i ara, coincidint amb el seu 30 aniversari afronta un per\u00edode de modernitzaci\u00f3 i noves inversions que vindr\u00e0 contextualitzat en el seu nou Projecte de Gesti\u00f3 que aprovar\u00e0 en 2025. Aquest Projecte de Gesti\u00f3 contempla inversions superiors als 70 milions d&#8217;euros per als pr\u00f2xims exercicis.<\/p>\n\n\n\n<p><br>Tal com ha explicat el president de&nbsp;Reciplasa, Sergio Toledo, \u201cels Ajuntaments que formem part del consell d&#8217;administraci\u00f3 de&nbsp;Reciplasa&nbsp;tenim un ferm comprom\u00eds amb la qualitat del medi ambient i a apostar per millores constants en la planta d&#8217;Onda per a reduir el rebuig i, sobretot, guanyar en efici\u00e8ncia\u201d d&#8217;aqu\u00ed ve que \u201csigui una gran not\u00edcia inversions com aquesta nova maquin\u00e0ria que millora el nostre treball\u201d.<\/p>\n","protected":false},"excerpt":{"rendered":"<p>El director general de Qualitat i Educaci\u00f3 Ambiental visita les instal\u00b7lacions d&#8217;Onda per a con\u00e8ixer de primera m\u00e0 l&#8217;aposta per l&#8217;efic\u00e0cia en els tractaments. Castell\u00f3 (27-12-2024). \u2013 El director general de Qualitat i Educaci\u00f3 Ambiental de la Generalitat Valenciana, Jorge Blanco, ha visitat les instal\u00b7lacions de&nbsp;Reciplasa&nbsp;a Onda per a comprovar de primera m\u00e0 el funcionamentDale que hay m\u00e1s &#8230;<\/p>\n","protected":false},"author":13,"featured_media":16573,"comment_status":"closed","ping_status":"closed","sticky":false,"template":"","format":"standard","meta":{"footnotes":""},"categories":[3],"tags":[],"class_list":["post-16576","post","type-post","status-publish","format-standard","has-post-thumbnail","hentry","category-noticias-corporativas"],"yoast_head":"<!-- This site is optimized with the Yoast SEO plugin v27.4 - https:\/\/yoast.com\/product\/yoast-seo-wordpress\/ -->\n<title>Reciplasa refor\u00e7a la millora en els tractaments gr\u00e0cies a la inversi\u00f3 de 2,4 milions del Consell en nova maquin\u00e0ria - RECIPLASA<\/title>\n<meta name=\"description\" content=\"El director general de Qualitat i Educaci\u00f3 Ambiental visita les instal\u00b7lacions d&#039;Onda per a con\u00e8ixer l&#039;aposta per l&#039;efic\u00e0cia en els tractaments.\" \/>\n<meta name=\"robots\" content=\"index, follow, max-snippet:-1, max-image-preview:large, max-video-preview:-1\" \/>\n<link rel=\"canonical\" href=\"https:\/\/www.reciplasa.es\/va\/reciplasa-reforca-la-millora-en-els-tractaments-gracies-a-la-inversio-de-24-milions-del-consell-en-nova-maquinaria\/\" \/>\n<meta property=\"og:locale\" content=\"en_US\" \/>\n<meta property=\"og:type\" content=\"article\" \/>\n<meta property=\"og:title\" content=\"Reciplasa refor\u00e7a la millora en els tractaments gr\u00e0cies a la inversi\u00f3 de 2,4 milions del Consell en nova maquin\u00e0ria - RECIPLASA\" \/>\n<meta property=\"og:description\" content=\"El director general de Qualitat i Educaci\u00f3 Ambiental visita les instal\u00b7lacions d&#039;Onda per a con\u00e8ixer l&#039;aposta per l&#039;efic\u00e0cia en els tractaments.\" \/>\n<meta property=\"og:url\" content=\"https:\/\/www.reciplasa.es\/va\/reciplasa-reforca-la-millora-en-els-tractaments-gracies-a-la-inversio-de-24-milions-del-consell-en-nova-maquinaria\/\" \/>\n<meta property=\"og:site_name\" content=\"RECIPLASA\" \/>\n<meta property=\"article:published_time\" content=\"2024-12-27T12:43:00+00:00\" \/>\n<meta property=\"article:modified_time\" content=\"2025-01-08T12:45:22+00:00\" \/>\n<meta property=\"og:image\" content=\"https:\/\/www.reciplasa.es\/wp-content\/uploads\/2025\/01\/Reciplasa-mejora-los-tratamientos-con-la-inversion-en-nueva-maquinaria.jpeg\" \/>\n\t<meta property=\"og:image:width\" content=\"1200\" \/>\n\t<meta property=\"og:image:height\" content=\"1600\" \/>\n\t<meta property=\"og:image:type\" content=\"image\/jpeg\" \/>\n<meta name=\"author\" content=\"Sandra\" \/>\n<meta name=\"twitter:card\" content=\"summary_large_image\" \/>\n<meta name=\"twitter:label1\" content=\"Written by\" \/>\n\t<meta name=\"twitter:data1\" content=\"Sandra\" \/>\n\t<meta name=\"twitter:label2\" content=\"Est. reading time\" \/>\n\t<meta name=\"twitter:data2\" content=\"2 minutes\" \/>\n<script type=\"application\/ld+json\" class=\"yoast-schema-graph\">{\"@context\":\"https:\\\/\\\/schema.org\",\"@graph\":[{\"@type\":\"Article\",\"@id\":\"https:\\\/\\\/www.reciplasa.es\\\/va\\\/reciplasa-reforca-la-millora-en-els-tractaments-gracies-a-la-inversio-de-24-milions-del-consell-en-nova-maquinaria\\\/#article\",\"isPartOf\":{\"@id\":\"https:\\\/\\\/www.reciplasa.es\\\/va\\\/reciplasa-reforca-la-millora-en-els-tractaments-gracies-a-la-inversio-de-24-milions-del-consell-en-nova-maquinaria\\\/\"},\"author\":{\"name\":\"Sandra\",\"@id\":\"https:\\\/\\\/www.reciplasa.es\\\/#\\\/schema\\\/person\\\/15191934c9f5618dadb907c80c029c0b\"},\"headline\":\"Reciplasa refor\u00e7a la millora en els tractaments gr\u00e0cies a la inversi\u00f3 de 2,4 milions del Consell en nova maquin\u00e0ria\",\"datePublished\":\"2024-12-27T12:43:00+00:00\",\"dateModified\":\"2025-01-08T12:45:22+00:00\",\"mainEntityOfPage\":{\"@id\":\"https:\\\/\\\/www.reciplasa.es\\\/va\\\/reciplasa-reforca-la-millora-en-els-tractaments-gracies-a-la-inversio-de-24-milions-del-consell-en-nova-maquinaria\\\/\"},\"wordCount\":366,\"image\":{\"@id\":\"https:\\\/\\\/www.reciplasa.es\\\/va\\\/reciplasa-reforca-la-millora-en-els-tractaments-gracies-a-la-inversio-de-24-milions-del-consell-en-nova-maquinaria\\\/#primaryimage\"},\"thumbnailUrl\":\"https:\\\/\\\/www.reciplasa.es\\\/wp-content\\\/uploads\\\/2025\\\/01\\\/Reciplasa-mejora-los-tratamientos-con-la-inversion-en-nueva-maquinaria.jpeg\",\"articleSection\":[\"Noticias corporativas\"],\"inLanguage\":\"va-VA\"},{\"@type\":\"WebPage\",\"@id\":\"https:\\\/\\\/www.reciplasa.es\\\/va\\\/reciplasa-reforca-la-millora-en-els-tractaments-gracies-a-la-inversio-de-24-milions-del-consell-en-nova-maquinaria\\\/\",\"url\":\"https:\\\/\\\/www.reciplasa.es\\\/va\\\/reciplasa-reforca-la-millora-en-els-tractaments-gracies-a-la-inversio-de-24-milions-del-consell-en-nova-maquinaria\\\/\",\"name\":\"Reciplasa refor\u00e7a la millora en els tractaments gr\u00e0cies a la inversi\u00f3 de 2,4 milions del Consell en nova maquin\u00e0ria - RECIPLASA\",\"isPartOf\":{\"@id\":\"https:\\\/\\\/www.reciplasa.es\\\/#website\"},\"primaryImageOfPage\":{\"@id\":\"https:\\\/\\\/www.reciplasa.es\\\/va\\\/reciplasa-reforca-la-millora-en-els-tractaments-gracies-a-la-inversio-de-24-milions-del-consell-en-nova-maquinaria\\\/#primaryimage\"},\"image\":{\"@id\":\"https:\\\/\\\/www.reciplasa.es\\\/va\\\/reciplasa-reforca-la-millora-en-els-tractaments-gracies-a-la-inversio-de-24-milions-del-consell-en-nova-maquinaria\\\/#primaryimage\"},\"thumbnailUrl\":\"https:\\\/\\\/www.reciplasa.es\\\/wp-content\\\/uploads\\\/2025\\\/01\\\/Reciplasa-mejora-los-tratamientos-con-la-inversion-en-nueva-maquinaria.jpeg\",\"datePublished\":\"2024-12-27T12:43:00+00:00\",\"dateModified\":\"2025-01-08T12:45:22+00:00\",\"author\":{\"@id\":\"https:\\\/\\\/www.reciplasa.es\\\/#\\\/schema\\\/person\\\/15191934c9f5618dadb907c80c029c0b\"},\"description\":\"El director general de Qualitat i Educaci\u00f3 Ambiental visita les instal\u00b7lacions d'Onda per a con\u00e8ixer l'aposta per l'efic\u00e0cia en els tractaments.\",\"breadcrumb\":{\"@id\":\"https:\\\/\\\/www.reciplasa.es\\\/va\\\/reciplasa-reforca-la-millora-en-els-tractaments-gracies-a-la-inversio-de-24-milions-del-consell-en-nova-maquinaria\\\/#breadcrumb\"},\"inLanguage\":\"va-VA\",\"potentialAction\":[{\"@type\":\"ReadAction\",\"target\":[\"https:\\\/\\\/www.reciplasa.es\\\/va\\\/reciplasa-reforca-la-millora-en-els-tractaments-gracies-a-la-inversio-de-24-milions-del-consell-en-nova-maquinaria\\\/\"]}]},{\"@type\":\"ImageObject\",\"inLanguage\":\"va-VA\",\"@id\":\"https:\\\/\\\/www.reciplasa.es\\\/va\\\/reciplasa-reforca-la-millora-en-els-tractaments-gracies-a-la-inversio-de-24-milions-del-consell-en-nova-maquinaria\\\/#primaryimage\",\"url\":\"https:\\\/\\\/www.reciplasa.es\\\/wp-content\\\/uploads\\\/2025\\\/01\\\/Reciplasa-mejora-los-tratamientos-con-la-inversion-en-nueva-maquinaria.jpeg\",\"contentUrl\":\"https:\\\/\\\/www.reciplasa.es\\\/wp-content\\\/uploads\\\/2025\\\/01\\\/Reciplasa-mejora-los-tratamientos-con-la-inversion-en-nueva-maquinaria.jpeg\",\"width\":1200,\"height\":1600},{\"@type\":\"BreadcrumbList\",\"@id\":\"https:\\\/\\\/www.reciplasa.es\\\/va\\\/reciplasa-reforca-la-millora-en-els-tractaments-gracies-a-la-inversio-de-24-milions-del-consell-en-nova-maquinaria\\\/#breadcrumb\",\"itemListElement\":[{\"@type\":\"ListItem\",\"position\":1,\"name\":\"Portada\",\"item\":\"https:\\\/\\\/www.reciplasa.es\\\/va\\\/\"},{\"@type\":\"ListItem\",\"position\":2,\"name\":\"Reciplasa refor\u00e7a la millora en els tractaments gr\u00e0cies a la inversi\u00f3 de 2,4 milions del Consell en nova maquin\u00e0ria\"}]},{\"@type\":\"WebSite\",\"@id\":\"https:\\\/\\\/www.reciplasa.es\\\/#website\",\"url\":\"https:\\\/\\\/www.reciplasa.es\\\/\",\"name\":\"RECIPLASA\",\"description\":\"Reciclats de Residus La Plana SA\",\"potentialAction\":[{\"@type\":\"SearchAction\",\"target\":{\"@type\":\"EntryPoint\",\"urlTemplate\":\"https:\\\/\\\/www.reciplasa.es\\\/?s={search_term_string}\"},\"query-input\":{\"@type\":\"PropertyValueSpecification\",\"valueRequired\":true,\"valueName\":\"search_term_string\"}}],\"inLanguage\":\"va-VA\"},{\"@type\":\"Person\",\"@id\":\"https:\\\/\\\/www.reciplasa.es\\\/#\\\/schema\\\/person\\\/15191934c9f5618dadb907c80c029c0b\",\"name\":\"Sandra\",\"image\":{\"@type\":\"ImageObject\",\"inLanguage\":\"va-VA\",\"@id\":\"https:\\\/\\\/secure.gravatar.com\\\/avatar\\\/605ca84bedd79915b697a46887df8ccd0249fb6f2a1bbcd0bfc66c91d997ae51?s=96&d=mm&r=g\",\"url\":\"https:\\\/\\\/secure.gravatar.com\\\/avatar\\\/605ca84bedd79915b697a46887df8ccd0249fb6f2a1bbcd0bfc66c91d997ae51?s=96&d=mm&r=g\",\"contentUrl\":\"https:\\\/\\\/secure.gravatar.com\\\/avatar\\\/605ca84bedd79915b697a46887df8ccd0249fb6f2a1bbcd0bfc66c91d997ae51?s=96&d=mm&r=g\",\"caption\":\"Sandra\"},\"url\":\"https:\\\/\\\/www.reciplasa.es\\\/va\\\/author\\\/sandra\\\/\"}]}<\/script>\n<!-- \/ Yoast SEO plugin. -->","yoast_head_json":{"title":"Reciplasa refor\u00e7a la millora en els tractaments gr\u00e0cies a la inversi\u00f3 de 2,4 milions del Consell en nova maquin\u00e0ria - RECIPLASA","description":"El director general de Qualitat i Educaci\u00f3 Ambiental visita les instal\u00b7lacions d'Onda per a con\u00e8ixer l'aposta per l'efic\u00e0cia en els tractaments.","robots":{"index":"index","follow":"follow","max-snippet":"max-snippet:-1","max-image-preview":"max-image-preview:large","max-video-preview":"max-video-preview:-1"},"canonical":"https:\/\/www.reciplasa.es\/va\/reciplasa-reforca-la-millora-en-els-tractaments-gracies-a-la-inversio-de-24-milions-del-consell-en-nova-maquinaria\/","og_locale":"en_US","og_type":"article","og_title":"Reciplasa refor\u00e7a la millora en els tractaments gr\u00e0cies a la inversi\u00f3 de 2,4 milions del Consell en nova maquin\u00e0ria - RECIPLASA","og_description":"El director general de Qualitat i Educaci\u00f3 Ambiental visita les instal\u00b7lacions d'Onda per a con\u00e8ixer l'aposta per l'efic\u00e0cia en els tractaments.","og_url":"https:\/\/www.reciplasa.es\/va\/reciplasa-reforca-la-millora-en-els-tractaments-gracies-a-la-inversio-de-24-milions-del-consell-en-nova-maquinaria\/","og_site_name":"RECIPLASA","article_published_time":"2024-12-27T12:43:00+00:00","article_modified_time":"2025-01-08T12:45:22+00:00","og_image":[{"width":1200,"height":1600,"url":"https:\/\/www.reciplasa.es\/wp-content\/uploads\/2025\/01\/Reciplasa-mejora-los-tratamientos-con-la-inversion-en-nueva-maquinaria.jpeg","type":"image\/jpeg"}],"author":"Sandra","twitter_card":"summary_large_image","twitter_misc":{"Written by":"Sandra","Est. reading time":"2 minutes"},"schema":{"@context":"https:\/\/schema.org","@graph":[{"@type":"Article","@id":"https:\/\/www.reciplasa.es\/va\/reciplasa-reforca-la-millora-en-els-tractaments-gracies-a-la-inversio-de-24-milions-del-consell-en-nova-maquinaria\/#article","isPartOf":{"@id":"https:\/\/www.reciplasa.es\/va\/reciplasa-reforca-la-millora-en-els-tractaments-gracies-a-la-inversio-de-24-milions-del-consell-en-nova-maquinaria\/"},"author":{"name":"Sandra","@id":"https:\/\/www.reciplasa.es\/#\/schema\/person\/15191934c9f5618dadb907c80c029c0b"},"headline":"Reciplasa refor\u00e7a la millora en els tractaments gr\u00e0cies a la inversi\u00f3 de 2,4 milions del Consell en nova maquin\u00e0ria","datePublished":"2024-12-27T12:43:00+00:00","dateModified":"2025-01-08T12:45:22+00:00","mainEntityOfPage":{"@id":"https:\/\/www.reciplasa.es\/va\/reciplasa-reforca-la-millora-en-els-tractaments-gracies-a-la-inversio-de-24-milions-del-consell-en-nova-maquinaria\/"},"wordCount":366,"image":{"@id":"https:\/\/www.reciplasa.es\/va\/reciplasa-reforca-la-millora-en-els-tractaments-gracies-a-la-inversio-de-24-milions-del-consell-en-nova-maquinaria\/#primaryimage"},"thumbnailUrl":"https:\/\/www.reciplasa.es\/wp-content\/uploads\/2025\/01\/Reciplasa-mejora-los-tratamientos-con-la-inversion-en-nueva-maquinaria.jpeg","articleSection":["Noticias corporativas"],"inLanguage":"va-VA"},{"@type":"WebPage","@id":"https:\/\/www.reciplasa.es\/va\/reciplasa-reforca-la-millora-en-els-tractaments-gracies-a-la-inversio-de-24-milions-del-consell-en-nova-maquinaria\/","url":"https:\/\/www.reciplasa.es\/va\/reciplasa-reforca-la-millora-en-els-tractaments-gracies-a-la-inversio-de-24-milions-del-consell-en-nova-maquinaria\/","name":"Reciplasa refor\u00e7a la millora en els tractaments gr\u00e0cies a la inversi\u00f3 de 2,4 milions del Consell en nova maquin\u00e0ria - RECIPLASA","isPartOf":{"@id":"https:\/\/www.reciplasa.es\/#website"},"primaryImageOfPage":{"@id":"https:\/\/www.reciplasa.es\/va\/reciplasa-reforca-la-millora-en-els-tractaments-gracies-a-la-inversio-de-24-milions-del-consell-en-nova-maquinaria\/#primaryimage"},"image":{"@id":"https:\/\/www.reciplasa.es\/va\/reciplasa-reforca-la-millora-en-els-tractaments-gracies-a-la-inversio-de-24-milions-del-consell-en-nova-maquinaria\/#primaryimage"},"thumbnailUrl":"https:\/\/www.reciplasa.es\/wp-content\/uploads\/2025\/01\/Reciplasa-mejora-los-tratamientos-con-la-inversion-en-nueva-maquinaria.jpeg","datePublished":"2024-12-27T12:43:00+00:00","dateModified":"2025-01-08T12:45:22+00:00","author":{"@id":"https:\/\/www.reciplasa.es\/#\/schema\/person\/15191934c9f5618dadb907c80c029c0b"},"description":"El director general de Qualitat i Educaci\u00f3 Ambiental visita les instal\u00b7lacions d'Onda per a con\u00e8ixer l'aposta per l'efic\u00e0cia en els tractaments.","breadcrumb":{"@id":"https:\/\/www.reciplasa.es\/va\/reciplasa-reforca-la-millora-en-els-tractaments-gracies-a-la-inversio-de-24-milions-del-consell-en-nova-maquinaria\/#breadcrumb"},"inLanguage":"va-VA","potentialAction":[{"@type":"ReadAction","target":["https:\/\/www.reciplasa.es\/va\/reciplasa-reforca-la-millora-en-els-tractaments-gracies-a-la-inversio-de-24-milions-del-consell-en-nova-maquinaria\/"]}]},{"@type":"ImageObject","inLanguage":"va-VA","@id":"https:\/\/www.reciplasa.es\/va\/reciplasa-reforca-la-millora-en-els-tractaments-gracies-a-la-inversio-de-24-milions-del-consell-en-nova-maquinaria\/#primaryimage","url":"https:\/\/www.reciplasa.es\/wp-content\/uploads\/2025\/01\/Reciplasa-mejora-los-tratamientos-con-la-inversion-en-nueva-maquinaria.jpeg","contentUrl":"https:\/\/www.reciplasa.es\/wp-content\/uploads\/2025\/01\/Reciplasa-mejora-los-tratamientos-con-la-inversion-en-nueva-maquinaria.jpeg","width":1200,"height":1600},{"@type":"BreadcrumbList","@id":"https:\/\/www.reciplasa.es\/va\/reciplasa-reforca-la-millora-en-els-tractaments-gracies-a-la-inversio-de-24-milions-del-consell-en-nova-maquinaria\/#breadcrumb","itemListElement":[{"@type":"ListItem","position":1,"name":"Portada","item":"https:\/\/www.reciplasa.es\/va\/"},{"@type":"ListItem","position":2,"name":"Reciplasa refor\u00e7a la millora en els tractaments gr\u00e0cies a la inversi\u00f3 de 2,4 milions del Consell en nova maquin\u00e0ria"}]},{"@type":"WebSite","@id":"https:\/\/www.reciplasa.es\/#website","url":"https:\/\/www.reciplasa.es\/","name":"RECIPLASA","description":"Reciclats de Residus La Plana SA","potentialAction":[{"@type":"SearchAction","target":{"@type":"EntryPoint","urlTemplate":"https:\/\/www.reciplasa.es\/?s={search_term_string}"},"query-input":{"@type":"PropertyValueSpecification","valueRequired":true,"valueName":"search_term_string"}}],"inLanguage":"va-VA"},{"@type":"Person","@id":"https:\/\/www.reciplasa.es\/#\/schema\/person\/15191934c9f5618dadb907c80c029c0b","name":"Sandra","image":{"@type":"ImageObject","inLanguage":"va-VA","@id":"https:\/\/secure.gravatar.com\/avatar\/605ca84bedd79915b697a46887df8ccd0249fb6f2a1bbcd0bfc66c91d997ae51?s=96&d=mm&r=g","url":"https:\/\/secure.gravatar.com\/avatar\/605ca84bedd79915b697a46887df8ccd0249fb6f2a1bbcd0bfc66c91d997ae51?s=96&d=mm&r=g","contentUrl":"https:\/\/secure.gravatar.com\/avatar\/605ca84bedd79915b697a46887df8ccd0249fb6f2a1bbcd0bfc66c91d997ae51?s=96&d=mm&r=g","caption":"Sandra"},"url":"https:\/\/www.reciplasa.es\/va\/author\/sandra\/"}]}},"_links":{"self":[{"href":"https:\/\/www.reciplasa.es\/va\/wp-json\/wp\/v2\/posts\/16576","targetHints":{"allow":["GET"]}}],"collection":[{"href":"https:\/\/www.reciplasa.es\/va\/wp-json\/wp\/v2\/posts"}],"about":[{"href":"https:\/\/www.reciplasa.es\/va\/wp-json\/wp\/v2\/types\/post"}],"author":[{"embeddable":true,"href":"https:\/\/www.reciplasa.es\/va\/wp-json\/wp\/v2\/users\/13"}],"replies":[{"embeddable":true,"href":"https:\/\/www.reciplasa.es\/va\/wp-json\/wp\/v2\/comments?post=16576"}],"version-history":[{"count":1,"href":"https:\/\/www.reciplasa.es\/va\/wp-json\/wp\/v2\/posts\/16576\/revisions"}],"predecessor-version":[{"id":16578,"href":"https:\/\/www.reciplasa.es\/va\/wp-json\/wp\/v2\/posts\/16576\/revisions\/16578"}],"wp:featuredmedia":[{"embeddable":true,"href":"https:\/\/www.reciplasa.es\/va\/wp-json\/wp\/v2\/media\/16573"}],"wp:attachment":[{"href":"https:\/\/www.reciplasa.es\/va\/wp-json\/wp\/v2\/media?parent=16576"}],"wp:term":[{"taxonomy":"category","embeddable":true,"href":"https:\/\/www.reciplasa.es\/va\/wp-json\/wp\/v2\/categories?post=16576"},{"taxonomy":"post_tag","embeddable":true,"href":"https:\/\/www.reciplasa.es\/va\/wp-json\/wp\/v2\/tags?post=16576"}],"curies":[{"name":"wp","href":"https:\/\/api.w.org\/{rel}","templated":true}]}}