{"id":16580,"date":"2025-01-13T10:57:55","date_gmt":"2025-01-13T10:57:55","guid":{"rendered":"https:\/\/www.reciplasa.es\/?p=16580\/"},"modified":"2025-01-13T10:57:58","modified_gmt":"2025-01-13T10:57:58","slug":"la-catedra-reciplasa-convoca-los-premios-a-los-mejores-tfg-y-tfm-sobre-gestion-eficiente-de-residuos","status":"publish","type":"post","link":"https:\/\/www.reciplasa.es\/va\/la-catedra-reciplasa-convoca-los-premios-a-los-mejores-tfg-y-tfm-sobre-gestion-eficiente-de-residuos\/","title":{"rendered":"La C\u00e1tedra Reciplasa convoca los premios a los mejores TFG y TFM sobre gesti\u00f3n eficiente de residuos"},"content":{"rendered":"\n<figure class=\"wp-block-image size-large\"><img loading=\"lazy\" decoding=\"async\" width=\"1024\" height=\"768\" src=\"https:\/\/www.reciplasa.es\/wp-content\/uploads\/2025\/01\/1301-Premis-TFG-TFM-1024x768.jpg\" alt=\"\" class=\"wp-image-16581\" srcset=\"https:\/\/www.reciplasa.es\/wp-content\/uploads\/2025\/01\/1301-Premis-TFG-TFM-1024x768.jpg 1024w, https:\/\/www.reciplasa.es\/wp-content\/uploads\/2025\/01\/1301-Premis-TFG-TFM-300x225.jpg 300w, https:\/\/www.reciplasa.es\/wp-content\/uploads\/2025\/01\/1301-Premis-TFG-TFM-768x576.jpg 768w, https:\/\/www.reciplasa.es\/wp-content\/uploads\/2025\/01\/1301-Premis-TFG-TFM-1536x1152.jpg 1536w, https:\/\/www.reciplasa.es\/wp-content\/uploads\/2025\/01\/1301-Premis-TFG-TFM.jpg 2048w\" sizes=\"auto, (max-width: 1024px) 100vw, 1024px\" \/><\/figure>\n\n\n\n<p><a><em><br><\/em><\/a><em>La C\u00e1tedra dota de 500 y 1.000 euros estos distintivos para reconocer las mejores investigaciones sobre esta tem\u00e1tica<\/em><\/p>\n\n\n\n<p><strong>Castell\u00f3 (13-01-2025). \u2013 <\/strong>La C\u00e0tedra Reciplasa de la UJI ha convocado la nueva edici\u00f3n de premios a los mejores TFG (Trabajo de Fin de Grado) y TFM (Trabajos de Fin de M\u00e1ster) enfocados en la gesti\u00f3n de residuos urbanos y protecci\u00f3n del medio ambiente. Con esta iniciativa, la C\u00e1tedra pretende incentivar los trabajos relacionados con esta tem\u00e1tica premiando proyectos de calidad, con 500 euros al mejor TFG y 1.000 euros al mejor TFM.<\/p>\n\n\n\n<p>La s\u00e9ptim edici\u00f3n del Premio al Mejor Proyecto Final de Grado y Final de M\u00e1ster de la C\u00e1tedra Reciplasa de Gesti\u00f3n de Residuos Urbanos de la Universitat Jaume I de Castell\u00f3 est\u00e1 enmarcada dentro de la convocatoria conjunta de la Escuela Superior de Tecnolog\u00eda y Ciencias Experimentales.<\/p>\n\n\n\n<p>La finalidad del mismo es incentivar los trabajos relacionados con la gesti\u00f3n de residuos y del medio ambiente as\u00ed como reconocer aquellos trabajos o proyectos de calidad con 500 euros al mejor TFG y 1000 euros al mejor TFM.<\/p>\n\n\n\n<p>Las bases se han hecho p\u00fablicas y puede presentarse cualquier estudiante que haya defendido tu TFG o TFM durante el curso 2023-2024 en la Escuela Superior de Tecnologia i Ciencias Experimentales de la Universitat Jaume I en \u00e1reas de investigaci\u00f3n relacionadas con la gesti\u00f3n de residuos, reciclaje y medio ambiente, finalizando el plazo de inscripci\u00f3n el 14 de Enero de 2025. La informaci\u00f3n se puede consultar en el enlace <a href=\"http:\/\/www.catedrareciplasa.uji.es\/\" target=\"_blank\" rel=\"noreferrer noopener\">www.catedrareciplasa.uji.es<\/a><\/p>\n\n\n\n<p>El presidente de Reciplasa, Sergio Toledo, ha animado a los estudiantes que han realizado sus investigaciones sobre estas tem\u00e1ticas a participar, \u201cadem\u00e1s de por la propia dotaci\u00f3n econ\u00f3mica, por la respuesta que puede suponer una investigaci\u00f3n tutorizada en la UJI a mejorar la eficacia y, en consecuencia, el futuro de la provincia en las pol\u00edticas de gesti\u00f3n ambiental y de reciclaje\u201d.<\/p>\n","protected":false},"excerpt":{"rendered":"<p>La C\u00e1tedra dota de 500 y 1.000 euros estos distintivos para reconocer las mejores investigaciones sobre esta tem\u00e1tica Castell\u00f3 (13-01-2025). \u2013 La C\u00e0tedra Reciplasa de la UJI ha convocado la nueva edici\u00f3n de premios a los mejores TFG (Trabajo de Fin de Grado) y TFM (Trabajos de Fin de M\u00e1ster) enfocados en la gesti\u00f3n deDale que hay m\u00e1s &#8230;<\/p>\n","protected":false},"author":13,"featured_media":16581,"comment_status":"closed","ping_status":"closed","sticky":false,"template":"","format":"standard","meta":{"footnotes":""},"categories":[2],"tags":[],"class_list":["post-16580","post","type-post","status-publish","format-standard","has-post-thumbnail","hentry","category-sin-categorizar"],"yoast_head":"<!-- This site is optimized with the Yoast SEO plugin v27.4 - https:\/\/yoast.com\/product\/yoast-seo-wordpress\/ -->\n<title>La C\u00e1tedra Reciplasa convoca los premios a los mejores TFG y TFM sobre gesti\u00f3n eficiente de residuos - RECIPLASA<\/title>\n<meta name=\"description\" content=\"La C\u00e1tedra dota de 500 y 1.000 euros estos distintivos para reconocer las mejores investigaciones sobre esta tem\u00e1tica.\" \/>\n<meta name=\"robots\" content=\"index, follow, max-snippet:-1, max-image-preview:large, max-video-preview:-1\" \/>\n<link rel=\"canonical\" href=\"https:\/\/www.reciplasa.es\/la-catedra-reciplasa-convoca-los-premios-a-los-mejores-tfg-y-tfm-sobre-gestion-eficiente-de-residuos\/\" \/>\n<meta property=\"og:locale\" content=\"en_US\" \/>\n<meta property=\"og:type\" content=\"article\" \/>\n<meta property=\"og:title\" content=\"La C\u00e1tedra Reciplasa convoca los premios a los mejores TFG y TFM sobre gesti\u00f3n eficiente de residuos - RECIPLASA\" \/>\n<meta property=\"og:description\" content=\"La C\u00e1tedra dota de 500 y 1.000 euros estos distintivos para reconocer las mejores investigaciones sobre esta tem\u00e1tica.\" \/>\n<meta property=\"og:url\" content=\"https:\/\/www.reciplasa.es\/la-catedra-reciplasa-convoca-los-premios-a-los-mejores-tfg-y-tfm-sobre-gestion-eficiente-de-residuos\/\" \/>\n<meta property=\"og:site_name\" content=\"RECIPLASA\" \/>\n<meta property=\"article:published_time\" content=\"2025-01-13T10:57:55+00:00\" \/>\n<meta property=\"article:modified_time\" content=\"2025-01-13T10:57:58+00:00\" \/>\n<meta property=\"og:image\" content=\"https:\/\/www.reciplasa.es\/wp-content\/uploads\/2025\/01\/1301-Premis-TFG-TFM.jpg\" \/>\n\t<meta property=\"og:image:width\" content=\"2048\" \/>\n\t<meta property=\"og:image:height\" content=\"1536\" \/>\n\t<meta property=\"og:image:type\" content=\"image\/jpeg\" \/>\n<meta name=\"author\" content=\"Sandra\" \/>\n<meta name=\"twitter:card\" content=\"summary_large_image\" \/>\n<meta name=\"twitter:label1\" content=\"Written by\" \/>\n\t<meta name=\"twitter:data1\" content=\"Sandra\" \/>\n\t<meta name=\"twitter:label2\" content=\"Est. reading time\" \/>\n\t<meta name=\"twitter:data2\" content=\"2 minutes\" \/>\n<script type=\"application\/ld+json\" class=\"yoast-schema-graph\">{\"@context\":\"https:\\\/\\\/schema.org\",\"@graph\":[{\"@type\":\"Article\",\"@id\":\"https:\\\/\\\/www.reciplasa.es\\\/la-catedra-reciplasa-convoca-los-premios-a-los-mejores-tfg-y-tfm-sobre-gestion-eficiente-de-residuos\\\/#article\",\"isPartOf\":{\"@id\":\"https:\\\/\\\/www.reciplasa.es\\\/la-catedra-reciplasa-convoca-los-premios-a-los-mejores-tfg-y-tfm-sobre-gestion-eficiente-de-residuos\\\/\"},\"author\":{\"name\":\"Sandra\",\"@id\":\"https:\\\/\\\/www.reciplasa.es\\\/#\\\/schema\\\/person\\\/15191934c9f5618dadb907c80c029c0b\"},\"headline\":\"La C\u00e1tedra Reciplasa convoca los premios a los mejores TFG y TFM sobre gesti\u00f3n eficiente de residuos\",\"datePublished\":\"2025-01-13T10:57:55+00:00\",\"dateModified\":\"2025-01-13T10:57:58+00:00\",\"mainEntityOfPage\":{\"@id\":\"https:\\\/\\\/www.reciplasa.es\\\/la-catedra-reciplasa-convoca-los-premios-a-los-mejores-tfg-y-tfm-sobre-gestion-eficiente-de-residuos\\\/\"},\"wordCount\":350,\"image\":{\"@id\":\"https:\\\/\\\/www.reciplasa.es\\\/la-catedra-reciplasa-convoca-los-premios-a-los-mejores-tfg-y-tfm-sobre-gestion-eficiente-de-residuos\\\/#primaryimage\"},\"thumbnailUrl\":\"https:\\\/\\\/www.reciplasa.es\\\/wp-content\\\/uploads\\\/2025\\\/01\\\/1301-Premis-TFG-TFM.jpg\",\"articleSection\":[\"Catedra-Reciplasa-UJI\"],\"inLanguage\":\"va-VA\"},{\"@type\":\"WebPage\",\"@id\":\"https:\\\/\\\/www.reciplasa.es\\\/la-catedra-reciplasa-convoca-los-premios-a-los-mejores-tfg-y-tfm-sobre-gestion-eficiente-de-residuos\\\/\",\"url\":\"https:\\\/\\\/www.reciplasa.es\\\/la-catedra-reciplasa-convoca-los-premios-a-los-mejores-tfg-y-tfm-sobre-gestion-eficiente-de-residuos\\\/\",\"name\":\"La C\u00e1tedra Reciplasa convoca los premios a los mejores TFG y TFM sobre gesti\u00f3n eficiente de residuos - RECIPLASA\",\"isPartOf\":{\"@id\":\"https:\\\/\\\/www.reciplasa.es\\\/#website\"},\"primaryImageOfPage\":{\"@id\":\"https:\\\/\\\/www.reciplasa.es\\\/la-catedra-reciplasa-convoca-los-premios-a-los-mejores-tfg-y-tfm-sobre-gestion-eficiente-de-residuos\\\/#primaryimage\"},\"image\":{\"@id\":\"https:\\\/\\\/www.reciplasa.es\\\/la-catedra-reciplasa-convoca-los-premios-a-los-mejores-tfg-y-tfm-sobre-gestion-eficiente-de-residuos\\\/#primaryimage\"},\"thumbnailUrl\":\"https:\\\/\\\/www.reciplasa.es\\\/wp-content\\\/uploads\\\/2025\\\/01\\\/1301-Premis-TFG-TFM.jpg\",\"datePublished\":\"2025-01-13T10:57:55+00:00\",\"dateModified\":\"2025-01-13T10:57:58+00:00\",\"author\":{\"@id\":\"https:\\\/\\\/www.reciplasa.es\\\/#\\\/schema\\\/person\\\/15191934c9f5618dadb907c80c029c0b\"},\"description\":\"La C\u00e1tedra dota de 500 y 1.000 euros estos distintivos para reconocer las mejores investigaciones sobre esta tem\u00e1tica.\",\"breadcrumb\":{\"@id\":\"https:\\\/\\\/www.reciplasa.es\\\/la-catedra-reciplasa-convoca-los-premios-a-los-mejores-tfg-y-tfm-sobre-gestion-eficiente-de-residuos\\\/#breadcrumb\"},\"inLanguage\":\"va-VA\",\"potentialAction\":[{\"@type\":\"ReadAction\",\"target\":[\"https:\\\/\\\/www.reciplasa.es\\\/la-catedra-reciplasa-convoca-los-premios-a-los-mejores-tfg-y-tfm-sobre-gestion-eficiente-de-residuos\\\/\"]}]},{\"@type\":\"ImageObject\",\"inLanguage\":\"va-VA\",\"@id\":\"https:\\\/\\\/www.reciplasa.es\\\/la-catedra-reciplasa-convoca-los-premios-a-los-mejores-tfg-y-tfm-sobre-gestion-eficiente-de-residuos\\\/#primaryimage\",\"url\":\"https:\\\/\\\/www.reciplasa.es\\\/wp-content\\\/uploads\\\/2025\\\/01\\\/1301-Premis-TFG-TFM.jpg\",\"contentUrl\":\"https:\\\/\\\/www.reciplasa.es\\\/wp-content\\\/uploads\\\/2025\\\/01\\\/1301-Premis-TFG-TFM.jpg\",\"width\":2048,\"height\":1536},{\"@type\":\"BreadcrumbList\",\"@id\":\"https:\\\/\\\/www.reciplasa.es\\\/la-catedra-reciplasa-convoca-los-premios-a-los-mejores-tfg-y-tfm-sobre-gestion-eficiente-de-residuos\\\/#breadcrumb\",\"itemListElement\":[{\"@type\":\"ListItem\",\"position\":1,\"name\":\"Portada\",\"item\":\"https:\\\/\\\/www.reciplasa.es\\\/va\\\/\"},{\"@type\":\"ListItem\",\"position\":2,\"name\":\"La C\u00e1tedra Reciplasa convoca los premios a los mejores TFG y TFM sobre gesti\u00f3n eficiente de residuos\"}]},{\"@type\":\"WebSite\",\"@id\":\"https:\\\/\\\/www.reciplasa.es\\\/#website\",\"url\":\"https:\\\/\\\/www.reciplasa.es\\\/\",\"name\":\"RECIPLASA\",\"description\":\"Reciclats de Residus La Plana SA\",\"potentialAction\":[{\"@type\":\"SearchAction\",\"target\":{\"@type\":\"EntryPoint\",\"urlTemplate\":\"https:\\\/\\\/www.reciplasa.es\\\/?s={search_term_string}\"},\"query-input\":{\"@type\":\"PropertyValueSpecification\",\"valueRequired\":true,\"valueName\":\"search_term_string\"}}],\"inLanguage\":\"va-VA\"},{\"@type\":\"Person\",\"@id\":\"https:\\\/\\\/www.reciplasa.es\\\/#\\\/schema\\\/person\\\/15191934c9f5618dadb907c80c029c0b\",\"name\":\"Sandra\",\"image\":{\"@type\":\"ImageObject\",\"inLanguage\":\"va-VA\",\"@id\":\"https:\\\/\\\/secure.gravatar.com\\\/avatar\\\/605ca84bedd79915b697a46887df8ccd0249fb6f2a1bbcd0bfc66c91d997ae51?s=96&d=mm&r=g\",\"url\":\"https:\\\/\\\/secure.gravatar.com\\\/avatar\\\/605ca84bedd79915b697a46887df8ccd0249fb6f2a1bbcd0bfc66c91d997ae51?s=96&d=mm&r=g\",\"contentUrl\":\"https:\\\/\\\/secure.gravatar.com\\\/avatar\\\/605ca84bedd79915b697a46887df8ccd0249fb6f2a1bbcd0bfc66c91d997ae51?s=96&d=mm&r=g\",\"caption\":\"Sandra\"},\"url\":\"https:\\\/\\\/www.reciplasa.es\\\/va\\\/author\\\/sandra\\\/\"}]}<\/script>\n<!-- \/ Yoast SEO plugin. -->","yoast_head_json":{"title":"La C\u00e1tedra Reciplasa convoca los premios a los mejores TFG y TFM sobre gesti\u00f3n eficiente de residuos - RECIPLASA","description":"La C\u00e1tedra dota de 500 y 1.000 euros estos distintivos para reconocer las mejores investigaciones sobre esta tem\u00e1tica.","robots":{"index":"index","follow":"follow","max-snippet":"max-snippet:-1","max-image-preview":"max-image-preview:large","max-video-preview":"max-video-preview:-1"},"canonical":"https:\/\/www.reciplasa.es\/la-catedra-reciplasa-convoca-los-premios-a-los-mejores-tfg-y-tfm-sobre-gestion-eficiente-de-residuos\/","og_locale":"en_US","og_type":"article","og_title":"La C\u00e1tedra Reciplasa convoca los premios a los mejores TFG y TFM sobre gesti\u00f3n eficiente de residuos - RECIPLASA","og_description":"La C\u00e1tedra dota de 500 y 1.000 euros estos distintivos para reconocer las mejores investigaciones sobre esta tem\u00e1tica.","og_url":"https:\/\/www.reciplasa.es\/la-catedra-reciplasa-convoca-los-premios-a-los-mejores-tfg-y-tfm-sobre-gestion-eficiente-de-residuos\/","og_site_name":"RECIPLASA","article_published_time":"2025-01-13T10:57:55+00:00","article_modified_time":"2025-01-13T10:57:58+00:00","og_image":[{"width":2048,"height":1536,"url":"https:\/\/www.reciplasa.es\/wp-content\/uploads\/2025\/01\/1301-Premis-TFG-TFM.jpg","type":"image\/jpeg"}],"author":"Sandra","twitter_card":"summary_large_image","twitter_misc":{"Written by":"Sandra","Est. reading time":"2 minutes"},"schema":{"@context":"https:\/\/schema.org","@graph":[{"@type":"Article","@id":"https:\/\/www.reciplasa.es\/la-catedra-reciplasa-convoca-los-premios-a-los-mejores-tfg-y-tfm-sobre-gestion-eficiente-de-residuos\/#article","isPartOf":{"@id":"https:\/\/www.reciplasa.es\/la-catedra-reciplasa-convoca-los-premios-a-los-mejores-tfg-y-tfm-sobre-gestion-eficiente-de-residuos\/"},"author":{"name":"Sandra","@id":"https:\/\/www.reciplasa.es\/#\/schema\/person\/15191934c9f5618dadb907c80c029c0b"},"headline":"La C\u00e1tedra Reciplasa convoca los premios a los mejores TFG y TFM sobre gesti\u00f3n eficiente de residuos","datePublished":"2025-01-13T10:57:55+00:00","dateModified":"2025-01-13T10:57:58+00:00","mainEntityOfPage":{"@id":"https:\/\/www.reciplasa.es\/la-catedra-reciplasa-convoca-los-premios-a-los-mejores-tfg-y-tfm-sobre-gestion-eficiente-de-residuos\/"},"wordCount":350,"image":{"@id":"https:\/\/www.reciplasa.es\/la-catedra-reciplasa-convoca-los-premios-a-los-mejores-tfg-y-tfm-sobre-gestion-eficiente-de-residuos\/#primaryimage"},"thumbnailUrl":"https:\/\/www.reciplasa.es\/wp-content\/uploads\/2025\/01\/1301-Premis-TFG-TFM.jpg","articleSection":["Catedra-Reciplasa-UJI"],"inLanguage":"va-VA"},{"@type":"WebPage","@id":"https:\/\/www.reciplasa.es\/la-catedra-reciplasa-convoca-los-premios-a-los-mejores-tfg-y-tfm-sobre-gestion-eficiente-de-residuos\/","url":"https:\/\/www.reciplasa.es\/la-catedra-reciplasa-convoca-los-premios-a-los-mejores-tfg-y-tfm-sobre-gestion-eficiente-de-residuos\/","name":"La C\u00e1tedra Reciplasa convoca los premios a los mejores TFG y TFM sobre gesti\u00f3n eficiente de residuos - RECIPLASA","isPartOf":{"@id":"https:\/\/www.reciplasa.es\/#website"},"primaryImageOfPage":{"@id":"https:\/\/www.reciplasa.es\/la-catedra-reciplasa-convoca-los-premios-a-los-mejores-tfg-y-tfm-sobre-gestion-eficiente-de-residuos\/#primaryimage"},"image":{"@id":"https:\/\/www.reciplasa.es\/la-catedra-reciplasa-convoca-los-premios-a-los-mejores-tfg-y-tfm-sobre-gestion-eficiente-de-residuos\/#primaryimage"},"thumbnailUrl":"https:\/\/www.reciplasa.es\/wp-content\/uploads\/2025\/01\/1301-Premis-TFG-TFM.jpg","datePublished":"2025-01-13T10:57:55+00:00","dateModified":"2025-01-13T10:57:58+00:00","author":{"@id":"https:\/\/www.reciplasa.es\/#\/schema\/person\/15191934c9f5618dadb907c80c029c0b"},"description":"La C\u00e1tedra dota de 500 y 1.000 euros estos distintivos para reconocer las mejores investigaciones sobre esta tem\u00e1tica.","breadcrumb":{"@id":"https:\/\/www.reciplasa.es\/la-catedra-reciplasa-convoca-los-premios-a-los-mejores-tfg-y-tfm-sobre-gestion-eficiente-de-residuos\/#breadcrumb"},"inLanguage":"va-VA","potentialAction":[{"@type":"ReadAction","target":["https:\/\/www.reciplasa.es\/la-catedra-reciplasa-convoca-los-premios-a-los-mejores-tfg-y-tfm-sobre-gestion-eficiente-de-residuos\/"]}]},{"@type":"ImageObject","inLanguage":"va-VA","@id":"https:\/\/www.reciplasa.es\/la-catedra-reciplasa-convoca-los-premios-a-los-mejores-tfg-y-tfm-sobre-gestion-eficiente-de-residuos\/#primaryimage","url":"https:\/\/www.reciplasa.es\/wp-content\/uploads\/2025\/01\/1301-Premis-TFG-TFM.jpg","contentUrl":"https:\/\/www.reciplasa.es\/wp-content\/uploads\/2025\/01\/1301-Premis-TFG-TFM.jpg","width":2048,"height":1536},{"@type":"BreadcrumbList","@id":"https:\/\/www.reciplasa.es\/la-catedra-reciplasa-convoca-los-premios-a-los-mejores-tfg-y-tfm-sobre-gestion-eficiente-de-residuos\/#breadcrumb","itemListElement":[{"@type":"ListItem","position":1,"name":"Portada","item":"https:\/\/www.reciplasa.es\/va\/"},{"@type":"ListItem","position":2,"name":"La C\u00e1tedra Reciplasa convoca los premios a los mejores TFG y TFM sobre gesti\u00f3n eficiente de residuos"}]},{"@type":"WebSite","@id":"https:\/\/www.reciplasa.es\/#website","url":"https:\/\/www.reciplasa.es\/","name":"RECIPLASA","description":"Reciclats de Residus La Plana SA","potentialAction":[{"@type":"SearchAction","target":{"@type":"EntryPoint","urlTemplate":"https:\/\/www.reciplasa.es\/?s={search_term_string}"},"query-input":{"@type":"PropertyValueSpecification","valueRequired":true,"valueName":"search_term_string"}}],"inLanguage":"va-VA"},{"@type":"Person","@id":"https:\/\/www.reciplasa.es\/#\/schema\/person\/15191934c9f5618dadb907c80c029c0b","name":"Sandra","image":{"@type":"ImageObject","inLanguage":"va-VA","@id":"https:\/\/secure.gravatar.com\/avatar\/605ca84bedd79915b697a46887df8ccd0249fb6f2a1bbcd0bfc66c91d997ae51?s=96&d=mm&r=g","url":"https:\/\/secure.gravatar.com\/avatar\/605ca84bedd79915b697a46887df8ccd0249fb6f2a1bbcd0bfc66c91d997ae51?s=96&d=mm&r=g","contentUrl":"https:\/\/secure.gravatar.com\/avatar\/605ca84bedd79915b697a46887df8ccd0249fb6f2a1bbcd0bfc66c91d997ae51?s=96&d=mm&r=g","caption":"Sandra"},"url":"https:\/\/www.reciplasa.es\/va\/author\/sandra\/"}]}},"_links":{"self":[{"href":"https:\/\/www.reciplasa.es\/va\/wp-json\/wp\/v2\/posts\/16580","targetHints":{"allow":["GET"]}}],"collection":[{"href":"https:\/\/www.reciplasa.es\/va\/wp-json\/wp\/v2\/posts"}],"about":[{"href":"https:\/\/www.reciplasa.es\/va\/wp-json\/wp\/v2\/types\/post"}],"author":[{"embeddable":true,"href":"https:\/\/www.reciplasa.es\/va\/wp-json\/wp\/v2\/users\/13"}],"replies":[{"embeddable":true,"href":"https:\/\/www.reciplasa.es\/va\/wp-json\/wp\/v2\/comments?post=16580"}],"version-history":[{"count":1,"href":"https:\/\/www.reciplasa.es\/va\/wp-json\/wp\/v2\/posts\/16580\/revisions"}],"predecessor-version":[{"id":16582,"href":"https:\/\/www.reciplasa.es\/va\/wp-json\/wp\/v2\/posts\/16580\/revisions\/16582"}],"wp:featuredmedia":[{"embeddable":true,"href":"https:\/\/www.reciplasa.es\/va\/wp-json\/wp\/v2\/media\/16581"}],"wp:attachment":[{"href":"https:\/\/www.reciplasa.es\/va\/wp-json\/wp\/v2\/media?parent=16580"}],"wp:term":[{"taxonomy":"category","embeddable":true,"href":"https:\/\/www.reciplasa.es\/va\/wp-json\/wp\/v2\/categories?post=16580"},{"taxonomy":"post_tag","embeddable":true,"href":"https:\/\/www.reciplasa.es\/va\/wp-json\/wp\/v2\/tags?post=16580"}],"curies":[{"name":"wp","href":"https:\/\/api.w.org\/{rel}","templated":true}]}}