{"id":16606,"date":"2025-01-29T10:36:55","date_gmt":"2025-01-29T10:36:55","guid":{"rendered":"https:\/\/www.reciplasa.es\/?p=16606\/"},"modified":"2025-01-29T10:36:57","modified_gmt":"2025-01-29T10:36:57","slug":"reciplasa-gestiono-151-780-toneladas-de-residuos-en-2024","status":"publish","type":"post","link":"https:\/\/www.reciplasa.es\/va\/reciplasa-gestiono-151-780-toneladas-de-residuos-en-2024\/","title":{"rendered":"Reciplasa gestion\u00f3 151.780 toneladas de residuos en 2024"},"content":{"rendered":"\n<p><em>El balance de tratamiento apunta un aumento en la Fracci\u00f3n Org\u00e1nica Selectiva (FORS) fruto de la mayor concienciaci\u00f3n de reciclaje por parte de la poblaci\u00f3n.<\/em><\/p>\n\n\n\n<p><em>El presidente de la entidad p\u00fablica, Sergio Toledo, destaca la importancia de reforzar las pol\u00edticas ambientales y de eficiencia&nbsp;<\/em><\/p>\n\n\n\n<p><strong>Castell\u00f3n (29-1-2025). \u2013 <\/strong>La entidad p\u00fablica Reciplasa ha cerrado el a\u00f1o 2024 con un total de 151.780 toneladas de residuos tratadas, una cifra pr\u00e1cticamente igual que la de 2023, cuando fue de 151.268 toneladas, y que evidencia la importante cantidad de 500 toneladas recibidas diariamente en sus instalaciones, tanto en su Estaci\u00f3n de Recepci\u00f3n y Transferencia de Residuos S\u00f3lidos Urbanos y Voluminosos en Almassora como en su Planta de Reciclaje y Compostaje en Onda.<\/p>\n\n\n\n<p>El presidente de Reciplasa, Sergio Toledo, ha explicado que \u201ces importante la poblaci\u00f3n conozca la magnitud de las basuras que estamos recibiendo en planta. Cada d\u00eda 500.000 kilos, lo que equivale a la carga de 142 <em>tr\u00e1ileres<\/em> llenos de basura. Debemos ser conscientes del volumen de trabajo diario que entra\u00f1a la gesti\u00f3n de tal cantidad de residuos\u201d.<\/p>\n\n\n\n<p>Entre la tipolog\u00eda de residuos recibidos en 2024, destaca el incremento en el tratamiento del conocido t\u00e9cnicamente como FORS (Fracci\u00f3n Org\u00e1nica Selectiva), pasando de las 4.659 toneladas del a\u00f1o 2023 a los m\u00e1s de 5.125 toneladas de 2024 constatando una tendencia a que \u201ccada vez hay una mayor responsabilidad, una mayor conciencia de la importancia de reciclar\u201d en el respeto al medio ambiente, tal y como explica el presidente de Reciplasa, Sergio Toledo.<\/p>\n\n\n\n<p>En ese sentido, este balance tambi\u00e9n evidencia un incremento en el tratamiento de voluminosos, que pasa a ser de 6.756 toneladas frente a las 6.163 del a\u00f1o 2023.<\/p>\n\n\n\n<p>Por lo que respecta a los restos de poda ha habido una disminuci\u00f3n del tratamiento pasando a los 2.368 toneladas, mientras que en 2023 se registraba un 3.040 toneladas, mientras que los residuos urbanos municipales han mantenido una tendencia de equilibrio a lo largo de los \u00faltimos a\u00f1os ya que en 2024 se posiciona con 137.531 toneladas de residuos tratados en este concepto frente a las 137.371 toneladas de 2023.<\/p>\n\n\n\n<p>Sergio Toledo ha se\u00f1alado que \u201cdesde Reciplasa, todas las pol\u00edticas que hemos puesto en marcha giran en torno a mejor la eficacia y la gesti\u00f3n del reciclaje y el tratamiento de residuos para todos los municipios del \u00e1rea de nuestra \u00e1rea influencia\u201d en el trabajo por una \u201cprovincia m\u00e1s verde, m\u00e1s eficaz y m\u00e1s respetuosa con el medio ambiente\u201d facilitando \u201ctodas las herramientas para los Ayuntamientos, para la investigaci\u00f3n y para los ciudadanos de a pie\u201d.<\/p>\n\n\n\n<p><strong>21,8 millones de presupuesto para 2025<\/strong><\/p>\n\n\n\n<p>Cabe recordar que Reciplasa dispone de un presupuesto de 21.840.797 euros este 2025, que se destinar\u00e1n a la gesti\u00f3n y tratamiento de los residuos de los municipios que forman parte de la entidad este ejercicio. Un presupuesto ajustado a la realidad de la provincia y que buscan la eficacia m\u00e1xima en el tratamiento de residuos.<\/p>\n","protected":false},"excerpt":{"rendered":"<p>El balance de tratamiento apunta un aumento en la Fracci\u00f3n Org\u00e1nica Selectiva (FORS) fruto de la mayor concienciaci\u00f3n de reciclaje por parte de la poblaci\u00f3n. El presidente de la entidad p\u00fablica, Sergio Toledo, destaca la importancia de reforzar las pol\u00edticas ambientales y de eficiencia&nbsp; Castell\u00f3n (29-1-2025). \u2013 La entidad p\u00fablica Reciplasa ha cerrado el a\u00f1oDale que hay m\u00e1s &#8230;<\/p>\n","protected":false},"author":13,"featured_media":16608,"comment_status":"closed","ping_status":"closed","sticky":false,"template":"","format":"standard","meta":{"footnotes":""},"categories":[3],"tags":[],"class_list":["post-16606","post","type-post","status-publish","format-standard","has-post-thumbnail","hentry","category-noticias-corporativas"],"yoast_head":"<!-- This site is optimized with the Yoast SEO plugin v27.4 - https:\/\/yoast.com\/product\/yoast-seo-wordpress\/ -->\n<title>Reciplasa gestion\u00f3 151.780 toneladas de residuos en 2024 - RECIPLASA<\/title>\n<meta name=\"description\" content=\"El presidente de la entidad p\u00fablica, Sergio Toledo, destaca la importancia de reforzar las pol\u00edticas ambientales y de eficiencia.\" \/>\n<meta name=\"robots\" content=\"index, follow, max-snippet:-1, max-image-preview:large, max-video-preview:-1\" \/>\n<link rel=\"canonical\" href=\"https:\/\/www.reciplasa.es\/reciplasa-gestiono-151-780-toneladas-de-residuos-en-2024\/\" \/>\n<meta property=\"og:locale\" content=\"en_US\" \/>\n<meta property=\"og:type\" content=\"article\" \/>\n<meta property=\"og:title\" content=\"Reciplasa gestion\u00f3 151.780 toneladas de residuos en 2024 - RECIPLASA\" \/>\n<meta property=\"og:description\" content=\"El presidente de la entidad p\u00fablica, Sergio Toledo, destaca la importancia de reforzar las pol\u00edticas ambientales y de eficiencia.\" \/>\n<meta property=\"og:url\" content=\"https:\/\/www.reciplasa.es\/reciplasa-gestiono-151-780-toneladas-de-residuos-en-2024\/\" \/>\n<meta property=\"og:site_name\" content=\"RECIPLASA\" \/>\n<meta property=\"article:published_time\" content=\"2025-01-29T10:36:55+00:00\" \/>\n<meta property=\"article:modified_time\" content=\"2025-01-29T10:36:57+00:00\" \/>\n<meta property=\"og:image\" content=\"https:\/\/www.reciplasa.es\/wp-content\/uploads\/2025\/01\/Sergio-Toledo-y-Fernando-Albarran-en-la-planta-de-Onda.jpeg\" \/>\n\t<meta property=\"og:image:width\" content=\"1600\" \/>\n\t<meta property=\"og:image:height\" content=\"1066\" \/>\n\t<meta property=\"og:image:type\" content=\"image\/jpeg\" \/>\n<meta name=\"author\" content=\"Sandra\" \/>\n<meta name=\"twitter:card\" content=\"summary_large_image\" \/>\n<meta name=\"twitter:label1\" content=\"Written by\" \/>\n\t<meta name=\"twitter:data1\" content=\"Sandra\" \/>\n\t<meta name=\"twitter:label2\" content=\"Est. reading time\" \/>\n\t<meta name=\"twitter:data2\" content=\"3 minutes\" \/>\n<script type=\"application\/ld+json\" class=\"yoast-schema-graph\">{\"@context\":\"https:\\\/\\\/schema.org\",\"@graph\":[{\"@type\":\"Article\",\"@id\":\"https:\\\/\\\/www.reciplasa.es\\\/reciplasa-gestiono-151-780-toneladas-de-residuos-en-2024\\\/#article\",\"isPartOf\":{\"@id\":\"https:\\\/\\\/www.reciplasa.es\\\/reciplasa-gestiono-151-780-toneladas-de-residuos-en-2024\\\/\"},\"author\":{\"name\":\"Sandra\",\"@id\":\"https:\\\/\\\/www.reciplasa.es\\\/#\\\/schema\\\/person\\\/15191934c9f5618dadb907c80c029c0b\"},\"headline\":\"Reciplasa gestion\u00f3 151.780 toneladas de residuos en 2024\",\"datePublished\":\"2025-01-29T10:36:55+00:00\",\"dateModified\":\"2025-01-29T10:36:57+00:00\",\"mainEntityOfPage\":{\"@id\":\"https:\\\/\\\/www.reciplasa.es\\\/reciplasa-gestiono-151-780-toneladas-de-residuos-en-2024\\\/\"},\"wordCount\":502,\"image\":{\"@id\":\"https:\\\/\\\/www.reciplasa.es\\\/reciplasa-gestiono-151-780-toneladas-de-residuos-en-2024\\\/#primaryimage\"},\"thumbnailUrl\":\"https:\\\/\\\/www.reciplasa.es\\\/wp-content\\\/uploads\\\/2025\\\/01\\\/Sergio-Toledo-y-Fernando-Albarran-en-la-planta-de-Onda.jpeg\",\"articleSection\":[\"Noticias corporativas\"],\"inLanguage\":\"va-VA\"},{\"@type\":\"WebPage\",\"@id\":\"https:\\\/\\\/www.reciplasa.es\\\/reciplasa-gestiono-151-780-toneladas-de-residuos-en-2024\\\/\",\"url\":\"https:\\\/\\\/www.reciplasa.es\\\/reciplasa-gestiono-151-780-toneladas-de-residuos-en-2024\\\/\",\"name\":\"Reciplasa gestion\u00f3 151.780 toneladas de residuos en 2024 - RECIPLASA\",\"isPartOf\":{\"@id\":\"https:\\\/\\\/www.reciplasa.es\\\/#website\"},\"primaryImageOfPage\":{\"@id\":\"https:\\\/\\\/www.reciplasa.es\\\/reciplasa-gestiono-151-780-toneladas-de-residuos-en-2024\\\/#primaryimage\"},\"image\":{\"@id\":\"https:\\\/\\\/www.reciplasa.es\\\/reciplasa-gestiono-151-780-toneladas-de-residuos-en-2024\\\/#primaryimage\"},\"thumbnailUrl\":\"https:\\\/\\\/www.reciplasa.es\\\/wp-content\\\/uploads\\\/2025\\\/01\\\/Sergio-Toledo-y-Fernando-Albarran-en-la-planta-de-Onda.jpeg\",\"datePublished\":\"2025-01-29T10:36:55+00:00\",\"dateModified\":\"2025-01-29T10:36:57+00:00\",\"author\":{\"@id\":\"https:\\\/\\\/www.reciplasa.es\\\/#\\\/schema\\\/person\\\/15191934c9f5618dadb907c80c029c0b\"},\"description\":\"El presidente de la entidad p\u00fablica, Sergio Toledo, destaca la importancia de reforzar las pol\u00edticas ambientales y de eficiencia.\",\"breadcrumb\":{\"@id\":\"https:\\\/\\\/www.reciplasa.es\\\/reciplasa-gestiono-151-780-toneladas-de-residuos-en-2024\\\/#breadcrumb\"},\"inLanguage\":\"va-VA\",\"potentialAction\":[{\"@type\":\"ReadAction\",\"target\":[\"https:\\\/\\\/www.reciplasa.es\\\/reciplasa-gestiono-151-780-toneladas-de-residuos-en-2024\\\/\"]}]},{\"@type\":\"ImageObject\",\"inLanguage\":\"va-VA\",\"@id\":\"https:\\\/\\\/www.reciplasa.es\\\/reciplasa-gestiono-151-780-toneladas-de-residuos-en-2024\\\/#primaryimage\",\"url\":\"https:\\\/\\\/www.reciplasa.es\\\/wp-content\\\/uploads\\\/2025\\\/01\\\/Sergio-Toledo-y-Fernando-Albarran-en-la-planta-de-Onda.jpeg\",\"contentUrl\":\"https:\\\/\\\/www.reciplasa.es\\\/wp-content\\\/uploads\\\/2025\\\/01\\\/Sergio-Toledo-y-Fernando-Albarran-en-la-planta-de-Onda.jpeg\",\"width\":1600,\"height\":1066},{\"@type\":\"BreadcrumbList\",\"@id\":\"https:\\\/\\\/www.reciplasa.es\\\/reciplasa-gestiono-151-780-toneladas-de-residuos-en-2024\\\/#breadcrumb\",\"itemListElement\":[{\"@type\":\"ListItem\",\"position\":1,\"name\":\"Portada\",\"item\":\"https:\\\/\\\/www.reciplasa.es\\\/va\\\/\"},{\"@type\":\"ListItem\",\"position\":2,\"name\":\"Reciplasa gestion\u00f3 151.780 toneladas de residuos en 2024\"}]},{\"@type\":\"WebSite\",\"@id\":\"https:\\\/\\\/www.reciplasa.es\\\/#website\",\"url\":\"https:\\\/\\\/www.reciplasa.es\\\/\",\"name\":\"RECIPLASA\",\"description\":\"Reciclats de Residus La Plana SA\",\"potentialAction\":[{\"@type\":\"SearchAction\",\"target\":{\"@type\":\"EntryPoint\",\"urlTemplate\":\"https:\\\/\\\/www.reciplasa.es\\\/?s={search_term_string}\"},\"query-input\":{\"@type\":\"PropertyValueSpecification\",\"valueRequired\":true,\"valueName\":\"search_term_string\"}}],\"inLanguage\":\"va-VA\"},{\"@type\":\"Person\",\"@id\":\"https:\\\/\\\/www.reciplasa.es\\\/#\\\/schema\\\/person\\\/15191934c9f5618dadb907c80c029c0b\",\"name\":\"Sandra\",\"image\":{\"@type\":\"ImageObject\",\"inLanguage\":\"va-VA\",\"@id\":\"https:\\\/\\\/secure.gravatar.com\\\/avatar\\\/605ca84bedd79915b697a46887df8ccd0249fb6f2a1bbcd0bfc66c91d997ae51?s=96&d=mm&r=g\",\"url\":\"https:\\\/\\\/secure.gravatar.com\\\/avatar\\\/605ca84bedd79915b697a46887df8ccd0249fb6f2a1bbcd0bfc66c91d997ae51?s=96&d=mm&r=g\",\"contentUrl\":\"https:\\\/\\\/secure.gravatar.com\\\/avatar\\\/605ca84bedd79915b697a46887df8ccd0249fb6f2a1bbcd0bfc66c91d997ae51?s=96&d=mm&r=g\",\"caption\":\"Sandra\"},\"url\":\"https:\\\/\\\/www.reciplasa.es\\\/va\\\/author\\\/sandra\\\/\"}]}<\/script>\n<!-- \/ Yoast SEO plugin. -->","yoast_head_json":{"title":"Reciplasa gestion\u00f3 151.780 toneladas de residuos en 2024 - RECIPLASA","description":"El presidente de la entidad p\u00fablica, Sergio Toledo, destaca la importancia de reforzar las pol\u00edticas ambientales y de eficiencia.","robots":{"index":"index","follow":"follow","max-snippet":"max-snippet:-1","max-image-preview":"max-image-preview:large","max-video-preview":"max-video-preview:-1"},"canonical":"https:\/\/www.reciplasa.es\/reciplasa-gestiono-151-780-toneladas-de-residuos-en-2024\/","og_locale":"en_US","og_type":"article","og_title":"Reciplasa gestion\u00f3 151.780 toneladas de residuos en 2024 - RECIPLASA","og_description":"El presidente de la entidad p\u00fablica, Sergio Toledo, destaca la importancia de reforzar las pol\u00edticas ambientales y de eficiencia.","og_url":"https:\/\/www.reciplasa.es\/reciplasa-gestiono-151-780-toneladas-de-residuos-en-2024\/","og_site_name":"RECIPLASA","article_published_time":"2025-01-29T10:36:55+00:00","article_modified_time":"2025-01-29T10:36:57+00:00","og_image":[{"width":1600,"height":1066,"url":"https:\/\/www.reciplasa.es\/wp-content\/uploads\/2025\/01\/Sergio-Toledo-y-Fernando-Albarran-en-la-planta-de-Onda.jpeg","type":"image\/jpeg"}],"author":"Sandra","twitter_card":"summary_large_image","twitter_misc":{"Written by":"Sandra","Est. reading time":"3 minutes"},"schema":{"@context":"https:\/\/schema.org","@graph":[{"@type":"Article","@id":"https:\/\/www.reciplasa.es\/reciplasa-gestiono-151-780-toneladas-de-residuos-en-2024\/#article","isPartOf":{"@id":"https:\/\/www.reciplasa.es\/reciplasa-gestiono-151-780-toneladas-de-residuos-en-2024\/"},"author":{"name":"Sandra","@id":"https:\/\/www.reciplasa.es\/#\/schema\/person\/15191934c9f5618dadb907c80c029c0b"},"headline":"Reciplasa gestion\u00f3 151.780 toneladas de residuos en 2024","datePublished":"2025-01-29T10:36:55+00:00","dateModified":"2025-01-29T10:36:57+00:00","mainEntityOfPage":{"@id":"https:\/\/www.reciplasa.es\/reciplasa-gestiono-151-780-toneladas-de-residuos-en-2024\/"},"wordCount":502,"image":{"@id":"https:\/\/www.reciplasa.es\/reciplasa-gestiono-151-780-toneladas-de-residuos-en-2024\/#primaryimage"},"thumbnailUrl":"https:\/\/www.reciplasa.es\/wp-content\/uploads\/2025\/01\/Sergio-Toledo-y-Fernando-Albarran-en-la-planta-de-Onda.jpeg","articleSection":["Noticias corporativas"],"inLanguage":"va-VA"},{"@type":"WebPage","@id":"https:\/\/www.reciplasa.es\/reciplasa-gestiono-151-780-toneladas-de-residuos-en-2024\/","url":"https:\/\/www.reciplasa.es\/reciplasa-gestiono-151-780-toneladas-de-residuos-en-2024\/","name":"Reciplasa gestion\u00f3 151.780 toneladas de residuos en 2024 - RECIPLASA","isPartOf":{"@id":"https:\/\/www.reciplasa.es\/#website"},"primaryImageOfPage":{"@id":"https:\/\/www.reciplasa.es\/reciplasa-gestiono-151-780-toneladas-de-residuos-en-2024\/#primaryimage"},"image":{"@id":"https:\/\/www.reciplasa.es\/reciplasa-gestiono-151-780-toneladas-de-residuos-en-2024\/#primaryimage"},"thumbnailUrl":"https:\/\/www.reciplasa.es\/wp-content\/uploads\/2025\/01\/Sergio-Toledo-y-Fernando-Albarran-en-la-planta-de-Onda.jpeg","datePublished":"2025-01-29T10:36:55+00:00","dateModified":"2025-01-29T10:36:57+00:00","author":{"@id":"https:\/\/www.reciplasa.es\/#\/schema\/person\/15191934c9f5618dadb907c80c029c0b"},"description":"El presidente de la entidad p\u00fablica, Sergio Toledo, destaca la importancia de reforzar las pol\u00edticas ambientales y de eficiencia.","breadcrumb":{"@id":"https:\/\/www.reciplasa.es\/reciplasa-gestiono-151-780-toneladas-de-residuos-en-2024\/#breadcrumb"},"inLanguage":"va-VA","potentialAction":[{"@type":"ReadAction","target":["https:\/\/www.reciplasa.es\/reciplasa-gestiono-151-780-toneladas-de-residuos-en-2024\/"]}]},{"@type":"ImageObject","inLanguage":"va-VA","@id":"https:\/\/www.reciplasa.es\/reciplasa-gestiono-151-780-toneladas-de-residuos-en-2024\/#primaryimage","url":"https:\/\/www.reciplasa.es\/wp-content\/uploads\/2025\/01\/Sergio-Toledo-y-Fernando-Albarran-en-la-planta-de-Onda.jpeg","contentUrl":"https:\/\/www.reciplasa.es\/wp-content\/uploads\/2025\/01\/Sergio-Toledo-y-Fernando-Albarran-en-la-planta-de-Onda.jpeg","width":1600,"height":1066},{"@type":"BreadcrumbList","@id":"https:\/\/www.reciplasa.es\/reciplasa-gestiono-151-780-toneladas-de-residuos-en-2024\/#breadcrumb","itemListElement":[{"@type":"ListItem","position":1,"name":"Portada","item":"https:\/\/www.reciplasa.es\/va\/"},{"@type":"ListItem","position":2,"name":"Reciplasa gestion\u00f3 151.780 toneladas de residuos en 2024"}]},{"@type":"WebSite","@id":"https:\/\/www.reciplasa.es\/#website","url":"https:\/\/www.reciplasa.es\/","name":"RECIPLASA","description":"Reciclats de Residus La Plana SA","potentialAction":[{"@type":"SearchAction","target":{"@type":"EntryPoint","urlTemplate":"https:\/\/www.reciplasa.es\/?s={search_term_string}"},"query-input":{"@type":"PropertyValueSpecification","valueRequired":true,"valueName":"search_term_string"}}],"inLanguage":"va-VA"},{"@type":"Person","@id":"https:\/\/www.reciplasa.es\/#\/schema\/person\/15191934c9f5618dadb907c80c029c0b","name":"Sandra","image":{"@type":"ImageObject","inLanguage":"va-VA","@id":"https:\/\/secure.gravatar.com\/avatar\/605ca84bedd79915b697a46887df8ccd0249fb6f2a1bbcd0bfc66c91d997ae51?s=96&d=mm&r=g","url":"https:\/\/secure.gravatar.com\/avatar\/605ca84bedd79915b697a46887df8ccd0249fb6f2a1bbcd0bfc66c91d997ae51?s=96&d=mm&r=g","contentUrl":"https:\/\/secure.gravatar.com\/avatar\/605ca84bedd79915b697a46887df8ccd0249fb6f2a1bbcd0bfc66c91d997ae51?s=96&d=mm&r=g","caption":"Sandra"},"url":"https:\/\/www.reciplasa.es\/va\/author\/sandra\/"}]}},"_links":{"self":[{"href":"https:\/\/www.reciplasa.es\/va\/wp-json\/wp\/v2\/posts\/16606","targetHints":{"allow":["GET"]}}],"collection":[{"href":"https:\/\/www.reciplasa.es\/va\/wp-json\/wp\/v2\/posts"}],"about":[{"href":"https:\/\/www.reciplasa.es\/va\/wp-json\/wp\/v2\/types\/post"}],"author":[{"embeddable":true,"href":"https:\/\/www.reciplasa.es\/va\/wp-json\/wp\/v2\/users\/13"}],"replies":[{"embeddable":true,"href":"https:\/\/www.reciplasa.es\/va\/wp-json\/wp\/v2\/comments?post=16606"}],"version-history":[{"count":1,"href":"https:\/\/www.reciplasa.es\/va\/wp-json\/wp\/v2\/posts\/16606\/revisions"}],"predecessor-version":[{"id":16609,"href":"https:\/\/www.reciplasa.es\/va\/wp-json\/wp\/v2\/posts\/16606\/revisions\/16609"}],"wp:featuredmedia":[{"embeddable":true,"href":"https:\/\/www.reciplasa.es\/va\/wp-json\/wp\/v2\/media\/16608"}],"wp:attachment":[{"href":"https:\/\/www.reciplasa.es\/va\/wp-json\/wp\/v2\/media?parent=16606"}],"wp:term":[{"taxonomy":"category","embeddable":true,"href":"https:\/\/www.reciplasa.es\/va\/wp-json\/wp\/v2\/categories?post=16606"},{"taxonomy":"post_tag","embeddable":true,"href":"https:\/\/www.reciplasa.es\/va\/wp-json\/wp\/v2\/tags?post=16606"}],"curies":[{"name":"wp","href":"https:\/\/api.w.org\/{rel}","templated":true}]}}