{"id":16610,"date":"2025-01-29T10:49:29","date_gmt":"2025-01-29T10:49:29","guid":{"rendered":"https:\/\/www.reciplasa.es\/?p=16610\/"},"modified":"2025-01-29T10:50:38","modified_gmt":"2025-01-29T10:50:38","slug":"reciplasa-va-gestionar-151-780-tones-de-residus-en-2024","status":"publish","type":"post","link":"https:\/\/www.reciplasa.es\/va\/reciplasa-va-gestionar-151-780-tones-de-residus-en-2024\/","title":{"rendered":"Reciplasa va gestionar 151.780 tones de residus en 2024"},"content":{"rendered":"\n<p><em>El balan\u00e7 de tractament apunta un augment en la Fracci\u00f3 Org\u00e0nica Selectiva (FORS)&nbsp;fruit de la major conscienciaci\u00f3 de reciclatge per part de la poblaci\u00f3.<\/em><\/p>\n\n\n\n<p><em>El president de l&#8217;entitat p\u00fablica, Sergio Toledo, destaca la import\u00e0ncia de refor\u00e7ar les pol\u00edtiques ambientals i d&#8217;efici\u00e8ncia<\/em><\/p>\n\n\n\n<p>Castell\u00f3 (29-1-2025). \u2013 L&#8217;entitat p\u00fablica&nbsp;Reciplasa&nbsp;ha tancat l&#8217;any 2024 amb un total de 151.780 tones de residus tractades, una xifra pr\u00e0cticament igual que la de 2023, quan va ser de 151.268 tones, i que evidencia la important quantitat de 500 tones rebudes di\u00e0riament en les seues instal\u00b7lacions, tant en la seua Estaci\u00f3 de Recepci\u00f3 i Transfer\u00e8ncia de Residus S\u00f2lids Urbans i Voluminosos a Almassora com en la seua Planta de Reciclatge i Compostatge a Onda.<\/p>\n\n\n\n<p>El president de&nbsp;Reciplasa, Sergio Toledo, ha explicat que \u201c\u00e9s important la poblaci\u00f3 conega la magnitud de les escombraries que estem rebent en planta. Cada dia 500.000 quilos, la qual cosa equival a la c\u00e0rrega de 142 tr\u00e0ilers plens d&#8217;escombraries. Hem de ser conscients del volum de treball diari que comporta la gesti\u00f3 de tal quantitat de residus\u201d.<\/p>\n\n\n\n<p>Entre la tipologia de residus rebuts en 2024, destaca l&#8217;increment en el tractament del conegut t\u00e8cnicament com&nbsp;FORS&nbsp;(Fracci\u00f3 Org\u00e0nica Selectiva), passant de les 4.659 tones de l&#8217;any 2023 als m\u00e9s de 5.125 tones de 2024 constatant una tend\u00e8ncia al fet que \u201ccada vegada hi ha una major responsabilitat, una major consci\u00e8ncia de la import\u00e0ncia de reciclar\u201d en el respecte al medi ambient, tal com explica el president de&nbsp;Reciplasa, Sergio Toledo.<\/p>\n\n\n\n<p>En eixe sentit, aquest balan\u00e7 tamb\u00e9 evidencia un increment en el tractament de voluminosos, que passa a ser de 6.756 tones enfront de les 6.163 de l&#8217;any 2023.<\/p>\n\n\n\n<p>Pel que respecta a les restes de poda hi ha hagut una disminuci\u00f3 del tractament passant als 2.368 tones, mentre que en 2023 es registrava un 3.040 tones, mentre que els residus urbans municipals han mantingut una tend\u00e8ncia d&#8217;equilibri al llarg dels \u00faltims anys ja que en 2024 es posiciona amb 137.531 tones de residus tractats en aquest concepte enfront de les 137.371 tones de 2023.<\/p>\n\n\n\n<p>Sergio Toledo ha assenyalat que \u201cdes de&nbsp;Reciplasa, totes les pol\u00edtiques que hem posat en marxa giren entorn de millor l&#8217;efic\u00e0cia i la gesti\u00f3 del reciclatge i el tractament de residus per a tots els municipis de l&#8217;\u00e0rea de la nostra \u00e0rea influencia\u201d en el treball per una \u201cprov\u00edncia m\u00e9s verda, m\u00e9s efica\u00e7 i m\u00e9s respectuosa amb el medi ambient\u201d facilitant \u201ctotes les eines per als Ajuntaments, per a la investigaci\u00f3 i per als ciutadans del carrer\u201d.<\/p>\n\n\n\n<p><strong>21,8 milions de pressupost per a 2025<\/strong><\/p>\n\n\n\n<p>Cal recordar que&nbsp;Reciplasa&nbsp;disposa d&#8217;un pressupost de 21.840.797 euros aquest 2025, que es destinaran a la gesti\u00f3 i tractament dels residus dels municipis que formen part de l&#8217;entitat aquest exercici. Un pressupost ajustat a la realitat de la prov\u00edncia i que busquen l&#8217;efic\u00e0cia m\u00e0xima en el tractament de residus.&nbsp;Neteja&nbsp;Copia el text<\/p>\n","protected":false},"excerpt":{"rendered":"<p>El balan\u00e7 de tractament apunta un augment en la Fracci\u00f3 Org\u00e0nica Selectiva (FORS)&nbsp;fruit de la major conscienciaci\u00f3 de reciclatge per part de la poblaci\u00f3. El president de l&#8217;entitat p\u00fablica, Sergio Toledo, destaca la import\u00e0ncia de refor\u00e7ar les pol\u00edtiques ambientals i d&#8217;efici\u00e8ncia Castell\u00f3 (29-1-2025). \u2013 L&#8217;entitat p\u00fablica&nbsp;Reciplasa&nbsp;ha tancat l&#8217;any 2024 amb un total de 151.780 tonesDale que hay m\u00e1s &#8230;<\/p>\n","protected":false},"author":13,"featured_media":16608,"comment_status":"closed","ping_status":"closed","sticky":false,"template":"","format":"standard","meta":{"footnotes":""},"categories":[3],"tags":[],"class_list":["post-16610","post","type-post","status-publish","format-standard","has-post-thumbnail","hentry","category-noticias-corporativas"],"yoast_head":"<!-- This site is optimized with the Yoast SEO plugin v27.4 - https:\/\/yoast.com\/product\/yoast-seo-wordpress\/ -->\n<title>Reciplasa va gestionar 151.780 tones de residus en 2024 - RECIPLASA<\/title>\n<meta name=\"description\" content=\"El president de l&#039;entitat p\u00fablica, Sergio Toledo, destaca la import\u00e0ncia de refor\u00e7ar les pol\u00edtiques ambientals i d&#039;efici\u00e8ncia.\" \/>\n<meta name=\"robots\" content=\"index, follow, max-snippet:-1, max-image-preview:large, max-video-preview:-1\" \/>\n<link rel=\"canonical\" href=\"https:\/\/www.reciplasa.es\/va\/reciplasa-va-gestionar-151-780-tones-de-residus-en-2024\/\" \/>\n<meta property=\"og:locale\" content=\"en_US\" \/>\n<meta property=\"og:type\" content=\"article\" \/>\n<meta property=\"og:title\" content=\"Reciplasa va gestionar 151.780 tones de residus en 2024 - RECIPLASA\" \/>\n<meta property=\"og:description\" content=\"El president de l&#039;entitat p\u00fablica, Sergio Toledo, destaca la import\u00e0ncia de refor\u00e7ar les pol\u00edtiques ambientals i d&#039;efici\u00e8ncia.\" \/>\n<meta property=\"og:url\" content=\"https:\/\/www.reciplasa.es\/va\/reciplasa-va-gestionar-151-780-tones-de-residus-en-2024\/\" \/>\n<meta property=\"og:site_name\" content=\"RECIPLASA\" \/>\n<meta property=\"article:published_time\" content=\"2025-01-29T10:49:29+00:00\" \/>\n<meta property=\"article:modified_time\" content=\"2025-01-29T10:50:38+00:00\" \/>\n<meta property=\"og:image\" content=\"https:\/\/www.reciplasa.es\/wp-content\/uploads\/2025\/01\/Sergio-Toledo-y-Fernando-Albarran-en-la-planta-de-Onda.jpeg\" \/>\n\t<meta property=\"og:image:width\" content=\"1600\" \/>\n\t<meta property=\"og:image:height\" content=\"1066\" \/>\n\t<meta property=\"og:image:type\" content=\"image\/jpeg\" \/>\n<meta name=\"author\" content=\"Sandra\" \/>\n<meta name=\"twitter:card\" content=\"summary_large_image\" \/>\n<meta name=\"twitter:label1\" content=\"Written by\" \/>\n\t<meta name=\"twitter:data1\" content=\"Sandra\" \/>\n\t<meta name=\"twitter:label2\" content=\"Est. reading time\" \/>\n\t<meta name=\"twitter:data2\" content=\"3 minutes\" \/>\n<script type=\"application\/ld+json\" class=\"yoast-schema-graph\">{\"@context\":\"https:\\\/\\\/schema.org\",\"@graph\":[{\"@type\":\"Article\",\"@id\":\"https:\\\/\\\/www.reciplasa.es\\\/va\\\/reciplasa-va-gestionar-151-780-tones-de-residus-en-2024\\\/#article\",\"isPartOf\":{\"@id\":\"https:\\\/\\\/www.reciplasa.es\\\/va\\\/reciplasa-va-gestionar-151-780-tones-de-residus-en-2024\\\/\"},\"author\":{\"name\":\"Sandra\",\"@id\":\"https:\\\/\\\/www.reciplasa.es\\\/#\\\/schema\\\/person\\\/15191934c9f5618dadb907c80c029c0b\"},\"headline\":\"Reciplasa va gestionar 151.780 tones de residus en 2024\",\"datePublished\":\"2025-01-29T10:49:29+00:00\",\"dateModified\":\"2025-01-29T10:50:38+00:00\",\"mainEntityOfPage\":{\"@id\":\"https:\\\/\\\/www.reciplasa.es\\\/va\\\/reciplasa-va-gestionar-151-780-tones-de-residus-en-2024\\\/\"},\"wordCount\":517,\"image\":{\"@id\":\"https:\\\/\\\/www.reciplasa.es\\\/va\\\/reciplasa-va-gestionar-151-780-tones-de-residus-en-2024\\\/#primaryimage\"},\"thumbnailUrl\":\"https:\\\/\\\/www.reciplasa.es\\\/wp-content\\\/uploads\\\/2025\\\/01\\\/Sergio-Toledo-y-Fernando-Albarran-en-la-planta-de-Onda.jpeg\",\"articleSection\":[\"Noticias corporativas\"],\"inLanguage\":\"va-VA\"},{\"@type\":\"WebPage\",\"@id\":\"https:\\\/\\\/www.reciplasa.es\\\/va\\\/reciplasa-va-gestionar-151-780-tones-de-residus-en-2024\\\/\",\"url\":\"https:\\\/\\\/www.reciplasa.es\\\/va\\\/reciplasa-va-gestionar-151-780-tones-de-residus-en-2024\\\/\",\"name\":\"Reciplasa va gestionar 151.780 tones de residus en 2024 - RECIPLASA\",\"isPartOf\":{\"@id\":\"https:\\\/\\\/www.reciplasa.es\\\/#website\"},\"primaryImageOfPage\":{\"@id\":\"https:\\\/\\\/www.reciplasa.es\\\/va\\\/reciplasa-va-gestionar-151-780-tones-de-residus-en-2024\\\/#primaryimage\"},\"image\":{\"@id\":\"https:\\\/\\\/www.reciplasa.es\\\/va\\\/reciplasa-va-gestionar-151-780-tones-de-residus-en-2024\\\/#primaryimage\"},\"thumbnailUrl\":\"https:\\\/\\\/www.reciplasa.es\\\/wp-content\\\/uploads\\\/2025\\\/01\\\/Sergio-Toledo-y-Fernando-Albarran-en-la-planta-de-Onda.jpeg\",\"datePublished\":\"2025-01-29T10:49:29+00:00\",\"dateModified\":\"2025-01-29T10:50:38+00:00\",\"author\":{\"@id\":\"https:\\\/\\\/www.reciplasa.es\\\/#\\\/schema\\\/person\\\/15191934c9f5618dadb907c80c029c0b\"},\"description\":\"El president de l'entitat p\u00fablica, Sergio Toledo, destaca la import\u00e0ncia de refor\u00e7ar les pol\u00edtiques ambientals i d'efici\u00e8ncia.\",\"breadcrumb\":{\"@id\":\"https:\\\/\\\/www.reciplasa.es\\\/va\\\/reciplasa-va-gestionar-151-780-tones-de-residus-en-2024\\\/#breadcrumb\"},\"inLanguage\":\"va-VA\",\"potentialAction\":[{\"@type\":\"ReadAction\",\"target\":[\"https:\\\/\\\/www.reciplasa.es\\\/va\\\/reciplasa-va-gestionar-151-780-tones-de-residus-en-2024\\\/\"]}]},{\"@type\":\"ImageObject\",\"inLanguage\":\"va-VA\",\"@id\":\"https:\\\/\\\/www.reciplasa.es\\\/va\\\/reciplasa-va-gestionar-151-780-tones-de-residus-en-2024\\\/#primaryimage\",\"url\":\"https:\\\/\\\/www.reciplasa.es\\\/wp-content\\\/uploads\\\/2025\\\/01\\\/Sergio-Toledo-y-Fernando-Albarran-en-la-planta-de-Onda.jpeg\",\"contentUrl\":\"https:\\\/\\\/www.reciplasa.es\\\/wp-content\\\/uploads\\\/2025\\\/01\\\/Sergio-Toledo-y-Fernando-Albarran-en-la-planta-de-Onda.jpeg\",\"width\":1600,\"height\":1066},{\"@type\":\"BreadcrumbList\",\"@id\":\"https:\\\/\\\/www.reciplasa.es\\\/va\\\/reciplasa-va-gestionar-151-780-tones-de-residus-en-2024\\\/#breadcrumb\",\"itemListElement\":[{\"@type\":\"ListItem\",\"position\":1,\"name\":\"Portada\",\"item\":\"https:\\\/\\\/www.reciplasa.es\\\/va\\\/\"},{\"@type\":\"ListItem\",\"position\":2,\"name\":\"Reciplasa va gestionar 151.780 tones de residus en 2024\"}]},{\"@type\":\"WebSite\",\"@id\":\"https:\\\/\\\/www.reciplasa.es\\\/#website\",\"url\":\"https:\\\/\\\/www.reciplasa.es\\\/\",\"name\":\"RECIPLASA\",\"description\":\"Reciclats de Residus La Plana SA\",\"potentialAction\":[{\"@type\":\"SearchAction\",\"target\":{\"@type\":\"EntryPoint\",\"urlTemplate\":\"https:\\\/\\\/www.reciplasa.es\\\/?s={search_term_string}\"},\"query-input\":{\"@type\":\"PropertyValueSpecification\",\"valueRequired\":true,\"valueName\":\"search_term_string\"}}],\"inLanguage\":\"va-VA\"},{\"@type\":\"Person\",\"@id\":\"https:\\\/\\\/www.reciplasa.es\\\/#\\\/schema\\\/person\\\/15191934c9f5618dadb907c80c029c0b\",\"name\":\"Sandra\",\"image\":{\"@type\":\"ImageObject\",\"inLanguage\":\"va-VA\",\"@id\":\"https:\\\/\\\/secure.gravatar.com\\\/avatar\\\/605ca84bedd79915b697a46887df8ccd0249fb6f2a1bbcd0bfc66c91d997ae51?s=96&d=mm&r=g\",\"url\":\"https:\\\/\\\/secure.gravatar.com\\\/avatar\\\/605ca84bedd79915b697a46887df8ccd0249fb6f2a1bbcd0bfc66c91d997ae51?s=96&d=mm&r=g\",\"contentUrl\":\"https:\\\/\\\/secure.gravatar.com\\\/avatar\\\/605ca84bedd79915b697a46887df8ccd0249fb6f2a1bbcd0bfc66c91d997ae51?s=96&d=mm&r=g\",\"caption\":\"Sandra\"},\"url\":\"https:\\\/\\\/www.reciplasa.es\\\/va\\\/author\\\/sandra\\\/\"}]}<\/script>\n<!-- \/ Yoast SEO plugin. -->","yoast_head_json":{"title":"Reciplasa va gestionar 151.780 tones de residus en 2024 - RECIPLASA","description":"El president de l'entitat p\u00fablica, Sergio Toledo, destaca la import\u00e0ncia de refor\u00e7ar les pol\u00edtiques ambientals i d'efici\u00e8ncia.","robots":{"index":"index","follow":"follow","max-snippet":"max-snippet:-1","max-image-preview":"max-image-preview:large","max-video-preview":"max-video-preview:-1"},"canonical":"https:\/\/www.reciplasa.es\/va\/reciplasa-va-gestionar-151-780-tones-de-residus-en-2024\/","og_locale":"en_US","og_type":"article","og_title":"Reciplasa va gestionar 151.780 tones de residus en 2024 - RECIPLASA","og_description":"El president de l'entitat p\u00fablica, Sergio Toledo, destaca la import\u00e0ncia de refor\u00e7ar les pol\u00edtiques ambientals i d'efici\u00e8ncia.","og_url":"https:\/\/www.reciplasa.es\/va\/reciplasa-va-gestionar-151-780-tones-de-residus-en-2024\/","og_site_name":"RECIPLASA","article_published_time":"2025-01-29T10:49:29+00:00","article_modified_time":"2025-01-29T10:50:38+00:00","og_image":[{"width":1600,"height":1066,"url":"https:\/\/www.reciplasa.es\/wp-content\/uploads\/2025\/01\/Sergio-Toledo-y-Fernando-Albarran-en-la-planta-de-Onda.jpeg","type":"image\/jpeg"}],"author":"Sandra","twitter_card":"summary_large_image","twitter_misc":{"Written by":"Sandra","Est. reading time":"3 minutes"},"schema":{"@context":"https:\/\/schema.org","@graph":[{"@type":"Article","@id":"https:\/\/www.reciplasa.es\/va\/reciplasa-va-gestionar-151-780-tones-de-residus-en-2024\/#article","isPartOf":{"@id":"https:\/\/www.reciplasa.es\/va\/reciplasa-va-gestionar-151-780-tones-de-residus-en-2024\/"},"author":{"name":"Sandra","@id":"https:\/\/www.reciplasa.es\/#\/schema\/person\/15191934c9f5618dadb907c80c029c0b"},"headline":"Reciplasa va gestionar 151.780 tones de residus en 2024","datePublished":"2025-01-29T10:49:29+00:00","dateModified":"2025-01-29T10:50:38+00:00","mainEntityOfPage":{"@id":"https:\/\/www.reciplasa.es\/va\/reciplasa-va-gestionar-151-780-tones-de-residus-en-2024\/"},"wordCount":517,"image":{"@id":"https:\/\/www.reciplasa.es\/va\/reciplasa-va-gestionar-151-780-tones-de-residus-en-2024\/#primaryimage"},"thumbnailUrl":"https:\/\/www.reciplasa.es\/wp-content\/uploads\/2025\/01\/Sergio-Toledo-y-Fernando-Albarran-en-la-planta-de-Onda.jpeg","articleSection":["Noticias corporativas"],"inLanguage":"va-VA"},{"@type":"WebPage","@id":"https:\/\/www.reciplasa.es\/va\/reciplasa-va-gestionar-151-780-tones-de-residus-en-2024\/","url":"https:\/\/www.reciplasa.es\/va\/reciplasa-va-gestionar-151-780-tones-de-residus-en-2024\/","name":"Reciplasa va gestionar 151.780 tones de residus en 2024 - RECIPLASA","isPartOf":{"@id":"https:\/\/www.reciplasa.es\/#website"},"primaryImageOfPage":{"@id":"https:\/\/www.reciplasa.es\/va\/reciplasa-va-gestionar-151-780-tones-de-residus-en-2024\/#primaryimage"},"image":{"@id":"https:\/\/www.reciplasa.es\/va\/reciplasa-va-gestionar-151-780-tones-de-residus-en-2024\/#primaryimage"},"thumbnailUrl":"https:\/\/www.reciplasa.es\/wp-content\/uploads\/2025\/01\/Sergio-Toledo-y-Fernando-Albarran-en-la-planta-de-Onda.jpeg","datePublished":"2025-01-29T10:49:29+00:00","dateModified":"2025-01-29T10:50:38+00:00","author":{"@id":"https:\/\/www.reciplasa.es\/#\/schema\/person\/15191934c9f5618dadb907c80c029c0b"},"description":"El president de l'entitat p\u00fablica, Sergio Toledo, destaca la import\u00e0ncia de refor\u00e7ar les pol\u00edtiques ambientals i d'efici\u00e8ncia.","breadcrumb":{"@id":"https:\/\/www.reciplasa.es\/va\/reciplasa-va-gestionar-151-780-tones-de-residus-en-2024\/#breadcrumb"},"inLanguage":"va-VA","potentialAction":[{"@type":"ReadAction","target":["https:\/\/www.reciplasa.es\/va\/reciplasa-va-gestionar-151-780-tones-de-residus-en-2024\/"]}]},{"@type":"ImageObject","inLanguage":"va-VA","@id":"https:\/\/www.reciplasa.es\/va\/reciplasa-va-gestionar-151-780-tones-de-residus-en-2024\/#primaryimage","url":"https:\/\/www.reciplasa.es\/wp-content\/uploads\/2025\/01\/Sergio-Toledo-y-Fernando-Albarran-en-la-planta-de-Onda.jpeg","contentUrl":"https:\/\/www.reciplasa.es\/wp-content\/uploads\/2025\/01\/Sergio-Toledo-y-Fernando-Albarran-en-la-planta-de-Onda.jpeg","width":1600,"height":1066},{"@type":"BreadcrumbList","@id":"https:\/\/www.reciplasa.es\/va\/reciplasa-va-gestionar-151-780-tones-de-residus-en-2024\/#breadcrumb","itemListElement":[{"@type":"ListItem","position":1,"name":"Portada","item":"https:\/\/www.reciplasa.es\/va\/"},{"@type":"ListItem","position":2,"name":"Reciplasa va gestionar 151.780 tones de residus en 2024"}]},{"@type":"WebSite","@id":"https:\/\/www.reciplasa.es\/#website","url":"https:\/\/www.reciplasa.es\/","name":"RECIPLASA","description":"Reciclats de Residus La Plana SA","potentialAction":[{"@type":"SearchAction","target":{"@type":"EntryPoint","urlTemplate":"https:\/\/www.reciplasa.es\/?s={search_term_string}"},"query-input":{"@type":"PropertyValueSpecification","valueRequired":true,"valueName":"search_term_string"}}],"inLanguage":"va-VA"},{"@type":"Person","@id":"https:\/\/www.reciplasa.es\/#\/schema\/person\/15191934c9f5618dadb907c80c029c0b","name":"Sandra","image":{"@type":"ImageObject","inLanguage":"va-VA","@id":"https:\/\/secure.gravatar.com\/avatar\/605ca84bedd79915b697a46887df8ccd0249fb6f2a1bbcd0bfc66c91d997ae51?s=96&d=mm&r=g","url":"https:\/\/secure.gravatar.com\/avatar\/605ca84bedd79915b697a46887df8ccd0249fb6f2a1bbcd0bfc66c91d997ae51?s=96&d=mm&r=g","contentUrl":"https:\/\/secure.gravatar.com\/avatar\/605ca84bedd79915b697a46887df8ccd0249fb6f2a1bbcd0bfc66c91d997ae51?s=96&d=mm&r=g","caption":"Sandra"},"url":"https:\/\/www.reciplasa.es\/va\/author\/sandra\/"}]}},"_links":{"self":[{"href":"https:\/\/www.reciplasa.es\/va\/wp-json\/wp\/v2\/posts\/16610","targetHints":{"allow":["GET"]}}],"collection":[{"href":"https:\/\/www.reciplasa.es\/va\/wp-json\/wp\/v2\/posts"}],"about":[{"href":"https:\/\/www.reciplasa.es\/va\/wp-json\/wp\/v2\/types\/post"}],"author":[{"embeddable":true,"href":"https:\/\/www.reciplasa.es\/va\/wp-json\/wp\/v2\/users\/13"}],"replies":[{"embeddable":true,"href":"https:\/\/www.reciplasa.es\/va\/wp-json\/wp\/v2\/comments?post=16610"}],"version-history":[{"count":2,"href":"https:\/\/www.reciplasa.es\/va\/wp-json\/wp\/v2\/posts\/16610\/revisions"}],"predecessor-version":[{"id":16612,"href":"https:\/\/www.reciplasa.es\/va\/wp-json\/wp\/v2\/posts\/16610\/revisions\/16612"}],"wp:featuredmedia":[{"embeddable":true,"href":"https:\/\/www.reciplasa.es\/va\/wp-json\/wp\/v2\/media\/16608"}],"wp:attachment":[{"href":"https:\/\/www.reciplasa.es\/va\/wp-json\/wp\/v2\/media?parent=16610"}],"wp:term":[{"taxonomy":"category","embeddable":true,"href":"https:\/\/www.reciplasa.es\/va\/wp-json\/wp\/v2\/categories?post=16610"},{"taxonomy":"post_tag","embeddable":true,"href":"https:\/\/www.reciplasa.es\/va\/wp-json\/wp\/v2\/tags?post=16610"}],"curies":[{"name":"wp","href":"https:\/\/api.w.org\/{rel}","templated":true}]}}