{"id":16637,"date":"2025-02-04T14:33:24","date_gmt":"2025-02-04T14:33:24","guid":{"rendered":"https:\/\/www.reciplasa.es\/?p=16637\/"},"modified":"2025-02-04T14:34:31","modified_gmt":"2025-02-04T14:34:31","slug":"els-45-municipis-als-quals-reciplasa-presta-el-servei-decoparc-mobil-van-augmentar-en-un-5-el-seu-us-en-2024","status":"publish","type":"post","link":"https:\/\/www.reciplasa.es\/va\/els-45-municipis-als-quals-reciplasa-presta-el-servei-decoparc-mobil-van-augmentar-en-un-5-el-seu-us-en-2024\/","title":{"rendered":"Els 45 municipis als quals Reciplasa presta el servei d&#8217;ecoparc m\u00f2bil van augmentar en un 5% el seu \u00fas en 2024"},"content":{"rendered":"\n<p><em>Els 45 municipis als quals\u00a0Reciplasa\u00a0presta el servei d&#8217;ecoparc m\u00f2bil van augmentar en un 5% el seu \u00fas en 2024<br>Sergio Toledo destaca la import\u00e0ncia d&#8217;acostar a la ciutadania aquest servei que facilita el reciclatge de m\u00e9s de 43 tipus de residus<\/em><\/p>\n\n\n\n<p><strong>Castell\u00f3 (04-02-2025). \u2013 <\/strong>L&#8217;empresa p\u00fablica&nbsp;Reciplasa&nbsp;ha fet balan\u00e7 de la gesti\u00f3 dels residus reciclats i gestionats a trav\u00e9s de l&#8217;ecoparc m\u00f2bil durant el 2024, un servei que des de&nbsp;Reciplasa&nbsp;s&#8217;ofereix a un total de 45 municipis de la prov\u00edncia de Castell\u00f3 i que durant l&#8217;any passat va registrar un augment del 5% de residus arreplegats, amb un total de 18.519,52 quilos.<\/p>\n\n\n\n<p><br>Aix\u00ed ho explica el president de l&#8217;entitat p\u00fablica, Sergio Toledo, qui considera que \u201cen el cas de l&#8217;ecoparc m\u00f2bil \u00e9s un dels serveis que permeten accedir als ciutadans, que per ra\u00f3 de llunyania ho tenen m\u00e9s complicat, al reciclatge de 43 tipus de residus, entre els ordinaris com puguen ser el cart\u00f3, vidre o pl\u00e0stics, i els especials\u201d. Amb aquest servei, tal com recorda Toledo, \u201cfacilitem a fam\u00edlies i empreses que siguen responsables amb la gesti\u00f3 dels seus residus d&#8217;una forma senzilla i c\u00f2moda, ja que l&#8217;ecoparc m\u00f2bil recorre de manera peri\u00f2dica tots els municipis i mant\u00e9 estables les seues ubicacions en cada poble, de manera que els usuaris ja coneixen on poden acostar-se a depositar els seus residus\u201d.<\/p>\n\n\n\n<p><br>Aquest comprom\u00eds de l&#8217;empresa p\u00fablica s&#8217;ha tradu\u00eft en 2024 en una important xifra de recollida de residus a trav\u00e9s d&#8217;aquestes instal\u00b7lacions m\u00f2bils que van recorrent tots els municipis: 18.519 quilos han sigut depositats en l&#8217;ecoparc m\u00f2bil, un 5% m\u00e9s que en 2023 quan la xifra total va ser de 17.603,86 quilos.<\/p>\n\n\n\n<p><br>Els aparells el\u00e8ctrics, els m\u00e9s depositats en el&nbsp;ecom\u00f3vil<br>D&#8217;aquesta gran quantitat de residus, el 38,9% (7.117,73 quilos) corresponen als aparells el\u00e8ctrics de grand\u00e0ria xicoteta i mitjana, seguit de ferralles i metalls (9,59%), elements t\u00e8xtils (6,37%), olis vegetals usats (5,02%), joguets (3.66%) i piles i acumuladors (3,58%). Per\u00f2, a m\u00e9s, en els ecoparcs m\u00f2bils de&nbsp;Reciplasa&nbsp;s&#8217;ha aconseguit reciclar una infinitat d&#8217;elements de manera responsable: llums, carregadors de tel\u00e8fon, cristall, cintes de v\u00eddeo, Dvds, radiografies, cosm\u00e8tics, envasos de fusta, rodes de bicicletes, monitors d&#8217;ordinador, term\u00f2metres, envasos lleugers, dissolvents o fotocopiadores, entre altres.<\/p>\n\n\n\n<p><br>El president de&nbsp;Reciplasa&nbsp;ha animat als ciutadans a \u201cseguir implicats en aquesta tasca que \u00e9s de tots i que ens ajuda a tindre una prov\u00edncia m\u00e9s neta, m\u00e9s responsable i m\u00e9s efica\u00e7\u201d.<\/p>\n\n\n\n<p><br><strong>Gesti\u00f3 responsable dels residus<\/strong><\/p>\n\n\n\n<p>La gradual incorporaci\u00f3 de l&#8217;h\u00e0bit de portar els residus dom\u00e8stics de manera habitual com una rutina m\u00e9s entre les fam\u00edlies de la prov\u00edncia de Castell\u00f3 forma part de la gesti\u00f3 responsable que en cadascuna dels habitatges hauria de fer-se dels residus des d&#8217;una perspectiva de gesti\u00f3 responsable dels residus. I l&#8217;augment progressiu de l&#8217;\u00fas de l&#8217;ecoparc m\u00f2bil, indica una major conscienciaci\u00f3 de la import\u00e0ncia d&#8217;aquesta gesti\u00f3.<\/p>\n\n\n\n<p><br>I \u00e9s que cal tindre en compte, que una vegada depositats en l&#8217;ecoparc, s&#8217;emmagatzema tot l&#8217;arreplegat de manera adequada, respectant tota la normativa legal i mediambiental vigent. La instal\u00b7laci\u00f3 no genera olors ni presenta riscos de toxicitat o perillositat, ja que els residus es troben controlats en llocs adequats.<\/p>\n\n\n\n<p>Peri\u00f2dicament es traslladen al seu corresponent gestor autoritzat. Aquest gestor indicat per a cada tipus de residu, el transporta per a donar-los el final apropiat, ja siga mitjan\u00e7ant la reutilitzaci\u00f3, el reciclatge, la valoritzaci\u00f3 energ\u00e8tica o l&#8217;eliminaci\u00f3 de manera segura.<\/p>\n\n\n\n<p><br>Cal recordar que tota la informaci\u00f3 del servei d&#8217;ecoparc m\u00f2bil de&nbsp;Reciplasa, aix\u00ed com el calendari complet de 2025, est\u00e0 detallada en la web: <a href=\"https:\/\/www.reciplasa.es\/ecomovil\/\">https:\/\/www.reciplasa.es\/ecomovil\/<\/a><\/p>\n","protected":false},"excerpt":{"rendered":"<p>Els 45 municipis als quals\u00a0Reciplasa\u00a0presta el servei d&#8217;ecoparc m\u00f2bil van augmentar en un 5% el seu \u00fas en 2024Sergio Toledo destaca la import\u00e0ncia d&#8217;acostar a la ciutadania aquest servei que facilita el reciclatge de m\u00e9s de 43 tipus de residus Castell\u00f3 (04-02-2025). \u2013 L&#8217;empresa p\u00fablica&nbsp;Reciplasa&nbsp;ha fet balan\u00e7 de la gesti\u00f3 dels residus reciclats i gestionatsDale que hay m\u00e1s &#8230;<\/p>\n","protected":false},"author":13,"featured_media":16635,"comment_status":"closed","ping_status":"closed","sticky":false,"template":"","format":"standard","meta":{"footnotes":""},"categories":[3],"tags":[],"class_list":["post-16637","post","type-post","status-publish","format-standard","has-post-thumbnail","hentry","category-noticias-corporativas"],"yoast_head":"<!-- This site is optimized with the Yoast SEO plugin v27.4 - https:\/\/yoast.com\/product\/yoast-seo-wordpress\/ -->\n<title>Els 45 municipis als quals Reciplasa presta el servei d&#039;ecoparc m\u00f2bil van augmentar en un 5% el seu \u00fas en 2024 - RECIPLASA<\/title>\n<meta name=\"description\" content=\"L&#039;empresa p\u00fablica Reciplasa ha fet balan\u00e7 de la gesti\u00f3 dels residus reciclats i gestionats a trav\u00e9s de l&#039;ecoparc m\u00f2bil durant el 2024, un servei que des de Reciplasa s&#039;ofereix a un total de 45 municipis de la prov\u00edncia de Castell\u00f3 i que durant l&#039;any passat va registrar un augment del 5% de residus arreplegats, amb un total de 18.519,52 quilos.\" \/>\n<meta name=\"robots\" content=\"index, follow, max-snippet:-1, max-image-preview:large, max-video-preview:-1\" \/>\n<link rel=\"canonical\" href=\"https:\/\/www.reciplasa.es\/va\/els-45-municipis-als-quals-reciplasa-presta-el-servei-decoparc-mobil-van-augmentar-en-un-5-el-seu-us-en-2024\/\" \/>\n<meta property=\"og:locale\" content=\"en_US\" \/>\n<meta property=\"og:type\" content=\"article\" \/>\n<meta property=\"og:title\" content=\"Els 45 municipis als quals Reciplasa presta el servei d&#039;ecoparc m\u00f2bil van augmentar en un 5% el seu \u00fas en 2024 - RECIPLASA\" \/>\n<meta property=\"og:description\" content=\"L&#039;empresa p\u00fablica Reciplasa ha fet balan\u00e7 de la gesti\u00f3 dels residus reciclats i gestionats a trav\u00e9s de l&#039;ecoparc m\u00f2bil durant el 2024, un servei que des de Reciplasa s&#039;ofereix a un total de 45 municipis de la prov\u00edncia de Castell\u00f3 i que durant l&#039;any passat va registrar un augment del 5% de residus arreplegats, amb un total de 18.519,52 quilos.\" \/>\n<meta property=\"og:url\" content=\"https:\/\/www.reciplasa.es\/va\/els-45-municipis-als-quals-reciplasa-presta-el-servei-decoparc-mobil-van-augmentar-en-un-5-el-seu-us-en-2024\/\" \/>\n<meta property=\"og:site_name\" content=\"RECIPLASA\" \/>\n<meta property=\"article:published_time\" content=\"2025-02-04T14:33:24+00:00\" \/>\n<meta property=\"article:modified_time\" content=\"2025-02-04T14:34:31+00:00\" \/>\n<meta property=\"og:image\" content=\"https:\/\/www.reciplasa.es\/wp-content\/uploads\/2025\/02\/sergio-toledo-ecoparque-en-Betxi-con-alcaldesa-Carla-Nebot.jpg\" \/>\n\t<meta property=\"og:image:width\" content=\"1600\" \/>\n\t<meta property=\"og:image:height\" content=\"1200\" \/>\n\t<meta property=\"og:image:type\" content=\"image\/jpeg\" \/>\n<meta name=\"author\" content=\"Sandra\" \/>\n<meta name=\"twitter:card\" content=\"summary_large_image\" \/>\n<meta name=\"twitter:label1\" content=\"Written by\" \/>\n\t<meta name=\"twitter:data1\" content=\"Sandra\" \/>\n\t<meta name=\"twitter:label2\" content=\"Est. reading time\" \/>\n\t<meta name=\"twitter:data2\" content=\"3 minutes\" \/>\n<script type=\"application\/ld+json\" class=\"yoast-schema-graph\">{\"@context\":\"https:\\\/\\\/schema.org\",\"@graph\":[{\"@type\":\"Article\",\"@id\":\"https:\\\/\\\/www.reciplasa.es\\\/va\\\/els-45-municipis-als-quals-reciplasa-presta-el-servei-decoparc-mobil-van-augmentar-en-un-5-el-seu-us-en-2024\\\/#article\",\"isPartOf\":{\"@id\":\"https:\\\/\\\/www.reciplasa.es\\\/va\\\/els-45-municipis-als-quals-reciplasa-presta-el-servei-decoparc-mobil-van-augmentar-en-un-5-el-seu-us-en-2024\\\/\"},\"author\":{\"name\":\"Sandra\",\"@id\":\"https:\\\/\\\/www.reciplasa.es\\\/#\\\/schema\\\/person\\\/15191934c9f5618dadb907c80c029c0b\"},\"headline\":\"Els 45 municipis als quals Reciplasa presta el servei d&#8217;ecoparc m\u00f2bil van augmentar en un 5% el seu \u00fas en 2024\",\"datePublished\":\"2025-02-04T14:33:24+00:00\",\"dateModified\":\"2025-02-04T14:34:31+00:00\",\"mainEntityOfPage\":{\"@id\":\"https:\\\/\\\/www.reciplasa.es\\\/va\\\/els-45-municipis-als-quals-reciplasa-presta-el-servei-decoparc-mobil-van-augmentar-en-un-5-el-seu-us-en-2024\\\/\"},\"wordCount\":676,\"image\":{\"@id\":\"https:\\\/\\\/www.reciplasa.es\\\/va\\\/els-45-municipis-als-quals-reciplasa-presta-el-servei-decoparc-mobil-van-augmentar-en-un-5-el-seu-us-en-2024\\\/#primaryimage\"},\"thumbnailUrl\":\"https:\\\/\\\/www.reciplasa.es\\\/wp-content\\\/uploads\\\/2025\\\/02\\\/sergio-toledo-ecoparque-en-Betxi-con-alcaldesa-Carla-Nebot.jpg\",\"articleSection\":[\"Noticias corporativas\"],\"inLanguage\":\"va-VA\"},{\"@type\":\"WebPage\",\"@id\":\"https:\\\/\\\/www.reciplasa.es\\\/va\\\/els-45-municipis-als-quals-reciplasa-presta-el-servei-decoparc-mobil-van-augmentar-en-un-5-el-seu-us-en-2024\\\/\",\"url\":\"https:\\\/\\\/www.reciplasa.es\\\/va\\\/els-45-municipis-als-quals-reciplasa-presta-el-servei-decoparc-mobil-van-augmentar-en-un-5-el-seu-us-en-2024\\\/\",\"name\":\"Els 45 municipis als quals Reciplasa presta el servei d'ecoparc m\u00f2bil van augmentar en un 5% el seu \u00fas en 2024 - RECIPLASA\",\"isPartOf\":{\"@id\":\"https:\\\/\\\/www.reciplasa.es\\\/#website\"},\"primaryImageOfPage\":{\"@id\":\"https:\\\/\\\/www.reciplasa.es\\\/va\\\/els-45-municipis-als-quals-reciplasa-presta-el-servei-decoparc-mobil-van-augmentar-en-un-5-el-seu-us-en-2024\\\/#primaryimage\"},\"image\":{\"@id\":\"https:\\\/\\\/www.reciplasa.es\\\/va\\\/els-45-municipis-als-quals-reciplasa-presta-el-servei-decoparc-mobil-van-augmentar-en-un-5-el-seu-us-en-2024\\\/#primaryimage\"},\"thumbnailUrl\":\"https:\\\/\\\/www.reciplasa.es\\\/wp-content\\\/uploads\\\/2025\\\/02\\\/sergio-toledo-ecoparque-en-Betxi-con-alcaldesa-Carla-Nebot.jpg\",\"datePublished\":\"2025-02-04T14:33:24+00:00\",\"dateModified\":\"2025-02-04T14:34:31+00:00\",\"author\":{\"@id\":\"https:\\\/\\\/www.reciplasa.es\\\/#\\\/schema\\\/person\\\/15191934c9f5618dadb907c80c029c0b\"},\"description\":\"L'empresa p\u00fablica Reciplasa ha fet balan\u00e7 de la gesti\u00f3 dels residus reciclats i gestionats a trav\u00e9s de l'ecoparc m\u00f2bil durant el 2024, un servei que des de Reciplasa s'ofereix a un total de 45 municipis de la prov\u00edncia de Castell\u00f3 i que durant l'any passat va registrar un augment del 5% de residus arreplegats, amb un total de 18.519,52 quilos.\",\"breadcrumb\":{\"@id\":\"https:\\\/\\\/www.reciplasa.es\\\/va\\\/els-45-municipis-als-quals-reciplasa-presta-el-servei-decoparc-mobil-van-augmentar-en-un-5-el-seu-us-en-2024\\\/#breadcrumb\"},\"inLanguage\":\"va-VA\",\"potentialAction\":[{\"@type\":\"ReadAction\",\"target\":[\"https:\\\/\\\/www.reciplasa.es\\\/va\\\/els-45-municipis-als-quals-reciplasa-presta-el-servei-decoparc-mobil-van-augmentar-en-un-5-el-seu-us-en-2024\\\/\"]}]},{\"@type\":\"ImageObject\",\"inLanguage\":\"va-VA\",\"@id\":\"https:\\\/\\\/www.reciplasa.es\\\/va\\\/els-45-municipis-als-quals-reciplasa-presta-el-servei-decoparc-mobil-van-augmentar-en-un-5-el-seu-us-en-2024\\\/#primaryimage\",\"url\":\"https:\\\/\\\/www.reciplasa.es\\\/wp-content\\\/uploads\\\/2025\\\/02\\\/sergio-toledo-ecoparque-en-Betxi-con-alcaldesa-Carla-Nebot.jpg\",\"contentUrl\":\"https:\\\/\\\/www.reciplasa.es\\\/wp-content\\\/uploads\\\/2025\\\/02\\\/sergio-toledo-ecoparque-en-Betxi-con-alcaldesa-Carla-Nebot.jpg\",\"width\":1600,\"height\":1200},{\"@type\":\"BreadcrumbList\",\"@id\":\"https:\\\/\\\/www.reciplasa.es\\\/va\\\/els-45-municipis-als-quals-reciplasa-presta-el-servei-decoparc-mobil-van-augmentar-en-un-5-el-seu-us-en-2024\\\/#breadcrumb\",\"itemListElement\":[{\"@type\":\"ListItem\",\"position\":1,\"name\":\"Portada\",\"item\":\"https:\\\/\\\/www.reciplasa.es\\\/va\\\/\"},{\"@type\":\"ListItem\",\"position\":2,\"name\":\"Els 45 municipis als quals Reciplasa presta el servei d&#8217;ecoparc m\u00f2bil van augmentar en un 5% el seu \u00fas en 2024\"}]},{\"@type\":\"WebSite\",\"@id\":\"https:\\\/\\\/www.reciplasa.es\\\/#website\",\"url\":\"https:\\\/\\\/www.reciplasa.es\\\/\",\"name\":\"RECIPLASA\",\"description\":\"Reciclats de Residus La Plana SA\",\"potentialAction\":[{\"@type\":\"SearchAction\",\"target\":{\"@type\":\"EntryPoint\",\"urlTemplate\":\"https:\\\/\\\/www.reciplasa.es\\\/?s={search_term_string}\"},\"query-input\":{\"@type\":\"PropertyValueSpecification\",\"valueRequired\":true,\"valueName\":\"search_term_string\"}}],\"inLanguage\":\"va-VA\"},{\"@type\":\"Person\",\"@id\":\"https:\\\/\\\/www.reciplasa.es\\\/#\\\/schema\\\/person\\\/15191934c9f5618dadb907c80c029c0b\",\"name\":\"Sandra\",\"image\":{\"@type\":\"ImageObject\",\"inLanguage\":\"va-VA\",\"@id\":\"https:\\\/\\\/secure.gravatar.com\\\/avatar\\\/605ca84bedd79915b697a46887df8ccd0249fb6f2a1bbcd0bfc66c91d997ae51?s=96&d=mm&r=g\",\"url\":\"https:\\\/\\\/secure.gravatar.com\\\/avatar\\\/605ca84bedd79915b697a46887df8ccd0249fb6f2a1bbcd0bfc66c91d997ae51?s=96&d=mm&r=g\",\"contentUrl\":\"https:\\\/\\\/secure.gravatar.com\\\/avatar\\\/605ca84bedd79915b697a46887df8ccd0249fb6f2a1bbcd0bfc66c91d997ae51?s=96&d=mm&r=g\",\"caption\":\"Sandra\"},\"url\":\"https:\\\/\\\/www.reciplasa.es\\\/va\\\/author\\\/sandra\\\/\"}]}<\/script>\n<!-- \/ Yoast SEO plugin. -->","yoast_head_json":{"title":"Els 45 municipis als quals Reciplasa presta el servei d'ecoparc m\u00f2bil van augmentar en un 5% el seu \u00fas en 2024 - RECIPLASA","description":"L'empresa p\u00fablica Reciplasa ha fet balan\u00e7 de la gesti\u00f3 dels residus reciclats i gestionats a trav\u00e9s de l'ecoparc m\u00f2bil durant el 2024, un servei que des de Reciplasa s'ofereix a un total de 45 municipis de la prov\u00edncia de Castell\u00f3 i que durant l'any passat va registrar un augment del 5% de residus arreplegats, amb un total de 18.519,52 quilos.","robots":{"index":"index","follow":"follow","max-snippet":"max-snippet:-1","max-image-preview":"max-image-preview:large","max-video-preview":"max-video-preview:-1"},"canonical":"https:\/\/www.reciplasa.es\/va\/els-45-municipis-als-quals-reciplasa-presta-el-servei-decoparc-mobil-van-augmentar-en-un-5-el-seu-us-en-2024\/","og_locale":"en_US","og_type":"article","og_title":"Els 45 municipis als quals Reciplasa presta el servei d'ecoparc m\u00f2bil van augmentar en un 5% el seu \u00fas en 2024 - RECIPLASA","og_description":"L'empresa p\u00fablica Reciplasa ha fet balan\u00e7 de la gesti\u00f3 dels residus reciclats i gestionats a trav\u00e9s de l'ecoparc m\u00f2bil durant el 2024, un servei que des de Reciplasa s'ofereix a un total de 45 municipis de la prov\u00edncia de Castell\u00f3 i que durant l'any passat va registrar un augment del 5% de residus arreplegats, amb un total de 18.519,52 quilos.","og_url":"https:\/\/www.reciplasa.es\/va\/els-45-municipis-als-quals-reciplasa-presta-el-servei-decoparc-mobil-van-augmentar-en-un-5-el-seu-us-en-2024\/","og_site_name":"RECIPLASA","article_published_time":"2025-02-04T14:33:24+00:00","article_modified_time":"2025-02-04T14:34:31+00:00","og_image":[{"width":1600,"height":1200,"url":"https:\/\/www.reciplasa.es\/wp-content\/uploads\/2025\/02\/sergio-toledo-ecoparque-en-Betxi-con-alcaldesa-Carla-Nebot.jpg","type":"image\/jpeg"}],"author":"Sandra","twitter_card":"summary_large_image","twitter_misc":{"Written by":"Sandra","Est. reading time":"3 minutes"},"schema":{"@context":"https:\/\/schema.org","@graph":[{"@type":"Article","@id":"https:\/\/www.reciplasa.es\/va\/els-45-municipis-als-quals-reciplasa-presta-el-servei-decoparc-mobil-van-augmentar-en-un-5-el-seu-us-en-2024\/#article","isPartOf":{"@id":"https:\/\/www.reciplasa.es\/va\/els-45-municipis-als-quals-reciplasa-presta-el-servei-decoparc-mobil-van-augmentar-en-un-5-el-seu-us-en-2024\/"},"author":{"name":"Sandra","@id":"https:\/\/www.reciplasa.es\/#\/schema\/person\/15191934c9f5618dadb907c80c029c0b"},"headline":"Els 45 municipis als quals Reciplasa presta el servei d&#8217;ecoparc m\u00f2bil van augmentar en un 5% el seu \u00fas en 2024","datePublished":"2025-02-04T14:33:24+00:00","dateModified":"2025-02-04T14:34:31+00:00","mainEntityOfPage":{"@id":"https:\/\/www.reciplasa.es\/va\/els-45-municipis-als-quals-reciplasa-presta-el-servei-decoparc-mobil-van-augmentar-en-un-5-el-seu-us-en-2024\/"},"wordCount":676,"image":{"@id":"https:\/\/www.reciplasa.es\/va\/els-45-municipis-als-quals-reciplasa-presta-el-servei-decoparc-mobil-van-augmentar-en-un-5-el-seu-us-en-2024\/#primaryimage"},"thumbnailUrl":"https:\/\/www.reciplasa.es\/wp-content\/uploads\/2025\/02\/sergio-toledo-ecoparque-en-Betxi-con-alcaldesa-Carla-Nebot.jpg","articleSection":["Noticias corporativas"],"inLanguage":"va-VA"},{"@type":"WebPage","@id":"https:\/\/www.reciplasa.es\/va\/els-45-municipis-als-quals-reciplasa-presta-el-servei-decoparc-mobil-van-augmentar-en-un-5-el-seu-us-en-2024\/","url":"https:\/\/www.reciplasa.es\/va\/els-45-municipis-als-quals-reciplasa-presta-el-servei-decoparc-mobil-van-augmentar-en-un-5-el-seu-us-en-2024\/","name":"Els 45 municipis als quals Reciplasa presta el servei d'ecoparc m\u00f2bil van augmentar en un 5% el seu \u00fas en 2024 - RECIPLASA","isPartOf":{"@id":"https:\/\/www.reciplasa.es\/#website"},"primaryImageOfPage":{"@id":"https:\/\/www.reciplasa.es\/va\/els-45-municipis-als-quals-reciplasa-presta-el-servei-decoparc-mobil-van-augmentar-en-un-5-el-seu-us-en-2024\/#primaryimage"},"image":{"@id":"https:\/\/www.reciplasa.es\/va\/els-45-municipis-als-quals-reciplasa-presta-el-servei-decoparc-mobil-van-augmentar-en-un-5-el-seu-us-en-2024\/#primaryimage"},"thumbnailUrl":"https:\/\/www.reciplasa.es\/wp-content\/uploads\/2025\/02\/sergio-toledo-ecoparque-en-Betxi-con-alcaldesa-Carla-Nebot.jpg","datePublished":"2025-02-04T14:33:24+00:00","dateModified":"2025-02-04T14:34:31+00:00","author":{"@id":"https:\/\/www.reciplasa.es\/#\/schema\/person\/15191934c9f5618dadb907c80c029c0b"},"description":"L'empresa p\u00fablica Reciplasa ha fet balan\u00e7 de la gesti\u00f3 dels residus reciclats i gestionats a trav\u00e9s de l'ecoparc m\u00f2bil durant el 2024, un servei que des de Reciplasa s'ofereix a un total de 45 municipis de la prov\u00edncia de Castell\u00f3 i que durant l'any passat va registrar un augment del 5% de residus arreplegats, amb un total de 18.519,52 quilos.","breadcrumb":{"@id":"https:\/\/www.reciplasa.es\/va\/els-45-municipis-als-quals-reciplasa-presta-el-servei-decoparc-mobil-van-augmentar-en-un-5-el-seu-us-en-2024\/#breadcrumb"},"inLanguage":"va-VA","potentialAction":[{"@type":"ReadAction","target":["https:\/\/www.reciplasa.es\/va\/els-45-municipis-als-quals-reciplasa-presta-el-servei-decoparc-mobil-van-augmentar-en-un-5-el-seu-us-en-2024\/"]}]},{"@type":"ImageObject","inLanguage":"va-VA","@id":"https:\/\/www.reciplasa.es\/va\/els-45-municipis-als-quals-reciplasa-presta-el-servei-decoparc-mobil-van-augmentar-en-un-5-el-seu-us-en-2024\/#primaryimage","url":"https:\/\/www.reciplasa.es\/wp-content\/uploads\/2025\/02\/sergio-toledo-ecoparque-en-Betxi-con-alcaldesa-Carla-Nebot.jpg","contentUrl":"https:\/\/www.reciplasa.es\/wp-content\/uploads\/2025\/02\/sergio-toledo-ecoparque-en-Betxi-con-alcaldesa-Carla-Nebot.jpg","width":1600,"height":1200},{"@type":"BreadcrumbList","@id":"https:\/\/www.reciplasa.es\/va\/els-45-municipis-als-quals-reciplasa-presta-el-servei-decoparc-mobil-van-augmentar-en-un-5-el-seu-us-en-2024\/#breadcrumb","itemListElement":[{"@type":"ListItem","position":1,"name":"Portada","item":"https:\/\/www.reciplasa.es\/va\/"},{"@type":"ListItem","position":2,"name":"Els 45 municipis als quals Reciplasa presta el servei d&#8217;ecoparc m\u00f2bil van augmentar en un 5% el seu \u00fas en 2024"}]},{"@type":"WebSite","@id":"https:\/\/www.reciplasa.es\/#website","url":"https:\/\/www.reciplasa.es\/","name":"RECIPLASA","description":"Reciclats de Residus La Plana SA","potentialAction":[{"@type":"SearchAction","target":{"@type":"EntryPoint","urlTemplate":"https:\/\/www.reciplasa.es\/?s={search_term_string}"},"query-input":{"@type":"PropertyValueSpecification","valueRequired":true,"valueName":"search_term_string"}}],"inLanguage":"va-VA"},{"@type":"Person","@id":"https:\/\/www.reciplasa.es\/#\/schema\/person\/15191934c9f5618dadb907c80c029c0b","name":"Sandra","image":{"@type":"ImageObject","inLanguage":"va-VA","@id":"https:\/\/secure.gravatar.com\/avatar\/605ca84bedd79915b697a46887df8ccd0249fb6f2a1bbcd0bfc66c91d997ae51?s=96&d=mm&r=g","url":"https:\/\/secure.gravatar.com\/avatar\/605ca84bedd79915b697a46887df8ccd0249fb6f2a1bbcd0bfc66c91d997ae51?s=96&d=mm&r=g","contentUrl":"https:\/\/secure.gravatar.com\/avatar\/605ca84bedd79915b697a46887df8ccd0249fb6f2a1bbcd0bfc66c91d997ae51?s=96&d=mm&r=g","caption":"Sandra"},"url":"https:\/\/www.reciplasa.es\/va\/author\/sandra\/"}]}},"_links":{"self":[{"href":"https:\/\/www.reciplasa.es\/va\/wp-json\/wp\/v2\/posts\/16637","targetHints":{"allow":["GET"]}}],"collection":[{"href":"https:\/\/www.reciplasa.es\/va\/wp-json\/wp\/v2\/posts"}],"about":[{"href":"https:\/\/www.reciplasa.es\/va\/wp-json\/wp\/v2\/types\/post"}],"author":[{"embeddable":true,"href":"https:\/\/www.reciplasa.es\/va\/wp-json\/wp\/v2\/users\/13"}],"replies":[{"embeddable":true,"href":"https:\/\/www.reciplasa.es\/va\/wp-json\/wp\/v2\/comments?post=16637"}],"version-history":[{"count":1,"href":"https:\/\/www.reciplasa.es\/va\/wp-json\/wp\/v2\/posts\/16637\/revisions"}],"predecessor-version":[{"id":16638,"href":"https:\/\/www.reciplasa.es\/va\/wp-json\/wp\/v2\/posts\/16637\/revisions\/16638"}],"wp:featuredmedia":[{"embeddable":true,"href":"https:\/\/www.reciplasa.es\/va\/wp-json\/wp\/v2\/media\/16635"}],"wp:attachment":[{"href":"https:\/\/www.reciplasa.es\/va\/wp-json\/wp\/v2\/media?parent=16637"}],"wp:term":[{"taxonomy":"category","embeddable":true,"href":"https:\/\/www.reciplasa.es\/va\/wp-json\/wp\/v2\/categories?post=16637"},{"taxonomy":"post_tag","embeddable":true,"href":"https:\/\/www.reciplasa.es\/va\/wp-json\/wp\/v2\/tags?post=16637"}],"curies":[{"name":"wp","href":"https:\/\/api.w.org\/{rel}","templated":true}]}}