{"id":16651,"date":"2025-02-13T10:22:03","date_gmt":"2025-02-13T10:22:03","guid":{"rendered":"https:\/\/www.reciplasa.es\/?p=16651\/"},"modified":"2025-02-13T10:23:33","modified_gmt":"2025-02-13T10:23:33","slug":"reciplasa-y-la-uji-renuevan-el-convenio-trianual-de-la-catedra-de-gestion-de-residuos-urbanos","status":"publish","type":"post","link":"https:\/\/www.reciplasa.es\/va\/reciplasa-y-la-uji-renuevan-el-convenio-trianual-de-la-catedra-de-gestion-de-residuos-urbanos\/","title":{"rendered":"Reciplasa y la UJI renuevan el convenio trianual de la C\u00e1tedra de Gesti\u00f3n de Residuos Urbanos"},"content":{"rendered":"\n<p><em>La C\u00e1tedra tiene como objetivos el fomento de la docencia, la investigaci\u00f3n, la difusi\u00f3n del conocimiento y la innovaci\u00f3n en el sector de la gesti\u00f3n y el tratamiento de los residuos s\u00f3lidos urbanos.<\/em><\/p>\n\n\n\n<p><strong>Castell\u00f3n (13-02-2025). \u2013 <\/strong>El presidente de Reciplasa, Sergio Toledo, y la rectora de la Universitat Jaume I, Eva Alc\u00f3n, han firmado la renovaci\u00f3n del convenio trianual de la C\u00e1tedra Reciplasa de Gesti\u00f3n de Residuos Urbanos de la universidad p\u00fablica de Castell\u00f3n, que continuar\u00e1 dirigida por el catedr\u00e1tico de Qu\u00edmica Anal\u00edtica y director del Instituto Universitario de Plaguicidas y Aguas, F\u00e9lix Hern\u00e1ndez.<strong><\/strong><\/p>\n\n\n\n<p>Despu\u00e9s de la firma, el presidente de Reciplasa y primer teniente de alcalde de Castell\u00f3n, Sergio Toledo, ha comentado que \u201cpara Reciplasa es fundamental ir de la mano de la mayor fuente de conocimiento cient\u00edfico de nuestra provincia como es la Universitat Jaume I. Sumamos esfuerzos para seguir concienciando de la importancia de ser responsables en la gesti\u00f3n de nuestros residuos, dirigi\u00e9ndonos sobre todo a los m\u00e1s j\u00f3venes. Y, por supuesto, impulsando l\u00edneas de investigaci\u00f3n que gu\u00edan nuestro trabajo en la mejora de la eficiencia en el tratamiento y la gesti\u00f3n de los residuos. En Reciplasa, este 2025 coincidiendo con nuestro 30 aniversario, estamos inmersos en un proceso de completa modernizaci\u00f3n de nuestras instalaciones, y seguir de la mano de la UJI en los retos que nos plantea el futuro es fundamental. Reforzamos nuestro camino juntos\u201d.<\/p>\n\n\n\n<p>Por su parte, la rectora Eva Alc\u00f3n ha subrayado la importancia de renovar una colaboraci\u00f3n que favorece la innovaci\u00f3n tecnol\u00f3gica y ambiental a trav\u00e9s de la transferencia del conocimiento que se genera en el campus. Y, adem\u00e1s tiene un valor a\u00f1adido, \u201cpuesto que la C\u00e1tedra contribuye a fortalecer el v\u00ednculo entre la Universitat y el tejido productivo y social y apostar por la formaci\u00f3n y la investigaci\u00f3n como base de la competitividad\u201d. Por \u00faltimo, ha destacado la trayectoria cient\u00edfica de los grupos de investigaci\u00f3n vinculados a este \u00e1mbito de conocimiento y ha agradecido la confianza depositada en su experiencia.<\/p>\n\n\n\n<p>Cabe se\u00f1alar que <strong>l<\/strong>a c\u00e1tedra tiene como objetivos generales el fomento de la docencia, la investigaci\u00f3n, la difusi\u00f3n del conocimiento y la innovaci\u00f3n en el sector de gesti\u00f3n y tratamiento de residuos s\u00f3lidos urbanos. Adem\u00e1s de las actividades de inter\u00e9s general, como organizaci\u00f3n de jornadas, congresos o conferencias, el convenio de renovaci\u00f3n de la c\u00e1tedra contempla el desarrollo de dos proyectos de investigaci\u00f3n: uno sobre el control de contaminantes org\u00e1nicos en las aguas del entorno de la planta que ejecutar\u00e1 el Instituto Universitario de Plaguicidas y Aguas y otro sobre estudio de mejoras t\u00e9cnicas en la planta de tratamiento mec\u00e1nico-biol\u00f3gico de Reciplasa, que llevar\u00e1 a cabo el Grupo de Investigaci\u00f3n en Ingenier\u00eda de Residuos (INGRES).<strong><\/strong><\/p>\n\n\n\n<p>Al acto tambi\u00e9n han asistido David Cabedo, Vicerrector de Innovaci\u00f3n, Transferencia y Divulgac\u00f3n Cient\u00edfica; Jes\u00fas Lancis, Vicerrector de Investigaci\u00f3n; Fernando Albarr\u00e1n, director t\u00e9cnico de Reciplasa; F\u00e9lix Hern\u00e1ndez, director de la C\u00e1tedra; y Antonio Gallardo, responsable del grupo de investigaci\u00f3n INGRES.<\/p>\n\n\n\n<p><strong>Novedades de 2025.<\/strong><\/p>\n\n\n\n<p>Cabe resaltar que Reciplasa ha incrementado su aportaci\u00f3n a la C\u00e1tedra hasta 50.000\u20ac anuales. Gracias a esta mayor dotaci\u00f3n, se podr\u00e1n abordar nuevos proyectos y actividades, entre los que destaca la colaboraci\u00f3n con \u2018UJI Robotics Team\u2019,&nbsp; grupo integrado por estudiantes de Ingenier\u00eda de Inteligencia Rob\u00f3tica de la UJI. La colaboraci\u00f3n de la C\u00e1tedra se dirigir\u00e1 a financiar un proyecto para el desarrollo de un catamar\u00e1n teledirigido para la recolecci\u00f3n de residuos s\u00f3lidos en las aguas del Puerto de Castell\u00f3n. Una actividad que promueve la innovaci\u00f3n tecnol\u00f3gica de los sistemas de limpieza y mejora del medio ambiente, y que pone en valor la generaci\u00f3n de nuevas ideas y tecnolog\u00edas en el \u00e1mbito de actuaci\u00f3n de la C\u00e1tedra.&nbsp;<\/p>\n\n\n\n<p>Adem\u00e1s, la C\u00e1tedra continuar\u00e1 con actividades ya consolidadas como son los premios a mejor TFG y TFM para el estudiantado de la UJI, el concurso \u00abQu\u00e8 fem amb el fem?\u00bb para estudiantes no universitarios, en el que se incorporar\u00e1 una nueva categor\u00eda correspondiente a trabajos realizados por alumnado de FP superior, as\u00ed como colaboraciones con entidades que abogan por una gesti\u00f3n m\u00e1s responsable de los residuos urbanos y una mayor protecci\u00f3n del medio ambiente. Por \u00faltimo, hay que recordar que la C\u00e1tedra seguir\u00e1 financiando dos proyectos de investigaci\u00f3n relacionados con la calidad de las aguas en el entorno de la planta de Onda y con posibles mejoras en el&nbsp; tratamiento mec\u00e1nico-biol\u00f3gico de la planta.<\/p>\n\n\n\n<p>.<\/p>\n","protected":false},"excerpt":{"rendered":"<p>La C\u00e1tedra tiene como objetivos el fomento de la docencia, la investigaci\u00f3n, la difusi\u00f3n del conocimiento y la innovaci\u00f3n en el sector de la gesti\u00f3n y el tratamiento de los residuos s\u00f3lidos urbanos. Castell\u00f3n (13-02-2025). \u2013 El presidente de Reciplasa, Sergio Toledo, y la rectora de la Universitat Jaume I, Eva Alc\u00f3n, han firmado laDale que hay m\u00e1s &#8230;<\/p>\n","protected":false},"author":13,"featured_media":16652,"comment_status":"closed","ping_status":"closed","sticky":false,"template":"","format":"standard","meta":{"footnotes":""},"categories":[2],"tags":[],"class_list":["post-16651","post","type-post","status-publish","format-standard","has-post-thumbnail","hentry","category-sin-categorizar"],"yoast_head":"<!-- This site is optimized with the Yoast SEO plugin v27.4 - https:\/\/yoast.com\/product\/yoast-seo-wordpress\/ -->\n<title>Reciplasa y la UJI renuevan el convenio trianual de la C\u00e1tedra de Gesti\u00f3n de Residuos Urbanos - RECIPLASA<\/title>\n<meta name=\"description\" content=\"La C\u00e1tedra tiene como objetivos el fomento de la docencia, la investigaci\u00f3n, la difusi\u00f3n del conocimiento y la innovaci\u00f3n en el sector de la gesti\u00f3n y el tratamiento de los residuos s\u00f3lidos urbanos.\" \/>\n<meta name=\"robots\" content=\"index, follow, max-snippet:-1, max-image-preview:large, max-video-preview:-1\" \/>\n<link rel=\"canonical\" href=\"https:\/\/www.reciplasa.es\/reciplasa-y-la-uji-renuevan-el-convenio-trianual-de-la-catedra-de-gestion-de-residuos-urbanos\/\" \/>\n<meta property=\"og:locale\" content=\"en_US\" \/>\n<meta property=\"og:type\" content=\"article\" \/>\n<meta property=\"og:title\" content=\"Reciplasa y la UJI renuevan el convenio trianual de la C\u00e1tedra de Gesti\u00f3n de Residuos Urbanos - RECIPLASA\" \/>\n<meta property=\"og:description\" content=\"La C\u00e1tedra tiene como objetivos el fomento de la docencia, la investigaci\u00f3n, la difusi\u00f3n del conocimiento y la innovaci\u00f3n en el sector de la gesti\u00f3n y el tratamiento de los residuos s\u00f3lidos urbanos.\" \/>\n<meta property=\"og:url\" content=\"https:\/\/www.reciplasa.es\/reciplasa-y-la-uji-renuevan-el-convenio-trianual-de-la-catedra-de-gestion-de-residuos-urbanos\/\" \/>\n<meta property=\"og:site_name\" content=\"RECIPLASA\" \/>\n<meta property=\"article:published_time\" content=\"2025-02-13T10:22:03+00:00\" \/>\n<meta property=\"article:modified_time\" content=\"2025-02-13T10:23:33+00:00\" \/>\n<meta property=\"og:image\" content=\"https:\/\/www.reciplasa.es\/wp-content\/uploads\/2025\/02\/Renovacion-convenio-Reciplasa-UJI-scaled.jpg\" \/>\n\t<meta property=\"og:image:width\" content=\"2560\" \/>\n\t<meta property=\"og:image:height\" content=\"1708\" \/>\n\t<meta property=\"og:image:type\" content=\"image\/jpeg\" \/>\n<meta name=\"author\" content=\"Sandra\" \/>\n<meta name=\"twitter:card\" content=\"summary_large_image\" \/>\n<meta name=\"twitter:label1\" content=\"Written by\" \/>\n\t<meta name=\"twitter:data1\" content=\"Sandra\" \/>\n\t<meta name=\"twitter:label2\" content=\"Est. reading time\" \/>\n\t<meta name=\"twitter:data2\" content=\"4 minutes\" \/>\n<script type=\"application\/ld+json\" class=\"yoast-schema-graph\">{\"@context\":\"https:\\\/\\\/schema.org\",\"@graph\":[{\"@type\":\"Article\",\"@id\":\"https:\\\/\\\/www.reciplasa.es\\\/reciplasa-y-la-uji-renuevan-el-convenio-trianual-de-la-catedra-de-gestion-de-residuos-urbanos\\\/#article\",\"isPartOf\":{\"@id\":\"https:\\\/\\\/www.reciplasa.es\\\/reciplasa-y-la-uji-renuevan-el-convenio-trianual-de-la-catedra-de-gestion-de-residuos-urbanos\\\/\"},\"author\":{\"name\":\"Sandra\",\"@id\":\"https:\\\/\\\/www.reciplasa.es\\\/#\\\/schema\\\/person\\\/15191934c9f5618dadb907c80c029c0b\"},\"headline\":\"Reciplasa y la UJI renuevan el convenio trianual de la C\u00e1tedra de Gesti\u00f3n de Residuos Urbanos\",\"datePublished\":\"2025-02-13T10:22:03+00:00\",\"dateModified\":\"2025-02-13T10:23:33+00:00\",\"mainEntityOfPage\":{\"@id\":\"https:\\\/\\\/www.reciplasa.es\\\/reciplasa-y-la-uji-renuevan-el-convenio-trianual-de-la-catedra-de-gestion-de-residuos-urbanos\\\/\"},\"wordCount\":837,\"image\":{\"@id\":\"https:\\\/\\\/www.reciplasa.es\\\/reciplasa-y-la-uji-renuevan-el-convenio-trianual-de-la-catedra-de-gestion-de-residuos-urbanos\\\/#primaryimage\"},\"thumbnailUrl\":\"https:\\\/\\\/www.reciplasa.es\\\/wp-content\\\/uploads\\\/2025\\\/02\\\/Renovacion-convenio-Reciplasa-UJI-scaled.jpg\",\"articleSection\":[\"Catedra-Reciplasa-UJI\"],\"inLanguage\":\"va-VA\"},{\"@type\":\"WebPage\",\"@id\":\"https:\\\/\\\/www.reciplasa.es\\\/reciplasa-y-la-uji-renuevan-el-convenio-trianual-de-la-catedra-de-gestion-de-residuos-urbanos\\\/\",\"url\":\"https:\\\/\\\/www.reciplasa.es\\\/reciplasa-y-la-uji-renuevan-el-convenio-trianual-de-la-catedra-de-gestion-de-residuos-urbanos\\\/\",\"name\":\"Reciplasa y la UJI renuevan el convenio trianual de la C\u00e1tedra de Gesti\u00f3n de Residuos Urbanos - RECIPLASA\",\"isPartOf\":{\"@id\":\"https:\\\/\\\/www.reciplasa.es\\\/#website\"},\"primaryImageOfPage\":{\"@id\":\"https:\\\/\\\/www.reciplasa.es\\\/reciplasa-y-la-uji-renuevan-el-convenio-trianual-de-la-catedra-de-gestion-de-residuos-urbanos\\\/#primaryimage\"},\"image\":{\"@id\":\"https:\\\/\\\/www.reciplasa.es\\\/reciplasa-y-la-uji-renuevan-el-convenio-trianual-de-la-catedra-de-gestion-de-residuos-urbanos\\\/#primaryimage\"},\"thumbnailUrl\":\"https:\\\/\\\/www.reciplasa.es\\\/wp-content\\\/uploads\\\/2025\\\/02\\\/Renovacion-convenio-Reciplasa-UJI-scaled.jpg\",\"datePublished\":\"2025-02-13T10:22:03+00:00\",\"dateModified\":\"2025-02-13T10:23:33+00:00\",\"author\":{\"@id\":\"https:\\\/\\\/www.reciplasa.es\\\/#\\\/schema\\\/person\\\/15191934c9f5618dadb907c80c029c0b\"},\"description\":\"La C\u00e1tedra tiene como objetivos el fomento de la docencia, la investigaci\u00f3n, la difusi\u00f3n del conocimiento y la innovaci\u00f3n en el sector de la gesti\u00f3n y el tratamiento de los residuos s\u00f3lidos urbanos.\",\"breadcrumb\":{\"@id\":\"https:\\\/\\\/www.reciplasa.es\\\/reciplasa-y-la-uji-renuevan-el-convenio-trianual-de-la-catedra-de-gestion-de-residuos-urbanos\\\/#breadcrumb\"},\"inLanguage\":\"va-VA\",\"potentialAction\":[{\"@type\":\"ReadAction\",\"target\":[\"https:\\\/\\\/www.reciplasa.es\\\/reciplasa-y-la-uji-renuevan-el-convenio-trianual-de-la-catedra-de-gestion-de-residuos-urbanos\\\/\"]}]},{\"@type\":\"ImageObject\",\"inLanguage\":\"va-VA\",\"@id\":\"https:\\\/\\\/www.reciplasa.es\\\/reciplasa-y-la-uji-renuevan-el-convenio-trianual-de-la-catedra-de-gestion-de-residuos-urbanos\\\/#primaryimage\",\"url\":\"https:\\\/\\\/www.reciplasa.es\\\/wp-content\\\/uploads\\\/2025\\\/02\\\/Renovacion-convenio-Reciplasa-UJI-scaled.jpg\",\"contentUrl\":\"https:\\\/\\\/www.reciplasa.es\\\/wp-content\\\/uploads\\\/2025\\\/02\\\/Renovacion-convenio-Reciplasa-UJI-scaled.jpg\",\"width\":2560,\"height\":1708},{\"@type\":\"BreadcrumbList\",\"@id\":\"https:\\\/\\\/www.reciplasa.es\\\/reciplasa-y-la-uji-renuevan-el-convenio-trianual-de-la-catedra-de-gestion-de-residuos-urbanos\\\/#breadcrumb\",\"itemListElement\":[{\"@type\":\"ListItem\",\"position\":1,\"name\":\"Portada\",\"item\":\"https:\\\/\\\/www.reciplasa.es\\\/va\\\/\"},{\"@type\":\"ListItem\",\"position\":2,\"name\":\"Reciplasa y la UJI renuevan el convenio trianual de la C\u00e1tedra de Gesti\u00f3n de Residuos Urbanos\"}]},{\"@type\":\"WebSite\",\"@id\":\"https:\\\/\\\/www.reciplasa.es\\\/#website\",\"url\":\"https:\\\/\\\/www.reciplasa.es\\\/\",\"name\":\"RECIPLASA\",\"description\":\"Reciclats de Residus La Plana SA\",\"potentialAction\":[{\"@type\":\"SearchAction\",\"target\":{\"@type\":\"EntryPoint\",\"urlTemplate\":\"https:\\\/\\\/www.reciplasa.es\\\/?s={search_term_string}\"},\"query-input\":{\"@type\":\"PropertyValueSpecification\",\"valueRequired\":true,\"valueName\":\"search_term_string\"}}],\"inLanguage\":\"va-VA\"},{\"@type\":\"Person\",\"@id\":\"https:\\\/\\\/www.reciplasa.es\\\/#\\\/schema\\\/person\\\/15191934c9f5618dadb907c80c029c0b\",\"name\":\"Sandra\",\"image\":{\"@type\":\"ImageObject\",\"inLanguage\":\"va-VA\",\"@id\":\"https:\\\/\\\/secure.gravatar.com\\\/avatar\\\/605ca84bedd79915b697a46887df8ccd0249fb6f2a1bbcd0bfc66c91d997ae51?s=96&d=mm&r=g\",\"url\":\"https:\\\/\\\/secure.gravatar.com\\\/avatar\\\/605ca84bedd79915b697a46887df8ccd0249fb6f2a1bbcd0bfc66c91d997ae51?s=96&d=mm&r=g\",\"contentUrl\":\"https:\\\/\\\/secure.gravatar.com\\\/avatar\\\/605ca84bedd79915b697a46887df8ccd0249fb6f2a1bbcd0bfc66c91d997ae51?s=96&d=mm&r=g\",\"caption\":\"Sandra\"},\"url\":\"https:\\\/\\\/www.reciplasa.es\\\/va\\\/author\\\/sandra\\\/\"}]}<\/script>\n<!-- \/ Yoast SEO plugin. -->","yoast_head_json":{"title":"Reciplasa y la UJI renuevan el convenio trianual de la C\u00e1tedra de Gesti\u00f3n de Residuos Urbanos - RECIPLASA","description":"La C\u00e1tedra tiene como objetivos el fomento de la docencia, la investigaci\u00f3n, la difusi\u00f3n del conocimiento y la innovaci\u00f3n en el sector de la gesti\u00f3n y el tratamiento de los residuos s\u00f3lidos urbanos.","robots":{"index":"index","follow":"follow","max-snippet":"max-snippet:-1","max-image-preview":"max-image-preview:large","max-video-preview":"max-video-preview:-1"},"canonical":"https:\/\/www.reciplasa.es\/reciplasa-y-la-uji-renuevan-el-convenio-trianual-de-la-catedra-de-gestion-de-residuos-urbanos\/","og_locale":"en_US","og_type":"article","og_title":"Reciplasa y la UJI renuevan el convenio trianual de la C\u00e1tedra de Gesti\u00f3n de Residuos Urbanos - RECIPLASA","og_description":"La C\u00e1tedra tiene como objetivos el fomento de la docencia, la investigaci\u00f3n, la difusi\u00f3n del conocimiento y la innovaci\u00f3n en el sector de la gesti\u00f3n y el tratamiento de los residuos s\u00f3lidos urbanos.","og_url":"https:\/\/www.reciplasa.es\/reciplasa-y-la-uji-renuevan-el-convenio-trianual-de-la-catedra-de-gestion-de-residuos-urbanos\/","og_site_name":"RECIPLASA","article_published_time":"2025-02-13T10:22:03+00:00","article_modified_time":"2025-02-13T10:23:33+00:00","og_image":[{"width":2560,"height":1708,"url":"https:\/\/www.reciplasa.es\/wp-content\/uploads\/2025\/02\/Renovacion-convenio-Reciplasa-UJI-scaled.jpg","type":"image\/jpeg"}],"author":"Sandra","twitter_card":"summary_large_image","twitter_misc":{"Written by":"Sandra","Est. reading time":"4 minutes"},"schema":{"@context":"https:\/\/schema.org","@graph":[{"@type":"Article","@id":"https:\/\/www.reciplasa.es\/reciplasa-y-la-uji-renuevan-el-convenio-trianual-de-la-catedra-de-gestion-de-residuos-urbanos\/#article","isPartOf":{"@id":"https:\/\/www.reciplasa.es\/reciplasa-y-la-uji-renuevan-el-convenio-trianual-de-la-catedra-de-gestion-de-residuos-urbanos\/"},"author":{"name":"Sandra","@id":"https:\/\/www.reciplasa.es\/#\/schema\/person\/15191934c9f5618dadb907c80c029c0b"},"headline":"Reciplasa y la UJI renuevan el convenio trianual de la C\u00e1tedra de Gesti\u00f3n de Residuos Urbanos","datePublished":"2025-02-13T10:22:03+00:00","dateModified":"2025-02-13T10:23:33+00:00","mainEntityOfPage":{"@id":"https:\/\/www.reciplasa.es\/reciplasa-y-la-uji-renuevan-el-convenio-trianual-de-la-catedra-de-gestion-de-residuos-urbanos\/"},"wordCount":837,"image":{"@id":"https:\/\/www.reciplasa.es\/reciplasa-y-la-uji-renuevan-el-convenio-trianual-de-la-catedra-de-gestion-de-residuos-urbanos\/#primaryimage"},"thumbnailUrl":"https:\/\/www.reciplasa.es\/wp-content\/uploads\/2025\/02\/Renovacion-convenio-Reciplasa-UJI-scaled.jpg","articleSection":["Catedra-Reciplasa-UJI"],"inLanguage":"va-VA"},{"@type":"WebPage","@id":"https:\/\/www.reciplasa.es\/reciplasa-y-la-uji-renuevan-el-convenio-trianual-de-la-catedra-de-gestion-de-residuos-urbanos\/","url":"https:\/\/www.reciplasa.es\/reciplasa-y-la-uji-renuevan-el-convenio-trianual-de-la-catedra-de-gestion-de-residuos-urbanos\/","name":"Reciplasa y la UJI renuevan el convenio trianual de la C\u00e1tedra de Gesti\u00f3n de Residuos Urbanos - RECIPLASA","isPartOf":{"@id":"https:\/\/www.reciplasa.es\/#website"},"primaryImageOfPage":{"@id":"https:\/\/www.reciplasa.es\/reciplasa-y-la-uji-renuevan-el-convenio-trianual-de-la-catedra-de-gestion-de-residuos-urbanos\/#primaryimage"},"image":{"@id":"https:\/\/www.reciplasa.es\/reciplasa-y-la-uji-renuevan-el-convenio-trianual-de-la-catedra-de-gestion-de-residuos-urbanos\/#primaryimage"},"thumbnailUrl":"https:\/\/www.reciplasa.es\/wp-content\/uploads\/2025\/02\/Renovacion-convenio-Reciplasa-UJI-scaled.jpg","datePublished":"2025-02-13T10:22:03+00:00","dateModified":"2025-02-13T10:23:33+00:00","author":{"@id":"https:\/\/www.reciplasa.es\/#\/schema\/person\/15191934c9f5618dadb907c80c029c0b"},"description":"La C\u00e1tedra tiene como objetivos el fomento de la docencia, la investigaci\u00f3n, la difusi\u00f3n del conocimiento y la innovaci\u00f3n en el sector de la gesti\u00f3n y el tratamiento de los residuos s\u00f3lidos urbanos.","breadcrumb":{"@id":"https:\/\/www.reciplasa.es\/reciplasa-y-la-uji-renuevan-el-convenio-trianual-de-la-catedra-de-gestion-de-residuos-urbanos\/#breadcrumb"},"inLanguage":"va-VA","potentialAction":[{"@type":"ReadAction","target":["https:\/\/www.reciplasa.es\/reciplasa-y-la-uji-renuevan-el-convenio-trianual-de-la-catedra-de-gestion-de-residuos-urbanos\/"]}]},{"@type":"ImageObject","inLanguage":"va-VA","@id":"https:\/\/www.reciplasa.es\/reciplasa-y-la-uji-renuevan-el-convenio-trianual-de-la-catedra-de-gestion-de-residuos-urbanos\/#primaryimage","url":"https:\/\/www.reciplasa.es\/wp-content\/uploads\/2025\/02\/Renovacion-convenio-Reciplasa-UJI-scaled.jpg","contentUrl":"https:\/\/www.reciplasa.es\/wp-content\/uploads\/2025\/02\/Renovacion-convenio-Reciplasa-UJI-scaled.jpg","width":2560,"height":1708},{"@type":"BreadcrumbList","@id":"https:\/\/www.reciplasa.es\/reciplasa-y-la-uji-renuevan-el-convenio-trianual-de-la-catedra-de-gestion-de-residuos-urbanos\/#breadcrumb","itemListElement":[{"@type":"ListItem","position":1,"name":"Portada","item":"https:\/\/www.reciplasa.es\/va\/"},{"@type":"ListItem","position":2,"name":"Reciplasa y la UJI renuevan el convenio trianual de la C\u00e1tedra de Gesti\u00f3n de Residuos Urbanos"}]},{"@type":"WebSite","@id":"https:\/\/www.reciplasa.es\/#website","url":"https:\/\/www.reciplasa.es\/","name":"RECIPLASA","description":"Reciclats de Residus La Plana SA","potentialAction":[{"@type":"SearchAction","target":{"@type":"EntryPoint","urlTemplate":"https:\/\/www.reciplasa.es\/?s={search_term_string}"},"query-input":{"@type":"PropertyValueSpecification","valueRequired":true,"valueName":"search_term_string"}}],"inLanguage":"va-VA"},{"@type":"Person","@id":"https:\/\/www.reciplasa.es\/#\/schema\/person\/15191934c9f5618dadb907c80c029c0b","name":"Sandra","image":{"@type":"ImageObject","inLanguage":"va-VA","@id":"https:\/\/secure.gravatar.com\/avatar\/605ca84bedd79915b697a46887df8ccd0249fb6f2a1bbcd0bfc66c91d997ae51?s=96&d=mm&r=g","url":"https:\/\/secure.gravatar.com\/avatar\/605ca84bedd79915b697a46887df8ccd0249fb6f2a1bbcd0bfc66c91d997ae51?s=96&d=mm&r=g","contentUrl":"https:\/\/secure.gravatar.com\/avatar\/605ca84bedd79915b697a46887df8ccd0249fb6f2a1bbcd0bfc66c91d997ae51?s=96&d=mm&r=g","caption":"Sandra"},"url":"https:\/\/www.reciplasa.es\/va\/author\/sandra\/"}]}},"_links":{"self":[{"href":"https:\/\/www.reciplasa.es\/va\/wp-json\/wp\/v2\/posts\/16651","targetHints":{"allow":["GET"]}}],"collection":[{"href":"https:\/\/www.reciplasa.es\/va\/wp-json\/wp\/v2\/posts"}],"about":[{"href":"https:\/\/www.reciplasa.es\/va\/wp-json\/wp\/v2\/types\/post"}],"author":[{"embeddable":true,"href":"https:\/\/www.reciplasa.es\/va\/wp-json\/wp\/v2\/users\/13"}],"replies":[{"embeddable":true,"href":"https:\/\/www.reciplasa.es\/va\/wp-json\/wp\/v2\/comments?post=16651"}],"version-history":[{"count":2,"href":"https:\/\/www.reciplasa.es\/va\/wp-json\/wp\/v2\/posts\/16651\/revisions"}],"predecessor-version":[{"id":16654,"href":"https:\/\/www.reciplasa.es\/va\/wp-json\/wp\/v2\/posts\/16651\/revisions\/16654"}],"wp:featuredmedia":[{"embeddable":true,"href":"https:\/\/www.reciplasa.es\/va\/wp-json\/wp\/v2\/media\/16652"}],"wp:attachment":[{"href":"https:\/\/www.reciplasa.es\/va\/wp-json\/wp\/v2\/media?parent=16651"}],"wp:term":[{"taxonomy":"category","embeddable":true,"href":"https:\/\/www.reciplasa.es\/va\/wp-json\/wp\/v2\/categories?post=16651"},{"taxonomy":"post_tag","embeddable":true,"href":"https:\/\/www.reciplasa.es\/va\/wp-json\/wp\/v2\/tags?post=16651"}],"curies":[{"name":"wp","href":"https:\/\/api.w.org\/{rel}","templated":true}]}}