{"id":16655,"date":"2025-02-13T10:25:51","date_gmt":"2025-02-13T10:25:51","guid":{"rendered":"https:\/\/www.reciplasa.es\/?p=16655\/"},"modified":"2025-02-13T10:25:53","modified_gmt":"2025-02-13T10:25:53","slug":"reciplasa-i-luji-renoven-el-conveni-trianual-de-la-catedra-de-gestio-de-residus-urbans","status":"publish","type":"post","link":"https:\/\/www.reciplasa.es\/va\/reciplasa-i-luji-renoven-el-conveni-trianual-de-la-catedra-de-gestio-de-residus-urbans\/","title":{"rendered":"Reciplasa i l&#8217;UJI renoven el conveni trianual de la C\u00e0tedra de Gesti\u00f3 de Residus Urbans"},"content":{"rendered":"\n<p><em>La C\u00e0tedra t\u00e9 com a objectius el foment de la doc\u00e8ncia, la investigaci\u00f3, la difusi\u00f3 del coneixement i la innovaci\u00f3 en el sector de la gesti\u00f3 i el tractament dels residus s\u00f2lids urbans.<\/em><\/p>\n\n\n\n<p><strong>Castell\u00f3 (13-02-2025). \u2013 <\/strong>El president de&nbsp;Reciplasa, Sergio Toledo, i la rectora de la Universitat Jaume I, Eva Alc\u00f3n, han signat la renovaci\u00f3 del conveni trianual de la C\u00e0tedra&nbsp;Reciplasa&nbsp;de Gesti\u00f3 de Residus Urbans de la universitat p\u00fablica de Castell\u00f3, que continuar\u00e0 dirigida pel catedr\u00e0tic de Qu\u00edmica Anal\u00edtica i director de l&#8217;Institut Universitari de Plaguicides i Aig\u00fces, F\u00e9lix Hern\u00e1ndez.<\/p>\n\n\n\n<p><br>Despr\u00e9s de la signatura, el president de&nbsp;Reciplasa&nbsp;i primer tinent d&#8217;alcalde de Castell\u00f3, Sergio Toledo, ha comentat que \u201cper a&nbsp;Reciplasa&nbsp;\u00e9s fonamental anar de la m\u00e0 de la major font de coneixement cient\u00edfic de la nostra prov\u00edncia com \u00e9s la Universitat Jaume I. Sumem esfor\u00e7os per a continuar conscienciant de la import\u00e0ncia de ser responsables en la gesti\u00f3 dels nostres residus, dirigint-nos sobretot als m\u00e9s joves. I, per descomptat, impulsant l\u00ednies d&#8217;investigaci\u00f3 que guien el nostre treball en la millora de l&#8217;efici\u00e8ncia en el tractament i la gesti\u00f3 dels residus. En&nbsp;Reciplasa, aquest 2025 coincidint amb el nostre 30 aniversari, estem immersos en un proc\u00e9s de completa modernitzaci\u00f3 de les nostres instal\u00b7lacions, i seguir de la m\u00e0 de l&#8217;UJI en els reptes que ens planteja el futur \u00e9s fonamental. Reforcem el nostre cam\u00ed junts\u201d.<\/p>\n\n\n\n<p><br>Per part seua, la rectora Eva Alc\u00f3n ha subratllat la import\u00e0ncia de renovar una col\u00b7laboraci\u00f3 que afavoreix la innovaci\u00f3 tecnol\u00f2gica i ambiental a trav\u00e9s de la transfer\u00e8ncia del coneixement que es genera al campus. I, a m\u00e9s t\u00e9 un valor afegit, \u201cja que la C\u00e0tedra contribueix a enfortir el vincle entre la Universitat i el teixit productiu i social i apostar per la formaci\u00f3 i la<br>investigaci\u00f3 com a base de la competitivitat\u201d. Finalment, ha destacat la<br>traject\u00f2ria cient\u00edfica dels grups d&#8217;investigaci\u00f3 vinculats a aquest \u00e0mbit de<br>coneixement i ha agra\u00eft la confian\u00e7a depositada en la seua experi\u00e8ncia.<\/p>\n\n\n\n<p><br>Cal assenyalar que la c\u00e0tedra t\u00e9 com a objectius generals el foment de la doc\u00e8ncia, la investigaci\u00f3, la difusi\u00f3 del coneixement i la innovaci\u00f3 en el sector de gesti\u00f3 i tractament de residus s\u00f2lids urbans. A m\u00e9s de les activitats d&#8217;inter\u00e9s general, com a organitzaci\u00f3 de jornades, congressos o confer\u00e8ncies, el conveni de renovaci\u00f3 de la c\u00e0tedra contempla el desenvolupament de dos projectes d&#8217;investigaci\u00f3: un sobre el control de contaminants org\u00e0nics en les aig\u00fces de l&#8217;entorn de la planta que executar\u00e0 l&#8217;Institut Universitari de Plaguicides i Aig\u00fces i un altre sobre estudi de millores t\u00e8cniques en la planta de tractament mec\u00e0nic-biol\u00f2gic de&nbsp;Reciplasa, que dur\u00e0 a terme el Grup d&#8217;Investigaci\u00f3 en Enginyeria de Residus (INGRES).<\/p>\n\n\n\n<p><br>A l&#8217;acte tamb\u00e9 han assistit David Cabedo, Vicerector d&#8217;Innovaci\u00f3, Transfer\u00e8ncia i&nbsp;Divulgac\u00f3n&nbsp;Cient\u00edfica; Jes\u00fas Lancis, Vicerector d&#8217;Investigaci\u00f3; Fernando Albarr\u00e1n, director t\u00e8cnic de&nbsp;Reciplasa; F\u00e9lix Hern\u00e1ndez, director de la C\u00e0tedra; i Antonio Gallardo, responsable del grup d&#8217;investigaci\u00f3&nbsp;INGRES.<\/p>\n\n\n\n<p><br><strong>Novetats de 2025<\/strong><\/p>\n\n\n\n<p>Cal ressaltar que&nbsp;Reciplasa&nbsp;ha incrementat la seua aportaci\u00f3 a la C\u00e0tedra fins a 50.000\u20ac anuals. Gr\u00e0cies a aquesta major dotaci\u00f3, es podran abordar nous projectes i activitats, entre els quals destaca la col\u00b7laboraci\u00f3 amb \u2018UJI&nbsp;Robotics&nbsp;Team\u2019, grup integrat per estudiants d&#8217;Enginyeria d&#8217;Intel\u00b7lig\u00e8ncia Rob\u00f2tica de l&#8217;UJI. La col\u00b7laboraci\u00f3 de la C\u00e0tedra es dirigir\u00e0 a finan\u00e7ar un projecte per al desenvolupament d&#8217;un catamar\u00e0 teledirigit per a la recol\u00b7lecci\u00f3 de residus s\u00f2lids en les aig\u00fces del Port de Castell\u00f3. Una activitat que promou la innovaci\u00f3 tecnol\u00f2gica dels sistemes de neteja i millora del medi ambient, i que posa en valor la generaci\u00f3 de noves idees i tecnologies en l&#8217;\u00e0mbit d&#8217;actuaci\u00f3 de la C\u00e0tedra.<\/p>\n\n\n\n<p><br>A m\u00e9s, la C\u00e0tedra continuar\u00e0 amb activitats ja consolidades com s\u00f3n els premis a millor&nbsp;TFG&nbsp;i&nbsp;TFM&nbsp;per a l&#8217;estudiantat de l&#8217;UJI, el concurs \u00abQu\u00e8&nbsp;fem&nbsp;amb&nbsp;el&nbsp;fem?\u00bb&nbsp;per a estudiants no universitaris, en el qual s&#8217;incorporar\u00e0 una nova categoria corresponent a treballs realitzats per alumnat d&#8217;FP superior, aix\u00ed com col\u00b7laboracions amb entitats que advoquen per una gesti\u00f3 m\u00e9s responsable dels residus urbans i una major protecci\u00f3 del medi ambient. Finalment, cal recordar que la C\u00e0tedra continuar\u00e0 finan\u00e7ant dos projectes d&#8217;investigaci\u00f3 relacionats amb la qualitat de les aig\u00fces a l&#8217;entorn de la planta d&#8217;Onda i amb possibles millores en el tractament mec\u00e0nic-biol\u00f2gic de la planta.<strong><\/strong><\/p>\n\n\n\n<p>.<\/p>\n","protected":false},"excerpt":{"rendered":"<p>La C\u00e0tedra t\u00e9 com a objectius el foment de la doc\u00e8ncia, la investigaci\u00f3, la difusi\u00f3 del coneixement i la innovaci\u00f3 en el sector de la gesti\u00f3 i el tractament dels residus s\u00f2lids urbans. Castell\u00f3 (13-02-2025). \u2013 El president de&nbsp;Reciplasa, Sergio Toledo, i la rectora de la Universitat Jaume I, Eva Alc\u00f3n, han signat la renovaci\u00f3Dale que hay m\u00e1s &#8230;<\/p>\n","protected":false},"author":13,"featured_media":0,"comment_status":"closed","ping_status":"closed","sticky":false,"template":"","format":"standard","meta":{"footnotes":""},"categories":[2],"tags":[],"class_list":["post-16655","post","type-post","status-publish","format-standard","hentry","category-sin-categorizar"],"yoast_head":"<!-- This site is optimized with the Yoast SEO plugin v27.4 - https:\/\/yoast.com\/product\/yoast-seo-wordpress\/ -->\n<title>Reciplasa i l&#039;UJI renoven el conveni trianual de la C\u00e0tedra de Gesti\u00f3 de Residus Urbans - RECIPLASA<\/title>\n<meta name=\"description\" content=\"La C\u00e0tedra t\u00e9 com a objectius el foment de la doc\u00e8ncia, la investigaci\u00f3, la difusi\u00f3 del coneixement i la innovaci\u00f3 en el sector de la gesti\u00f3 i el tractament dels residus s\u00f2lids urbans.\" \/>\n<meta name=\"robots\" content=\"index, follow, max-snippet:-1, max-image-preview:large, max-video-preview:-1\" \/>\n<link rel=\"canonical\" href=\"https:\/\/www.reciplasa.es\/va\/reciplasa-i-luji-renoven-el-conveni-trianual-de-la-catedra-de-gestio-de-residus-urbans\/\" \/>\n<meta property=\"og:locale\" content=\"en_US\" \/>\n<meta property=\"og:type\" content=\"article\" \/>\n<meta property=\"og:title\" content=\"Reciplasa i l&#039;UJI renoven el conveni trianual de la C\u00e0tedra de Gesti\u00f3 de Residus Urbans - RECIPLASA\" \/>\n<meta property=\"og:description\" content=\"La C\u00e0tedra t\u00e9 com a objectius el foment de la doc\u00e8ncia, la investigaci\u00f3, la difusi\u00f3 del coneixement i la innovaci\u00f3 en el sector de la gesti\u00f3 i el tractament dels residus s\u00f2lids urbans.\" \/>\n<meta property=\"og:url\" content=\"https:\/\/www.reciplasa.es\/va\/reciplasa-i-luji-renoven-el-conveni-trianual-de-la-catedra-de-gestio-de-residus-urbans\/\" \/>\n<meta property=\"og:site_name\" content=\"RECIPLASA\" \/>\n<meta property=\"article:published_time\" content=\"2025-02-13T10:25:51+00:00\" \/>\n<meta property=\"article:modified_time\" content=\"2025-02-13T10:25:53+00:00\" \/>\n<meta name=\"author\" content=\"Sandra\" \/>\n<meta name=\"twitter:card\" content=\"summary_large_image\" \/>\n<meta name=\"twitter:label1\" content=\"Written by\" \/>\n\t<meta name=\"twitter:data1\" content=\"Sandra\" \/>\n\t<meta name=\"twitter:label2\" content=\"Est. reading time\" \/>\n\t<meta name=\"twitter:data2\" content=\"3 minutes\" \/>\n<script type=\"application\/ld+json\" class=\"yoast-schema-graph\">{\"@context\":\"https:\\\/\\\/schema.org\",\"@graph\":[{\"@type\":\"Article\",\"@id\":\"https:\\\/\\\/www.reciplasa.es\\\/va\\\/reciplasa-i-luji-renoven-el-conveni-trianual-de-la-catedra-de-gestio-de-residus-urbans\\\/#article\",\"isPartOf\":{\"@id\":\"https:\\\/\\\/www.reciplasa.es\\\/va\\\/reciplasa-i-luji-renoven-el-conveni-trianual-de-la-catedra-de-gestio-de-residus-urbans\\\/\"},\"author\":{\"name\":\"Sandra\",\"@id\":\"https:\\\/\\\/www.reciplasa.es\\\/#\\\/schema\\\/person\\\/15191934c9f5618dadb907c80c029c0b\"},\"headline\":\"Reciplasa i l&#8217;UJI renoven el conveni trianual de la C\u00e0tedra de Gesti\u00f3 de Residus Urbans\",\"datePublished\":\"2025-02-13T10:25:51+00:00\",\"dateModified\":\"2025-02-13T10:25:53+00:00\",\"mainEntityOfPage\":{\"@id\":\"https:\\\/\\\/www.reciplasa.es\\\/va\\\/reciplasa-i-luji-renoven-el-conveni-trianual-de-la-catedra-de-gestio-de-residus-urbans\\\/\"},\"wordCount\":846,\"articleSection\":[\"Catedra-Reciplasa-UJI\"],\"inLanguage\":\"va-VA\"},{\"@type\":\"WebPage\",\"@id\":\"https:\\\/\\\/www.reciplasa.es\\\/va\\\/reciplasa-i-luji-renoven-el-conveni-trianual-de-la-catedra-de-gestio-de-residus-urbans\\\/\",\"url\":\"https:\\\/\\\/www.reciplasa.es\\\/va\\\/reciplasa-i-luji-renoven-el-conveni-trianual-de-la-catedra-de-gestio-de-residus-urbans\\\/\",\"name\":\"Reciplasa i l'UJI renoven el conveni trianual de la C\u00e0tedra de Gesti\u00f3 de Residus Urbans - RECIPLASA\",\"isPartOf\":{\"@id\":\"https:\\\/\\\/www.reciplasa.es\\\/#website\"},\"datePublished\":\"2025-02-13T10:25:51+00:00\",\"dateModified\":\"2025-02-13T10:25:53+00:00\",\"author\":{\"@id\":\"https:\\\/\\\/www.reciplasa.es\\\/#\\\/schema\\\/person\\\/15191934c9f5618dadb907c80c029c0b\"},\"description\":\"La C\u00e0tedra t\u00e9 com a objectius el foment de la doc\u00e8ncia, la investigaci\u00f3, la difusi\u00f3 del coneixement i la innovaci\u00f3 en el sector de la gesti\u00f3 i el tractament dels residus s\u00f2lids urbans.\",\"breadcrumb\":{\"@id\":\"https:\\\/\\\/www.reciplasa.es\\\/va\\\/reciplasa-i-luji-renoven-el-conveni-trianual-de-la-catedra-de-gestio-de-residus-urbans\\\/#breadcrumb\"},\"inLanguage\":\"va-VA\",\"potentialAction\":[{\"@type\":\"ReadAction\",\"target\":[\"https:\\\/\\\/www.reciplasa.es\\\/va\\\/reciplasa-i-luji-renoven-el-conveni-trianual-de-la-catedra-de-gestio-de-residus-urbans\\\/\"]}]},{\"@type\":\"BreadcrumbList\",\"@id\":\"https:\\\/\\\/www.reciplasa.es\\\/va\\\/reciplasa-i-luji-renoven-el-conveni-trianual-de-la-catedra-de-gestio-de-residus-urbans\\\/#breadcrumb\",\"itemListElement\":[{\"@type\":\"ListItem\",\"position\":1,\"name\":\"Portada\",\"item\":\"https:\\\/\\\/www.reciplasa.es\\\/va\\\/\"},{\"@type\":\"ListItem\",\"position\":2,\"name\":\"Reciplasa i l&#8217;UJI renoven el conveni trianual de la C\u00e0tedra de Gesti\u00f3 de Residus Urbans\"}]},{\"@type\":\"WebSite\",\"@id\":\"https:\\\/\\\/www.reciplasa.es\\\/#website\",\"url\":\"https:\\\/\\\/www.reciplasa.es\\\/\",\"name\":\"RECIPLASA\",\"description\":\"Reciclats de Residus La Plana SA\",\"potentialAction\":[{\"@type\":\"SearchAction\",\"target\":{\"@type\":\"EntryPoint\",\"urlTemplate\":\"https:\\\/\\\/www.reciplasa.es\\\/?s={search_term_string}\"},\"query-input\":{\"@type\":\"PropertyValueSpecification\",\"valueRequired\":true,\"valueName\":\"search_term_string\"}}],\"inLanguage\":\"va-VA\"},{\"@type\":\"Person\",\"@id\":\"https:\\\/\\\/www.reciplasa.es\\\/#\\\/schema\\\/person\\\/15191934c9f5618dadb907c80c029c0b\",\"name\":\"Sandra\",\"image\":{\"@type\":\"ImageObject\",\"inLanguage\":\"va-VA\",\"@id\":\"https:\\\/\\\/secure.gravatar.com\\\/avatar\\\/605ca84bedd79915b697a46887df8ccd0249fb6f2a1bbcd0bfc66c91d997ae51?s=96&d=mm&r=g\",\"url\":\"https:\\\/\\\/secure.gravatar.com\\\/avatar\\\/605ca84bedd79915b697a46887df8ccd0249fb6f2a1bbcd0bfc66c91d997ae51?s=96&d=mm&r=g\",\"contentUrl\":\"https:\\\/\\\/secure.gravatar.com\\\/avatar\\\/605ca84bedd79915b697a46887df8ccd0249fb6f2a1bbcd0bfc66c91d997ae51?s=96&d=mm&r=g\",\"caption\":\"Sandra\"},\"url\":\"https:\\\/\\\/www.reciplasa.es\\\/va\\\/author\\\/sandra\\\/\"}]}<\/script>\n<!-- \/ Yoast SEO plugin. -->","yoast_head_json":{"title":"Reciplasa i l'UJI renoven el conveni trianual de la C\u00e0tedra de Gesti\u00f3 de Residus Urbans - RECIPLASA","description":"La C\u00e0tedra t\u00e9 com a objectius el foment de la doc\u00e8ncia, la investigaci\u00f3, la difusi\u00f3 del coneixement i la innovaci\u00f3 en el sector de la gesti\u00f3 i el tractament dels residus s\u00f2lids urbans.","robots":{"index":"index","follow":"follow","max-snippet":"max-snippet:-1","max-image-preview":"max-image-preview:large","max-video-preview":"max-video-preview:-1"},"canonical":"https:\/\/www.reciplasa.es\/va\/reciplasa-i-luji-renoven-el-conveni-trianual-de-la-catedra-de-gestio-de-residus-urbans\/","og_locale":"en_US","og_type":"article","og_title":"Reciplasa i l'UJI renoven el conveni trianual de la C\u00e0tedra de Gesti\u00f3 de Residus Urbans - RECIPLASA","og_description":"La C\u00e0tedra t\u00e9 com a objectius el foment de la doc\u00e8ncia, la investigaci\u00f3, la difusi\u00f3 del coneixement i la innovaci\u00f3 en el sector de la gesti\u00f3 i el tractament dels residus s\u00f2lids urbans.","og_url":"https:\/\/www.reciplasa.es\/va\/reciplasa-i-luji-renoven-el-conveni-trianual-de-la-catedra-de-gestio-de-residus-urbans\/","og_site_name":"RECIPLASA","article_published_time":"2025-02-13T10:25:51+00:00","article_modified_time":"2025-02-13T10:25:53+00:00","author":"Sandra","twitter_card":"summary_large_image","twitter_misc":{"Written by":"Sandra","Est. reading time":"3 minutes"},"schema":{"@context":"https:\/\/schema.org","@graph":[{"@type":"Article","@id":"https:\/\/www.reciplasa.es\/va\/reciplasa-i-luji-renoven-el-conveni-trianual-de-la-catedra-de-gestio-de-residus-urbans\/#article","isPartOf":{"@id":"https:\/\/www.reciplasa.es\/va\/reciplasa-i-luji-renoven-el-conveni-trianual-de-la-catedra-de-gestio-de-residus-urbans\/"},"author":{"name":"Sandra","@id":"https:\/\/www.reciplasa.es\/#\/schema\/person\/15191934c9f5618dadb907c80c029c0b"},"headline":"Reciplasa i l&#8217;UJI renoven el conveni trianual de la C\u00e0tedra de Gesti\u00f3 de Residus Urbans","datePublished":"2025-02-13T10:25:51+00:00","dateModified":"2025-02-13T10:25:53+00:00","mainEntityOfPage":{"@id":"https:\/\/www.reciplasa.es\/va\/reciplasa-i-luji-renoven-el-conveni-trianual-de-la-catedra-de-gestio-de-residus-urbans\/"},"wordCount":846,"articleSection":["Catedra-Reciplasa-UJI"],"inLanguage":"va-VA"},{"@type":"WebPage","@id":"https:\/\/www.reciplasa.es\/va\/reciplasa-i-luji-renoven-el-conveni-trianual-de-la-catedra-de-gestio-de-residus-urbans\/","url":"https:\/\/www.reciplasa.es\/va\/reciplasa-i-luji-renoven-el-conveni-trianual-de-la-catedra-de-gestio-de-residus-urbans\/","name":"Reciplasa i l'UJI renoven el conveni trianual de la C\u00e0tedra de Gesti\u00f3 de Residus Urbans - RECIPLASA","isPartOf":{"@id":"https:\/\/www.reciplasa.es\/#website"},"datePublished":"2025-02-13T10:25:51+00:00","dateModified":"2025-02-13T10:25:53+00:00","author":{"@id":"https:\/\/www.reciplasa.es\/#\/schema\/person\/15191934c9f5618dadb907c80c029c0b"},"description":"La C\u00e0tedra t\u00e9 com a objectius el foment de la doc\u00e8ncia, la investigaci\u00f3, la difusi\u00f3 del coneixement i la innovaci\u00f3 en el sector de la gesti\u00f3 i el tractament dels residus s\u00f2lids urbans.","breadcrumb":{"@id":"https:\/\/www.reciplasa.es\/va\/reciplasa-i-luji-renoven-el-conveni-trianual-de-la-catedra-de-gestio-de-residus-urbans\/#breadcrumb"},"inLanguage":"va-VA","potentialAction":[{"@type":"ReadAction","target":["https:\/\/www.reciplasa.es\/va\/reciplasa-i-luji-renoven-el-conveni-trianual-de-la-catedra-de-gestio-de-residus-urbans\/"]}]},{"@type":"BreadcrumbList","@id":"https:\/\/www.reciplasa.es\/va\/reciplasa-i-luji-renoven-el-conveni-trianual-de-la-catedra-de-gestio-de-residus-urbans\/#breadcrumb","itemListElement":[{"@type":"ListItem","position":1,"name":"Portada","item":"https:\/\/www.reciplasa.es\/va\/"},{"@type":"ListItem","position":2,"name":"Reciplasa i l&#8217;UJI renoven el conveni trianual de la C\u00e0tedra de Gesti\u00f3 de Residus Urbans"}]},{"@type":"WebSite","@id":"https:\/\/www.reciplasa.es\/#website","url":"https:\/\/www.reciplasa.es\/","name":"RECIPLASA","description":"Reciclats de Residus La Plana SA","potentialAction":[{"@type":"SearchAction","target":{"@type":"EntryPoint","urlTemplate":"https:\/\/www.reciplasa.es\/?s={search_term_string}"},"query-input":{"@type":"PropertyValueSpecification","valueRequired":true,"valueName":"search_term_string"}}],"inLanguage":"va-VA"},{"@type":"Person","@id":"https:\/\/www.reciplasa.es\/#\/schema\/person\/15191934c9f5618dadb907c80c029c0b","name":"Sandra","image":{"@type":"ImageObject","inLanguage":"va-VA","@id":"https:\/\/secure.gravatar.com\/avatar\/605ca84bedd79915b697a46887df8ccd0249fb6f2a1bbcd0bfc66c91d997ae51?s=96&d=mm&r=g","url":"https:\/\/secure.gravatar.com\/avatar\/605ca84bedd79915b697a46887df8ccd0249fb6f2a1bbcd0bfc66c91d997ae51?s=96&d=mm&r=g","contentUrl":"https:\/\/secure.gravatar.com\/avatar\/605ca84bedd79915b697a46887df8ccd0249fb6f2a1bbcd0bfc66c91d997ae51?s=96&d=mm&r=g","caption":"Sandra"},"url":"https:\/\/www.reciplasa.es\/va\/author\/sandra\/"}]}},"_links":{"self":[{"href":"https:\/\/www.reciplasa.es\/va\/wp-json\/wp\/v2\/posts\/16655","targetHints":{"allow":["GET"]}}],"collection":[{"href":"https:\/\/www.reciplasa.es\/va\/wp-json\/wp\/v2\/posts"}],"about":[{"href":"https:\/\/www.reciplasa.es\/va\/wp-json\/wp\/v2\/types\/post"}],"author":[{"embeddable":true,"href":"https:\/\/www.reciplasa.es\/va\/wp-json\/wp\/v2\/users\/13"}],"replies":[{"embeddable":true,"href":"https:\/\/www.reciplasa.es\/va\/wp-json\/wp\/v2\/comments?post=16655"}],"version-history":[{"count":1,"href":"https:\/\/www.reciplasa.es\/va\/wp-json\/wp\/v2\/posts\/16655\/revisions"}],"predecessor-version":[{"id":16656,"href":"https:\/\/www.reciplasa.es\/va\/wp-json\/wp\/v2\/posts\/16655\/revisions\/16656"}],"wp:attachment":[{"href":"https:\/\/www.reciplasa.es\/va\/wp-json\/wp\/v2\/media?parent=16655"}],"wp:term":[{"taxonomy":"category","embeddable":true,"href":"https:\/\/www.reciplasa.es\/va\/wp-json\/wp\/v2\/categories?post=16655"},{"taxonomy":"post_tag","embeddable":true,"href":"https:\/\/www.reciplasa.es\/va\/wp-json\/wp\/v2\/tags?post=16655"}],"curies":[{"name":"wp","href":"https:\/\/api.w.org\/{rel}","templated":true}]}}