{"id":16677,"date":"2025-03-03T09:57:58","date_gmt":"2025-03-03T09:57:58","guid":{"rendered":"https:\/\/www.reciplasa.es\/?p=16677\/"},"modified":"2025-03-03T09:57:59","modified_gmt":"2025-03-03T09:57:59","slug":"reciplasa-invertira-200-000-euros-en-proyectos-de-mejora-en-la-gestion-de-los-residuos-en-la-provincia","status":"publish","type":"post","link":"https:\/\/www.reciplasa.es\/va\/reciplasa-invertira-200-000-euros-en-proyectos-de-mejora-en-la-gestion-de-los-residuos-en-la-provincia\/","title":{"rendered":"Reciplasa invertir\u00e1 200.000 euros en proyectos de mejora en la gesti\u00f3n de los residuos en la provincia"},"content":{"rendered":"\n<p><em>La entidad p\u00fablica desarrollar\u00e1 a lo largo de este ejercicio propuestas de mejora en l\u2019Alcora, Benic\u00e0ssim, Betx\u00ed, Burriana, Castell\u00f3n y Onda<\/em><\/p>\n\n\n\n<p><strong>Castell\u00f3n (03-03-2025). \u2013 <\/strong>La empresa p\u00fablica para la gesti\u00f3n de residuos de la zona centro de la provincia de Castell\u00f3n, Reciplasa, invertir\u00e1 200.000 euros en proyectos de mejora en la gesti\u00f3n de los residuos que se llevar\u00e1n a cabo en varios de los municipios que conforman su Consejo de Administraci\u00f3n, en concreto en L\u2019Alcora, Benic\u00e0ssim, Betx\u00ed, Burriana, Castell\u00f3n y Onda.<\/p>\n\n\n\n<p>Tal y como ha explicado el presidente de la entidad, Sergio Toledo, \u201cadem\u00e1s del plan estrat\u00e9gico de mejora, cada a\u00f1o se apuesta por desarrollar acciones en aquellos municipios que forman parte del Consejo de Administraci\u00f3n que presentan proyectos concretos con el objetivo hacer nuestras ciudades cada d\u00eda m\u00e1s sostenibles y con mayores facilidades para que sus vecinos y vecinas incorporen el reciclaje a su d\u00eda a d\u00eda\u201d.<\/p>\n\n\n\n<p>En el caso del municipio de l\u2019Alcora, el proyecto de 2025 est\u00e1 enfocado la creaci\u00f3n de un riguroso estudio para la implementaci\u00f3n de la tasa de residuos en la localidad, que hasta el momento no estaba contemplada y que ahora se aplica siguiendo las directivas europeas. Para ello, Reciplasa invertir\u00e1 5.000 euros en la creaci\u00f3n de este estudio que permita a la localidad aplicar la tasa con una ordenanza fiscal que regule esta nueva obligaci\u00f3n.<\/p>\n\n\n\n<p>La ciudad de Benic\u00e0ssim, por su parte, dispone de 5.000 euros que desde el Ayuntamiento han decidido destinar a la ampliaci\u00f3n de los servicios de Ecom\u00f3vil en la zona sur del municipio. El Ayuntamiento, dentro de su apuesta por la educaci\u00f3n ambiental, y con el prop\u00f3sito de facilitar a los vecinos que puedan reciclar desde el origen de sus hogares incorporar\u00e1 este servicio en la zona meridional de la localidad.<\/p>\n\n\n\n<p>En Betx\u00ed, otra de las localidades en las que se apuesta por mejorar la eficacia, el proyecto consistir\u00e1 este 2025 en el suministro de 1.700 bolsas de compra reciclables y 1.500 bolsas de algod\u00f3n para ir a comprar el pan, con una inversi\u00f3n por parte de Reciplasa de 5.000 euros. Adem\u00e1s, habr\u00e1 acciones de educaci\u00f3n ambiental que acompa\u00f1en a esta campa\u00f1a.<\/p>\n\n\n\n<p>En Burriana por su parte, el montante de la aportaci\u00f3n de Reciplasa se eleva a 20.000 euros y servir\u00e1 para el mantenimiento y recogida de los cuatro mini ecoparques repartidos por el municipio, as\u00ed como las 12 papeleras de recogida selectiva de los colegios y los 20 contenedores de papel y cart\u00f3n adicionales a los que tiene el municipio.<\/p>\n\n\n\n<p>Por lo que respecta a Castell\u00f3n, el planteamiento cuenta con 107.500 euros de asignaci\u00f3n de Reciplasa y consiste en la contrataci\u00f3n de un servicio de asistencia t\u00e9cnica a una empresa en el estudio de la implantaci\u00f3n de una tasa por el servicio de recogida, acorde con la legislaci\u00f3n actual, as\u00ed como la adquisici\u00f3n de dos veh\u00edculos para la inspecci\u00f3n y vigilancia y recogida de residuos en el t\u00e9rmino municipal.<\/p>\n\n\n\n<p>Por \u00faltimo, Onda contar\u00e1 con 15.000 euros que servir\u00e1n para completar el proyecto de adquisici\u00f3n de 10 contenedores adaptados para personas con distinta movilidad y ubicarlos en puntos estrat\u00e9gicos de la ciudad.<\/p>\n\n\n\n<p>Toledo ha puesto de manifiesto el \u201cimportante compromiso por la gesti\u00f3n eficaz de los residuos en el \u00e1rea de influencia\u201d de Reciplasa. El objetivo es \u201cintegrar los mejores sistemas para el tratamiento de los residuos para conseguir una provincia m\u00e1s verde, m\u00e1s eficaz y m\u00e1s sostenible\u201d. Tanto es as\u00ed que Toledo se ha referido a que \u201ctodos los esfuerzos van encaminados hacia un futuro mejor y cada euro que se invierte tiene un retorno en la provincia y su calidad de vida\u201d.<\/p>\n\n\n\n<p>Hay que tener en cuenta, que en el caso de Vila-real y Almassora, no se ha presentado ning\u00fan proyecto para este a\u00f1o 2025, porque sus ayuntamientos deciden acumular las convocatorias 2023, 2024 y 2025 en el caso de Vila-real, y 2024, 2025 y 2026 para Almassora en sendos proyectos de estas localidades.<\/p>\n\n\n\n<p><strong>21,8 millones de presupuesto para 2025<\/strong><\/p>\n\n\n\n<p>Cabe recordar que Reciplasa dispone de un presupuesto de 21.840.797 euros este<\/p>\n\n\n\n<p>2025, que se destinar\u00e1n a la gesti\u00f3n y tratamiento de los residuos de los municipios<\/p>\n\n\n\n<p>que forman parte de la entidad este ejercicio.<\/p>\n\n\n\n<p>Un presupuesto ajustado a la realidad de la provincia y que buscan la eficacia m\u00e1xima en el tratamiento de residuos.<\/p>\n","protected":false},"excerpt":{"rendered":"<p>La entidad p\u00fablica desarrollar\u00e1 a lo largo de este ejercicio propuestas de mejora en l\u2019Alcora, Benic\u00e0ssim, Betx\u00ed, Burriana, Castell\u00f3n y Onda Castell\u00f3n (03-03-2025). \u2013 La empresa p\u00fablica para la gesti\u00f3n de residuos de la zona centro de la provincia de Castell\u00f3n, Reciplasa, invertir\u00e1 200.000 euros en proyectos de mejora en la gesti\u00f3n de los residuosDale que hay m\u00e1s &#8230;<\/p>\n","protected":false},"author":13,"featured_media":16678,"comment_status":"closed","ping_status":"closed","sticky":false,"template":"","format":"standard","meta":{"footnotes":""},"categories":[3],"tags":[],"class_list":["post-16677","post","type-post","status-publish","format-standard","has-post-thumbnail","hentry","category-noticias-corporativas"],"yoast_head":"<!-- This site is optimized with the Yoast SEO plugin v27.4 - https:\/\/yoast.com\/product\/yoast-seo-wordpress\/ -->\n<title>Reciplasa invertir\u00e1 200.000 euros en proyectos de mejora en la gesti\u00f3n de los residuos en la provincia - RECIPLASA<\/title>\n<meta name=\"robots\" content=\"index, follow, max-snippet:-1, max-image-preview:large, max-video-preview:-1\" \/>\n<link rel=\"canonical\" href=\"https:\/\/www.reciplasa.es\/reciplasa-invertira-200-000-euros-en-proyectos-de-mejora-en-la-gestion-de-los-residuos-en-la-provincia\/\" \/>\n<meta property=\"og:locale\" content=\"en_US\" \/>\n<meta property=\"og:type\" content=\"article\" \/>\n<meta property=\"og:title\" content=\"Reciplasa invertir\u00e1 200.000 euros en proyectos de mejora en la gesti\u00f3n de los residuos en la provincia - RECIPLASA\" \/>\n<meta property=\"og:description\" content=\"La entidad p\u00fablica desarrollar\u00e1 a lo largo de este ejercicio propuestas de mejora en l\u2019Alcora, Benic\u00e0ssim, Betx\u00ed, Burriana, Castell\u00f3n y Onda Castell\u00f3n (03-03-2025). \u2013 La empresa p\u00fablica para la gesti\u00f3n de residuos de la zona centro de la provincia de Castell\u00f3n, Reciplasa, invertir\u00e1 200.000 euros en proyectos de mejora en la gesti\u00f3n de los residuosDale que hay m\u00e1s ...\" \/>\n<meta property=\"og:url\" content=\"https:\/\/www.reciplasa.es\/reciplasa-invertira-200-000-euros-en-proyectos-de-mejora-en-la-gestion-de-los-residuos-en-la-provincia\/\" \/>\n<meta property=\"og:site_name\" content=\"RECIPLASA\" \/>\n<meta property=\"article:published_time\" content=\"2025-03-03T09:57:58+00:00\" \/>\n<meta property=\"article:modified_time\" content=\"2025-03-03T09:57:59+00:00\" \/>\n<meta property=\"og:image\" content=\"https:\/\/www.reciplasa.es\/wp-content\/uploads\/2025\/03\/Sergio-Toledo-y-Fernando-Albarran-Reciplasa.jpeg\" \/>\n\t<meta property=\"og:image:width\" content=\"1600\" \/>\n\t<meta property=\"og:image:height\" content=\"1066\" \/>\n\t<meta property=\"og:image:type\" content=\"image\/jpeg\" \/>\n<meta name=\"author\" content=\"Sandra\" \/>\n<meta name=\"twitter:card\" content=\"summary_large_image\" \/>\n<meta name=\"twitter:label1\" content=\"Written by\" \/>\n\t<meta name=\"twitter:data1\" content=\"Sandra\" \/>\n\t<meta name=\"twitter:label2\" content=\"Est. reading time\" \/>\n\t<meta name=\"twitter:data2\" content=\"4 minutes\" \/>\n<script type=\"application\/ld+json\" class=\"yoast-schema-graph\">{\"@context\":\"https:\\\/\\\/schema.org\",\"@graph\":[{\"@type\":\"Article\",\"@id\":\"https:\\\/\\\/www.reciplasa.es\\\/reciplasa-invertira-200-000-euros-en-proyectos-de-mejora-en-la-gestion-de-los-residuos-en-la-provincia\\\/#article\",\"isPartOf\":{\"@id\":\"https:\\\/\\\/www.reciplasa.es\\\/reciplasa-invertira-200-000-euros-en-proyectos-de-mejora-en-la-gestion-de-los-residuos-en-la-provincia\\\/\"},\"author\":{\"name\":\"Sandra\",\"@id\":\"https:\\\/\\\/www.reciplasa.es\\\/#\\\/schema\\\/person\\\/15191934c9f5618dadb907c80c029c0b\"},\"headline\":\"Reciplasa invertir\u00e1 200.000 euros en proyectos de mejora en la gesti\u00f3n de los residuos en la provincia\",\"datePublished\":\"2025-03-03T09:57:58+00:00\",\"dateModified\":\"2025-03-03T09:57:59+00:00\",\"mainEntityOfPage\":{\"@id\":\"https:\\\/\\\/www.reciplasa.es\\\/reciplasa-invertira-200-000-euros-en-proyectos-de-mejora-en-la-gestion-de-los-residuos-en-la-provincia\\\/\"},\"wordCount\":763,\"image\":{\"@id\":\"https:\\\/\\\/www.reciplasa.es\\\/reciplasa-invertira-200-000-euros-en-proyectos-de-mejora-en-la-gestion-de-los-residuos-en-la-provincia\\\/#primaryimage\"},\"thumbnailUrl\":\"https:\\\/\\\/www.reciplasa.es\\\/wp-content\\\/uploads\\\/2025\\\/03\\\/Sergio-Toledo-y-Fernando-Albarran-Reciplasa.jpeg\",\"articleSection\":[\"Noticias corporativas\"],\"inLanguage\":\"va-VA\"},{\"@type\":\"WebPage\",\"@id\":\"https:\\\/\\\/www.reciplasa.es\\\/reciplasa-invertira-200-000-euros-en-proyectos-de-mejora-en-la-gestion-de-los-residuos-en-la-provincia\\\/\",\"url\":\"https:\\\/\\\/www.reciplasa.es\\\/reciplasa-invertira-200-000-euros-en-proyectos-de-mejora-en-la-gestion-de-los-residuos-en-la-provincia\\\/\",\"name\":\"Reciplasa invertir\u00e1 200.000 euros en proyectos de mejora en la gesti\u00f3n de los residuos en la provincia - RECIPLASA\",\"isPartOf\":{\"@id\":\"https:\\\/\\\/www.reciplasa.es\\\/#website\"},\"primaryImageOfPage\":{\"@id\":\"https:\\\/\\\/www.reciplasa.es\\\/reciplasa-invertira-200-000-euros-en-proyectos-de-mejora-en-la-gestion-de-los-residuos-en-la-provincia\\\/#primaryimage\"},\"image\":{\"@id\":\"https:\\\/\\\/www.reciplasa.es\\\/reciplasa-invertira-200-000-euros-en-proyectos-de-mejora-en-la-gestion-de-los-residuos-en-la-provincia\\\/#primaryimage\"},\"thumbnailUrl\":\"https:\\\/\\\/www.reciplasa.es\\\/wp-content\\\/uploads\\\/2025\\\/03\\\/Sergio-Toledo-y-Fernando-Albarran-Reciplasa.jpeg\",\"datePublished\":\"2025-03-03T09:57:58+00:00\",\"dateModified\":\"2025-03-03T09:57:59+00:00\",\"author\":{\"@id\":\"https:\\\/\\\/www.reciplasa.es\\\/#\\\/schema\\\/person\\\/15191934c9f5618dadb907c80c029c0b\"},\"breadcrumb\":{\"@id\":\"https:\\\/\\\/www.reciplasa.es\\\/reciplasa-invertira-200-000-euros-en-proyectos-de-mejora-en-la-gestion-de-los-residuos-en-la-provincia\\\/#breadcrumb\"},\"inLanguage\":\"va-VA\",\"potentialAction\":[{\"@type\":\"ReadAction\",\"target\":[\"https:\\\/\\\/www.reciplasa.es\\\/reciplasa-invertira-200-000-euros-en-proyectos-de-mejora-en-la-gestion-de-los-residuos-en-la-provincia\\\/\"]}]},{\"@type\":\"ImageObject\",\"inLanguage\":\"va-VA\",\"@id\":\"https:\\\/\\\/www.reciplasa.es\\\/reciplasa-invertira-200-000-euros-en-proyectos-de-mejora-en-la-gestion-de-los-residuos-en-la-provincia\\\/#primaryimage\",\"url\":\"https:\\\/\\\/www.reciplasa.es\\\/wp-content\\\/uploads\\\/2025\\\/03\\\/Sergio-Toledo-y-Fernando-Albarran-Reciplasa.jpeg\",\"contentUrl\":\"https:\\\/\\\/www.reciplasa.es\\\/wp-content\\\/uploads\\\/2025\\\/03\\\/Sergio-Toledo-y-Fernando-Albarran-Reciplasa.jpeg\",\"width\":1600,\"height\":1066},{\"@type\":\"BreadcrumbList\",\"@id\":\"https:\\\/\\\/www.reciplasa.es\\\/reciplasa-invertira-200-000-euros-en-proyectos-de-mejora-en-la-gestion-de-los-residuos-en-la-provincia\\\/#breadcrumb\",\"itemListElement\":[{\"@type\":\"ListItem\",\"position\":1,\"name\":\"Portada\",\"item\":\"https:\\\/\\\/www.reciplasa.es\\\/va\\\/\"},{\"@type\":\"ListItem\",\"position\":2,\"name\":\"Reciplasa invertir\u00e1 200.000 euros en proyectos de mejora en la gesti\u00f3n de los residuos en la provincia\"}]},{\"@type\":\"WebSite\",\"@id\":\"https:\\\/\\\/www.reciplasa.es\\\/#website\",\"url\":\"https:\\\/\\\/www.reciplasa.es\\\/\",\"name\":\"RECIPLASA\",\"description\":\"Reciclats de Residus La Plana SA\",\"potentialAction\":[{\"@type\":\"SearchAction\",\"target\":{\"@type\":\"EntryPoint\",\"urlTemplate\":\"https:\\\/\\\/www.reciplasa.es\\\/?s={search_term_string}\"},\"query-input\":{\"@type\":\"PropertyValueSpecification\",\"valueRequired\":true,\"valueName\":\"search_term_string\"}}],\"inLanguage\":\"va-VA\"},{\"@type\":\"Person\",\"@id\":\"https:\\\/\\\/www.reciplasa.es\\\/#\\\/schema\\\/person\\\/15191934c9f5618dadb907c80c029c0b\",\"name\":\"Sandra\",\"image\":{\"@type\":\"ImageObject\",\"inLanguage\":\"va-VA\",\"@id\":\"https:\\\/\\\/secure.gravatar.com\\\/avatar\\\/605ca84bedd79915b697a46887df8ccd0249fb6f2a1bbcd0bfc66c91d997ae51?s=96&d=mm&r=g\",\"url\":\"https:\\\/\\\/secure.gravatar.com\\\/avatar\\\/605ca84bedd79915b697a46887df8ccd0249fb6f2a1bbcd0bfc66c91d997ae51?s=96&d=mm&r=g\",\"contentUrl\":\"https:\\\/\\\/secure.gravatar.com\\\/avatar\\\/605ca84bedd79915b697a46887df8ccd0249fb6f2a1bbcd0bfc66c91d997ae51?s=96&d=mm&r=g\",\"caption\":\"Sandra\"},\"url\":\"https:\\\/\\\/www.reciplasa.es\\\/va\\\/author\\\/sandra\\\/\"}]}<\/script>\n<!-- \/ Yoast SEO plugin. -->","yoast_head_json":{"title":"Reciplasa invertir\u00e1 200.000 euros en proyectos de mejora en la gesti\u00f3n de los residuos en la provincia - RECIPLASA","robots":{"index":"index","follow":"follow","max-snippet":"max-snippet:-1","max-image-preview":"max-image-preview:large","max-video-preview":"max-video-preview:-1"},"canonical":"https:\/\/www.reciplasa.es\/reciplasa-invertira-200-000-euros-en-proyectos-de-mejora-en-la-gestion-de-los-residuos-en-la-provincia\/","og_locale":"en_US","og_type":"article","og_title":"Reciplasa invertir\u00e1 200.000 euros en proyectos de mejora en la gesti\u00f3n de los residuos en la provincia - RECIPLASA","og_description":"La entidad p\u00fablica desarrollar\u00e1 a lo largo de este ejercicio propuestas de mejora en l\u2019Alcora, Benic\u00e0ssim, Betx\u00ed, Burriana, Castell\u00f3n y Onda Castell\u00f3n (03-03-2025). \u2013 La empresa p\u00fablica para la gesti\u00f3n de residuos de la zona centro de la provincia de Castell\u00f3n, Reciplasa, invertir\u00e1 200.000 euros en proyectos de mejora en la gesti\u00f3n de los residuosDale que hay m\u00e1s ...","og_url":"https:\/\/www.reciplasa.es\/reciplasa-invertira-200-000-euros-en-proyectos-de-mejora-en-la-gestion-de-los-residuos-en-la-provincia\/","og_site_name":"RECIPLASA","article_published_time":"2025-03-03T09:57:58+00:00","article_modified_time":"2025-03-03T09:57:59+00:00","og_image":[{"width":1600,"height":1066,"url":"https:\/\/www.reciplasa.es\/wp-content\/uploads\/2025\/03\/Sergio-Toledo-y-Fernando-Albarran-Reciplasa.jpeg","type":"image\/jpeg"}],"author":"Sandra","twitter_card":"summary_large_image","twitter_misc":{"Written by":"Sandra","Est. reading time":"4 minutes"},"schema":{"@context":"https:\/\/schema.org","@graph":[{"@type":"Article","@id":"https:\/\/www.reciplasa.es\/reciplasa-invertira-200-000-euros-en-proyectos-de-mejora-en-la-gestion-de-los-residuos-en-la-provincia\/#article","isPartOf":{"@id":"https:\/\/www.reciplasa.es\/reciplasa-invertira-200-000-euros-en-proyectos-de-mejora-en-la-gestion-de-los-residuos-en-la-provincia\/"},"author":{"name":"Sandra","@id":"https:\/\/www.reciplasa.es\/#\/schema\/person\/15191934c9f5618dadb907c80c029c0b"},"headline":"Reciplasa invertir\u00e1 200.000 euros en proyectos de mejora en la gesti\u00f3n de los residuos en la provincia","datePublished":"2025-03-03T09:57:58+00:00","dateModified":"2025-03-03T09:57:59+00:00","mainEntityOfPage":{"@id":"https:\/\/www.reciplasa.es\/reciplasa-invertira-200-000-euros-en-proyectos-de-mejora-en-la-gestion-de-los-residuos-en-la-provincia\/"},"wordCount":763,"image":{"@id":"https:\/\/www.reciplasa.es\/reciplasa-invertira-200-000-euros-en-proyectos-de-mejora-en-la-gestion-de-los-residuos-en-la-provincia\/#primaryimage"},"thumbnailUrl":"https:\/\/www.reciplasa.es\/wp-content\/uploads\/2025\/03\/Sergio-Toledo-y-Fernando-Albarran-Reciplasa.jpeg","articleSection":["Noticias corporativas"],"inLanguage":"va-VA"},{"@type":"WebPage","@id":"https:\/\/www.reciplasa.es\/reciplasa-invertira-200-000-euros-en-proyectos-de-mejora-en-la-gestion-de-los-residuos-en-la-provincia\/","url":"https:\/\/www.reciplasa.es\/reciplasa-invertira-200-000-euros-en-proyectos-de-mejora-en-la-gestion-de-los-residuos-en-la-provincia\/","name":"Reciplasa invertir\u00e1 200.000 euros en proyectos de mejora en la gesti\u00f3n de los residuos en la provincia - RECIPLASA","isPartOf":{"@id":"https:\/\/www.reciplasa.es\/#website"},"primaryImageOfPage":{"@id":"https:\/\/www.reciplasa.es\/reciplasa-invertira-200-000-euros-en-proyectos-de-mejora-en-la-gestion-de-los-residuos-en-la-provincia\/#primaryimage"},"image":{"@id":"https:\/\/www.reciplasa.es\/reciplasa-invertira-200-000-euros-en-proyectos-de-mejora-en-la-gestion-de-los-residuos-en-la-provincia\/#primaryimage"},"thumbnailUrl":"https:\/\/www.reciplasa.es\/wp-content\/uploads\/2025\/03\/Sergio-Toledo-y-Fernando-Albarran-Reciplasa.jpeg","datePublished":"2025-03-03T09:57:58+00:00","dateModified":"2025-03-03T09:57:59+00:00","author":{"@id":"https:\/\/www.reciplasa.es\/#\/schema\/person\/15191934c9f5618dadb907c80c029c0b"},"breadcrumb":{"@id":"https:\/\/www.reciplasa.es\/reciplasa-invertira-200-000-euros-en-proyectos-de-mejora-en-la-gestion-de-los-residuos-en-la-provincia\/#breadcrumb"},"inLanguage":"va-VA","potentialAction":[{"@type":"ReadAction","target":["https:\/\/www.reciplasa.es\/reciplasa-invertira-200-000-euros-en-proyectos-de-mejora-en-la-gestion-de-los-residuos-en-la-provincia\/"]}]},{"@type":"ImageObject","inLanguage":"va-VA","@id":"https:\/\/www.reciplasa.es\/reciplasa-invertira-200-000-euros-en-proyectos-de-mejora-en-la-gestion-de-los-residuos-en-la-provincia\/#primaryimage","url":"https:\/\/www.reciplasa.es\/wp-content\/uploads\/2025\/03\/Sergio-Toledo-y-Fernando-Albarran-Reciplasa.jpeg","contentUrl":"https:\/\/www.reciplasa.es\/wp-content\/uploads\/2025\/03\/Sergio-Toledo-y-Fernando-Albarran-Reciplasa.jpeg","width":1600,"height":1066},{"@type":"BreadcrumbList","@id":"https:\/\/www.reciplasa.es\/reciplasa-invertira-200-000-euros-en-proyectos-de-mejora-en-la-gestion-de-los-residuos-en-la-provincia\/#breadcrumb","itemListElement":[{"@type":"ListItem","position":1,"name":"Portada","item":"https:\/\/www.reciplasa.es\/va\/"},{"@type":"ListItem","position":2,"name":"Reciplasa invertir\u00e1 200.000 euros en proyectos de mejora en la gesti\u00f3n de los residuos en la provincia"}]},{"@type":"WebSite","@id":"https:\/\/www.reciplasa.es\/#website","url":"https:\/\/www.reciplasa.es\/","name":"RECIPLASA","description":"Reciclats de Residus La Plana SA","potentialAction":[{"@type":"SearchAction","target":{"@type":"EntryPoint","urlTemplate":"https:\/\/www.reciplasa.es\/?s={search_term_string}"},"query-input":{"@type":"PropertyValueSpecification","valueRequired":true,"valueName":"search_term_string"}}],"inLanguage":"va-VA"},{"@type":"Person","@id":"https:\/\/www.reciplasa.es\/#\/schema\/person\/15191934c9f5618dadb907c80c029c0b","name":"Sandra","image":{"@type":"ImageObject","inLanguage":"va-VA","@id":"https:\/\/secure.gravatar.com\/avatar\/605ca84bedd79915b697a46887df8ccd0249fb6f2a1bbcd0bfc66c91d997ae51?s=96&d=mm&r=g","url":"https:\/\/secure.gravatar.com\/avatar\/605ca84bedd79915b697a46887df8ccd0249fb6f2a1bbcd0bfc66c91d997ae51?s=96&d=mm&r=g","contentUrl":"https:\/\/secure.gravatar.com\/avatar\/605ca84bedd79915b697a46887df8ccd0249fb6f2a1bbcd0bfc66c91d997ae51?s=96&d=mm&r=g","caption":"Sandra"},"url":"https:\/\/www.reciplasa.es\/va\/author\/sandra\/"}]}},"_links":{"self":[{"href":"https:\/\/www.reciplasa.es\/va\/wp-json\/wp\/v2\/posts\/16677","targetHints":{"allow":["GET"]}}],"collection":[{"href":"https:\/\/www.reciplasa.es\/va\/wp-json\/wp\/v2\/posts"}],"about":[{"href":"https:\/\/www.reciplasa.es\/va\/wp-json\/wp\/v2\/types\/post"}],"author":[{"embeddable":true,"href":"https:\/\/www.reciplasa.es\/va\/wp-json\/wp\/v2\/users\/13"}],"replies":[{"embeddable":true,"href":"https:\/\/www.reciplasa.es\/va\/wp-json\/wp\/v2\/comments?post=16677"}],"version-history":[{"count":1,"href":"https:\/\/www.reciplasa.es\/va\/wp-json\/wp\/v2\/posts\/16677\/revisions"}],"predecessor-version":[{"id":16682,"href":"https:\/\/www.reciplasa.es\/va\/wp-json\/wp\/v2\/posts\/16677\/revisions\/16682"}],"wp:featuredmedia":[{"embeddable":true,"href":"https:\/\/www.reciplasa.es\/va\/wp-json\/wp\/v2\/media\/16678"}],"wp:attachment":[{"href":"https:\/\/www.reciplasa.es\/va\/wp-json\/wp\/v2\/media?parent=16677"}],"wp:term":[{"taxonomy":"category","embeddable":true,"href":"https:\/\/www.reciplasa.es\/va\/wp-json\/wp\/v2\/categories?post=16677"},{"taxonomy":"post_tag","embeddable":true,"href":"https:\/\/www.reciplasa.es\/va\/wp-json\/wp\/v2\/tags?post=16677"}],"curies":[{"name":"wp","href":"https:\/\/api.w.org\/{rel}","templated":true}]}}