{"id":16679,"date":"2025-03-03T09:52:36","date_gmt":"2025-03-03T09:52:36","guid":{"rendered":"https:\/\/www.reciplasa.es\/?p=16679\/"},"modified":"2025-03-03T09:56:24","modified_gmt":"2025-03-03T09:56:24","slug":"reciplasa-invertira-200-000-euros-en-projectes-de-millora-en-la-gestio-dels-residus-a-la-provincia","status":"publish","type":"post","link":"https:\/\/www.reciplasa.es\/va\/reciplasa-invertira-200-000-euros-en-projectes-de-millora-en-la-gestio-dels-residus-a-la-provincia\/","title":{"rendered":"Reciplasa invertir\u00e0 200.000 euros en projectes de millora en la gesti\u00f3 dels residus a la prov\u00edncia"},"content":{"rendered":"\n<p><em>L&#8217;entitat p\u00fablica desenvolupar\u00e0 al llarg d&#8217;aquest exercici proposades de millora a l&#8217;Alcora, Benic\u00e0ssim, Betx\u00ed, Borriana, Castell\u00f3 i Onda<\/em><\/p>\n\n\n\n<p><strong>Castell\u00f3 (03-03-2025). \u2013 <\/strong>L&#8217;empresa p\u00fablica per a la gesti\u00f3 de residus de la zona centre de la prov\u00edncia de Castell\u00f3,&nbsp;Reciplasa, invertir\u00e0 200.000 euros en projectes de millora en la gesti\u00f3 dels residus que es duran a terme en diversos dels municipis que conformen el seu Consell d&#8217;Administraci\u00f3, en concret a L&#8217;Alcora, Benic\u00e0ssim, Betx\u00ed, Borriana, Castell\u00f3 i Onda.<\/p>\n\n\n\n<p><br>Tal com ha explicat el president de l&#8217;entitat, Sergio Toledo, \u201ca m\u00e9s del pla estrat\u00e8gic de millora, cada any s&#8217;aposta per desenvolupar accions en aquells municipis que formen part del Consell d&#8217;Administraci\u00f3 que presenten projectes concrets amb l&#8217;objectiu fer les nostres ciutats cada dia m\u00e9s sostenibles i amb majors facilitats perqu\u00e8 els seus ve\u00efns i ve\u00efnes incorporen el reciclatge al seu dia a dia\u201d.<\/p>\n\n\n\n<p><br>En el cas del municipi de l&#8217;Alcora, el projecte de 2025 est\u00e0 enfocat la creaci\u00f3 d&#8217;un rigor\u00f3s estudi per a la implementaci\u00f3 de la taxa de residus en la localitat, que fins al moment no estava contemplada i que ara s&#8217;aplica seguint les directives europees. Per a aix\u00f2,&nbsp;Reciplasa&nbsp;invertir\u00e0 5.000 euros en la creaci\u00f3 d&#8217;aquest estudi que permeta a la localitat aplicar la taxa amb una ordenan\u00e7a fiscal que regule aquesta nova obligaci\u00f3.<\/p>\n\n\n\n<p><br>La ciutat de Benic\u00e0ssim, per part seua, disposa de 5.000 euros que des de l&#8217;Ajuntament han decidit destinar a l&#8217;ampliaci\u00f3 dels serveis de&nbsp;Ecom\u00f3vil&nbsp;en la zona sud del municipi. L&#8217;Ajuntament, dins de la seua aposta per l&#8217;educaci\u00f3 ambiental, i amb el prop\u00f2sit de facilitar als ve\u00efns que puguen reciclar des de l&#8217;origen de les seues llars incorporar\u00e0 aquest servei en la zona meridional de la localitat.<\/p>\n\n\n\n<p><br>A Betx\u00ed, una altra de les localitats en les quals s&#8217;aposta per millorar l&#8217;efic\u00e0cia, el projecte consistir\u00e0 aquest 2025 en el subministrament de 1.700 bosses de compra reciclables i 1.500 bosses de cot\u00f3 per a anar a comprar el pa, amb una inversi\u00f3 per part de&nbsp;Reciplasa&nbsp;de 5.000 euros. A m\u00e9s, hi haur\u00e0 accions d&#8217;educaci\u00f3 ambiental que acompanyen a aquesta campanya.<\/p>\n\n\n\n<p><br>A Borriana per part seua, l&#8217;import de l&#8217;aportaci\u00f3 de&nbsp;Reciplasa&nbsp;s&#8217;eleva a 20.000 euros i servir\u00e0 per al manteniment i recollida dels quatre mini ecoparcs repartits pel municipi, aix\u00ed com les 12 papereres de recollida selectiva dels col\u00b7legis i els 20 contenidors de paper i cart\u00f3 addicionals als quals t\u00e9 el municipi.<\/p>\n\n\n\n<p><br>Pel que respecta a Castell\u00f3, el plantejament compta amb 107.500 euros d&#8217;assignaci\u00f3 de&nbsp;Reciplasa&nbsp;i consisteix en la contractaci\u00f3 d&#8217;un servei d&#8217;assist\u00e8ncia t\u00e8cnica a una empresa en l&#8217;estudi de la implantaci\u00f3 d&#8217;una taxa pel servei de recollida, d&#8217;acord amb la legislaci\u00f3 actual, aix\u00ed com l&#8217;adquisici\u00f3 de dos vehicles per a la inspecci\u00f3 i vigil\u00e0ncia i recollida de residus en el terme municipal.<\/p>\n\n\n\n<p><br>Finalment, Onda comptar\u00e0 amb 15.000 euros que serviran per a completar el projecte d&#8217;adquisici\u00f3 de 10 contenidors adaptats per a persones amb distinta mobilitat i situar-los en punts estrat\u00e8gics de la ciutat.<\/p>\n\n\n\n<p><br>Toledo ha posat de manifest el \u201cimportant comprom\u00eds per la gesti\u00f3 efica\u00e7 dels residus en l&#8217;\u00e0rea d&#8217;influ\u00e8ncia\u201d de&nbsp;Reciplasa. L&#8217;objectiu \u00e9s \u201cintegrar els millors sistemes per al tractament dels residus per a aconseguir una prov\u00edncia m\u00e9s verda, m\u00e9s efica\u00e7 i m\u00e9s sostenible\u201d. Tant \u00e9s aix\u00ed que Toledo s&#8217;ha referit al fet que \u201ctots els esfor\u00e7os van encaminats cap a un futur millor i cada euro que s&#8217;inverteix t\u00e9 un retorn a la prov\u00edncia i la seua qualitat de vida\u201d.<\/p>\n\n\n\n<p><br>Cal tindre en compte, que en el cas de Vila-real i Almassora, no s&#8217;ha presentat cap projecte per a aquest any 2025, perqu\u00e8 els seus ajuntaments decideixen acumular les convocat\u00f2ries 2023, 2024 i 2025 en el cas de Vila-real, i 2024, 2025 i 2026 per a Almassora en sengles projectes d&#8217;aquestes localitats.<\/p>\n\n\n\n<p><br><strong>21,8 milions de pressupost per a 2025<\/strong><\/p>\n\n\n\n<p><br>Cal recordar que&nbsp;Reciplasa&nbsp;disposa d&#8217;un pressupost de 21.840.797 euros aquest<br>2025, que es destinaran a la gesti\u00f3 i tractament dels residus dels municipis<br>que formen part de l&#8217;entitat aquest exercici.<\/p>\n\n\n\n<p><br>Un pressupost ajustat a la realitat de la prov\u00edncia i que busquen l&#8217;efic\u00e0cia m\u00e0xima en el tractament de residus.<\/p>\n","protected":false},"excerpt":{"rendered":"<p>L&#8217;entitat p\u00fablica desenvolupar\u00e0 al llarg d&#8217;aquest exercici proposades de millora a l&#8217;Alcora, Benic\u00e0ssim, Betx\u00ed, Borriana, Castell\u00f3 i Onda Castell\u00f3 (03-03-2025). \u2013 L&#8217;empresa p\u00fablica per a la gesti\u00f3 de residus de la zona centre de la prov\u00edncia de Castell\u00f3,&nbsp;Reciplasa, invertir\u00e0 200.000 euros en projectes de millora en la gesti\u00f3 dels residus que es duran a termeDale que hay m\u00e1s &#8230;<\/p>\n","protected":false},"author":13,"featured_media":16678,"comment_status":"closed","ping_status":"closed","sticky":false,"template":"","format":"standard","meta":{"footnotes":""},"categories":[3],"tags":[],"class_list":["post-16679","post","type-post","status-publish","format-standard","has-post-thumbnail","hentry","category-noticias-corporativas"],"yoast_head":"<!-- This site is optimized with the Yoast SEO plugin v27.4 - https:\/\/yoast.com\/product\/yoast-seo-wordpress\/ -->\n<title>Reciplasa invertir\u00e0 200.000 euros en projectes de millora en la gesti\u00f3 dels residus a la prov\u00edncia - RECIPLASA<\/title>\n<meta name=\"description\" content=\"L&#039;entitat p\u00fablica desenvolupar\u00e0 al llarg d&#039;aquest exercici proposades de millora a l&#039;Alcora, Benic\u00e0ssim, Betx\u00ed, Borriana, Castell\u00f3 i Onda.\" \/>\n<meta name=\"robots\" content=\"index, follow, max-snippet:-1, max-image-preview:large, max-video-preview:-1\" \/>\n<link rel=\"canonical\" href=\"https:\/\/www.reciplasa.es\/va\/reciplasa-invertira-200-000-euros-en-projectes-de-millora-en-la-gestio-dels-residus-a-la-provincia\/\" \/>\n<meta property=\"og:locale\" content=\"en_US\" \/>\n<meta property=\"og:type\" content=\"article\" \/>\n<meta property=\"og:title\" content=\"Reciplasa invertir\u00e0 200.000 euros en projectes de millora en la gesti\u00f3 dels residus a la prov\u00edncia - RECIPLASA\" \/>\n<meta property=\"og:description\" content=\"L&#039;entitat p\u00fablica desenvolupar\u00e0 al llarg d&#039;aquest exercici proposades de millora a l&#039;Alcora, Benic\u00e0ssim, Betx\u00ed, Borriana, Castell\u00f3 i Onda.\" \/>\n<meta property=\"og:url\" content=\"https:\/\/www.reciplasa.es\/va\/reciplasa-invertira-200-000-euros-en-projectes-de-millora-en-la-gestio-dels-residus-a-la-provincia\/\" \/>\n<meta property=\"og:site_name\" content=\"RECIPLASA\" \/>\n<meta property=\"article:published_time\" content=\"2025-03-03T09:52:36+00:00\" \/>\n<meta property=\"article:modified_time\" content=\"2025-03-03T09:56:24+00:00\" \/>\n<meta property=\"og:image\" content=\"https:\/\/www.reciplasa.es\/wp-content\/uploads\/2025\/03\/Sergio-Toledo-y-Fernando-Albarran-Reciplasa.jpeg\" \/>\n\t<meta property=\"og:image:width\" content=\"1600\" \/>\n\t<meta property=\"og:image:height\" content=\"1066\" \/>\n\t<meta property=\"og:image:type\" content=\"image\/jpeg\" \/>\n<meta name=\"author\" content=\"Sandra\" \/>\n<meta name=\"twitter:card\" content=\"summary_large_image\" \/>\n<meta name=\"twitter:label1\" content=\"Written by\" \/>\n\t<meta name=\"twitter:data1\" content=\"Sandra\" \/>\n\t<meta name=\"twitter:label2\" content=\"Est. reading time\" \/>\n\t<meta name=\"twitter:data2\" content=\"3 minutes\" \/>\n<script type=\"application\/ld+json\" class=\"yoast-schema-graph\">{\"@context\":\"https:\\\/\\\/schema.org\",\"@graph\":[{\"@type\":\"Article\",\"@id\":\"https:\\\/\\\/www.reciplasa.es\\\/va\\\/reciplasa-invertira-200-000-euros-en-projectes-de-millora-en-la-gestio-dels-residus-a-la-provincia\\\/#article\",\"isPartOf\":{\"@id\":\"https:\\\/\\\/www.reciplasa.es\\\/va\\\/reciplasa-invertira-200-000-euros-en-projectes-de-millora-en-la-gestio-dels-residus-a-la-provincia\\\/\"},\"author\":{\"name\":\"Sandra\",\"@id\":\"https:\\\/\\\/www.reciplasa.es\\\/#\\\/schema\\\/person\\\/15191934c9f5618dadb907c80c029c0b\"},\"headline\":\"Reciplasa invertir\u00e0 200.000 euros en projectes de millora en la gesti\u00f3 dels residus a la prov\u00edncia\",\"datePublished\":\"2025-03-03T09:52:36+00:00\",\"dateModified\":\"2025-03-03T09:56:24+00:00\",\"mainEntityOfPage\":{\"@id\":\"https:\\\/\\\/www.reciplasa.es\\\/va\\\/reciplasa-invertira-200-000-euros-en-projectes-de-millora-en-la-gestio-dels-residus-a-la-provincia\\\/\"},\"wordCount\":759,\"image\":{\"@id\":\"https:\\\/\\\/www.reciplasa.es\\\/va\\\/reciplasa-invertira-200-000-euros-en-projectes-de-millora-en-la-gestio-dels-residus-a-la-provincia\\\/#primaryimage\"},\"thumbnailUrl\":\"https:\\\/\\\/www.reciplasa.es\\\/wp-content\\\/uploads\\\/2025\\\/03\\\/Sergio-Toledo-y-Fernando-Albarran-Reciplasa.jpeg\",\"articleSection\":[\"Noticias corporativas\"],\"inLanguage\":\"va-VA\"},{\"@type\":\"WebPage\",\"@id\":\"https:\\\/\\\/www.reciplasa.es\\\/va\\\/reciplasa-invertira-200-000-euros-en-projectes-de-millora-en-la-gestio-dels-residus-a-la-provincia\\\/\",\"url\":\"https:\\\/\\\/www.reciplasa.es\\\/va\\\/reciplasa-invertira-200-000-euros-en-projectes-de-millora-en-la-gestio-dels-residus-a-la-provincia\\\/\",\"name\":\"Reciplasa invertir\u00e0 200.000 euros en projectes de millora en la gesti\u00f3 dels residus a la prov\u00edncia - RECIPLASA\",\"isPartOf\":{\"@id\":\"https:\\\/\\\/www.reciplasa.es\\\/#website\"},\"primaryImageOfPage\":{\"@id\":\"https:\\\/\\\/www.reciplasa.es\\\/va\\\/reciplasa-invertira-200-000-euros-en-projectes-de-millora-en-la-gestio-dels-residus-a-la-provincia\\\/#primaryimage\"},\"image\":{\"@id\":\"https:\\\/\\\/www.reciplasa.es\\\/va\\\/reciplasa-invertira-200-000-euros-en-projectes-de-millora-en-la-gestio-dels-residus-a-la-provincia\\\/#primaryimage\"},\"thumbnailUrl\":\"https:\\\/\\\/www.reciplasa.es\\\/wp-content\\\/uploads\\\/2025\\\/03\\\/Sergio-Toledo-y-Fernando-Albarran-Reciplasa.jpeg\",\"datePublished\":\"2025-03-03T09:52:36+00:00\",\"dateModified\":\"2025-03-03T09:56:24+00:00\",\"author\":{\"@id\":\"https:\\\/\\\/www.reciplasa.es\\\/#\\\/schema\\\/person\\\/15191934c9f5618dadb907c80c029c0b\"},\"description\":\"L'entitat p\u00fablica desenvolupar\u00e0 al llarg d'aquest exercici proposades de millora a l'Alcora, Benic\u00e0ssim, Betx\u00ed, Borriana, Castell\u00f3 i Onda.\",\"breadcrumb\":{\"@id\":\"https:\\\/\\\/www.reciplasa.es\\\/va\\\/reciplasa-invertira-200-000-euros-en-projectes-de-millora-en-la-gestio-dels-residus-a-la-provincia\\\/#breadcrumb\"},\"inLanguage\":\"va-VA\",\"potentialAction\":[{\"@type\":\"ReadAction\",\"target\":[\"https:\\\/\\\/www.reciplasa.es\\\/va\\\/reciplasa-invertira-200-000-euros-en-projectes-de-millora-en-la-gestio-dels-residus-a-la-provincia\\\/\"]}]},{\"@type\":\"ImageObject\",\"inLanguage\":\"va-VA\",\"@id\":\"https:\\\/\\\/www.reciplasa.es\\\/va\\\/reciplasa-invertira-200-000-euros-en-projectes-de-millora-en-la-gestio-dels-residus-a-la-provincia\\\/#primaryimage\",\"url\":\"https:\\\/\\\/www.reciplasa.es\\\/wp-content\\\/uploads\\\/2025\\\/03\\\/Sergio-Toledo-y-Fernando-Albarran-Reciplasa.jpeg\",\"contentUrl\":\"https:\\\/\\\/www.reciplasa.es\\\/wp-content\\\/uploads\\\/2025\\\/03\\\/Sergio-Toledo-y-Fernando-Albarran-Reciplasa.jpeg\",\"width\":1600,\"height\":1066},{\"@type\":\"BreadcrumbList\",\"@id\":\"https:\\\/\\\/www.reciplasa.es\\\/va\\\/reciplasa-invertira-200-000-euros-en-projectes-de-millora-en-la-gestio-dels-residus-a-la-provincia\\\/#breadcrumb\",\"itemListElement\":[{\"@type\":\"ListItem\",\"position\":1,\"name\":\"Portada\",\"item\":\"https:\\\/\\\/www.reciplasa.es\\\/va\\\/\"},{\"@type\":\"ListItem\",\"position\":2,\"name\":\"Reciplasa invertir\u00e0 200.000 euros en projectes de millora en la gesti\u00f3 dels residus a la prov\u00edncia\"}]},{\"@type\":\"WebSite\",\"@id\":\"https:\\\/\\\/www.reciplasa.es\\\/#website\",\"url\":\"https:\\\/\\\/www.reciplasa.es\\\/\",\"name\":\"RECIPLASA\",\"description\":\"Reciclats de Residus La Plana SA\",\"potentialAction\":[{\"@type\":\"SearchAction\",\"target\":{\"@type\":\"EntryPoint\",\"urlTemplate\":\"https:\\\/\\\/www.reciplasa.es\\\/?s={search_term_string}\"},\"query-input\":{\"@type\":\"PropertyValueSpecification\",\"valueRequired\":true,\"valueName\":\"search_term_string\"}}],\"inLanguage\":\"va-VA\"},{\"@type\":\"Person\",\"@id\":\"https:\\\/\\\/www.reciplasa.es\\\/#\\\/schema\\\/person\\\/15191934c9f5618dadb907c80c029c0b\",\"name\":\"Sandra\",\"image\":{\"@type\":\"ImageObject\",\"inLanguage\":\"va-VA\",\"@id\":\"https:\\\/\\\/secure.gravatar.com\\\/avatar\\\/605ca84bedd79915b697a46887df8ccd0249fb6f2a1bbcd0bfc66c91d997ae51?s=96&d=mm&r=g\",\"url\":\"https:\\\/\\\/secure.gravatar.com\\\/avatar\\\/605ca84bedd79915b697a46887df8ccd0249fb6f2a1bbcd0bfc66c91d997ae51?s=96&d=mm&r=g\",\"contentUrl\":\"https:\\\/\\\/secure.gravatar.com\\\/avatar\\\/605ca84bedd79915b697a46887df8ccd0249fb6f2a1bbcd0bfc66c91d997ae51?s=96&d=mm&r=g\",\"caption\":\"Sandra\"},\"url\":\"https:\\\/\\\/www.reciplasa.es\\\/va\\\/author\\\/sandra\\\/\"}]}<\/script>\n<!-- \/ Yoast SEO plugin. -->","yoast_head_json":{"title":"Reciplasa invertir\u00e0 200.000 euros en projectes de millora en la gesti\u00f3 dels residus a la prov\u00edncia - RECIPLASA","description":"L'entitat p\u00fablica desenvolupar\u00e0 al llarg d'aquest exercici proposades de millora a l'Alcora, Benic\u00e0ssim, Betx\u00ed, Borriana, Castell\u00f3 i Onda.","robots":{"index":"index","follow":"follow","max-snippet":"max-snippet:-1","max-image-preview":"max-image-preview:large","max-video-preview":"max-video-preview:-1"},"canonical":"https:\/\/www.reciplasa.es\/va\/reciplasa-invertira-200-000-euros-en-projectes-de-millora-en-la-gestio-dels-residus-a-la-provincia\/","og_locale":"en_US","og_type":"article","og_title":"Reciplasa invertir\u00e0 200.000 euros en projectes de millora en la gesti\u00f3 dels residus a la prov\u00edncia - RECIPLASA","og_description":"L'entitat p\u00fablica desenvolupar\u00e0 al llarg d'aquest exercici proposades de millora a l'Alcora, Benic\u00e0ssim, Betx\u00ed, Borriana, Castell\u00f3 i Onda.","og_url":"https:\/\/www.reciplasa.es\/va\/reciplasa-invertira-200-000-euros-en-projectes-de-millora-en-la-gestio-dels-residus-a-la-provincia\/","og_site_name":"RECIPLASA","article_published_time":"2025-03-03T09:52:36+00:00","article_modified_time":"2025-03-03T09:56:24+00:00","og_image":[{"width":1600,"height":1066,"url":"https:\/\/www.reciplasa.es\/wp-content\/uploads\/2025\/03\/Sergio-Toledo-y-Fernando-Albarran-Reciplasa.jpeg","type":"image\/jpeg"}],"author":"Sandra","twitter_card":"summary_large_image","twitter_misc":{"Written by":"Sandra","Est. reading time":"3 minutes"},"schema":{"@context":"https:\/\/schema.org","@graph":[{"@type":"Article","@id":"https:\/\/www.reciplasa.es\/va\/reciplasa-invertira-200-000-euros-en-projectes-de-millora-en-la-gestio-dels-residus-a-la-provincia\/#article","isPartOf":{"@id":"https:\/\/www.reciplasa.es\/va\/reciplasa-invertira-200-000-euros-en-projectes-de-millora-en-la-gestio-dels-residus-a-la-provincia\/"},"author":{"name":"Sandra","@id":"https:\/\/www.reciplasa.es\/#\/schema\/person\/15191934c9f5618dadb907c80c029c0b"},"headline":"Reciplasa invertir\u00e0 200.000 euros en projectes de millora en la gesti\u00f3 dels residus a la prov\u00edncia","datePublished":"2025-03-03T09:52:36+00:00","dateModified":"2025-03-03T09:56:24+00:00","mainEntityOfPage":{"@id":"https:\/\/www.reciplasa.es\/va\/reciplasa-invertira-200-000-euros-en-projectes-de-millora-en-la-gestio-dels-residus-a-la-provincia\/"},"wordCount":759,"image":{"@id":"https:\/\/www.reciplasa.es\/va\/reciplasa-invertira-200-000-euros-en-projectes-de-millora-en-la-gestio-dels-residus-a-la-provincia\/#primaryimage"},"thumbnailUrl":"https:\/\/www.reciplasa.es\/wp-content\/uploads\/2025\/03\/Sergio-Toledo-y-Fernando-Albarran-Reciplasa.jpeg","articleSection":["Noticias corporativas"],"inLanguage":"va-VA"},{"@type":"WebPage","@id":"https:\/\/www.reciplasa.es\/va\/reciplasa-invertira-200-000-euros-en-projectes-de-millora-en-la-gestio-dels-residus-a-la-provincia\/","url":"https:\/\/www.reciplasa.es\/va\/reciplasa-invertira-200-000-euros-en-projectes-de-millora-en-la-gestio-dels-residus-a-la-provincia\/","name":"Reciplasa invertir\u00e0 200.000 euros en projectes de millora en la gesti\u00f3 dels residus a la prov\u00edncia - RECIPLASA","isPartOf":{"@id":"https:\/\/www.reciplasa.es\/#website"},"primaryImageOfPage":{"@id":"https:\/\/www.reciplasa.es\/va\/reciplasa-invertira-200-000-euros-en-projectes-de-millora-en-la-gestio-dels-residus-a-la-provincia\/#primaryimage"},"image":{"@id":"https:\/\/www.reciplasa.es\/va\/reciplasa-invertira-200-000-euros-en-projectes-de-millora-en-la-gestio-dels-residus-a-la-provincia\/#primaryimage"},"thumbnailUrl":"https:\/\/www.reciplasa.es\/wp-content\/uploads\/2025\/03\/Sergio-Toledo-y-Fernando-Albarran-Reciplasa.jpeg","datePublished":"2025-03-03T09:52:36+00:00","dateModified":"2025-03-03T09:56:24+00:00","author":{"@id":"https:\/\/www.reciplasa.es\/#\/schema\/person\/15191934c9f5618dadb907c80c029c0b"},"description":"L'entitat p\u00fablica desenvolupar\u00e0 al llarg d'aquest exercici proposades de millora a l'Alcora, Benic\u00e0ssim, Betx\u00ed, Borriana, Castell\u00f3 i Onda.","breadcrumb":{"@id":"https:\/\/www.reciplasa.es\/va\/reciplasa-invertira-200-000-euros-en-projectes-de-millora-en-la-gestio-dels-residus-a-la-provincia\/#breadcrumb"},"inLanguage":"va-VA","potentialAction":[{"@type":"ReadAction","target":["https:\/\/www.reciplasa.es\/va\/reciplasa-invertira-200-000-euros-en-projectes-de-millora-en-la-gestio-dels-residus-a-la-provincia\/"]}]},{"@type":"ImageObject","inLanguage":"va-VA","@id":"https:\/\/www.reciplasa.es\/va\/reciplasa-invertira-200-000-euros-en-projectes-de-millora-en-la-gestio-dels-residus-a-la-provincia\/#primaryimage","url":"https:\/\/www.reciplasa.es\/wp-content\/uploads\/2025\/03\/Sergio-Toledo-y-Fernando-Albarran-Reciplasa.jpeg","contentUrl":"https:\/\/www.reciplasa.es\/wp-content\/uploads\/2025\/03\/Sergio-Toledo-y-Fernando-Albarran-Reciplasa.jpeg","width":1600,"height":1066},{"@type":"BreadcrumbList","@id":"https:\/\/www.reciplasa.es\/va\/reciplasa-invertira-200-000-euros-en-projectes-de-millora-en-la-gestio-dels-residus-a-la-provincia\/#breadcrumb","itemListElement":[{"@type":"ListItem","position":1,"name":"Portada","item":"https:\/\/www.reciplasa.es\/va\/"},{"@type":"ListItem","position":2,"name":"Reciplasa invertir\u00e0 200.000 euros en projectes de millora en la gesti\u00f3 dels residus a la prov\u00edncia"}]},{"@type":"WebSite","@id":"https:\/\/www.reciplasa.es\/#website","url":"https:\/\/www.reciplasa.es\/","name":"RECIPLASA","description":"Reciclats de Residus La Plana SA","potentialAction":[{"@type":"SearchAction","target":{"@type":"EntryPoint","urlTemplate":"https:\/\/www.reciplasa.es\/?s={search_term_string}"},"query-input":{"@type":"PropertyValueSpecification","valueRequired":true,"valueName":"search_term_string"}}],"inLanguage":"va-VA"},{"@type":"Person","@id":"https:\/\/www.reciplasa.es\/#\/schema\/person\/15191934c9f5618dadb907c80c029c0b","name":"Sandra","image":{"@type":"ImageObject","inLanguage":"va-VA","@id":"https:\/\/secure.gravatar.com\/avatar\/605ca84bedd79915b697a46887df8ccd0249fb6f2a1bbcd0bfc66c91d997ae51?s=96&d=mm&r=g","url":"https:\/\/secure.gravatar.com\/avatar\/605ca84bedd79915b697a46887df8ccd0249fb6f2a1bbcd0bfc66c91d997ae51?s=96&d=mm&r=g","contentUrl":"https:\/\/secure.gravatar.com\/avatar\/605ca84bedd79915b697a46887df8ccd0249fb6f2a1bbcd0bfc66c91d997ae51?s=96&d=mm&r=g","caption":"Sandra"},"url":"https:\/\/www.reciplasa.es\/va\/author\/sandra\/"}]}},"_links":{"self":[{"href":"https:\/\/www.reciplasa.es\/va\/wp-json\/wp\/v2\/posts\/16679","targetHints":{"allow":["GET"]}}],"collection":[{"href":"https:\/\/www.reciplasa.es\/va\/wp-json\/wp\/v2\/posts"}],"about":[{"href":"https:\/\/www.reciplasa.es\/va\/wp-json\/wp\/v2\/types\/post"}],"author":[{"embeddable":true,"href":"https:\/\/www.reciplasa.es\/va\/wp-json\/wp\/v2\/users\/13"}],"replies":[{"embeddable":true,"href":"https:\/\/www.reciplasa.es\/va\/wp-json\/wp\/v2\/comments?post=16679"}],"version-history":[{"count":2,"href":"https:\/\/www.reciplasa.es\/va\/wp-json\/wp\/v2\/posts\/16679\/revisions"}],"predecessor-version":[{"id":16681,"href":"https:\/\/www.reciplasa.es\/va\/wp-json\/wp\/v2\/posts\/16679\/revisions\/16681"}],"wp:featuredmedia":[{"embeddable":true,"href":"https:\/\/www.reciplasa.es\/va\/wp-json\/wp\/v2\/media\/16678"}],"wp:attachment":[{"href":"https:\/\/www.reciplasa.es\/va\/wp-json\/wp\/v2\/media?parent=16679"}],"wp:term":[{"taxonomy":"category","embeddable":true,"href":"https:\/\/www.reciplasa.es\/va\/wp-json\/wp\/v2\/categories?post=16679"},{"taxonomy":"post_tag","embeddable":true,"href":"https:\/\/www.reciplasa.es\/va\/wp-json\/wp\/v2\/tags?post=16679"}],"curies":[{"name":"wp","href":"https:\/\/api.w.org\/{rel}","templated":true}]}}