{"id":22930,"date":"2025-04-17T11:00:34","date_gmt":"2025-04-17T11:00:34","guid":{"rendered":"https:\/\/www.reciplasa.es\/?p=22930\/"},"modified":"2025-04-17T11:00:36","modified_gmt":"2025-04-17T11:00:36","slug":"la-catedra-reciplasa-obri-el-termini-de-la-huitena-edicio-del-concurs-que-fem-amb-el-fem","status":"publish","type":"post","link":"https:\/\/www.reciplasa.es\/va\/la-catedra-reciplasa-obri-el-termini-de-la-huitena-edicio-del-concurs-que-fem-amb-el-fem\/","title":{"rendered":"La C\u00e0tedra Reciplasa obri el termini de la huitena edici\u00f3 del concurs \u2018Qu\u00e8 fem amb el fem?\u2019"},"content":{"rendered":"\n<p><em>El concurs est\u00e0 dirigit a centres educatius de tota la prov\u00edncia i consisteix a presentar projectes creatius entorn de la gesti\u00f3 sostenible.<\/em><\/p>\n\n\n\n<p>Castell\u00f3 (17-04-2025). \u2013 La C\u00e0tedra&nbsp;Reciplasa-UJI&nbsp;de Gesti\u00f3 de Residus Urbans ja t\u00e9 en marxa la huitena edici\u00f3 del concurs &#8216;Qu\u00e8&nbsp;fem&nbsp;amb&nbsp;el&nbsp;fem?&#8217;, mitjan\u00e7ant el qual vol involucrar als estudiants i centres educatius de tota la prov\u00edncia en la necessitat de promoure la gesti\u00f3 sostenible dels residus. A m\u00e9s, \u00e9s una iniciativa de gran impacte a l&#8217;hora de sensibilitzar a les xiquetes i xiquets, aix\u00ed com a totes les persones joves, en la necessitat d&#8217;adoptar h\u00e0bits que ajuden a millorar la sostenibilitat en els municipis de tota la prov\u00edncia de Castell\u00f3.<\/p>\n\n\n\n<p>Es tracta de la huitena edici\u00f3 d&#8217;un concurs de maquetes, v\u00eddeo i relats que forma part de la iniciativa amb el mateix t\u00edtol que finan\u00e7a la C\u00e0tedra&nbsp;Reciplasa&nbsp;de l&#8217;UJI. Sota el nom gen\u00e8ric &#8216;Qu\u00e8&nbsp;fem&nbsp;amb&nbsp;el&nbsp;fem?&#8217;, una iniciativa de la C\u00e0tedra&nbsp;Reciplasa&nbsp;de l&#8217;UJI que compta amb el suport del Seminari d&#8217;Educaci\u00f3 Ambiental de Castell\u00f3, promou la gesti\u00f3 sostenible de residus s\u00f2lids urbans. Aquest concurs pret\u00e9n desenvolupar la creativitat i l&#8217;expressi\u00f3 de coneixements cient\u00edfics, matem\u00e0tics i tecnol\u00f2gics, mitjan\u00e7ant diferents llenguatges art\u00edstics per a fomentar una ciutadania cr\u00edticament activa i responsable per a avan\u00e7ar cap a un model de societat m\u00e9s sostenible.<\/p>\n\n\n\n<p>Sergio Toledo, president de&nbsp;Reciplasa, ha assegurat que &#8220;\u00e9s fonamental sensibilitzar als m\u00e9s joves sobre la import\u00e0ncia de tindre bons h\u00e0bits en mat\u00e8ria de sostenibilitat. I \u00e9s en aquestes edats quan \u00e9s m\u00e9s necessari conscienciar-los perqu\u00e8 reciclen i adquirisquen h\u00e0bits que ajuden tant a generar menys residus, com a depositar-los en els contenidors adequats. Com m\u00e9s prompte millor siguen conscients del problema, millor podran ajudar perqu\u00e8 Castell\u00f3 siga una prov\u00edncia m\u00e9s verda&#8221;.<\/p>\n\n\n\n<p>Els col\u00b7legis i estudiants interessats a participar poden fer la presentaci\u00f3 dels treballs mitjan\u00e7ant un formulari en l\u00ednia, que romandr\u00e0 obert fins al pr\u00f2xim 13 de maig de 2025. Els projectes duts a terme poden presentar-se en format maqueta, v\u00eddeo o relat\/conte, sobre qualsevol tem\u00e0tica ambiental o relacionada amb la gesti\u00f3 de residus, com, per exemple, recollida selectiva, valoritzaci\u00f3 de residus, economia circular, les&nbsp;4Rs&nbsp;(reduir, reutilitzar, reciclar i recuperar), etc.<\/p>\n\n\n\n<p>Aquest concurs es dirigeix a tots els nivells educatius, Educaci\u00f3 Infantil, Prim\u00e0ria, Secundaria, FP B\u00e0sica i centres d&#8217;Educaci\u00f3 Especial, als quals se&#8217;ls ha convidat a reflexionar per a prendre consci\u00e8ncia sobre la import\u00e0ncia que t\u00e9 la gesti\u00f3 dels residus s\u00f2lids urbans a la nostra societat. A causa de l&#8217;objecte i al p\u00fablic al qual es dirigeix aquesta iniciativa, la C\u00e0tedra compta amb la important col\u00b7laboraci\u00f3 d&#8217;Ecoembes, entitat molt conscienciada a promoure tamb\u00e9 la sostenibilitat.<\/p>\n\n\n\n<p><strong>Nou premi<\/strong><br>Dins d&#8217;aquesta <a href=\"https:\/\/www.uji.es\/perfils\/empresa\/patrocini\/catedres\/reciplasa\/base\/premis\/qfa\/2025\/\">convocat\u00f2ria<\/a>, enguany s&#8217;inclou com a novetat un nou premi al millor treball de final de Cicle Formatiu de Grau Superior de centres autoritzats a la prov\u00edncia de Castell\u00f3 que aborde la gesti\u00f3 de residus urbans, industrials o agr\u00edcoles amb enfocament de sostenibilitat.<\/p>\n\n\n\n<p>El premi consisteix en una Tauleta o ordinador port\u00e0til, segons prefer\u00e8ncia del guanyador o guanyadora, valorat en 500 euros. El termini de presentaci\u00f3 \u00e9s del 6 a 26 d&#8217;octubre de 2025 i s&#8217;avaluar\u00e0 la rellev\u00e0ncia del tema tractat, l&#8217;originalitat de la proposta, coher\u00e8ncia en els objectius i en el plantejament i la sostenibilitat, aix\u00ed com la presentaci\u00f3 de la mem\u00f2ria, claredat d&#8217;exposici\u00f3, el nivell de l&#8217;escriptura, les figures incloses i altres aspectes formals.<\/p>\n\n\n\n<p>El director de la C\u00e0tedra&nbsp;Reciplasa, F\u00e9lix Hern\u00e1ndez, ha destacat que &#8220;\u00e9s necessari parlar d&#8217;aquests temes en un llenguatge assequible, millorar la comunicaci\u00f3 i animar a participar amb les seues idees i el seu treball a estudiants de totes les etapes educatives. I la veritat \u00e9s que la resposta que hem rebut per part dels col\u00b7legis, professors i estudiants davant aquest concurs ha sigut incre\u00efble des de la primera edici\u00f3. Aix\u00f2 ens anima a seguir per aquest cam\u00ed, perqu\u00e8 estem conven\u00e7uts que amb aquesta mena d&#8217;accions avan\u00e7arem cap a una societat m\u00e9s equilibrada i respectuosa amb el planeta que ens acull&#8221;.<\/p>\n","protected":false},"excerpt":{"rendered":"<p>El concurs est\u00e0 dirigit a centres educatius de tota la prov\u00edncia i consisteix a presentar projectes creatius entorn de la gesti\u00f3 sostenible. Castell\u00f3 (17-04-2025). \u2013 La C\u00e0tedra&nbsp;Reciplasa-UJI&nbsp;de Gesti\u00f3 de Residus Urbans ja t\u00e9 en marxa la huitena edici\u00f3 del concurs &#8216;Qu\u00e8&nbsp;fem&nbsp;amb&nbsp;el&nbsp;fem?&#8217;, mitjan\u00e7ant el qual vol involucrar als estudiants i centres educatius de tota la prov\u00ednciaDale que hay m\u00e1s &#8230;<\/p>\n","protected":false},"author":13,"featured_media":22928,"comment_status":"closed","ping_status":"closed","sticky":false,"template":"","format":"standard","meta":{"footnotes":""},"categories":[2],"tags":[],"class_list":["post-22930","post","type-post","status-publish","format-standard","has-post-thumbnail","hentry","category-sin-categorizar"],"yoast_head":"<!-- This site is optimized with the Yoast SEO plugin v27.4 - https:\/\/yoast.com\/product\/yoast-seo-wordpress\/ -->\n<title>La C\u00e0tedra Reciplasa obri el termini de la huitena edici\u00f3 del concurs \u2018Qu\u00e8 fem amb el fem?\u2019 - RECIPLASA<\/title>\n<meta name=\"description\" content=\"El concurs est\u00e0 dirigit a centres educatius de la prov\u00edncia i consisteix a presentar projectes creatius entorn de la gesti\u00f3 sostenible.\" \/>\n<meta name=\"robots\" content=\"index, follow, max-snippet:-1, max-image-preview:large, max-video-preview:-1\" \/>\n<link rel=\"canonical\" href=\"https:\/\/www.reciplasa.es\/va\/la-catedra-reciplasa-obri-el-termini-de-la-huitena-edicio-del-concurs-que-fem-amb-el-fem\/\" \/>\n<meta property=\"og:locale\" content=\"en_US\" \/>\n<meta property=\"og:type\" content=\"article\" \/>\n<meta property=\"og:title\" content=\"La C\u00e0tedra Reciplasa obri el termini de la huitena edici\u00f3 del concurs \u2018Qu\u00e8 fem amb el fem?\u2019 - RECIPLASA\" \/>\n<meta property=\"og:description\" content=\"El concurs est\u00e0 dirigit a centres educatius de la prov\u00edncia i consisteix a presentar projectes creatius entorn de la gesti\u00f3 sostenible.\" \/>\n<meta property=\"og:url\" content=\"https:\/\/www.reciplasa.es\/va\/la-catedra-reciplasa-obri-el-termini-de-la-huitena-edicio-del-concurs-que-fem-amb-el-fem\/\" \/>\n<meta property=\"og:site_name\" content=\"RECIPLASA\" \/>\n<meta property=\"article:published_time\" content=\"2025-04-17T11:00:34+00:00\" \/>\n<meta property=\"article:modified_time\" content=\"2025-04-17T11:00:36+00:00\" \/>\n<meta property=\"og:image\" content=\"https:\/\/www.reciplasa.es\/wp-content\/uploads\/2025\/04\/WhatsApp-Image-2025-04-17-at-12.02.10.jpeg\" \/>\n\t<meta property=\"og:image:width\" content=\"1600\" \/>\n\t<meta property=\"og:image:height\" content=\"1067\" \/>\n\t<meta property=\"og:image:type\" content=\"image\/jpeg\" \/>\n<meta name=\"author\" content=\"Sandra\" \/>\n<meta name=\"twitter:card\" content=\"summary_large_image\" \/>\n<meta name=\"twitter:label1\" content=\"Written by\" \/>\n\t<meta name=\"twitter:data1\" content=\"Sandra\" \/>\n\t<meta name=\"twitter:label2\" content=\"Est. reading time\" \/>\n\t<meta name=\"twitter:data2\" content=\"3 minutes\" \/>\n<script type=\"application\/ld+json\" class=\"yoast-schema-graph\">{\"@context\":\"https:\\\/\\\/schema.org\",\"@graph\":[{\"@type\":\"Article\",\"@id\":\"https:\\\/\\\/www.reciplasa.es\\\/va\\\/la-catedra-reciplasa-obri-el-termini-de-la-huitena-edicio-del-concurs-que-fem-amb-el-fem\\\/#article\",\"isPartOf\":{\"@id\":\"https:\\\/\\\/www.reciplasa.es\\\/va\\\/la-catedra-reciplasa-obri-el-termini-de-la-huitena-edicio-del-concurs-que-fem-amb-el-fem\\\/\"},\"author\":{\"name\":\"Sandra\",\"@id\":\"https:\\\/\\\/www.reciplasa.es\\\/#\\\/schema\\\/person\\\/15191934c9f5618dadb907c80c029c0b\"},\"headline\":\"La C\u00e0tedra Reciplasa obri el termini de la huitena edici\u00f3 del concurs \u2018Qu\u00e8 fem amb el fem?\u2019\",\"datePublished\":\"2025-04-17T11:00:34+00:00\",\"dateModified\":\"2025-04-17T11:00:36+00:00\",\"mainEntityOfPage\":{\"@id\":\"https:\\\/\\\/www.reciplasa.es\\\/va\\\/la-catedra-reciplasa-obri-el-termini-de-la-huitena-edicio-del-concurs-que-fem-amb-el-fem\\\/\"},\"wordCount\":769,\"image\":{\"@id\":\"https:\\\/\\\/www.reciplasa.es\\\/va\\\/la-catedra-reciplasa-obri-el-termini-de-la-huitena-edicio-del-concurs-que-fem-amb-el-fem\\\/#primaryimage\"},\"thumbnailUrl\":\"https:\\\/\\\/www.reciplasa.es\\\/wp-content\\\/uploads\\\/2025\\\/04\\\/WhatsApp-Image-2025-04-17-at-12.02.10.jpeg\",\"articleSection\":[\"Catedra-Reciplasa-UJI\"],\"inLanguage\":\"va-VA\"},{\"@type\":\"WebPage\",\"@id\":\"https:\\\/\\\/www.reciplasa.es\\\/va\\\/la-catedra-reciplasa-obri-el-termini-de-la-huitena-edicio-del-concurs-que-fem-amb-el-fem\\\/\",\"url\":\"https:\\\/\\\/www.reciplasa.es\\\/va\\\/la-catedra-reciplasa-obri-el-termini-de-la-huitena-edicio-del-concurs-que-fem-amb-el-fem\\\/\",\"name\":\"La C\u00e0tedra Reciplasa obri el termini de la huitena edici\u00f3 del concurs \u2018Qu\u00e8 fem amb el fem?\u2019 - RECIPLASA\",\"isPartOf\":{\"@id\":\"https:\\\/\\\/www.reciplasa.es\\\/#website\"},\"primaryImageOfPage\":{\"@id\":\"https:\\\/\\\/www.reciplasa.es\\\/va\\\/la-catedra-reciplasa-obri-el-termini-de-la-huitena-edicio-del-concurs-que-fem-amb-el-fem\\\/#primaryimage\"},\"image\":{\"@id\":\"https:\\\/\\\/www.reciplasa.es\\\/va\\\/la-catedra-reciplasa-obri-el-termini-de-la-huitena-edicio-del-concurs-que-fem-amb-el-fem\\\/#primaryimage\"},\"thumbnailUrl\":\"https:\\\/\\\/www.reciplasa.es\\\/wp-content\\\/uploads\\\/2025\\\/04\\\/WhatsApp-Image-2025-04-17-at-12.02.10.jpeg\",\"datePublished\":\"2025-04-17T11:00:34+00:00\",\"dateModified\":\"2025-04-17T11:00:36+00:00\",\"author\":{\"@id\":\"https:\\\/\\\/www.reciplasa.es\\\/#\\\/schema\\\/person\\\/15191934c9f5618dadb907c80c029c0b\"},\"description\":\"El concurs est\u00e0 dirigit a centres educatius de la prov\u00edncia i consisteix a presentar projectes creatius entorn de la gesti\u00f3 sostenible.\",\"breadcrumb\":{\"@id\":\"https:\\\/\\\/www.reciplasa.es\\\/va\\\/la-catedra-reciplasa-obri-el-termini-de-la-huitena-edicio-del-concurs-que-fem-amb-el-fem\\\/#breadcrumb\"},\"inLanguage\":\"va-VA\",\"potentialAction\":[{\"@type\":\"ReadAction\",\"target\":[\"https:\\\/\\\/www.reciplasa.es\\\/va\\\/la-catedra-reciplasa-obri-el-termini-de-la-huitena-edicio-del-concurs-que-fem-amb-el-fem\\\/\"]}]},{\"@type\":\"ImageObject\",\"inLanguage\":\"va-VA\",\"@id\":\"https:\\\/\\\/www.reciplasa.es\\\/va\\\/la-catedra-reciplasa-obri-el-termini-de-la-huitena-edicio-del-concurs-que-fem-amb-el-fem\\\/#primaryimage\",\"url\":\"https:\\\/\\\/www.reciplasa.es\\\/wp-content\\\/uploads\\\/2025\\\/04\\\/WhatsApp-Image-2025-04-17-at-12.02.10.jpeg\",\"contentUrl\":\"https:\\\/\\\/www.reciplasa.es\\\/wp-content\\\/uploads\\\/2025\\\/04\\\/WhatsApp-Image-2025-04-17-at-12.02.10.jpeg\",\"width\":1600,\"height\":1067},{\"@type\":\"BreadcrumbList\",\"@id\":\"https:\\\/\\\/www.reciplasa.es\\\/va\\\/la-catedra-reciplasa-obri-el-termini-de-la-huitena-edicio-del-concurs-que-fem-amb-el-fem\\\/#breadcrumb\",\"itemListElement\":[{\"@type\":\"ListItem\",\"position\":1,\"name\":\"Portada\",\"item\":\"https:\\\/\\\/www.reciplasa.es\\\/va\\\/\"},{\"@type\":\"ListItem\",\"position\":2,\"name\":\"La C\u00e0tedra Reciplasa obri el termini de la huitena edici\u00f3 del concurs \u2018Qu\u00e8 fem amb el fem?\u2019\"}]},{\"@type\":\"WebSite\",\"@id\":\"https:\\\/\\\/www.reciplasa.es\\\/#website\",\"url\":\"https:\\\/\\\/www.reciplasa.es\\\/\",\"name\":\"RECIPLASA\",\"description\":\"Reciclats de Residus La Plana SA\",\"potentialAction\":[{\"@type\":\"SearchAction\",\"target\":{\"@type\":\"EntryPoint\",\"urlTemplate\":\"https:\\\/\\\/www.reciplasa.es\\\/?s={search_term_string}\"},\"query-input\":{\"@type\":\"PropertyValueSpecification\",\"valueRequired\":true,\"valueName\":\"search_term_string\"}}],\"inLanguage\":\"va-VA\"},{\"@type\":\"Person\",\"@id\":\"https:\\\/\\\/www.reciplasa.es\\\/#\\\/schema\\\/person\\\/15191934c9f5618dadb907c80c029c0b\",\"name\":\"Sandra\",\"image\":{\"@type\":\"ImageObject\",\"inLanguage\":\"va-VA\",\"@id\":\"https:\\\/\\\/secure.gravatar.com\\\/avatar\\\/605ca84bedd79915b697a46887df8ccd0249fb6f2a1bbcd0bfc66c91d997ae51?s=96&d=mm&r=g\",\"url\":\"https:\\\/\\\/secure.gravatar.com\\\/avatar\\\/605ca84bedd79915b697a46887df8ccd0249fb6f2a1bbcd0bfc66c91d997ae51?s=96&d=mm&r=g\",\"contentUrl\":\"https:\\\/\\\/secure.gravatar.com\\\/avatar\\\/605ca84bedd79915b697a46887df8ccd0249fb6f2a1bbcd0bfc66c91d997ae51?s=96&d=mm&r=g\",\"caption\":\"Sandra\"},\"url\":\"https:\\\/\\\/www.reciplasa.es\\\/va\\\/author\\\/sandra\\\/\"}]}<\/script>\n<!-- \/ Yoast SEO plugin. -->","yoast_head_json":{"title":"La C\u00e0tedra Reciplasa obri el termini de la huitena edici\u00f3 del concurs \u2018Qu\u00e8 fem amb el fem?\u2019 - RECIPLASA","description":"El concurs est\u00e0 dirigit a centres educatius de la prov\u00edncia i consisteix a presentar projectes creatius entorn de la gesti\u00f3 sostenible.","robots":{"index":"index","follow":"follow","max-snippet":"max-snippet:-1","max-image-preview":"max-image-preview:large","max-video-preview":"max-video-preview:-1"},"canonical":"https:\/\/www.reciplasa.es\/va\/la-catedra-reciplasa-obri-el-termini-de-la-huitena-edicio-del-concurs-que-fem-amb-el-fem\/","og_locale":"en_US","og_type":"article","og_title":"La C\u00e0tedra Reciplasa obri el termini de la huitena edici\u00f3 del concurs \u2018Qu\u00e8 fem amb el fem?\u2019 - RECIPLASA","og_description":"El concurs est\u00e0 dirigit a centres educatius de la prov\u00edncia i consisteix a presentar projectes creatius entorn de la gesti\u00f3 sostenible.","og_url":"https:\/\/www.reciplasa.es\/va\/la-catedra-reciplasa-obri-el-termini-de-la-huitena-edicio-del-concurs-que-fem-amb-el-fem\/","og_site_name":"RECIPLASA","article_published_time":"2025-04-17T11:00:34+00:00","article_modified_time":"2025-04-17T11:00:36+00:00","og_image":[{"width":1600,"height":1067,"url":"https:\/\/www.reciplasa.es\/wp-content\/uploads\/2025\/04\/WhatsApp-Image-2025-04-17-at-12.02.10.jpeg","type":"image\/jpeg"}],"author":"Sandra","twitter_card":"summary_large_image","twitter_misc":{"Written by":"Sandra","Est. reading time":"3 minutes"},"schema":{"@context":"https:\/\/schema.org","@graph":[{"@type":"Article","@id":"https:\/\/www.reciplasa.es\/va\/la-catedra-reciplasa-obri-el-termini-de-la-huitena-edicio-del-concurs-que-fem-amb-el-fem\/#article","isPartOf":{"@id":"https:\/\/www.reciplasa.es\/va\/la-catedra-reciplasa-obri-el-termini-de-la-huitena-edicio-del-concurs-que-fem-amb-el-fem\/"},"author":{"name":"Sandra","@id":"https:\/\/www.reciplasa.es\/#\/schema\/person\/15191934c9f5618dadb907c80c029c0b"},"headline":"La C\u00e0tedra Reciplasa obri el termini de la huitena edici\u00f3 del concurs \u2018Qu\u00e8 fem amb el fem?\u2019","datePublished":"2025-04-17T11:00:34+00:00","dateModified":"2025-04-17T11:00:36+00:00","mainEntityOfPage":{"@id":"https:\/\/www.reciplasa.es\/va\/la-catedra-reciplasa-obri-el-termini-de-la-huitena-edicio-del-concurs-que-fem-amb-el-fem\/"},"wordCount":769,"image":{"@id":"https:\/\/www.reciplasa.es\/va\/la-catedra-reciplasa-obri-el-termini-de-la-huitena-edicio-del-concurs-que-fem-amb-el-fem\/#primaryimage"},"thumbnailUrl":"https:\/\/www.reciplasa.es\/wp-content\/uploads\/2025\/04\/WhatsApp-Image-2025-04-17-at-12.02.10.jpeg","articleSection":["Catedra-Reciplasa-UJI"],"inLanguage":"va-VA"},{"@type":"WebPage","@id":"https:\/\/www.reciplasa.es\/va\/la-catedra-reciplasa-obri-el-termini-de-la-huitena-edicio-del-concurs-que-fem-amb-el-fem\/","url":"https:\/\/www.reciplasa.es\/va\/la-catedra-reciplasa-obri-el-termini-de-la-huitena-edicio-del-concurs-que-fem-amb-el-fem\/","name":"La C\u00e0tedra Reciplasa obri el termini de la huitena edici\u00f3 del concurs \u2018Qu\u00e8 fem amb el fem?\u2019 - RECIPLASA","isPartOf":{"@id":"https:\/\/www.reciplasa.es\/#website"},"primaryImageOfPage":{"@id":"https:\/\/www.reciplasa.es\/va\/la-catedra-reciplasa-obri-el-termini-de-la-huitena-edicio-del-concurs-que-fem-amb-el-fem\/#primaryimage"},"image":{"@id":"https:\/\/www.reciplasa.es\/va\/la-catedra-reciplasa-obri-el-termini-de-la-huitena-edicio-del-concurs-que-fem-amb-el-fem\/#primaryimage"},"thumbnailUrl":"https:\/\/www.reciplasa.es\/wp-content\/uploads\/2025\/04\/WhatsApp-Image-2025-04-17-at-12.02.10.jpeg","datePublished":"2025-04-17T11:00:34+00:00","dateModified":"2025-04-17T11:00:36+00:00","author":{"@id":"https:\/\/www.reciplasa.es\/#\/schema\/person\/15191934c9f5618dadb907c80c029c0b"},"description":"El concurs est\u00e0 dirigit a centres educatius de la prov\u00edncia i consisteix a presentar projectes creatius entorn de la gesti\u00f3 sostenible.","breadcrumb":{"@id":"https:\/\/www.reciplasa.es\/va\/la-catedra-reciplasa-obri-el-termini-de-la-huitena-edicio-del-concurs-que-fem-amb-el-fem\/#breadcrumb"},"inLanguage":"va-VA","potentialAction":[{"@type":"ReadAction","target":["https:\/\/www.reciplasa.es\/va\/la-catedra-reciplasa-obri-el-termini-de-la-huitena-edicio-del-concurs-que-fem-amb-el-fem\/"]}]},{"@type":"ImageObject","inLanguage":"va-VA","@id":"https:\/\/www.reciplasa.es\/va\/la-catedra-reciplasa-obri-el-termini-de-la-huitena-edicio-del-concurs-que-fem-amb-el-fem\/#primaryimage","url":"https:\/\/www.reciplasa.es\/wp-content\/uploads\/2025\/04\/WhatsApp-Image-2025-04-17-at-12.02.10.jpeg","contentUrl":"https:\/\/www.reciplasa.es\/wp-content\/uploads\/2025\/04\/WhatsApp-Image-2025-04-17-at-12.02.10.jpeg","width":1600,"height":1067},{"@type":"BreadcrumbList","@id":"https:\/\/www.reciplasa.es\/va\/la-catedra-reciplasa-obri-el-termini-de-la-huitena-edicio-del-concurs-que-fem-amb-el-fem\/#breadcrumb","itemListElement":[{"@type":"ListItem","position":1,"name":"Portada","item":"https:\/\/www.reciplasa.es\/va\/"},{"@type":"ListItem","position":2,"name":"La C\u00e0tedra Reciplasa obri el termini de la huitena edici\u00f3 del concurs \u2018Qu\u00e8 fem amb el fem?\u2019"}]},{"@type":"WebSite","@id":"https:\/\/www.reciplasa.es\/#website","url":"https:\/\/www.reciplasa.es\/","name":"RECIPLASA","description":"Reciclats de Residus La Plana SA","potentialAction":[{"@type":"SearchAction","target":{"@type":"EntryPoint","urlTemplate":"https:\/\/www.reciplasa.es\/?s={search_term_string}"},"query-input":{"@type":"PropertyValueSpecification","valueRequired":true,"valueName":"search_term_string"}}],"inLanguage":"va-VA"},{"@type":"Person","@id":"https:\/\/www.reciplasa.es\/#\/schema\/person\/15191934c9f5618dadb907c80c029c0b","name":"Sandra","image":{"@type":"ImageObject","inLanguage":"va-VA","@id":"https:\/\/secure.gravatar.com\/avatar\/605ca84bedd79915b697a46887df8ccd0249fb6f2a1bbcd0bfc66c91d997ae51?s=96&d=mm&r=g","url":"https:\/\/secure.gravatar.com\/avatar\/605ca84bedd79915b697a46887df8ccd0249fb6f2a1bbcd0bfc66c91d997ae51?s=96&d=mm&r=g","contentUrl":"https:\/\/secure.gravatar.com\/avatar\/605ca84bedd79915b697a46887df8ccd0249fb6f2a1bbcd0bfc66c91d997ae51?s=96&d=mm&r=g","caption":"Sandra"},"url":"https:\/\/www.reciplasa.es\/va\/author\/sandra\/"}]}},"_links":{"self":[{"href":"https:\/\/www.reciplasa.es\/va\/wp-json\/wp\/v2\/posts\/22930","targetHints":{"allow":["GET"]}}],"collection":[{"href":"https:\/\/www.reciplasa.es\/va\/wp-json\/wp\/v2\/posts"}],"about":[{"href":"https:\/\/www.reciplasa.es\/va\/wp-json\/wp\/v2\/types\/post"}],"author":[{"embeddable":true,"href":"https:\/\/www.reciplasa.es\/va\/wp-json\/wp\/v2\/users\/13"}],"replies":[{"embeddable":true,"href":"https:\/\/www.reciplasa.es\/va\/wp-json\/wp\/v2\/comments?post=22930"}],"version-history":[{"count":1,"href":"https:\/\/www.reciplasa.es\/va\/wp-json\/wp\/v2\/posts\/22930\/revisions"}],"predecessor-version":[{"id":22931,"href":"https:\/\/www.reciplasa.es\/va\/wp-json\/wp\/v2\/posts\/22930\/revisions\/22931"}],"wp:featuredmedia":[{"embeddable":true,"href":"https:\/\/www.reciplasa.es\/va\/wp-json\/wp\/v2\/media\/22928"}],"wp:attachment":[{"href":"https:\/\/www.reciplasa.es\/va\/wp-json\/wp\/v2\/media?parent=22930"}],"wp:term":[{"taxonomy":"category","embeddable":true,"href":"https:\/\/www.reciplasa.es\/va\/wp-json\/wp\/v2\/categories?post=22930"},{"taxonomy":"post_tag","embeddable":true,"href":"https:\/\/www.reciplasa.es\/va\/wp-json\/wp\/v2\/tags?post=22930"}],"curies":[{"name":"wp","href":"https:\/\/api.w.org\/{rel}","templated":true}]}}