{"id":22991,"date":"2025-05-12T09:50:49","date_gmt":"2025-05-12T09:50:49","guid":{"rendered":"https:\/\/www.reciplasa.es\/?p=22991\/"},"modified":"2025-05-12T09:50:50","modified_gmt":"2025-05-12T09:50:50","slug":"reciplasa-supera-con-nota-la-gestion-de-2024-y-avanza-en-la-mejora-de-los-tratamientos-para-este-ano","status":"publish","type":"post","link":"https:\/\/www.reciplasa.es\/va\/reciplasa-supera-con-nota-la-gestion-de-2024-y-avanza-en-la-mejora-de-los-tratamientos-para-este-ano\/","title":{"rendered":"Reciplasa supera con nota la gesti\u00f3n de 2024 y avanza en la mejora de los tratamientos para este a\u00f1o"},"content":{"rendered":"\n<p><em>El informe sobre la auditoria de la gesti\u00f3n de la empresa p\u00fablica revela el buen uso de los recursos centrados en la mejora del medio ambiente<\/em><\/p>\n\n\n\n<p><strong>Castell\u00f3n (12-05-2025). \u2013 <\/strong>La Junta General de Accionistas de Reciplasa ha aprobado el informe de la autor\u00eda a la gesti\u00f3n de la entidad p\u00fablica sobre las cuentas generales de 2024. Al cierre del ejercicio fiscal, la entidad se ha sometido a un proceso de auditaje de las cuentas para evidenciar la gesti\u00f3n responsable y eficaz llevada a cabo por la empresa.<\/p>\n\n\n\n<p>Una \u201cmuy buena noticia\u201d, tal y como explicaba el presidente, Sergio Toledo, quien manifestaba que \u201cgracias a la gesti\u00f3n de 2024, este a\u00f1o podemos incrementar las pol\u00edticas centradas en reforzar los tratamientos y la mejora de recursos de todos los ciudadanos dentro del \u00e1rea de influencia de Reciplasa\u201d.<\/p>\n\n\n\n<p>De hecho, el gran objetivo de la entidad es incrementar la calidad de vida de las localidades que forman parte de Reciplasa y aplicar las t\u00e9cnicas m\u00e1s avanzadas en una econom\u00eda verde y de futuro para la provincia. Por ello, para este 2025 como m\u00e1xima prioridad se tiene el \u201cmejorar a\u00fan m\u00e1s el servicio que presta tanto a los ocho municipios asociados (Almassora, Benic\u00e0ssim, Betx\u00ed, Burriana, Castell\u00f3n, Onda, L\u2019Alcora y Vila-real) como a los otros 38 a los que se les presta servicio, as\u00ed como invertir en nuevas tecnolog\u00edas y medios que le permitan separar mejor los residuos que generan los vecinos y reducir el rechazo\u201d, explica Toledo.<\/p>\n\n\n\n<p>Cabe se\u00f1alar que Reciplasa dispone de un presupuesto de 21.840.797 euros este<\/p>\n\n\n\n<p>2025, que se destinar\u00e1n a la gesti\u00f3n y tratamiento de los residuos de los municipios<\/p>\n\n\n\n<p>que forman parte de la entidad este ejercicio. Un presupuesto ajustado a la realidad<\/p>\n\n\n\n<p>de la provincia y que buscan la eficacia m\u00e1xima en el tratamiento de residuos.<\/p>\n\n\n\n<p><strong>50.597 toneladas de residuos gestionadas en 2024<\/strong><\/p>\n\n\n\n<p>La entidad p\u00fablica Reciplasa cerr\u00f3 el a\u00f1o 2024 con un total de 150.597 toneladas de residuos tratadas, una cifra pr\u00e1cticamente igual que la de 2023, cuando fue de 150.550 toneladas, y que evidencia la importante cantidad de casi 425 toneladas recibidas diariamente en sus instalaciones, tanto en su Estaci\u00f3n de Recepci\u00f3n y Transferencia de Residuos S\u00f3lidos Urbanos y Voluminosos en Almassora como en su Planta de Reciclaje y Compostaje en Onda.<\/p>\n","protected":false},"excerpt":{"rendered":"<p>El informe sobre la auditoria de la gesti\u00f3n de la empresa p\u00fablica revela el buen uso de los recursos centrados en la mejora del medio ambiente Castell\u00f3n (12-05-2025). \u2013 La Junta General de Accionistas de Reciplasa ha aprobado el informe de la autor\u00eda a la gesti\u00f3n de la entidad p\u00fablica sobre las cuentas generales deDale que hay m\u00e1s &#8230;<\/p>\n","protected":false},"author":13,"featured_media":22992,"comment_status":"closed","ping_status":"closed","sticky":false,"template":"","format":"standard","meta":{"footnotes":""},"categories":[3],"tags":[],"class_list":["post-22991","post","type-post","status-publish","format-standard","has-post-thumbnail","hentry","category-noticias-corporativas"],"yoast_head":"<!-- This site is optimized with the Yoast SEO plugin v27.4 - https:\/\/yoast.com\/product\/yoast-seo-wordpress\/ -->\n<title>Reciplasa supera con nota la gesti\u00f3n de 2024 y avanza en la mejora de los tratamientos para este a\u00f1o - RECIPLASA<\/title>\n<meta name=\"description\" content=\"El informe sobre la auditoria de la gesti\u00f3n de la empresa p\u00fablica revela el buen uso de los recursos centrados en la mejora del medio ambiente.\" \/>\n<meta name=\"robots\" content=\"index, follow, max-snippet:-1, max-image-preview:large, max-video-preview:-1\" \/>\n<link rel=\"canonical\" href=\"https:\/\/www.reciplasa.es\/reciplasa-supera-con-nota-la-gestion-de-2024-y-avanza-en-la-mejora-de-los-tratamientos-para-este-ano\/\" \/>\n<meta property=\"og:locale\" content=\"en_US\" \/>\n<meta property=\"og:type\" content=\"article\" \/>\n<meta property=\"og:title\" content=\"Reciplasa supera con nota la gesti\u00f3n de 2024 y avanza en la mejora de los tratamientos para este a\u00f1o - RECIPLASA\" \/>\n<meta property=\"og:description\" content=\"El informe sobre la auditoria de la gesti\u00f3n de la empresa p\u00fablica revela el buen uso de los recursos centrados en la mejora del medio ambiente.\" \/>\n<meta property=\"og:url\" content=\"https:\/\/www.reciplasa.es\/reciplasa-supera-con-nota-la-gestion-de-2024-y-avanza-en-la-mejora-de-los-tratamientos-para-este-ano\/\" \/>\n<meta property=\"og:site_name\" content=\"RECIPLASA\" \/>\n<meta property=\"article:published_time\" content=\"2025-05-12T09:50:49+00:00\" \/>\n<meta property=\"article:modified_time\" content=\"2025-05-12T09:50:50+00:00\" \/>\n<meta property=\"og:image\" content=\"https:\/\/www.reciplasa.es\/wp-content\/uploads\/2025\/05\/imagen-de-archivo-consejo-de-administracion-scaled.jpeg\" \/>\n\t<meta property=\"og:image:width\" content=\"2560\" \/>\n\t<meta property=\"og:image:height\" content=\"1920\" \/>\n\t<meta property=\"og:image:type\" content=\"image\/jpeg\" \/>\n<meta name=\"author\" content=\"Sandra\" \/>\n<meta name=\"twitter:card\" content=\"summary_large_image\" \/>\n<meta name=\"twitter:label1\" content=\"Written by\" \/>\n\t<meta name=\"twitter:data1\" content=\"Sandra\" \/>\n\t<meta name=\"twitter:label2\" content=\"Est. reading time\" \/>\n\t<meta name=\"twitter:data2\" content=\"2 minutes\" \/>\n<script type=\"application\/ld+json\" class=\"yoast-schema-graph\">{\"@context\":\"https:\\\/\\\/schema.org\",\"@graph\":[{\"@type\":\"Article\",\"@id\":\"https:\\\/\\\/www.reciplasa.es\\\/reciplasa-supera-con-nota-la-gestion-de-2024-y-avanza-en-la-mejora-de-los-tratamientos-para-este-ano\\\/#article\",\"isPartOf\":{\"@id\":\"https:\\\/\\\/www.reciplasa.es\\\/reciplasa-supera-con-nota-la-gestion-de-2024-y-avanza-en-la-mejora-de-los-tratamientos-para-este-ano\\\/\"},\"author\":{\"name\":\"Sandra\",\"@id\":\"https:\\\/\\\/www.reciplasa.es\\\/#\\\/schema\\\/person\\\/15191934c9f5618dadb907c80c029c0b\"},\"headline\":\"Reciplasa supera con nota la gesti\u00f3n de 2024 y avanza en la mejora de los tratamientos para este a\u00f1o\",\"datePublished\":\"2025-05-12T09:50:49+00:00\",\"dateModified\":\"2025-05-12T09:50:50+00:00\",\"mainEntityOfPage\":{\"@id\":\"https:\\\/\\\/www.reciplasa.es\\\/reciplasa-supera-con-nota-la-gestion-de-2024-y-avanza-en-la-mejora-de-los-tratamientos-para-este-ano\\\/\"},\"wordCount\":413,\"image\":{\"@id\":\"https:\\\/\\\/www.reciplasa.es\\\/reciplasa-supera-con-nota-la-gestion-de-2024-y-avanza-en-la-mejora-de-los-tratamientos-para-este-ano\\\/#primaryimage\"},\"thumbnailUrl\":\"https:\\\/\\\/www.reciplasa.es\\\/wp-content\\\/uploads\\\/2025\\\/05\\\/imagen-de-archivo-consejo-de-administracion-scaled.jpeg\",\"articleSection\":[\"Noticias corporativas\"],\"inLanguage\":\"va-VA\"},{\"@type\":\"WebPage\",\"@id\":\"https:\\\/\\\/www.reciplasa.es\\\/reciplasa-supera-con-nota-la-gestion-de-2024-y-avanza-en-la-mejora-de-los-tratamientos-para-este-ano\\\/\",\"url\":\"https:\\\/\\\/www.reciplasa.es\\\/reciplasa-supera-con-nota-la-gestion-de-2024-y-avanza-en-la-mejora-de-los-tratamientos-para-este-ano\\\/\",\"name\":\"Reciplasa supera con nota la gesti\u00f3n de 2024 y avanza en la mejora de los tratamientos para este a\u00f1o - RECIPLASA\",\"isPartOf\":{\"@id\":\"https:\\\/\\\/www.reciplasa.es\\\/#website\"},\"primaryImageOfPage\":{\"@id\":\"https:\\\/\\\/www.reciplasa.es\\\/reciplasa-supera-con-nota-la-gestion-de-2024-y-avanza-en-la-mejora-de-los-tratamientos-para-este-ano\\\/#primaryimage\"},\"image\":{\"@id\":\"https:\\\/\\\/www.reciplasa.es\\\/reciplasa-supera-con-nota-la-gestion-de-2024-y-avanza-en-la-mejora-de-los-tratamientos-para-este-ano\\\/#primaryimage\"},\"thumbnailUrl\":\"https:\\\/\\\/www.reciplasa.es\\\/wp-content\\\/uploads\\\/2025\\\/05\\\/imagen-de-archivo-consejo-de-administracion-scaled.jpeg\",\"datePublished\":\"2025-05-12T09:50:49+00:00\",\"dateModified\":\"2025-05-12T09:50:50+00:00\",\"author\":{\"@id\":\"https:\\\/\\\/www.reciplasa.es\\\/#\\\/schema\\\/person\\\/15191934c9f5618dadb907c80c029c0b\"},\"description\":\"El informe sobre la auditoria de la gesti\u00f3n de la empresa p\u00fablica revela el buen uso de los recursos centrados en la mejora del medio ambiente.\",\"breadcrumb\":{\"@id\":\"https:\\\/\\\/www.reciplasa.es\\\/reciplasa-supera-con-nota-la-gestion-de-2024-y-avanza-en-la-mejora-de-los-tratamientos-para-este-ano\\\/#breadcrumb\"},\"inLanguage\":\"va-VA\",\"potentialAction\":[{\"@type\":\"ReadAction\",\"target\":[\"https:\\\/\\\/www.reciplasa.es\\\/reciplasa-supera-con-nota-la-gestion-de-2024-y-avanza-en-la-mejora-de-los-tratamientos-para-este-ano\\\/\"]}]},{\"@type\":\"ImageObject\",\"inLanguage\":\"va-VA\",\"@id\":\"https:\\\/\\\/www.reciplasa.es\\\/reciplasa-supera-con-nota-la-gestion-de-2024-y-avanza-en-la-mejora-de-los-tratamientos-para-este-ano\\\/#primaryimage\",\"url\":\"https:\\\/\\\/www.reciplasa.es\\\/wp-content\\\/uploads\\\/2025\\\/05\\\/imagen-de-archivo-consejo-de-administracion-scaled.jpeg\",\"contentUrl\":\"https:\\\/\\\/www.reciplasa.es\\\/wp-content\\\/uploads\\\/2025\\\/05\\\/imagen-de-archivo-consejo-de-administracion-scaled.jpeg\",\"width\":2560,\"height\":1920,\"caption\":\"Consejo de Administraci\u00f3n\"},{\"@type\":\"BreadcrumbList\",\"@id\":\"https:\\\/\\\/www.reciplasa.es\\\/reciplasa-supera-con-nota-la-gestion-de-2024-y-avanza-en-la-mejora-de-los-tratamientos-para-este-ano\\\/#breadcrumb\",\"itemListElement\":[{\"@type\":\"ListItem\",\"position\":1,\"name\":\"Portada\",\"item\":\"https:\\\/\\\/www.reciplasa.es\\\/va\\\/\"},{\"@type\":\"ListItem\",\"position\":2,\"name\":\"Reciplasa supera con nota la gesti\u00f3n de 2024 y avanza en la mejora de los tratamientos para este a\u00f1o\"}]},{\"@type\":\"WebSite\",\"@id\":\"https:\\\/\\\/www.reciplasa.es\\\/#website\",\"url\":\"https:\\\/\\\/www.reciplasa.es\\\/\",\"name\":\"RECIPLASA\",\"description\":\"Reciclats de Residus La Plana SA\",\"potentialAction\":[{\"@type\":\"SearchAction\",\"target\":{\"@type\":\"EntryPoint\",\"urlTemplate\":\"https:\\\/\\\/www.reciplasa.es\\\/?s={search_term_string}\"},\"query-input\":{\"@type\":\"PropertyValueSpecification\",\"valueRequired\":true,\"valueName\":\"search_term_string\"}}],\"inLanguage\":\"va-VA\"},{\"@type\":\"Person\",\"@id\":\"https:\\\/\\\/www.reciplasa.es\\\/#\\\/schema\\\/person\\\/15191934c9f5618dadb907c80c029c0b\",\"name\":\"Sandra\",\"image\":{\"@type\":\"ImageObject\",\"inLanguage\":\"va-VA\",\"@id\":\"https:\\\/\\\/secure.gravatar.com\\\/avatar\\\/605ca84bedd79915b697a46887df8ccd0249fb6f2a1bbcd0bfc66c91d997ae51?s=96&d=mm&r=g\",\"url\":\"https:\\\/\\\/secure.gravatar.com\\\/avatar\\\/605ca84bedd79915b697a46887df8ccd0249fb6f2a1bbcd0bfc66c91d997ae51?s=96&d=mm&r=g\",\"contentUrl\":\"https:\\\/\\\/secure.gravatar.com\\\/avatar\\\/605ca84bedd79915b697a46887df8ccd0249fb6f2a1bbcd0bfc66c91d997ae51?s=96&d=mm&r=g\",\"caption\":\"Sandra\"},\"url\":\"https:\\\/\\\/www.reciplasa.es\\\/va\\\/author\\\/sandra\\\/\"}]}<\/script>\n<!-- \/ Yoast SEO plugin. -->","yoast_head_json":{"title":"Reciplasa supera con nota la gesti\u00f3n de 2024 y avanza en la mejora de los tratamientos para este a\u00f1o - RECIPLASA","description":"El informe sobre la auditoria de la gesti\u00f3n de la empresa p\u00fablica revela el buen uso de los recursos centrados en la mejora del medio ambiente.","robots":{"index":"index","follow":"follow","max-snippet":"max-snippet:-1","max-image-preview":"max-image-preview:large","max-video-preview":"max-video-preview:-1"},"canonical":"https:\/\/www.reciplasa.es\/reciplasa-supera-con-nota-la-gestion-de-2024-y-avanza-en-la-mejora-de-los-tratamientos-para-este-ano\/","og_locale":"en_US","og_type":"article","og_title":"Reciplasa supera con nota la gesti\u00f3n de 2024 y avanza en la mejora de los tratamientos para este a\u00f1o - RECIPLASA","og_description":"El informe sobre la auditoria de la gesti\u00f3n de la empresa p\u00fablica revela el buen uso de los recursos centrados en la mejora del medio ambiente.","og_url":"https:\/\/www.reciplasa.es\/reciplasa-supera-con-nota-la-gestion-de-2024-y-avanza-en-la-mejora-de-los-tratamientos-para-este-ano\/","og_site_name":"RECIPLASA","article_published_time":"2025-05-12T09:50:49+00:00","article_modified_time":"2025-05-12T09:50:50+00:00","og_image":[{"width":2560,"height":1920,"url":"https:\/\/www.reciplasa.es\/wp-content\/uploads\/2025\/05\/imagen-de-archivo-consejo-de-administracion-scaled.jpeg","type":"image\/jpeg"}],"author":"Sandra","twitter_card":"summary_large_image","twitter_misc":{"Written by":"Sandra","Est. reading time":"2 minutes"},"schema":{"@context":"https:\/\/schema.org","@graph":[{"@type":"Article","@id":"https:\/\/www.reciplasa.es\/reciplasa-supera-con-nota-la-gestion-de-2024-y-avanza-en-la-mejora-de-los-tratamientos-para-este-ano\/#article","isPartOf":{"@id":"https:\/\/www.reciplasa.es\/reciplasa-supera-con-nota-la-gestion-de-2024-y-avanza-en-la-mejora-de-los-tratamientos-para-este-ano\/"},"author":{"name":"Sandra","@id":"https:\/\/www.reciplasa.es\/#\/schema\/person\/15191934c9f5618dadb907c80c029c0b"},"headline":"Reciplasa supera con nota la gesti\u00f3n de 2024 y avanza en la mejora de los tratamientos para este a\u00f1o","datePublished":"2025-05-12T09:50:49+00:00","dateModified":"2025-05-12T09:50:50+00:00","mainEntityOfPage":{"@id":"https:\/\/www.reciplasa.es\/reciplasa-supera-con-nota-la-gestion-de-2024-y-avanza-en-la-mejora-de-los-tratamientos-para-este-ano\/"},"wordCount":413,"image":{"@id":"https:\/\/www.reciplasa.es\/reciplasa-supera-con-nota-la-gestion-de-2024-y-avanza-en-la-mejora-de-los-tratamientos-para-este-ano\/#primaryimage"},"thumbnailUrl":"https:\/\/www.reciplasa.es\/wp-content\/uploads\/2025\/05\/imagen-de-archivo-consejo-de-administracion-scaled.jpeg","articleSection":["Noticias corporativas"],"inLanguage":"va-VA"},{"@type":"WebPage","@id":"https:\/\/www.reciplasa.es\/reciplasa-supera-con-nota-la-gestion-de-2024-y-avanza-en-la-mejora-de-los-tratamientos-para-este-ano\/","url":"https:\/\/www.reciplasa.es\/reciplasa-supera-con-nota-la-gestion-de-2024-y-avanza-en-la-mejora-de-los-tratamientos-para-este-ano\/","name":"Reciplasa supera con nota la gesti\u00f3n de 2024 y avanza en la mejora de los tratamientos para este a\u00f1o - RECIPLASA","isPartOf":{"@id":"https:\/\/www.reciplasa.es\/#website"},"primaryImageOfPage":{"@id":"https:\/\/www.reciplasa.es\/reciplasa-supera-con-nota-la-gestion-de-2024-y-avanza-en-la-mejora-de-los-tratamientos-para-este-ano\/#primaryimage"},"image":{"@id":"https:\/\/www.reciplasa.es\/reciplasa-supera-con-nota-la-gestion-de-2024-y-avanza-en-la-mejora-de-los-tratamientos-para-este-ano\/#primaryimage"},"thumbnailUrl":"https:\/\/www.reciplasa.es\/wp-content\/uploads\/2025\/05\/imagen-de-archivo-consejo-de-administracion-scaled.jpeg","datePublished":"2025-05-12T09:50:49+00:00","dateModified":"2025-05-12T09:50:50+00:00","author":{"@id":"https:\/\/www.reciplasa.es\/#\/schema\/person\/15191934c9f5618dadb907c80c029c0b"},"description":"El informe sobre la auditoria de la gesti\u00f3n de la empresa p\u00fablica revela el buen uso de los recursos centrados en la mejora del medio ambiente.","breadcrumb":{"@id":"https:\/\/www.reciplasa.es\/reciplasa-supera-con-nota-la-gestion-de-2024-y-avanza-en-la-mejora-de-los-tratamientos-para-este-ano\/#breadcrumb"},"inLanguage":"va-VA","potentialAction":[{"@type":"ReadAction","target":["https:\/\/www.reciplasa.es\/reciplasa-supera-con-nota-la-gestion-de-2024-y-avanza-en-la-mejora-de-los-tratamientos-para-este-ano\/"]}]},{"@type":"ImageObject","inLanguage":"va-VA","@id":"https:\/\/www.reciplasa.es\/reciplasa-supera-con-nota-la-gestion-de-2024-y-avanza-en-la-mejora-de-los-tratamientos-para-este-ano\/#primaryimage","url":"https:\/\/www.reciplasa.es\/wp-content\/uploads\/2025\/05\/imagen-de-archivo-consejo-de-administracion-scaled.jpeg","contentUrl":"https:\/\/www.reciplasa.es\/wp-content\/uploads\/2025\/05\/imagen-de-archivo-consejo-de-administracion-scaled.jpeg","width":2560,"height":1920,"caption":"Consejo de Administraci\u00f3n"},{"@type":"BreadcrumbList","@id":"https:\/\/www.reciplasa.es\/reciplasa-supera-con-nota-la-gestion-de-2024-y-avanza-en-la-mejora-de-los-tratamientos-para-este-ano\/#breadcrumb","itemListElement":[{"@type":"ListItem","position":1,"name":"Portada","item":"https:\/\/www.reciplasa.es\/va\/"},{"@type":"ListItem","position":2,"name":"Reciplasa supera con nota la gesti\u00f3n de 2024 y avanza en la mejora de los tratamientos para este a\u00f1o"}]},{"@type":"WebSite","@id":"https:\/\/www.reciplasa.es\/#website","url":"https:\/\/www.reciplasa.es\/","name":"RECIPLASA","description":"Reciclats de Residus La Plana SA","potentialAction":[{"@type":"SearchAction","target":{"@type":"EntryPoint","urlTemplate":"https:\/\/www.reciplasa.es\/?s={search_term_string}"},"query-input":{"@type":"PropertyValueSpecification","valueRequired":true,"valueName":"search_term_string"}}],"inLanguage":"va-VA"},{"@type":"Person","@id":"https:\/\/www.reciplasa.es\/#\/schema\/person\/15191934c9f5618dadb907c80c029c0b","name":"Sandra","image":{"@type":"ImageObject","inLanguage":"va-VA","@id":"https:\/\/secure.gravatar.com\/avatar\/605ca84bedd79915b697a46887df8ccd0249fb6f2a1bbcd0bfc66c91d997ae51?s=96&d=mm&r=g","url":"https:\/\/secure.gravatar.com\/avatar\/605ca84bedd79915b697a46887df8ccd0249fb6f2a1bbcd0bfc66c91d997ae51?s=96&d=mm&r=g","contentUrl":"https:\/\/secure.gravatar.com\/avatar\/605ca84bedd79915b697a46887df8ccd0249fb6f2a1bbcd0bfc66c91d997ae51?s=96&d=mm&r=g","caption":"Sandra"},"url":"https:\/\/www.reciplasa.es\/va\/author\/sandra\/"}]}},"_links":{"self":[{"href":"https:\/\/www.reciplasa.es\/va\/wp-json\/wp\/v2\/posts\/22991","targetHints":{"allow":["GET"]}}],"collection":[{"href":"https:\/\/www.reciplasa.es\/va\/wp-json\/wp\/v2\/posts"}],"about":[{"href":"https:\/\/www.reciplasa.es\/va\/wp-json\/wp\/v2\/types\/post"}],"author":[{"embeddable":true,"href":"https:\/\/www.reciplasa.es\/va\/wp-json\/wp\/v2\/users\/13"}],"replies":[{"embeddable":true,"href":"https:\/\/www.reciplasa.es\/va\/wp-json\/wp\/v2\/comments?post=22991"}],"version-history":[{"count":1,"href":"https:\/\/www.reciplasa.es\/va\/wp-json\/wp\/v2\/posts\/22991\/revisions"}],"predecessor-version":[{"id":22993,"href":"https:\/\/www.reciplasa.es\/va\/wp-json\/wp\/v2\/posts\/22991\/revisions\/22993"}],"wp:featuredmedia":[{"embeddable":true,"href":"https:\/\/www.reciplasa.es\/va\/wp-json\/wp\/v2\/media\/22992"}],"wp:attachment":[{"href":"https:\/\/www.reciplasa.es\/va\/wp-json\/wp\/v2\/media?parent=22991"}],"wp:term":[{"taxonomy":"category","embeddable":true,"href":"https:\/\/www.reciplasa.es\/va\/wp-json\/wp\/v2\/categories?post=22991"},{"taxonomy":"post_tag","embeddable":true,"href":"https:\/\/www.reciplasa.es\/va\/wp-json\/wp\/v2\/tags?post=22991"}],"curies":[{"name":"wp","href":"https:\/\/api.w.org\/{rel}","templated":true}]}}