{"id":22996,"date":"2025-05-13T09:39:22","date_gmt":"2025-05-13T09:39:22","guid":{"rendered":"https:\/\/www.reciplasa.es\/?p=22996\/"},"modified":"2025-05-13T09:39:24","modified_gmt":"2025-05-13T09:39:24","slug":"reciplasa-supera-amb-nota-la-gestio-de-2024-i-avanca-en-la-millora-dels-tractaments-per-a-enguany","status":"publish","type":"post","link":"https:\/\/www.reciplasa.es\/va\/reciplasa-supera-amb-nota-la-gestio-de-2024-i-avanca-en-la-millora-dels-tractaments-per-a-enguany\/","title":{"rendered":"Reciplasa supera amb nota la gesti\u00f3 de 2024 i avan\u00e7a en la  millora dels tractaments per a enguany"},"content":{"rendered":"\n<p><em>L&#8217;informe sobre l&#8217;auditoria de la gesti\u00f3 de l&#8217;empresa p\u00fablica revela el bon \u00fas dels recursos centrats en la millora del medi ambient<\/em><\/p>\n\n\n\n<p><strong>Castell\u00f3 (12-05-2025). \u2013 <\/strong>La Junta General d&#8217;Accionistes de\u00a0Reciplasa\u00a0ha aprovat l&#8217;informe de l&#8217;autoria a la gesti\u00f3 de l&#8217;entitat p\u00fablica sobre els comptes generals de 2024. Al tancament de l&#8217;exercici fiscal, l&#8217;entitat s&#8217;ha sotm\u00e9s a un proc\u00e9s de\u00a0auditaje\u00a0dels comptes per a evidenciar la gesti\u00f3 responsable i efica\u00e7 duta a terme per l&#8217;empresa.<\/p>\n\n\n\n<p><br>Una \u201cmolt bona not\u00edcia\u201d, tal com explicava el president, Sergio Toledo, qui manifestava que \u201cgr\u00e0cies a la gesti\u00f3 de 2024, enguany podem incrementar les pol\u00edtiques centrades en refor\u00e7ar els tractaments i la millora de recursos de tots els ciutadans dins de l&#8217;\u00e0rea d&#8217;influ\u00e8ncia de&nbsp;Reciplasa\u201d.<\/p>\n\n\n\n<p><br>De fet, el gran objectiu de l&#8217;entitat \u00e9s incrementar la qualitat de vida de les localitats que formen part de&nbsp;Reciplasa&nbsp;i aplicar les t\u00e8cniques m\u00e9s avan\u00e7ades en una economia verda i de futur per a la prov\u00edncia. Per aix\u00f2, per a aquest 2025 com a m\u00e0xima prioritat es t\u00e9 el \u201cmillorar encara m\u00e9s el servei que presta tant als huit municipis associats (Almassora, Benic\u00e0ssim, Betx\u00ed, Borriana, Castell\u00f3, Onda, L&#8217;Alcora i Vila-real) com als altres 38 als quals se&#8217;ls presta servei, aix\u00ed com invertir en noves tecnologies i mitjans que li permeten separar millor els residus que generen els ve\u00efns i reduir el rebuig\u201d, explica Toledo.<\/p>\n\n\n\n<p><br>Cal assenyalar que&nbsp;Reciplasa&nbsp;disposa d&#8217;un pressupost de 21.840.797 euros aquest<br>2025, que es destinaran a la gesti\u00f3 i tractament dels residus dels municipis<br>que formen part de l&#8217;entitat aquest exercici. Un pressupost ajustat a la realitat<br>de la prov\u00edncia i que busquen l&#8217;efic\u00e0cia m\u00e0xima en el tractament de residus.<br><br><strong>50.597 tones de residus gestionades en 2024<\/strong><\/p>\n\n\n\n<p><br>L&#8217;entitat p\u00fablica&nbsp;Reciplasa&nbsp;va tancar l&#8217;any 2024 amb un total de 150.597 tones de residus tractades, una xifra pr\u00e0cticament igual que la de 2023, quan va ser de 150.550 tones, i que evidencia la important quantitat de quasi 425 tones rebudes di\u00e0riament en les seues instal\u00b7lacions, tant en la seua Estaci\u00f3 de Recepci\u00f3 i Transfer\u00e8ncia de Residus S\u00f2lids Urbans i Voluminosos a Almassora com en la seua Planta de Reciclatge i Compostatge a Onda.<\/p>\n","protected":false},"excerpt":{"rendered":"<p>L&#8217;informe sobre l&#8217;auditoria de la gesti\u00f3 de l&#8217;empresa p\u00fablica revela el bon \u00fas dels recursos centrats en la millora del medi ambient Castell\u00f3 (12-05-2025). \u2013 La Junta General d&#8217;Accionistes de\u00a0Reciplasa\u00a0ha aprovat l&#8217;informe de l&#8217;autoria a la gesti\u00f3 de l&#8217;entitat p\u00fablica sobre els comptes generals de 2024. Al tancament de l&#8217;exercici fiscal, l&#8217;entitat s&#8217;ha sotm\u00e9s aDale que hay m\u00e1s &#8230;<\/p>\n","protected":false},"author":13,"featured_media":22992,"comment_status":"closed","ping_status":"closed","sticky":false,"template":"","format":"standard","meta":{"footnotes":""},"categories":[3],"tags":[],"class_list":["post-22996","post","type-post","status-publish","format-standard","has-post-thumbnail","hentry","category-noticias-corporativas"],"yoast_head":"<!-- This site is optimized with the Yoast SEO plugin v27.4 - https:\/\/yoast.com\/product\/yoast-seo-wordpress\/ -->\n<title>Reciplasa supera amb nota la gesti\u00f3 de 2024 i avan\u00e7a en la millora dels tractaments per a enguany - RECIPLASA<\/title>\n<meta name=\"description\" content=\"L&#039;informe sobre l&#039;auditoria de la gesti\u00f3 de l&#039;empresa p\u00fablica revela el bon \u00fas dels recursos centrats en la millora del medi ambient.\" \/>\n<meta name=\"robots\" content=\"index, follow, max-snippet:-1, max-image-preview:large, max-video-preview:-1\" \/>\n<link rel=\"canonical\" href=\"https:\/\/www.reciplasa.es\/va\/reciplasa-supera-amb-nota-la-gestio-de-2024-i-avanca-en-la-millora-dels-tractaments-per-a-enguany\/\" \/>\n<meta property=\"og:locale\" content=\"en_US\" \/>\n<meta property=\"og:type\" content=\"article\" \/>\n<meta property=\"og:title\" content=\"Reciplasa supera amb nota la gesti\u00f3 de 2024 i avan\u00e7a en la millora dels tractaments per a enguany - RECIPLASA\" \/>\n<meta property=\"og:description\" content=\"L&#039;informe sobre l&#039;auditoria de la gesti\u00f3 de l&#039;empresa p\u00fablica revela el bon \u00fas dels recursos centrats en la millora del medi ambient.\" \/>\n<meta property=\"og:url\" content=\"https:\/\/www.reciplasa.es\/va\/reciplasa-supera-amb-nota-la-gestio-de-2024-i-avanca-en-la-millora-dels-tractaments-per-a-enguany\/\" \/>\n<meta property=\"og:site_name\" content=\"RECIPLASA\" \/>\n<meta property=\"article:published_time\" content=\"2025-05-13T09:39:22+00:00\" \/>\n<meta property=\"article:modified_time\" content=\"2025-05-13T09:39:24+00:00\" \/>\n<meta property=\"og:image\" content=\"https:\/\/www.reciplasa.es\/wp-content\/uploads\/2025\/05\/imagen-de-archivo-consejo-de-administracion-scaled.jpeg\" \/>\n\t<meta property=\"og:image:width\" content=\"2560\" \/>\n\t<meta property=\"og:image:height\" content=\"1920\" \/>\n\t<meta property=\"og:image:type\" content=\"image\/jpeg\" \/>\n<meta name=\"author\" content=\"Sandra\" \/>\n<meta name=\"twitter:card\" content=\"summary_large_image\" \/>\n<meta name=\"twitter:label1\" content=\"Written by\" \/>\n\t<meta name=\"twitter:data1\" content=\"Sandra\" \/>\n\t<meta name=\"twitter:label2\" content=\"Est. reading time\" \/>\n\t<meta name=\"twitter:data2\" content=\"2 minutes\" \/>\n<script type=\"application\/ld+json\" class=\"yoast-schema-graph\">{\"@context\":\"https:\\\/\\\/schema.org\",\"@graph\":[{\"@type\":\"Article\",\"@id\":\"https:\\\/\\\/www.reciplasa.es\\\/va\\\/reciplasa-supera-amb-nota-la-gestio-de-2024-i-avanca-en-la-millora-dels-tractaments-per-a-enguany\\\/#article\",\"isPartOf\":{\"@id\":\"https:\\\/\\\/www.reciplasa.es\\\/va\\\/reciplasa-supera-amb-nota-la-gestio-de-2024-i-avanca-en-la-millora-dels-tractaments-per-a-enguany\\\/\"},\"author\":{\"name\":\"Sandra\",\"@id\":\"https:\\\/\\\/www.reciplasa.es\\\/#\\\/schema\\\/person\\\/15191934c9f5618dadb907c80c029c0b\"},\"headline\":\"Reciplasa supera amb nota la gesti\u00f3 de 2024 i avan\u00e7a en la millora dels tractaments per a enguany\",\"datePublished\":\"2025-05-13T09:39:22+00:00\",\"dateModified\":\"2025-05-13T09:39:24+00:00\",\"mainEntityOfPage\":{\"@id\":\"https:\\\/\\\/www.reciplasa.es\\\/va\\\/reciplasa-supera-amb-nota-la-gestio-de-2024-i-avanca-en-la-millora-dels-tractaments-per-a-enguany\\\/\"},\"wordCount\":415,\"image\":{\"@id\":\"https:\\\/\\\/www.reciplasa.es\\\/va\\\/reciplasa-supera-amb-nota-la-gestio-de-2024-i-avanca-en-la-millora-dels-tractaments-per-a-enguany\\\/#primaryimage\"},\"thumbnailUrl\":\"https:\\\/\\\/www.reciplasa.es\\\/wp-content\\\/uploads\\\/2025\\\/05\\\/imagen-de-archivo-consejo-de-administracion-scaled.jpeg\",\"articleSection\":[\"Noticias corporativas\"],\"inLanguage\":\"va-VA\"},{\"@type\":\"WebPage\",\"@id\":\"https:\\\/\\\/www.reciplasa.es\\\/va\\\/reciplasa-supera-amb-nota-la-gestio-de-2024-i-avanca-en-la-millora-dels-tractaments-per-a-enguany\\\/\",\"url\":\"https:\\\/\\\/www.reciplasa.es\\\/va\\\/reciplasa-supera-amb-nota-la-gestio-de-2024-i-avanca-en-la-millora-dels-tractaments-per-a-enguany\\\/\",\"name\":\"Reciplasa supera amb nota la gesti\u00f3 de 2024 i avan\u00e7a en la millora dels tractaments per a enguany - RECIPLASA\",\"isPartOf\":{\"@id\":\"https:\\\/\\\/www.reciplasa.es\\\/#website\"},\"primaryImageOfPage\":{\"@id\":\"https:\\\/\\\/www.reciplasa.es\\\/va\\\/reciplasa-supera-amb-nota-la-gestio-de-2024-i-avanca-en-la-millora-dels-tractaments-per-a-enguany\\\/#primaryimage\"},\"image\":{\"@id\":\"https:\\\/\\\/www.reciplasa.es\\\/va\\\/reciplasa-supera-amb-nota-la-gestio-de-2024-i-avanca-en-la-millora-dels-tractaments-per-a-enguany\\\/#primaryimage\"},\"thumbnailUrl\":\"https:\\\/\\\/www.reciplasa.es\\\/wp-content\\\/uploads\\\/2025\\\/05\\\/imagen-de-archivo-consejo-de-administracion-scaled.jpeg\",\"datePublished\":\"2025-05-13T09:39:22+00:00\",\"dateModified\":\"2025-05-13T09:39:24+00:00\",\"author\":{\"@id\":\"https:\\\/\\\/www.reciplasa.es\\\/#\\\/schema\\\/person\\\/15191934c9f5618dadb907c80c029c0b\"},\"description\":\"L'informe sobre l'auditoria de la gesti\u00f3 de l'empresa p\u00fablica revela el bon \u00fas dels recursos centrats en la millora del medi ambient.\",\"breadcrumb\":{\"@id\":\"https:\\\/\\\/www.reciplasa.es\\\/va\\\/reciplasa-supera-amb-nota-la-gestio-de-2024-i-avanca-en-la-millora-dels-tractaments-per-a-enguany\\\/#breadcrumb\"},\"inLanguage\":\"va-VA\",\"potentialAction\":[{\"@type\":\"ReadAction\",\"target\":[\"https:\\\/\\\/www.reciplasa.es\\\/va\\\/reciplasa-supera-amb-nota-la-gestio-de-2024-i-avanca-en-la-millora-dels-tractaments-per-a-enguany\\\/\"]}]},{\"@type\":\"ImageObject\",\"inLanguage\":\"va-VA\",\"@id\":\"https:\\\/\\\/www.reciplasa.es\\\/va\\\/reciplasa-supera-amb-nota-la-gestio-de-2024-i-avanca-en-la-millora-dels-tractaments-per-a-enguany\\\/#primaryimage\",\"url\":\"https:\\\/\\\/www.reciplasa.es\\\/wp-content\\\/uploads\\\/2025\\\/05\\\/imagen-de-archivo-consejo-de-administracion-scaled.jpeg\",\"contentUrl\":\"https:\\\/\\\/www.reciplasa.es\\\/wp-content\\\/uploads\\\/2025\\\/05\\\/imagen-de-archivo-consejo-de-administracion-scaled.jpeg\",\"width\":2560,\"height\":1920,\"caption\":\"Consejo de Administraci\u00f3n\"},{\"@type\":\"BreadcrumbList\",\"@id\":\"https:\\\/\\\/www.reciplasa.es\\\/va\\\/reciplasa-supera-amb-nota-la-gestio-de-2024-i-avanca-en-la-millora-dels-tractaments-per-a-enguany\\\/#breadcrumb\",\"itemListElement\":[{\"@type\":\"ListItem\",\"position\":1,\"name\":\"Portada\",\"item\":\"https:\\\/\\\/www.reciplasa.es\\\/va\\\/\"},{\"@type\":\"ListItem\",\"position\":2,\"name\":\"Reciplasa supera amb nota la gesti\u00f3 de 2024 i avan\u00e7a en la millora dels tractaments per a enguany\"}]},{\"@type\":\"WebSite\",\"@id\":\"https:\\\/\\\/www.reciplasa.es\\\/#website\",\"url\":\"https:\\\/\\\/www.reciplasa.es\\\/\",\"name\":\"RECIPLASA\",\"description\":\"Reciclats de Residus La Plana SA\",\"potentialAction\":[{\"@type\":\"SearchAction\",\"target\":{\"@type\":\"EntryPoint\",\"urlTemplate\":\"https:\\\/\\\/www.reciplasa.es\\\/?s={search_term_string}\"},\"query-input\":{\"@type\":\"PropertyValueSpecification\",\"valueRequired\":true,\"valueName\":\"search_term_string\"}}],\"inLanguage\":\"va-VA\"},{\"@type\":\"Person\",\"@id\":\"https:\\\/\\\/www.reciplasa.es\\\/#\\\/schema\\\/person\\\/15191934c9f5618dadb907c80c029c0b\",\"name\":\"Sandra\",\"image\":{\"@type\":\"ImageObject\",\"inLanguage\":\"va-VA\",\"@id\":\"https:\\\/\\\/secure.gravatar.com\\\/avatar\\\/605ca84bedd79915b697a46887df8ccd0249fb6f2a1bbcd0bfc66c91d997ae51?s=96&d=mm&r=g\",\"url\":\"https:\\\/\\\/secure.gravatar.com\\\/avatar\\\/605ca84bedd79915b697a46887df8ccd0249fb6f2a1bbcd0bfc66c91d997ae51?s=96&d=mm&r=g\",\"contentUrl\":\"https:\\\/\\\/secure.gravatar.com\\\/avatar\\\/605ca84bedd79915b697a46887df8ccd0249fb6f2a1bbcd0bfc66c91d997ae51?s=96&d=mm&r=g\",\"caption\":\"Sandra\"},\"url\":\"https:\\\/\\\/www.reciplasa.es\\\/va\\\/author\\\/sandra\\\/\"}]}<\/script>\n<!-- \/ Yoast SEO plugin. -->","yoast_head_json":{"title":"Reciplasa supera amb nota la gesti\u00f3 de 2024 i avan\u00e7a en la millora dels tractaments per a enguany - RECIPLASA","description":"L'informe sobre l'auditoria de la gesti\u00f3 de l'empresa p\u00fablica revela el bon \u00fas dels recursos centrats en la millora del medi ambient.","robots":{"index":"index","follow":"follow","max-snippet":"max-snippet:-1","max-image-preview":"max-image-preview:large","max-video-preview":"max-video-preview:-1"},"canonical":"https:\/\/www.reciplasa.es\/va\/reciplasa-supera-amb-nota-la-gestio-de-2024-i-avanca-en-la-millora-dels-tractaments-per-a-enguany\/","og_locale":"en_US","og_type":"article","og_title":"Reciplasa supera amb nota la gesti\u00f3 de 2024 i avan\u00e7a en la millora dels tractaments per a enguany - RECIPLASA","og_description":"L'informe sobre l'auditoria de la gesti\u00f3 de l'empresa p\u00fablica revela el bon \u00fas dels recursos centrats en la millora del medi ambient.","og_url":"https:\/\/www.reciplasa.es\/va\/reciplasa-supera-amb-nota-la-gestio-de-2024-i-avanca-en-la-millora-dels-tractaments-per-a-enguany\/","og_site_name":"RECIPLASA","article_published_time":"2025-05-13T09:39:22+00:00","article_modified_time":"2025-05-13T09:39:24+00:00","og_image":[{"width":2560,"height":1920,"url":"https:\/\/www.reciplasa.es\/wp-content\/uploads\/2025\/05\/imagen-de-archivo-consejo-de-administracion-scaled.jpeg","type":"image\/jpeg"}],"author":"Sandra","twitter_card":"summary_large_image","twitter_misc":{"Written by":"Sandra","Est. reading time":"2 minutes"},"schema":{"@context":"https:\/\/schema.org","@graph":[{"@type":"Article","@id":"https:\/\/www.reciplasa.es\/va\/reciplasa-supera-amb-nota-la-gestio-de-2024-i-avanca-en-la-millora-dels-tractaments-per-a-enguany\/#article","isPartOf":{"@id":"https:\/\/www.reciplasa.es\/va\/reciplasa-supera-amb-nota-la-gestio-de-2024-i-avanca-en-la-millora-dels-tractaments-per-a-enguany\/"},"author":{"name":"Sandra","@id":"https:\/\/www.reciplasa.es\/#\/schema\/person\/15191934c9f5618dadb907c80c029c0b"},"headline":"Reciplasa supera amb nota la gesti\u00f3 de 2024 i avan\u00e7a en la millora dels tractaments per a enguany","datePublished":"2025-05-13T09:39:22+00:00","dateModified":"2025-05-13T09:39:24+00:00","mainEntityOfPage":{"@id":"https:\/\/www.reciplasa.es\/va\/reciplasa-supera-amb-nota-la-gestio-de-2024-i-avanca-en-la-millora-dels-tractaments-per-a-enguany\/"},"wordCount":415,"image":{"@id":"https:\/\/www.reciplasa.es\/va\/reciplasa-supera-amb-nota-la-gestio-de-2024-i-avanca-en-la-millora-dels-tractaments-per-a-enguany\/#primaryimage"},"thumbnailUrl":"https:\/\/www.reciplasa.es\/wp-content\/uploads\/2025\/05\/imagen-de-archivo-consejo-de-administracion-scaled.jpeg","articleSection":["Noticias corporativas"],"inLanguage":"va-VA"},{"@type":"WebPage","@id":"https:\/\/www.reciplasa.es\/va\/reciplasa-supera-amb-nota-la-gestio-de-2024-i-avanca-en-la-millora-dels-tractaments-per-a-enguany\/","url":"https:\/\/www.reciplasa.es\/va\/reciplasa-supera-amb-nota-la-gestio-de-2024-i-avanca-en-la-millora-dels-tractaments-per-a-enguany\/","name":"Reciplasa supera amb nota la gesti\u00f3 de 2024 i avan\u00e7a en la millora dels tractaments per a enguany - RECIPLASA","isPartOf":{"@id":"https:\/\/www.reciplasa.es\/#website"},"primaryImageOfPage":{"@id":"https:\/\/www.reciplasa.es\/va\/reciplasa-supera-amb-nota-la-gestio-de-2024-i-avanca-en-la-millora-dels-tractaments-per-a-enguany\/#primaryimage"},"image":{"@id":"https:\/\/www.reciplasa.es\/va\/reciplasa-supera-amb-nota-la-gestio-de-2024-i-avanca-en-la-millora-dels-tractaments-per-a-enguany\/#primaryimage"},"thumbnailUrl":"https:\/\/www.reciplasa.es\/wp-content\/uploads\/2025\/05\/imagen-de-archivo-consejo-de-administracion-scaled.jpeg","datePublished":"2025-05-13T09:39:22+00:00","dateModified":"2025-05-13T09:39:24+00:00","author":{"@id":"https:\/\/www.reciplasa.es\/#\/schema\/person\/15191934c9f5618dadb907c80c029c0b"},"description":"L'informe sobre l'auditoria de la gesti\u00f3 de l'empresa p\u00fablica revela el bon \u00fas dels recursos centrats en la millora del medi ambient.","breadcrumb":{"@id":"https:\/\/www.reciplasa.es\/va\/reciplasa-supera-amb-nota-la-gestio-de-2024-i-avanca-en-la-millora-dels-tractaments-per-a-enguany\/#breadcrumb"},"inLanguage":"va-VA","potentialAction":[{"@type":"ReadAction","target":["https:\/\/www.reciplasa.es\/va\/reciplasa-supera-amb-nota-la-gestio-de-2024-i-avanca-en-la-millora-dels-tractaments-per-a-enguany\/"]}]},{"@type":"ImageObject","inLanguage":"va-VA","@id":"https:\/\/www.reciplasa.es\/va\/reciplasa-supera-amb-nota-la-gestio-de-2024-i-avanca-en-la-millora-dels-tractaments-per-a-enguany\/#primaryimage","url":"https:\/\/www.reciplasa.es\/wp-content\/uploads\/2025\/05\/imagen-de-archivo-consejo-de-administracion-scaled.jpeg","contentUrl":"https:\/\/www.reciplasa.es\/wp-content\/uploads\/2025\/05\/imagen-de-archivo-consejo-de-administracion-scaled.jpeg","width":2560,"height":1920,"caption":"Consejo de Administraci\u00f3n"},{"@type":"BreadcrumbList","@id":"https:\/\/www.reciplasa.es\/va\/reciplasa-supera-amb-nota-la-gestio-de-2024-i-avanca-en-la-millora-dels-tractaments-per-a-enguany\/#breadcrumb","itemListElement":[{"@type":"ListItem","position":1,"name":"Portada","item":"https:\/\/www.reciplasa.es\/va\/"},{"@type":"ListItem","position":2,"name":"Reciplasa supera amb nota la gesti\u00f3 de 2024 i avan\u00e7a en la millora dels tractaments per a enguany"}]},{"@type":"WebSite","@id":"https:\/\/www.reciplasa.es\/#website","url":"https:\/\/www.reciplasa.es\/","name":"RECIPLASA","description":"Reciclats de Residus La Plana SA","potentialAction":[{"@type":"SearchAction","target":{"@type":"EntryPoint","urlTemplate":"https:\/\/www.reciplasa.es\/?s={search_term_string}"},"query-input":{"@type":"PropertyValueSpecification","valueRequired":true,"valueName":"search_term_string"}}],"inLanguage":"va-VA"},{"@type":"Person","@id":"https:\/\/www.reciplasa.es\/#\/schema\/person\/15191934c9f5618dadb907c80c029c0b","name":"Sandra","image":{"@type":"ImageObject","inLanguage":"va-VA","@id":"https:\/\/secure.gravatar.com\/avatar\/605ca84bedd79915b697a46887df8ccd0249fb6f2a1bbcd0bfc66c91d997ae51?s=96&d=mm&r=g","url":"https:\/\/secure.gravatar.com\/avatar\/605ca84bedd79915b697a46887df8ccd0249fb6f2a1bbcd0bfc66c91d997ae51?s=96&d=mm&r=g","contentUrl":"https:\/\/secure.gravatar.com\/avatar\/605ca84bedd79915b697a46887df8ccd0249fb6f2a1bbcd0bfc66c91d997ae51?s=96&d=mm&r=g","caption":"Sandra"},"url":"https:\/\/www.reciplasa.es\/va\/author\/sandra\/"}]}},"_links":{"self":[{"href":"https:\/\/www.reciplasa.es\/va\/wp-json\/wp\/v2\/posts\/22996","targetHints":{"allow":["GET"]}}],"collection":[{"href":"https:\/\/www.reciplasa.es\/va\/wp-json\/wp\/v2\/posts"}],"about":[{"href":"https:\/\/www.reciplasa.es\/va\/wp-json\/wp\/v2\/types\/post"}],"author":[{"embeddable":true,"href":"https:\/\/www.reciplasa.es\/va\/wp-json\/wp\/v2\/users\/13"}],"replies":[{"embeddable":true,"href":"https:\/\/www.reciplasa.es\/va\/wp-json\/wp\/v2\/comments?post=22996"}],"version-history":[{"count":1,"href":"https:\/\/www.reciplasa.es\/va\/wp-json\/wp\/v2\/posts\/22996\/revisions"}],"predecessor-version":[{"id":22997,"href":"https:\/\/www.reciplasa.es\/va\/wp-json\/wp\/v2\/posts\/22996\/revisions\/22997"}],"wp:featuredmedia":[{"embeddable":true,"href":"https:\/\/www.reciplasa.es\/va\/wp-json\/wp\/v2\/media\/22992"}],"wp:attachment":[{"href":"https:\/\/www.reciplasa.es\/va\/wp-json\/wp\/v2\/media?parent=22996"}],"wp:term":[{"taxonomy":"category","embeddable":true,"href":"https:\/\/www.reciplasa.es\/va\/wp-json\/wp\/v2\/categories?post=22996"},{"taxonomy":"post_tag","embeddable":true,"href":"https:\/\/www.reciplasa.es\/va\/wp-json\/wp\/v2\/tags?post=22996"}],"curies":[{"name":"wp","href":"https:\/\/api.w.org\/{rel}","templated":true}]}}