{"id":23021,"date":"2025-06-06T10:49:25","date_gmt":"2025-06-06T10:49:25","guid":{"rendered":"https:\/\/www.reciplasa.es\/?p=23021\/"},"modified":"2025-06-06T10:49:42","modified_gmt":"2025-06-06T10:49:42","slug":"la-catedra-reciplasa-uji-distingue-a-estudiantes-de-almassora-segorbe-y-burriana-como-ganadores-de-la-campana-que-fem-amb-el-fem","status":"publish","type":"post","link":"https:\/\/www.reciplasa.es\/va\/la-catedra-reciplasa-uji-distingue-a-estudiantes-de-almassora-segorbe-y-burriana-como-ganadores-de-la-campana-que-fem-amb-el-fem\/","title":{"rendered":"La C\u00e1tedra Reciplasa-UJI distingue a estudiantes de Almassora, Segorbe y Burriana como ganadores de la campa\u00f1a \u2018Qu\u00e8 fem amb el fem?\u2019"},"content":{"rendered":"\n<ul class=\"wp-block-list\"><li><strong>Los centros ganadores son el <\/strong><strong>CEIP Boqueres de Almassora, <\/strong><strong>el <\/strong><strong>CEIP Pintor Camar\u00f3n de Segorbe y IES Jaume I de Burriana<\/strong><strong><\/strong><\/li><\/ul>\n\n\n\n<ul class=\"wp-block-list\"><li><strong>Sergio Toledo: \u201c<\/strong><strong>Muestran <\/strong><strong>un compromiso extraordinario con esa necesidad tan urgente de reciclar y de sensibilizar a otras personas para que lo hagan tambi\u00e9n<\/strong><strong>\u201d<\/strong><strong><\/strong><\/li><\/ul>\n\n\n\n<ul class=\"wp-block-list\"><li><strong>Elena Pitarch: \u201c<\/strong><strong>pretendemos concienciar a los m\u00e1s j\u00f3venes para que se involucren en la gesti\u00f3n sostenible de los residuos generados<\/strong>\u201d<strong><\/strong><\/li><\/ul>\n\n\n\n<p><strong>Castell\u00f3n. 6 de junio de 2024<\/strong>.- La <a href=\"https:\/\/www.uji.es\/perfils\/empresa\/patrocini\/catedres\/reciplasa\/\">C\u00e1tedra Reciplasa \u2013 UJI de Gesti\u00f3n de Residuos S\u00f3lidos Urbanos <\/a>ha celebrado, coincidiendo con el D\u00eda Mundial del Medio Ambiente, el acto de entrega de premios a los ganadores del concurso \u00abQu\u00e8 fem amb el fem?\u00bb. Se trata de la octava edici\u00f3n de esta ya conocida iniciativa dirigida a los centros educativos de la provincia de Castell\u00f3n.<\/p>\n\n\n\n<p>Este concurso nace de la colaboraci\u00f3n de la C\u00e1tedra Reciplasa-UJI con el Seminario de Educaci\u00f3n Ambiental de Castell\u00f3n con el objetivo premiar las acciones de profesorado y alumnado de los distintos niveles educativos que incidan en una mayor concienciaci\u00f3n o que propongan y apliquen medidas relacionadas con la gesti\u00f3n de residuos y la protecci\u00f3n del medio ambiente.<\/p>\n\n\n\n<p>De esta manera, Qu\u00e8 fem amb el fem?\u00bb pretende fomentar la divulgaci\u00f3n sobre la gesti\u00f3n de los residuos en la comunidad, la reducci\u00f3n de la cantidad de residuos del entorno, reforzar el conocimiento en la tipolog\u00eda de residuos y su gesti\u00f3n (ciclo de tratamiento de residuos s\u00f3lidos), mejorar la recogida selectiva de residuos s\u00f3lidos en origen y entender su impacto sobre la comunidad as\u00ed como reforzar la concienciaci\u00f3n en edades educativas tempranas.<\/p>\n\n\n\n<p>En la presente edici\u00f3n, se han distinguido propuestas de centros educativos de Almassora, Segorbe y Burriana. En la categor\u00eda de Educaci\u00f3n Infantil ha sido premiado el proyecto \u00abAmb el fem, fem \u2026\u00bb del CEIP Boqueres de Almassora, coordinado por la profesora Luc\u00eda Romero Ojeda. En la categor\u00eda de Educaci\u00f3n Primaria, se ha distinguido el proyecto \u00abDetectives ambientales\u00bb, del CEIP Pintor Camar\u00f3n, coordinado por la profesora Ana Navarro Serrano. Finalmente, en la categor\u00eda de Educaci\u00f3n Secundaria, el proyecto ganador ha sido \u00abLa mar comen\u00e7a ac\u00ed\u00bb, del IES Jaume I de Burriana, coordinado por la profesora Pilar P\u00e9rez Ben\u00edtez.<\/p>\n\n\n\n<p>El acto de entrega, que se ha celebrado en el sal\u00f3n de actos de la Facultad de Ciencias de la Salud de la UJI, ha contado con la asistencia de la Dra. Elena Pitarch Arquimbau, representante de la C\u00e1tedra Reciplasa-UJI; Sergio Toledo, presidente de Reciplasa, y Fernando Albarr\u00e1n, director t\u00e9cnico de Reciplasa.<\/p>\n\n\n\n<p>Sergio Toledo, presidente de Reciplasa, ha celebrado \u201cel alto nivel de los trabajos presentados. Tanto, que se han quedado sin premiar algunas iniciativas que presentaban una calidad y un compromiso extraordinario con esa necesidad tan real y urgente como es la de ser sensibles no solo a la hora de reciclar, sino tambi\u00e9n a la hora de tratar de sensibilizar a otras personas para que lo hagan. Lo que han hecho estos estudiantes debe servir de ejemplo y de motivaci\u00f3n para que muchas m\u00e1s personas, de todas las edades, hagan el esfuerzo de reciclar para que dejemos a los m\u00e1s j\u00f3venes un planeta mejor\u201d.<\/p>\n\n\n\n<p>Por su parte, Elena Pitarch Arquimbau, representante de la C\u00e1tedra Reciplasa-UJI, ha se\u00f1alado que \u201ccon la C\u00e1tedra se <a>pretende concienciar a los m\u00e1s j\u00f3venes para que se involucren en la gesti\u00f3n sostenible de los residuos generados <\/a>y sean conscientes de la importancia que tiene este tema para avanzar hacia un planeta menos contaminado, pues generamos cantidades ingentes de residuos, muchas veces de modo innecesario, y debemos cambiar nuestros modelos de&nbsp;conducta de manera urgente\u201d.<\/p>\n\n\n\n<p><strong>Modalidades de los trabajos<\/strong><\/p>\n\n\n\n<p>Los proyectos pod\u00edan presentarse en diferentes formatos incluyendo maqueta, v\u00eddeo o relato\/cuento, sobre cualquier tem\u00e1tica ambiental o relacionada con la gesti\u00f3n de residuos. Las propuestas premiadas este a\u00f1o se han presentado en formato v\u00eddeo, en ellas se han mostrado peque\u00f1as acciones que pueden ayudar a reducir y realizar una mejora de la gesti\u00f3n de los residuos, se ha incidido sobre la importancia de las 4Rs (reducir, reutilizar, reciclar y recuperar) y se ha realizado una profunda reflexi\u00f3n sobre las consecuencias de una mala gesti\u00f3n de los residuos para el medio amiente<\/p>\n\n\n\n<p><strong>Una iniciativa consolidada<\/strong><\/p>\n\n\n\n<p>A lo largo de sus ocho a\u00f1os de historia, se han premiado una gran variedad de propuestas que han sorprendido al p\u00fablico por su gran calidad y originalidad. De esta manera, la elaboraci\u00f3n de estos proyectos no solo permite fomentar una ciudadan\u00eda cr\u00edticamente activa y responsable para avanzar hacia un modelo de sociedad m\u00e1s sostenible, sino que tambi\u00e9n desarrolla la creatividad y la expresi\u00f3n de conocimientos cient\u00edficos y t\u00e9cnicos relacionados con la gesti\u00f3n de residuos y la protecci\u00f3n del medio ambiente. Debido al objeto y al p\u00fablico al que se dirige esta iniciativa, la C\u00e1tedra cuenta con la colaboraci\u00f3n de Ecoembes, entidad muy concienciada en promover tambi\u00e9n la sostenibilidad.<\/p>\n","protected":false},"excerpt":{"rendered":"<p>Los centros ganadores son el CEIP Boqueres de Almassora, el CEIP Pintor Camar\u00f3n de Segorbe y IES Jaume I de Burriana Sergio Toledo: \u201cMuestran un compromiso extraordinario con esa necesidad tan urgente de reciclar y de sensibilizar a otras personas para que lo hagan tambi\u00e9n\u201d Elena Pitarch: \u201cpretendemos concienciar a los m\u00e1s j\u00f3venes para queDale que hay m\u00e1s &#8230;<\/p>\n","protected":false},"author":13,"featured_media":23022,"comment_status":"closed","ping_status":"closed","sticky":false,"template":"","format":"standard","meta":{"footnotes":""},"categories":[2],"tags":[],"class_list":["post-23021","post","type-post","status-publish","format-standard","has-post-thumbnail","hentry","category-sin-categorizar"],"yoast_head":"<!-- This site is optimized with the Yoast SEO plugin v27.4 - https:\/\/yoast.com\/product\/yoast-seo-wordpress\/ -->\n<title>La C\u00e1tedra Reciplasa-UJI distingue a estudiantes de Almassora, Segorbe y Burriana como ganadores de la campa\u00f1a \u2018Qu\u00e8 fem amb el fem?\u2019 - RECIPLASA<\/title>\n<meta name=\"robots\" content=\"index, follow, max-snippet:-1, max-image-preview:large, max-video-preview:-1\" \/>\n<link rel=\"canonical\" href=\"https:\/\/www.reciplasa.es\/la-catedra-reciplasa-uji-distingue-a-estudiantes-de-almassora-segorbe-y-burriana-como-ganadores-de-la-campana-que-fem-amb-el-fem\/\" \/>\n<meta property=\"og:locale\" content=\"en_US\" \/>\n<meta property=\"og:type\" content=\"article\" \/>\n<meta property=\"og:title\" content=\"La C\u00e1tedra Reciplasa-UJI distingue a estudiantes de Almassora, Segorbe y Burriana como ganadores de la campa\u00f1a \u2018Qu\u00e8 fem amb el fem?\u2019 - RECIPLASA\" \/>\n<meta property=\"og:description\" content=\"Los centros ganadores son el CEIP Boqueres de Almassora, el CEIP Pintor Camar\u00f3n de Segorbe y IES Jaume I de Burriana Sergio Toledo: \u201cMuestran un compromiso extraordinario con esa necesidad tan urgente de reciclar y de sensibilizar a otras personas para que lo hagan tambi\u00e9n\u201d Elena Pitarch: \u201cpretendemos concienciar a los m\u00e1s j\u00f3venes para queDale que hay m\u00e1s ...\" \/>\n<meta property=\"og:url\" content=\"https:\/\/www.reciplasa.es\/la-catedra-reciplasa-uji-distingue-a-estudiantes-de-almassora-segorbe-y-burriana-como-ganadores-de-la-campana-que-fem-amb-el-fem\/\" \/>\n<meta property=\"og:site_name\" content=\"RECIPLASA\" \/>\n<meta property=\"article:published_time\" content=\"2025-06-06T10:49:25+00:00\" \/>\n<meta property=\"article:modified_time\" content=\"2025-06-06T10:49:42+00:00\" \/>\n<meta property=\"og:image\" content=\"https:\/\/www.reciplasa.es\/wp-content\/uploads\/2025\/06\/DSC06325-scaled.jpg\" \/>\n\t<meta property=\"og:image:width\" content=\"2560\" \/>\n\t<meta property=\"og:image:height\" content=\"1707\" \/>\n\t<meta property=\"og:image:type\" content=\"image\/jpeg\" \/>\n<meta name=\"author\" content=\"Sandra\" \/>\n<meta name=\"twitter:card\" content=\"summary_large_image\" \/>\n<meta name=\"twitter:label1\" content=\"Written by\" \/>\n\t<meta name=\"twitter:data1\" content=\"Sandra\" \/>\n\t<meta name=\"twitter:label2\" content=\"Est. reading time\" \/>\n\t<meta name=\"twitter:data2\" content=\"4 minutes\" \/>\n<script type=\"application\/ld+json\" class=\"yoast-schema-graph\">{\"@context\":\"https:\\\/\\\/schema.org\",\"@graph\":[{\"@type\":\"Article\",\"@id\":\"https:\\\/\\\/www.reciplasa.es\\\/la-catedra-reciplasa-uji-distingue-a-estudiantes-de-almassora-segorbe-y-burriana-como-ganadores-de-la-campana-que-fem-amb-el-fem\\\/#article\",\"isPartOf\":{\"@id\":\"https:\\\/\\\/www.reciplasa.es\\\/la-catedra-reciplasa-uji-distingue-a-estudiantes-de-almassora-segorbe-y-burriana-como-ganadores-de-la-campana-que-fem-amb-el-fem\\\/\"},\"author\":{\"name\":\"Sandra\",\"@id\":\"https:\\\/\\\/www.reciplasa.es\\\/#\\\/schema\\\/person\\\/15191934c9f5618dadb907c80c029c0b\"},\"headline\":\"La C\u00e1tedra Reciplasa-UJI distingue a estudiantes de Almassora, Segorbe y Burriana como ganadores de la campa\u00f1a \u2018Qu\u00e8 fem amb el fem?\u2019\",\"datePublished\":\"2025-06-06T10:49:25+00:00\",\"dateModified\":\"2025-06-06T10:49:42+00:00\",\"mainEntityOfPage\":{\"@id\":\"https:\\\/\\\/www.reciplasa.es\\\/la-catedra-reciplasa-uji-distingue-a-estudiantes-de-almassora-segorbe-y-burriana-como-ganadores-de-la-campana-que-fem-amb-el-fem\\\/\"},\"wordCount\":894,\"image\":{\"@id\":\"https:\\\/\\\/www.reciplasa.es\\\/la-catedra-reciplasa-uji-distingue-a-estudiantes-de-almassora-segorbe-y-burriana-como-ganadores-de-la-campana-que-fem-amb-el-fem\\\/#primaryimage\"},\"thumbnailUrl\":\"https:\\\/\\\/www.reciplasa.es\\\/wp-content\\\/uploads\\\/2025\\\/06\\\/DSC06325-scaled.jpg\",\"articleSection\":[\"Catedra-Reciplasa-UJI\"],\"inLanguage\":\"va-VA\"},{\"@type\":\"WebPage\",\"@id\":\"https:\\\/\\\/www.reciplasa.es\\\/la-catedra-reciplasa-uji-distingue-a-estudiantes-de-almassora-segorbe-y-burriana-como-ganadores-de-la-campana-que-fem-amb-el-fem\\\/\",\"url\":\"https:\\\/\\\/www.reciplasa.es\\\/la-catedra-reciplasa-uji-distingue-a-estudiantes-de-almassora-segorbe-y-burriana-como-ganadores-de-la-campana-que-fem-amb-el-fem\\\/\",\"name\":\"La C\u00e1tedra Reciplasa-UJI distingue a estudiantes de Almassora, Segorbe y Burriana como ganadores de la campa\u00f1a \u2018Qu\u00e8 fem amb el fem?\u2019 - RECIPLASA\",\"isPartOf\":{\"@id\":\"https:\\\/\\\/www.reciplasa.es\\\/#website\"},\"primaryImageOfPage\":{\"@id\":\"https:\\\/\\\/www.reciplasa.es\\\/la-catedra-reciplasa-uji-distingue-a-estudiantes-de-almassora-segorbe-y-burriana-como-ganadores-de-la-campana-que-fem-amb-el-fem\\\/#primaryimage\"},\"image\":{\"@id\":\"https:\\\/\\\/www.reciplasa.es\\\/la-catedra-reciplasa-uji-distingue-a-estudiantes-de-almassora-segorbe-y-burriana-como-ganadores-de-la-campana-que-fem-amb-el-fem\\\/#primaryimage\"},\"thumbnailUrl\":\"https:\\\/\\\/www.reciplasa.es\\\/wp-content\\\/uploads\\\/2025\\\/06\\\/DSC06325-scaled.jpg\",\"datePublished\":\"2025-06-06T10:49:25+00:00\",\"dateModified\":\"2025-06-06T10:49:42+00:00\",\"author\":{\"@id\":\"https:\\\/\\\/www.reciplasa.es\\\/#\\\/schema\\\/person\\\/15191934c9f5618dadb907c80c029c0b\"},\"breadcrumb\":{\"@id\":\"https:\\\/\\\/www.reciplasa.es\\\/la-catedra-reciplasa-uji-distingue-a-estudiantes-de-almassora-segorbe-y-burriana-como-ganadores-de-la-campana-que-fem-amb-el-fem\\\/#breadcrumb\"},\"inLanguage\":\"va-VA\",\"potentialAction\":[{\"@type\":\"ReadAction\",\"target\":[\"https:\\\/\\\/www.reciplasa.es\\\/la-catedra-reciplasa-uji-distingue-a-estudiantes-de-almassora-segorbe-y-burriana-como-ganadores-de-la-campana-que-fem-amb-el-fem\\\/\"]}]},{\"@type\":\"ImageObject\",\"inLanguage\":\"va-VA\",\"@id\":\"https:\\\/\\\/www.reciplasa.es\\\/la-catedra-reciplasa-uji-distingue-a-estudiantes-de-almassora-segorbe-y-burriana-como-ganadores-de-la-campana-que-fem-amb-el-fem\\\/#primaryimage\",\"url\":\"https:\\\/\\\/www.reciplasa.es\\\/wp-content\\\/uploads\\\/2025\\\/06\\\/DSC06325-scaled.jpg\",\"contentUrl\":\"https:\\\/\\\/www.reciplasa.es\\\/wp-content\\\/uploads\\\/2025\\\/06\\\/DSC06325-scaled.jpg\",\"width\":2560,\"height\":1707,\"caption\":\"VIII Qu\u00e8 Fem amb el Fem?\"},{\"@type\":\"BreadcrumbList\",\"@id\":\"https:\\\/\\\/www.reciplasa.es\\\/la-catedra-reciplasa-uji-distingue-a-estudiantes-de-almassora-segorbe-y-burriana-como-ganadores-de-la-campana-que-fem-amb-el-fem\\\/#breadcrumb\",\"itemListElement\":[{\"@type\":\"ListItem\",\"position\":1,\"name\":\"Portada\",\"item\":\"https:\\\/\\\/www.reciplasa.es\\\/va\\\/\"},{\"@type\":\"ListItem\",\"position\":2,\"name\":\"La C\u00e1tedra Reciplasa-UJI distingue a estudiantes de Almassora, Segorbe y Burriana como ganadores de la campa\u00f1a \u2018Qu\u00e8 fem amb el fem?\u2019\"}]},{\"@type\":\"WebSite\",\"@id\":\"https:\\\/\\\/www.reciplasa.es\\\/#website\",\"url\":\"https:\\\/\\\/www.reciplasa.es\\\/\",\"name\":\"RECIPLASA\",\"description\":\"Reciclats de Residus La Plana SA\",\"potentialAction\":[{\"@type\":\"SearchAction\",\"target\":{\"@type\":\"EntryPoint\",\"urlTemplate\":\"https:\\\/\\\/www.reciplasa.es\\\/?s={search_term_string}\"},\"query-input\":{\"@type\":\"PropertyValueSpecification\",\"valueRequired\":true,\"valueName\":\"search_term_string\"}}],\"inLanguage\":\"va-VA\"},{\"@type\":\"Person\",\"@id\":\"https:\\\/\\\/www.reciplasa.es\\\/#\\\/schema\\\/person\\\/15191934c9f5618dadb907c80c029c0b\",\"name\":\"Sandra\",\"image\":{\"@type\":\"ImageObject\",\"inLanguage\":\"va-VA\",\"@id\":\"https:\\\/\\\/secure.gravatar.com\\\/avatar\\\/605ca84bedd79915b697a46887df8ccd0249fb6f2a1bbcd0bfc66c91d997ae51?s=96&d=mm&r=g\",\"url\":\"https:\\\/\\\/secure.gravatar.com\\\/avatar\\\/605ca84bedd79915b697a46887df8ccd0249fb6f2a1bbcd0bfc66c91d997ae51?s=96&d=mm&r=g\",\"contentUrl\":\"https:\\\/\\\/secure.gravatar.com\\\/avatar\\\/605ca84bedd79915b697a46887df8ccd0249fb6f2a1bbcd0bfc66c91d997ae51?s=96&d=mm&r=g\",\"caption\":\"Sandra\"},\"url\":\"https:\\\/\\\/www.reciplasa.es\\\/va\\\/author\\\/sandra\\\/\"}]}<\/script>\n<!-- \/ Yoast SEO plugin. -->","yoast_head_json":{"title":"La C\u00e1tedra Reciplasa-UJI distingue a estudiantes de Almassora, Segorbe y Burriana como ganadores de la campa\u00f1a \u2018Qu\u00e8 fem amb el fem?\u2019 - RECIPLASA","robots":{"index":"index","follow":"follow","max-snippet":"max-snippet:-1","max-image-preview":"max-image-preview:large","max-video-preview":"max-video-preview:-1"},"canonical":"https:\/\/www.reciplasa.es\/la-catedra-reciplasa-uji-distingue-a-estudiantes-de-almassora-segorbe-y-burriana-como-ganadores-de-la-campana-que-fem-amb-el-fem\/","og_locale":"en_US","og_type":"article","og_title":"La C\u00e1tedra Reciplasa-UJI distingue a estudiantes de Almassora, Segorbe y Burriana como ganadores de la campa\u00f1a \u2018Qu\u00e8 fem amb el fem?\u2019 - RECIPLASA","og_description":"Los centros ganadores son el CEIP Boqueres de Almassora, el CEIP Pintor Camar\u00f3n de Segorbe y IES Jaume I de Burriana Sergio Toledo: \u201cMuestran un compromiso extraordinario con esa necesidad tan urgente de reciclar y de sensibilizar a otras personas para que lo hagan tambi\u00e9n\u201d Elena Pitarch: \u201cpretendemos concienciar a los m\u00e1s j\u00f3venes para queDale que hay m\u00e1s ...","og_url":"https:\/\/www.reciplasa.es\/la-catedra-reciplasa-uji-distingue-a-estudiantes-de-almassora-segorbe-y-burriana-como-ganadores-de-la-campana-que-fem-amb-el-fem\/","og_site_name":"RECIPLASA","article_published_time":"2025-06-06T10:49:25+00:00","article_modified_time":"2025-06-06T10:49:42+00:00","og_image":[{"width":2560,"height":1707,"url":"https:\/\/www.reciplasa.es\/wp-content\/uploads\/2025\/06\/DSC06325-scaled.jpg","type":"image\/jpeg"}],"author":"Sandra","twitter_card":"summary_large_image","twitter_misc":{"Written by":"Sandra","Est. reading time":"4 minutes"},"schema":{"@context":"https:\/\/schema.org","@graph":[{"@type":"Article","@id":"https:\/\/www.reciplasa.es\/la-catedra-reciplasa-uji-distingue-a-estudiantes-de-almassora-segorbe-y-burriana-como-ganadores-de-la-campana-que-fem-amb-el-fem\/#article","isPartOf":{"@id":"https:\/\/www.reciplasa.es\/la-catedra-reciplasa-uji-distingue-a-estudiantes-de-almassora-segorbe-y-burriana-como-ganadores-de-la-campana-que-fem-amb-el-fem\/"},"author":{"name":"Sandra","@id":"https:\/\/www.reciplasa.es\/#\/schema\/person\/15191934c9f5618dadb907c80c029c0b"},"headline":"La C\u00e1tedra Reciplasa-UJI distingue a estudiantes de Almassora, Segorbe y Burriana como ganadores de la campa\u00f1a \u2018Qu\u00e8 fem amb el fem?\u2019","datePublished":"2025-06-06T10:49:25+00:00","dateModified":"2025-06-06T10:49:42+00:00","mainEntityOfPage":{"@id":"https:\/\/www.reciplasa.es\/la-catedra-reciplasa-uji-distingue-a-estudiantes-de-almassora-segorbe-y-burriana-como-ganadores-de-la-campana-que-fem-amb-el-fem\/"},"wordCount":894,"image":{"@id":"https:\/\/www.reciplasa.es\/la-catedra-reciplasa-uji-distingue-a-estudiantes-de-almassora-segorbe-y-burriana-como-ganadores-de-la-campana-que-fem-amb-el-fem\/#primaryimage"},"thumbnailUrl":"https:\/\/www.reciplasa.es\/wp-content\/uploads\/2025\/06\/DSC06325-scaled.jpg","articleSection":["Catedra-Reciplasa-UJI"],"inLanguage":"va-VA"},{"@type":"WebPage","@id":"https:\/\/www.reciplasa.es\/la-catedra-reciplasa-uji-distingue-a-estudiantes-de-almassora-segorbe-y-burriana-como-ganadores-de-la-campana-que-fem-amb-el-fem\/","url":"https:\/\/www.reciplasa.es\/la-catedra-reciplasa-uji-distingue-a-estudiantes-de-almassora-segorbe-y-burriana-como-ganadores-de-la-campana-que-fem-amb-el-fem\/","name":"La C\u00e1tedra Reciplasa-UJI distingue a estudiantes de Almassora, Segorbe y Burriana como ganadores de la campa\u00f1a \u2018Qu\u00e8 fem amb el fem?\u2019 - RECIPLASA","isPartOf":{"@id":"https:\/\/www.reciplasa.es\/#website"},"primaryImageOfPage":{"@id":"https:\/\/www.reciplasa.es\/la-catedra-reciplasa-uji-distingue-a-estudiantes-de-almassora-segorbe-y-burriana-como-ganadores-de-la-campana-que-fem-amb-el-fem\/#primaryimage"},"image":{"@id":"https:\/\/www.reciplasa.es\/la-catedra-reciplasa-uji-distingue-a-estudiantes-de-almassora-segorbe-y-burriana-como-ganadores-de-la-campana-que-fem-amb-el-fem\/#primaryimage"},"thumbnailUrl":"https:\/\/www.reciplasa.es\/wp-content\/uploads\/2025\/06\/DSC06325-scaled.jpg","datePublished":"2025-06-06T10:49:25+00:00","dateModified":"2025-06-06T10:49:42+00:00","author":{"@id":"https:\/\/www.reciplasa.es\/#\/schema\/person\/15191934c9f5618dadb907c80c029c0b"},"breadcrumb":{"@id":"https:\/\/www.reciplasa.es\/la-catedra-reciplasa-uji-distingue-a-estudiantes-de-almassora-segorbe-y-burriana-como-ganadores-de-la-campana-que-fem-amb-el-fem\/#breadcrumb"},"inLanguage":"va-VA","potentialAction":[{"@type":"ReadAction","target":["https:\/\/www.reciplasa.es\/la-catedra-reciplasa-uji-distingue-a-estudiantes-de-almassora-segorbe-y-burriana-como-ganadores-de-la-campana-que-fem-amb-el-fem\/"]}]},{"@type":"ImageObject","inLanguage":"va-VA","@id":"https:\/\/www.reciplasa.es\/la-catedra-reciplasa-uji-distingue-a-estudiantes-de-almassora-segorbe-y-burriana-como-ganadores-de-la-campana-que-fem-amb-el-fem\/#primaryimage","url":"https:\/\/www.reciplasa.es\/wp-content\/uploads\/2025\/06\/DSC06325-scaled.jpg","contentUrl":"https:\/\/www.reciplasa.es\/wp-content\/uploads\/2025\/06\/DSC06325-scaled.jpg","width":2560,"height":1707,"caption":"VIII Qu\u00e8 Fem amb el Fem?"},{"@type":"BreadcrumbList","@id":"https:\/\/www.reciplasa.es\/la-catedra-reciplasa-uji-distingue-a-estudiantes-de-almassora-segorbe-y-burriana-como-ganadores-de-la-campana-que-fem-amb-el-fem\/#breadcrumb","itemListElement":[{"@type":"ListItem","position":1,"name":"Portada","item":"https:\/\/www.reciplasa.es\/va\/"},{"@type":"ListItem","position":2,"name":"La C\u00e1tedra Reciplasa-UJI distingue a estudiantes de Almassora, Segorbe y Burriana como ganadores de la campa\u00f1a \u2018Qu\u00e8 fem amb el fem?\u2019"}]},{"@type":"WebSite","@id":"https:\/\/www.reciplasa.es\/#website","url":"https:\/\/www.reciplasa.es\/","name":"RECIPLASA","description":"Reciclats de Residus La Plana SA","potentialAction":[{"@type":"SearchAction","target":{"@type":"EntryPoint","urlTemplate":"https:\/\/www.reciplasa.es\/?s={search_term_string}"},"query-input":{"@type":"PropertyValueSpecification","valueRequired":true,"valueName":"search_term_string"}}],"inLanguage":"va-VA"},{"@type":"Person","@id":"https:\/\/www.reciplasa.es\/#\/schema\/person\/15191934c9f5618dadb907c80c029c0b","name":"Sandra","image":{"@type":"ImageObject","inLanguage":"va-VA","@id":"https:\/\/secure.gravatar.com\/avatar\/605ca84bedd79915b697a46887df8ccd0249fb6f2a1bbcd0bfc66c91d997ae51?s=96&d=mm&r=g","url":"https:\/\/secure.gravatar.com\/avatar\/605ca84bedd79915b697a46887df8ccd0249fb6f2a1bbcd0bfc66c91d997ae51?s=96&d=mm&r=g","contentUrl":"https:\/\/secure.gravatar.com\/avatar\/605ca84bedd79915b697a46887df8ccd0249fb6f2a1bbcd0bfc66c91d997ae51?s=96&d=mm&r=g","caption":"Sandra"},"url":"https:\/\/www.reciplasa.es\/va\/author\/sandra\/"}]}},"_links":{"self":[{"href":"https:\/\/www.reciplasa.es\/va\/wp-json\/wp\/v2\/posts\/23021","targetHints":{"allow":["GET"]}}],"collection":[{"href":"https:\/\/www.reciplasa.es\/va\/wp-json\/wp\/v2\/posts"}],"about":[{"href":"https:\/\/www.reciplasa.es\/va\/wp-json\/wp\/v2\/types\/post"}],"author":[{"embeddable":true,"href":"https:\/\/www.reciplasa.es\/va\/wp-json\/wp\/v2\/users\/13"}],"replies":[{"embeddable":true,"href":"https:\/\/www.reciplasa.es\/va\/wp-json\/wp\/v2\/comments?post=23021"}],"version-history":[{"count":3,"href":"https:\/\/www.reciplasa.es\/va\/wp-json\/wp\/v2\/posts\/23021\/revisions"}],"predecessor-version":[{"id":23025,"href":"https:\/\/www.reciplasa.es\/va\/wp-json\/wp\/v2\/posts\/23021\/revisions\/23025"}],"wp:featuredmedia":[{"embeddable":true,"href":"https:\/\/www.reciplasa.es\/va\/wp-json\/wp\/v2\/media\/23022"}],"wp:attachment":[{"href":"https:\/\/www.reciplasa.es\/va\/wp-json\/wp\/v2\/media?parent=23021"}],"wp:term":[{"taxonomy":"category","embeddable":true,"href":"https:\/\/www.reciplasa.es\/va\/wp-json\/wp\/v2\/categories?post=23021"},{"taxonomy":"post_tag","embeddable":true,"href":"https:\/\/www.reciplasa.es\/va\/wp-json\/wp\/v2\/tags?post=23021"}],"curies":[{"name":"wp","href":"https:\/\/api.w.org\/{rel}","templated":true}]}}