{"id":23027,"date":"2025-06-06T10:53:18","date_gmt":"2025-06-06T10:53:18","guid":{"rendered":"https:\/\/www.reciplasa.es\/?p=23027\/"},"modified":"2025-06-06T10:53:22","modified_gmt":"2025-06-06T10:53:22","slug":"la-catedra-reciplasa-uji-distingeix-a-estudiants-dalmassora-segorbe-i-burriana-com-a-guanyadors-de-la-campanya-que-fem-amb-el-fem","status":"publish","type":"post","link":"https:\/\/www.reciplasa.es\/va\/la-catedra-reciplasa-uji-distingeix-a-estudiants-dalmassora-segorbe-i-burriana-com-a-guanyadors-de-la-campanya-que-fem-amb-el-fem\/","title":{"rendered":"La C\u00e0tedra Reciplasa-UJI distingeix a estudiants d&#8217;Almassora, Segorbe i Burriana com a guanyadors de la campanya \u2018Qu\u00e8 fem amb el fem?\u2019"},"content":{"rendered":"\n<ul class=\"wp-block-list\"><li><strong>Els centres guanyadors s\u00f3n el CEIP&nbsp;Boqueres&nbsp;d&#8217;Almassora, el CEIP Pintor Camar\u00f3n de Segorbe i IES Jaume I de Borriana<\/strong><\/li><li><strong>Sergio Toledo: \u201cMostren un comprom\u00eds extraordinari amb eixa necessitat tan urgent de reciclar i de sensibilitzar a altres persones perqu\u00e8 ho fa\u00e7a tamb\u00e9\u201d<\/strong><\/li><li><strong>&nbsp;Elena Pitarch: \u201cpretenem conscienciar als m\u00e9s joves perqu\u00e8 s&#8217;involucren en la gesti\u00f3 sostenible dels residus generats\u201d<\/strong><\/li><\/ul>\n\n\n\n<p><strong>Castell\u00f3. 6 de juny de 2024<\/strong>.- La C\u00e0tedra&nbsp;Reciplasa&nbsp;\u2013 UJI de Gesti\u00f3 de Residus S\u00f2lids Urbans ha celebrat aquesta vesprada, coincidint amb el Dia Mundial del Medi Ambient, l&#8217;acte de lliurament de premis als guanyadors del concurs \u00abQu\u00e8&nbsp;fem&nbsp;amb&nbsp;el&nbsp;fem?\u00bb. Es tracta de la huitena edici\u00f3 d&#8217;aquesta ja coneguda iniciativa dirigida als centres educatius de la prov\u00edncia de Castell\u00f3.<br>Aquest concurs naix de la col\u00b7laboraci\u00f3 de la C\u00e0tedra&nbsp;Reciplasa-UJI&nbsp;amb el Seminari d&#8217;Educaci\u00f3 Ambiental de Castell\u00f3 amb l&#8217;objectiu premiar les accions de professorat i alumnat dels diferents nivells educatius que incidisquen en una major conscienciaci\u00f3 o que proposen i apliquen mesures relacionades amb la gesti\u00f3 de residus i la protecci\u00f3 del medi ambient.<\/p>\n\n\n\n<p><br>D&#8217;aquesta manera,&nbsp;Qu\u00e8&nbsp;fem&nbsp;amb&nbsp;el&nbsp;fem?\u00bb&nbsp;pret\u00e9n fomentar la divulgaci\u00f3 sobre la gesti\u00f3 dels residus en la comunitat, la reducci\u00f3 de la quantitat de residus de l&#8217;entorn, refor\u00e7ar el coneixement en la tipologia de residus i la seua gesti\u00f3 (cicle de tractament de residus s\u00f2lids), millorar la recollida selectiva de residus s\u00f2lids en origen i entendre el seu impacte sobre la comunitat aix\u00ed com refor\u00e7ar la conscienciaci\u00f3 en edats educatives primerenques.<\/p>\n\n\n\n<p><br>En la present edici\u00f3, s&#8217;han distingit propostes de centres educatius d&#8217;Almassora, Sogorb i Borriana. En la categoria d&#8217;Educaci\u00f3 Infantil ha sigut premiat el projecte \u00abAmb&nbsp;el&nbsp;fem,&nbsp;fem&nbsp;\u2026\u00bb del CEIP&nbsp;Boqueres&nbsp;d&#8217;Almassora, coordinat per la professora Luc\u00eda Romero&nbsp;Ojeda. En la categoria d&#8217;Educaci\u00f3 Prim\u00e0ria, s&#8217;ha distingit el projecte \u00abDetectius ambientals\u00bb, del CEIP Pintor Camar\u00f3n de Segorbe, coordinat per la professora Ana Navarro Serrano. Finalment, en la categoria d&#8217;Educaci\u00f3 Secund\u00e0ria, el projecte guanyador ha sigut \u00abLa mar&nbsp;comen\u00e7a&nbsp;ac\u00ed\u00bb, de l&#8217;IES Jaume I de Borriana, coordinat per la professora Pilar P\u00e9rez Ben\u00edtez.<\/p>\n\n\n\n<p><br>L&#8217;acte de lliurament, que s&#8217;ha celebrat en la sala d&#8217;actes de la Facultat de Ci\u00e8ncies de la Salut de l&#8217;UJI, ha comptat amb l&#8217;assist\u00e8ncia de la Dra. Elena Pitarch&nbsp;Arquimbau, representant de la C\u00e0tedra&nbsp;Reciplasa-UJI; Sergio Toledo, president de&nbsp;Reciplasa, i Fernando Albarr\u00e1n, director t\u00e8cnic de&nbsp;Reciplasa.<br>Sergio Toledo, president de&nbsp;Reciplasa, ha celebrat \u201cl&#8217;alt nivell dels treballs presentats. Tant, que s&#8217;han quedat sense premiar algunes iniciatives que presentaven una qualitat i un comprom\u00eds extraordinari amb eixa necessitat tan real i urgent com \u00e9s la de ser sensibles no sols a l&#8217;hora de reciclar, sin\u00f3 tamb\u00e9 a l&#8217;hora de tractar de sensibilitzar a altres persones perqu\u00e8 ho facen. El que han fet aquests estudiants ha de servir d&#8217;exemple i de motivaci\u00f3 perqu\u00e8 moltes m\u00e9s persones, de totes les edats, facen l&#8217;esfor\u00e7 de reciclar perqu\u00e8 deixem als m\u00e9s joves un planeta millor\u201d.<br>Per part seua, Elena Pitarch&nbsp;Arquimbau, representant de la C\u00e0tedra&nbsp;Reciplasa-UJI, ha assenyalat que \u201camb la C\u00e0tedra es pret\u00e9n conscienciar als m\u00e9s joves perqu\u00e8 s&#8217;involucren en la gesti\u00f3 sostenible dels residus generats i siguen conscients de la import\u00e0ncia que t\u00e9 aquest tema per a avan\u00e7ar cap a un planeta menys contaminat, perqu\u00e8 generem quantitats ingents de residus, moltes vegades de mode innecessari, i hem de canviar els nostres models de conducta de manera urgent\u201d.<\/p>\n\n\n\n<p><br><strong>Modalitats dels treballs<\/strong><strong><\/strong><\/p>\n\n\n\n<p>Els projectes podien presentar-se en diferents formats incloent maqueta, v\u00eddeo o relat\/conte, sobre qualsevol tem\u00e0tica ambiental o relacionada amb la gesti\u00f3 de residus. Les propostes premiades enguany s&#8217;han presentat en format v\u00eddeo, en elles s&#8217;han mostrat xicotetes accions que poden ajudar a reduir i realitzar una millora de la gesti\u00f3 dels residus, s&#8217;ha incidit sobre la import\u00e0ncia de les&nbsp;4Rs&nbsp;(reduir, reutilitzar, reciclar i recuperar) i s&#8217;ha realitzat una profunda reflexi\u00f3 sobre les conseq\u00fc\u00e8ncies d&#8217;una mala gesti\u00f3 dels residus per al medi&nbsp;ambient.<\/p>\n\n\n\n<p><strong><br>Una iniciativa consolidada<\/strong><strong><\/strong><\/p>\n\n\n\n<p>Al llarg dels seus huit anys d&#8217;hist\u00f2ria, s&#8217;han premiat una gran varietat de propostes que han sorpr\u00e9s el p\u00fablic per la seua gran qualitat i originalitat. D&#8217;aquesta manera, l&#8217;elaboraci\u00f3 d&#8217;aquests projectes no sols permet fomentar una ciutadania cr\u00edticament activa i responsable per a avan\u00e7ar cap a un model de societat m\u00e9s sostenible, sin\u00f3 que tamb\u00e9 desenvolupa la creativitat i l&#8217;expressi\u00f3 de coneixements cient\u00edfics i t\u00e8cnics relacionats amb la gesti\u00f3 de residus i la protecci\u00f3 del medi ambient. A causa de l&#8217;objecte i al p\u00fablic al qual es dirigeix aquesta iniciativa, la C\u00e0tedra compta amb la col\u00b7laboraci\u00f3 d&#8217;Ecoembes, entitat molt conscienciada a promoure tamb\u00e9 la sostenibilitat.<\/p>\n","protected":false},"excerpt":{"rendered":"<p>Els centres guanyadors s\u00f3n el CEIP&nbsp;Boqueres&nbsp;d&#8217;Almassora, el CEIP Pintor Camar\u00f3n de Segorbe i IES Jaume I de BorrianaSergio Toledo: \u201cMostren un comprom\u00eds extraordinari amb eixa necessitat tan urgent de reciclar i de sensibilitzar a altres persones perqu\u00e8 ho fa\u00e7a tamb\u00e9\u201d&nbsp;Elena Pitarch: \u201cpretenem conscienciar als m\u00e9s joves perqu\u00e8 s&#8217;involucren en la gesti\u00f3 sostenible dels residus generats\u201dDale que hay m\u00e1s &#8230;<\/p>\n","protected":false},"author":13,"featured_media":23022,"comment_status":"closed","ping_status":"closed","sticky":false,"template":"","format":"standard","meta":{"footnotes":""},"categories":[2],"tags":[],"class_list":["post-23027","post","type-post","status-publish","format-standard","has-post-thumbnail","hentry","category-sin-categorizar"],"yoast_head":"<!-- This site is optimized with the Yoast SEO plugin v27.4 - https:\/\/yoast.com\/product\/yoast-seo-wordpress\/ -->\n<title>La C\u00e0tedra Reciplasa-UJI distingeix a estudiants d&#039;Almassora, Segorbe i Burriana com a guanyadors de la campanya \u2018Qu\u00e8 fem amb el fem?\u2019 - RECIPLASA<\/title>\n<meta name=\"robots\" content=\"index, follow, max-snippet:-1, max-image-preview:large, max-video-preview:-1\" \/>\n<link rel=\"canonical\" href=\"https:\/\/www.reciplasa.es\/va\/la-catedra-reciplasa-uji-distingeix-a-estudiants-dalmassora-segorbe-i-burriana-com-a-guanyadors-de-la-campanya-que-fem-amb-el-fem\/\" \/>\n<meta property=\"og:locale\" content=\"en_US\" \/>\n<meta property=\"og:type\" content=\"article\" \/>\n<meta property=\"og:title\" content=\"La C\u00e0tedra Reciplasa-UJI distingeix a estudiants d&#039;Almassora, Segorbe i Burriana com a guanyadors de la campanya \u2018Qu\u00e8 fem amb el fem?\u2019 - RECIPLASA\" \/>\n<meta property=\"og:description\" content=\"Els centres guanyadors s\u00f3n el CEIP&nbsp;Boqueres&nbsp;d&#8217;Almassora, el CEIP Pintor Camar\u00f3n de Segorbe i IES Jaume I de BorrianaSergio Toledo: \u201cMostren un comprom\u00eds extraordinari amb eixa necessitat tan urgent de reciclar i de sensibilitzar a altres persones perqu\u00e8 ho fa\u00e7a tamb\u00e9\u201d&nbsp;Elena Pitarch: \u201cpretenem conscienciar als m\u00e9s joves perqu\u00e8 s&#8217;involucren en la gesti\u00f3 sostenible dels residus generats\u201dDale que hay m\u00e1s ...\" \/>\n<meta property=\"og:url\" content=\"https:\/\/www.reciplasa.es\/va\/la-catedra-reciplasa-uji-distingeix-a-estudiants-dalmassora-segorbe-i-burriana-com-a-guanyadors-de-la-campanya-que-fem-amb-el-fem\/\" \/>\n<meta property=\"og:site_name\" content=\"RECIPLASA\" \/>\n<meta property=\"article:published_time\" content=\"2025-06-06T10:53:18+00:00\" \/>\n<meta property=\"article:modified_time\" content=\"2025-06-06T10:53:22+00:00\" \/>\n<meta property=\"og:image\" content=\"https:\/\/www.reciplasa.es\/wp-content\/uploads\/2025\/06\/DSC06325-scaled.jpg\" \/>\n\t<meta property=\"og:image:width\" content=\"2560\" \/>\n\t<meta property=\"og:image:height\" content=\"1707\" \/>\n\t<meta property=\"og:image:type\" content=\"image\/jpeg\" \/>\n<meta name=\"author\" content=\"Sandra\" \/>\n<meta name=\"twitter:card\" content=\"summary_large_image\" \/>\n<meta name=\"twitter:label1\" content=\"Written by\" \/>\n\t<meta name=\"twitter:data1\" content=\"Sandra\" \/>\n\t<meta name=\"twitter:label2\" content=\"Est. reading time\" \/>\n\t<meta name=\"twitter:data2\" content=\"4 minutes\" \/>\n<script type=\"application\/ld+json\" class=\"yoast-schema-graph\">{\"@context\":\"https:\\\/\\\/schema.org\",\"@graph\":[{\"@type\":\"Article\",\"@id\":\"https:\\\/\\\/www.reciplasa.es\\\/va\\\/la-catedra-reciplasa-uji-distingeix-a-estudiants-dalmassora-segorbe-i-burriana-com-a-guanyadors-de-la-campanya-que-fem-amb-el-fem\\\/#article\",\"isPartOf\":{\"@id\":\"https:\\\/\\\/www.reciplasa.es\\\/va\\\/la-catedra-reciplasa-uji-distingeix-a-estudiants-dalmassora-segorbe-i-burriana-com-a-guanyadors-de-la-campanya-que-fem-amb-el-fem\\\/\"},\"author\":{\"name\":\"Sandra\",\"@id\":\"https:\\\/\\\/www.reciplasa.es\\\/#\\\/schema\\\/person\\\/15191934c9f5618dadb907c80c029c0b\"},\"headline\":\"La C\u00e0tedra Reciplasa-UJI distingeix a estudiants d&#8217;Almassora, Segorbe i Burriana com a guanyadors de la campanya \u2018Qu\u00e8 fem amb el fem?\u2019\",\"datePublished\":\"2025-06-06T10:53:18+00:00\",\"dateModified\":\"2025-06-06T10:53:22+00:00\",\"mainEntityOfPage\":{\"@id\":\"https:\\\/\\\/www.reciplasa.es\\\/va\\\/la-catedra-reciplasa-uji-distingeix-a-estudiants-dalmassora-segorbe-i-burriana-com-a-guanyadors-de-la-campanya-que-fem-amb-el-fem\\\/\"},\"wordCount\":898,\"image\":{\"@id\":\"https:\\\/\\\/www.reciplasa.es\\\/va\\\/la-catedra-reciplasa-uji-distingeix-a-estudiants-dalmassora-segorbe-i-burriana-com-a-guanyadors-de-la-campanya-que-fem-amb-el-fem\\\/#primaryimage\"},\"thumbnailUrl\":\"https:\\\/\\\/www.reciplasa.es\\\/wp-content\\\/uploads\\\/2025\\\/06\\\/DSC06325-scaled.jpg\",\"articleSection\":[\"Catedra-Reciplasa-UJI\"],\"inLanguage\":\"va-VA\"},{\"@type\":\"WebPage\",\"@id\":\"https:\\\/\\\/www.reciplasa.es\\\/va\\\/la-catedra-reciplasa-uji-distingeix-a-estudiants-dalmassora-segorbe-i-burriana-com-a-guanyadors-de-la-campanya-que-fem-amb-el-fem\\\/\",\"url\":\"https:\\\/\\\/www.reciplasa.es\\\/va\\\/la-catedra-reciplasa-uji-distingeix-a-estudiants-dalmassora-segorbe-i-burriana-com-a-guanyadors-de-la-campanya-que-fem-amb-el-fem\\\/\",\"name\":\"La C\u00e0tedra Reciplasa-UJI distingeix a estudiants d'Almassora, Segorbe i Burriana com a guanyadors de la campanya \u2018Qu\u00e8 fem amb el fem?\u2019 - RECIPLASA\",\"isPartOf\":{\"@id\":\"https:\\\/\\\/www.reciplasa.es\\\/#website\"},\"primaryImageOfPage\":{\"@id\":\"https:\\\/\\\/www.reciplasa.es\\\/va\\\/la-catedra-reciplasa-uji-distingeix-a-estudiants-dalmassora-segorbe-i-burriana-com-a-guanyadors-de-la-campanya-que-fem-amb-el-fem\\\/#primaryimage\"},\"image\":{\"@id\":\"https:\\\/\\\/www.reciplasa.es\\\/va\\\/la-catedra-reciplasa-uji-distingeix-a-estudiants-dalmassora-segorbe-i-burriana-com-a-guanyadors-de-la-campanya-que-fem-amb-el-fem\\\/#primaryimage\"},\"thumbnailUrl\":\"https:\\\/\\\/www.reciplasa.es\\\/wp-content\\\/uploads\\\/2025\\\/06\\\/DSC06325-scaled.jpg\",\"datePublished\":\"2025-06-06T10:53:18+00:00\",\"dateModified\":\"2025-06-06T10:53:22+00:00\",\"author\":{\"@id\":\"https:\\\/\\\/www.reciplasa.es\\\/#\\\/schema\\\/person\\\/15191934c9f5618dadb907c80c029c0b\"},\"breadcrumb\":{\"@id\":\"https:\\\/\\\/www.reciplasa.es\\\/va\\\/la-catedra-reciplasa-uji-distingeix-a-estudiants-dalmassora-segorbe-i-burriana-com-a-guanyadors-de-la-campanya-que-fem-amb-el-fem\\\/#breadcrumb\"},\"inLanguage\":\"va-VA\",\"potentialAction\":[{\"@type\":\"ReadAction\",\"target\":[\"https:\\\/\\\/www.reciplasa.es\\\/va\\\/la-catedra-reciplasa-uji-distingeix-a-estudiants-dalmassora-segorbe-i-burriana-com-a-guanyadors-de-la-campanya-que-fem-amb-el-fem\\\/\"]}]},{\"@type\":\"ImageObject\",\"inLanguage\":\"va-VA\",\"@id\":\"https:\\\/\\\/www.reciplasa.es\\\/va\\\/la-catedra-reciplasa-uji-distingeix-a-estudiants-dalmassora-segorbe-i-burriana-com-a-guanyadors-de-la-campanya-que-fem-amb-el-fem\\\/#primaryimage\",\"url\":\"https:\\\/\\\/www.reciplasa.es\\\/wp-content\\\/uploads\\\/2025\\\/06\\\/DSC06325-scaled.jpg\",\"contentUrl\":\"https:\\\/\\\/www.reciplasa.es\\\/wp-content\\\/uploads\\\/2025\\\/06\\\/DSC06325-scaled.jpg\",\"width\":2560,\"height\":1707,\"caption\":\"VIII Qu\u00e8 Fem amb el Fem?\"},{\"@type\":\"BreadcrumbList\",\"@id\":\"https:\\\/\\\/www.reciplasa.es\\\/va\\\/la-catedra-reciplasa-uji-distingeix-a-estudiants-dalmassora-segorbe-i-burriana-com-a-guanyadors-de-la-campanya-que-fem-amb-el-fem\\\/#breadcrumb\",\"itemListElement\":[{\"@type\":\"ListItem\",\"position\":1,\"name\":\"Portada\",\"item\":\"https:\\\/\\\/www.reciplasa.es\\\/va\\\/\"},{\"@type\":\"ListItem\",\"position\":2,\"name\":\"La C\u00e0tedra Reciplasa-UJI distingeix a estudiants d&#8217;Almassora, Segorbe i Burriana com a guanyadors de la campanya \u2018Qu\u00e8 fem amb el fem?\u2019\"}]},{\"@type\":\"WebSite\",\"@id\":\"https:\\\/\\\/www.reciplasa.es\\\/#website\",\"url\":\"https:\\\/\\\/www.reciplasa.es\\\/\",\"name\":\"RECIPLASA\",\"description\":\"Reciclats de Residus La Plana SA\",\"potentialAction\":[{\"@type\":\"SearchAction\",\"target\":{\"@type\":\"EntryPoint\",\"urlTemplate\":\"https:\\\/\\\/www.reciplasa.es\\\/?s={search_term_string}\"},\"query-input\":{\"@type\":\"PropertyValueSpecification\",\"valueRequired\":true,\"valueName\":\"search_term_string\"}}],\"inLanguage\":\"va-VA\"},{\"@type\":\"Person\",\"@id\":\"https:\\\/\\\/www.reciplasa.es\\\/#\\\/schema\\\/person\\\/15191934c9f5618dadb907c80c029c0b\",\"name\":\"Sandra\",\"image\":{\"@type\":\"ImageObject\",\"inLanguage\":\"va-VA\",\"@id\":\"https:\\\/\\\/secure.gravatar.com\\\/avatar\\\/605ca84bedd79915b697a46887df8ccd0249fb6f2a1bbcd0bfc66c91d997ae51?s=96&d=mm&r=g\",\"url\":\"https:\\\/\\\/secure.gravatar.com\\\/avatar\\\/605ca84bedd79915b697a46887df8ccd0249fb6f2a1bbcd0bfc66c91d997ae51?s=96&d=mm&r=g\",\"contentUrl\":\"https:\\\/\\\/secure.gravatar.com\\\/avatar\\\/605ca84bedd79915b697a46887df8ccd0249fb6f2a1bbcd0bfc66c91d997ae51?s=96&d=mm&r=g\",\"caption\":\"Sandra\"},\"url\":\"https:\\\/\\\/www.reciplasa.es\\\/va\\\/author\\\/sandra\\\/\"}]}<\/script>\n<!-- \/ Yoast SEO plugin. -->","yoast_head_json":{"title":"La C\u00e0tedra Reciplasa-UJI distingeix a estudiants d'Almassora, Segorbe i Burriana com a guanyadors de la campanya \u2018Qu\u00e8 fem amb el fem?\u2019 - RECIPLASA","robots":{"index":"index","follow":"follow","max-snippet":"max-snippet:-1","max-image-preview":"max-image-preview:large","max-video-preview":"max-video-preview:-1"},"canonical":"https:\/\/www.reciplasa.es\/va\/la-catedra-reciplasa-uji-distingeix-a-estudiants-dalmassora-segorbe-i-burriana-com-a-guanyadors-de-la-campanya-que-fem-amb-el-fem\/","og_locale":"en_US","og_type":"article","og_title":"La C\u00e0tedra Reciplasa-UJI distingeix a estudiants d'Almassora, Segorbe i Burriana com a guanyadors de la campanya \u2018Qu\u00e8 fem amb el fem?\u2019 - RECIPLASA","og_description":"Els centres guanyadors s\u00f3n el CEIP&nbsp;Boqueres&nbsp;d&#8217;Almassora, el CEIP Pintor Camar\u00f3n de Segorbe i IES Jaume I de BorrianaSergio Toledo: \u201cMostren un comprom\u00eds extraordinari amb eixa necessitat tan urgent de reciclar i de sensibilitzar a altres persones perqu\u00e8 ho fa\u00e7a tamb\u00e9\u201d&nbsp;Elena Pitarch: \u201cpretenem conscienciar als m\u00e9s joves perqu\u00e8 s&#8217;involucren en la gesti\u00f3 sostenible dels residus generats\u201dDale que hay m\u00e1s ...","og_url":"https:\/\/www.reciplasa.es\/va\/la-catedra-reciplasa-uji-distingeix-a-estudiants-dalmassora-segorbe-i-burriana-com-a-guanyadors-de-la-campanya-que-fem-amb-el-fem\/","og_site_name":"RECIPLASA","article_published_time":"2025-06-06T10:53:18+00:00","article_modified_time":"2025-06-06T10:53:22+00:00","og_image":[{"width":2560,"height":1707,"url":"https:\/\/www.reciplasa.es\/wp-content\/uploads\/2025\/06\/DSC06325-scaled.jpg","type":"image\/jpeg"}],"author":"Sandra","twitter_card":"summary_large_image","twitter_misc":{"Written by":"Sandra","Est. reading time":"4 minutes"},"schema":{"@context":"https:\/\/schema.org","@graph":[{"@type":"Article","@id":"https:\/\/www.reciplasa.es\/va\/la-catedra-reciplasa-uji-distingeix-a-estudiants-dalmassora-segorbe-i-burriana-com-a-guanyadors-de-la-campanya-que-fem-amb-el-fem\/#article","isPartOf":{"@id":"https:\/\/www.reciplasa.es\/va\/la-catedra-reciplasa-uji-distingeix-a-estudiants-dalmassora-segorbe-i-burriana-com-a-guanyadors-de-la-campanya-que-fem-amb-el-fem\/"},"author":{"name":"Sandra","@id":"https:\/\/www.reciplasa.es\/#\/schema\/person\/15191934c9f5618dadb907c80c029c0b"},"headline":"La C\u00e0tedra Reciplasa-UJI distingeix a estudiants d&#8217;Almassora, Segorbe i Burriana com a guanyadors de la campanya \u2018Qu\u00e8 fem amb el fem?\u2019","datePublished":"2025-06-06T10:53:18+00:00","dateModified":"2025-06-06T10:53:22+00:00","mainEntityOfPage":{"@id":"https:\/\/www.reciplasa.es\/va\/la-catedra-reciplasa-uji-distingeix-a-estudiants-dalmassora-segorbe-i-burriana-com-a-guanyadors-de-la-campanya-que-fem-amb-el-fem\/"},"wordCount":898,"image":{"@id":"https:\/\/www.reciplasa.es\/va\/la-catedra-reciplasa-uji-distingeix-a-estudiants-dalmassora-segorbe-i-burriana-com-a-guanyadors-de-la-campanya-que-fem-amb-el-fem\/#primaryimage"},"thumbnailUrl":"https:\/\/www.reciplasa.es\/wp-content\/uploads\/2025\/06\/DSC06325-scaled.jpg","articleSection":["Catedra-Reciplasa-UJI"],"inLanguage":"va-VA"},{"@type":"WebPage","@id":"https:\/\/www.reciplasa.es\/va\/la-catedra-reciplasa-uji-distingeix-a-estudiants-dalmassora-segorbe-i-burriana-com-a-guanyadors-de-la-campanya-que-fem-amb-el-fem\/","url":"https:\/\/www.reciplasa.es\/va\/la-catedra-reciplasa-uji-distingeix-a-estudiants-dalmassora-segorbe-i-burriana-com-a-guanyadors-de-la-campanya-que-fem-amb-el-fem\/","name":"La C\u00e0tedra Reciplasa-UJI distingeix a estudiants d'Almassora, Segorbe i Burriana com a guanyadors de la campanya \u2018Qu\u00e8 fem amb el fem?\u2019 - RECIPLASA","isPartOf":{"@id":"https:\/\/www.reciplasa.es\/#website"},"primaryImageOfPage":{"@id":"https:\/\/www.reciplasa.es\/va\/la-catedra-reciplasa-uji-distingeix-a-estudiants-dalmassora-segorbe-i-burriana-com-a-guanyadors-de-la-campanya-que-fem-amb-el-fem\/#primaryimage"},"image":{"@id":"https:\/\/www.reciplasa.es\/va\/la-catedra-reciplasa-uji-distingeix-a-estudiants-dalmassora-segorbe-i-burriana-com-a-guanyadors-de-la-campanya-que-fem-amb-el-fem\/#primaryimage"},"thumbnailUrl":"https:\/\/www.reciplasa.es\/wp-content\/uploads\/2025\/06\/DSC06325-scaled.jpg","datePublished":"2025-06-06T10:53:18+00:00","dateModified":"2025-06-06T10:53:22+00:00","author":{"@id":"https:\/\/www.reciplasa.es\/#\/schema\/person\/15191934c9f5618dadb907c80c029c0b"},"breadcrumb":{"@id":"https:\/\/www.reciplasa.es\/va\/la-catedra-reciplasa-uji-distingeix-a-estudiants-dalmassora-segorbe-i-burriana-com-a-guanyadors-de-la-campanya-que-fem-amb-el-fem\/#breadcrumb"},"inLanguage":"va-VA","potentialAction":[{"@type":"ReadAction","target":["https:\/\/www.reciplasa.es\/va\/la-catedra-reciplasa-uji-distingeix-a-estudiants-dalmassora-segorbe-i-burriana-com-a-guanyadors-de-la-campanya-que-fem-amb-el-fem\/"]}]},{"@type":"ImageObject","inLanguage":"va-VA","@id":"https:\/\/www.reciplasa.es\/va\/la-catedra-reciplasa-uji-distingeix-a-estudiants-dalmassora-segorbe-i-burriana-com-a-guanyadors-de-la-campanya-que-fem-amb-el-fem\/#primaryimage","url":"https:\/\/www.reciplasa.es\/wp-content\/uploads\/2025\/06\/DSC06325-scaled.jpg","contentUrl":"https:\/\/www.reciplasa.es\/wp-content\/uploads\/2025\/06\/DSC06325-scaled.jpg","width":2560,"height":1707,"caption":"VIII Qu\u00e8 Fem amb el Fem?"},{"@type":"BreadcrumbList","@id":"https:\/\/www.reciplasa.es\/va\/la-catedra-reciplasa-uji-distingeix-a-estudiants-dalmassora-segorbe-i-burriana-com-a-guanyadors-de-la-campanya-que-fem-amb-el-fem\/#breadcrumb","itemListElement":[{"@type":"ListItem","position":1,"name":"Portada","item":"https:\/\/www.reciplasa.es\/va\/"},{"@type":"ListItem","position":2,"name":"La C\u00e0tedra Reciplasa-UJI distingeix a estudiants d&#8217;Almassora, Segorbe i Burriana com a guanyadors de la campanya \u2018Qu\u00e8 fem amb el fem?\u2019"}]},{"@type":"WebSite","@id":"https:\/\/www.reciplasa.es\/#website","url":"https:\/\/www.reciplasa.es\/","name":"RECIPLASA","description":"Reciclats de Residus La Plana SA","potentialAction":[{"@type":"SearchAction","target":{"@type":"EntryPoint","urlTemplate":"https:\/\/www.reciplasa.es\/?s={search_term_string}"},"query-input":{"@type":"PropertyValueSpecification","valueRequired":true,"valueName":"search_term_string"}}],"inLanguage":"va-VA"},{"@type":"Person","@id":"https:\/\/www.reciplasa.es\/#\/schema\/person\/15191934c9f5618dadb907c80c029c0b","name":"Sandra","image":{"@type":"ImageObject","inLanguage":"va-VA","@id":"https:\/\/secure.gravatar.com\/avatar\/605ca84bedd79915b697a46887df8ccd0249fb6f2a1bbcd0bfc66c91d997ae51?s=96&d=mm&r=g","url":"https:\/\/secure.gravatar.com\/avatar\/605ca84bedd79915b697a46887df8ccd0249fb6f2a1bbcd0bfc66c91d997ae51?s=96&d=mm&r=g","contentUrl":"https:\/\/secure.gravatar.com\/avatar\/605ca84bedd79915b697a46887df8ccd0249fb6f2a1bbcd0bfc66c91d997ae51?s=96&d=mm&r=g","caption":"Sandra"},"url":"https:\/\/www.reciplasa.es\/va\/author\/sandra\/"}]}},"_links":{"self":[{"href":"https:\/\/www.reciplasa.es\/va\/wp-json\/wp\/v2\/posts\/23027","targetHints":{"allow":["GET"]}}],"collection":[{"href":"https:\/\/www.reciplasa.es\/va\/wp-json\/wp\/v2\/posts"}],"about":[{"href":"https:\/\/www.reciplasa.es\/va\/wp-json\/wp\/v2\/types\/post"}],"author":[{"embeddable":true,"href":"https:\/\/www.reciplasa.es\/va\/wp-json\/wp\/v2\/users\/13"}],"replies":[{"embeddable":true,"href":"https:\/\/www.reciplasa.es\/va\/wp-json\/wp\/v2\/comments?post=23027"}],"version-history":[{"count":1,"href":"https:\/\/www.reciplasa.es\/va\/wp-json\/wp\/v2\/posts\/23027\/revisions"}],"predecessor-version":[{"id":23028,"href":"https:\/\/www.reciplasa.es\/va\/wp-json\/wp\/v2\/posts\/23027\/revisions\/23028"}],"wp:featuredmedia":[{"embeddable":true,"href":"https:\/\/www.reciplasa.es\/va\/wp-json\/wp\/v2\/media\/23022"}],"wp:attachment":[{"href":"https:\/\/www.reciplasa.es\/va\/wp-json\/wp\/v2\/media?parent=23027"}],"wp:term":[{"taxonomy":"category","embeddable":true,"href":"https:\/\/www.reciplasa.es\/va\/wp-json\/wp\/v2\/categories?post=23027"},{"taxonomy":"post_tag","embeddable":true,"href":"https:\/\/www.reciplasa.es\/va\/wp-json\/wp\/v2\/tags?post=23027"}],"curies":[{"name":"wp","href":"https:\/\/api.w.org\/{rel}","templated":true}]}}