{"id":23071,"date":"2025-07-09T10:16:02","date_gmt":"2025-07-09T10:16:02","guid":{"rendered":"https:\/\/www.reciplasa.es\/?p=23071\/"},"modified":"2025-07-09T10:16:04","modified_gmt":"2025-07-09T10:16:04","slug":"el-servicio-de-ecoparque-movil-de-reciplasa-crece-un-115-en-2025-y-consolida-su-implantacion-en-los-municipios","status":"publish","type":"post","link":"https:\/\/www.reciplasa.es\/va\/el-servicio-de-ecoparque-movil-de-reciplasa-crece-un-115-en-2025-y-consolida-su-implantacion-en-los-municipios\/","title":{"rendered":"El servicio de ecoparque m\u00f3vil de Reciplasa crece un 11,5 % en 2025 y consolida su implantaci\u00f3n en los municipios"},"content":{"rendered":"\n<p><em>La empresa p\u00fablica ha realizado 3.277 servicios en solo seis meses, lo que evidencia la buena acogida del modelo de gesti\u00f3n ambiental impulsado en la provincia de Castell\u00f3n<\/em><\/p>\n\n\n\n<p><strong>Castell\u00f3n (9-7-2025). \u2013 <\/strong>El <a href=\"https:\/\/www.reciplasa.es\/ecomovil\/\">ecoparque m\u00f3vil de Reciplasa <\/a>contin\u00faa ganando presencia y utilidad en los municipios del \u00e1rea de influencia de esta empresa p\u00fablica, que gestiona residuos en la provincia de Castell\u00f3n. Seg\u00fan los datos correspondientes al primer semestre de 2025, el servicio ha experimentado un importante crecimiento del 11,5 % respecto al mismo periodo del a\u00f1o anterior, al pasar de 2.939 servicios realizados entre enero y junio de 2024 a 3.277 en los primeros seis meses de 2025.<\/p>\n\n\n\n<p>Este incremento evidencia la consolidaci\u00f3n de un modelo que acerca el reciclaje a pie de calle y facilita a los ciudadanos la correcta separaci\u00f3n de residuos especiales, como peque\u00f1os electrodom\u00e9sticos, aceites, pinturas, pilas o cartuchos de tinta, entre otros.<\/p>\n\n\n\n<p>Para el presidente de Reciplasa, Sergio Toledo, estas cifras reflejan \u201cel compromiso creciente de la ciudadan\u00eda con el medio ambiente, pero tambi\u00e9n la eficacia de un sistema que est\u00e1 demostrando ser \u00fatil, c\u00f3modo y bien valorado\u201d. Toledo subraya que el objetivo de Reciplasa \u201cno es solo gestionar residuos, sino promover un cambio cultural hacia una econom\u00eda m\u00e1s circular y sostenible\u201d.<\/p>\n\n\n\n<p>El presidente tambi\u00e9n ha destacado la implicaci\u00f3n de los ayuntamientos en la difusi\u00f3n del calendario del ecoparque m\u00f3vil y en su integraci\u00f3n dentro de las pol\u00edticas locales de sostenibilidad. \u201cEl \u00e9xito de este servicio no ser\u00eda posible sin la coordinaci\u00f3n institucional y sin la concienciaci\u00f3n social que estamos observando en muchos municipios\u201d, ha afirmado.<\/p>\n\n\n\n<p>Reciplasa ha reforzado en los \u00faltimos a\u00f1os su apuesta por una gesti\u00f3n ambiental responsable, combinando tecnolog\u00eda, educaci\u00f3n ambiental y servicios de proximidad como este ecoparque m\u00f3vil, que ya se ha convertido en una pieza clave para facilitar el reciclaje dom\u00e9stico de residuos que no pueden depositarse en los contenedores convencionales.<\/p>\n\n\n\n<p>El crecimiento del servicio en 2025 anticipa una previsi\u00f3n r\u00e9cord al cierre del a\u00f1o, con lo que Reciplasa consolida su papel como referente en la gesti\u00f3n p\u00fablica de residuos en la Comunitat Valenciana.<\/p>\n","protected":false},"excerpt":{"rendered":"<p>La empresa p\u00fablica ha realizado 3.277 servicios en solo seis meses, lo que evidencia la buena acogida del modelo de gesti\u00f3n ambiental impulsado en la provincia de Castell\u00f3n Castell\u00f3n (9-7-2025). \u2013 El ecoparque m\u00f3vil de Reciplasa contin\u00faa ganando presencia y utilidad en los municipios del \u00e1rea de influencia de esta empresa p\u00fablica, que gestiona residuosDale que hay m\u00e1s &#8230;<\/p>\n","protected":false},"author":13,"featured_media":23072,"comment_status":"closed","ping_status":"closed","sticky":false,"template":"","format":"standard","meta":{"footnotes":""},"categories":[3],"tags":[],"class_list":["post-23071","post","type-post","status-publish","format-standard","has-post-thumbnail","hentry","category-noticias-corporativas"],"yoast_head":"<!-- This site is optimized with the Yoast SEO plugin v27.4 - https:\/\/yoast.com\/product\/yoast-seo-wordpress\/ -->\n<title>El servicio de ecoparque m\u00f3vil de Reciplasa crece un 11,5 % en 2025 y consolida su implantaci\u00f3n en los municipios - RECIPLASA<\/title>\n<meta name=\"description\" content=\"La empresa p\u00fablica ha realizado 3.277 servicios en solo 6 meses, lo que evidencia la buena acogida del ecoparque m\u00f3vil en los 45 municipios.\" \/>\n<meta name=\"robots\" content=\"index, follow, max-snippet:-1, max-image-preview:large, max-video-preview:-1\" \/>\n<link rel=\"canonical\" href=\"https:\/\/www.reciplasa.es\/el-servicio-de-ecoparque-movil-de-reciplasa-crece-un-115-en-2025-y-consolida-su-implantacion-en-los-municipios\/\" \/>\n<meta property=\"og:locale\" content=\"en_US\" \/>\n<meta property=\"og:type\" content=\"article\" \/>\n<meta property=\"og:title\" content=\"El servicio de ecoparque m\u00f3vil de Reciplasa crece un 11,5 % en 2025 y consolida su implantaci\u00f3n en los municipios - RECIPLASA\" \/>\n<meta property=\"og:description\" content=\"La empresa p\u00fablica ha realizado 3.277 servicios en solo 6 meses, lo que evidencia la buena acogida del ecoparque m\u00f3vil en los 45 municipios.\" \/>\n<meta property=\"og:url\" content=\"https:\/\/www.reciplasa.es\/el-servicio-de-ecoparque-movil-de-reciplasa-crece-un-115-en-2025-y-consolida-su-implantacion-en-los-municipios\/\" \/>\n<meta property=\"og:site_name\" content=\"RECIPLASA\" \/>\n<meta property=\"article:published_time\" content=\"2025-07-09T10:16:02+00:00\" \/>\n<meta property=\"article:modified_time\" content=\"2025-07-09T10:16:04+00:00\" \/>\n<meta property=\"og:image\" content=\"https:\/\/www.reciplasa.es\/wp-content\/uploads\/2025\/07\/ecomovil-en-Llucena.jpeg\" \/>\n\t<meta property=\"og:image:width\" content=\"1920\" \/>\n\t<meta property=\"og:image:height\" content=\"1080\" \/>\n\t<meta property=\"og:image:type\" content=\"image\/jpeg\" \/>\n<meta name=\"author\" content=\"Sandra\" \/>\n<meta name=\"twitter:card\" content=\"summary_large_image\" \/>\n<meta name=\"twitter:label1\" content=\"Written by\" \/>\n\t<meta name=\"twitter:data1\" content=\"Sandra\" \/>\n\t<meta name=\"twitter:label2\" content=\"Est. reading time\" \/>\n\t<meta name=\"twitter:data2\" content=\"2 minutes\" \/>\n<script type=\"application\/ld+json\" class=\"yoast-schema-graph\">{\"@context\":\"https:\\\/\\\/schema.org\",\"@graph\":[{\"@type\":\"Article\",\"@id\":\"https:\\\/\\\/www.reciplasa.es\\\/el-servicio-de-ecoparque-movil-de-reciplasa-crece-un-115-en-2025-y-consolida-su-implantacion-en-los-municipios\\\/#article\",\"isPartOf\":{\"@id\":\"https:\\\/\\\/www.reciplasa.es\\\/el-servicio-de-ecoparque-movil-de-reciplasa-crece-un-115-en-2025-y-consolida-su-implantacion-en-los-municipios\\\/\"},\"author\":{\"name\":\"Sandra\",\"@id\":\"https:\\\/\\\/www.reciplasa.es\\\/#\\\/schema\\\/person\\\/15191934c9f5618dadb907c80c029c0b\"},\"headline\":\"El servicio de ecoparque m\u00f3vil de Reciplasa crece un 11,5 % en 2025 y consolida su implantaci\u00f3n en los municipios\",\"datePublished\":\"2025-07-09T10:16:02+00:00\",\"dateModified\":\"2025-07-09T10:16:04+00:00\",\"mainEntityOfPage\":{\"@id\":\"https:\\\/\\\/www.reciplasa.es\\\/el-servicio-de-ecoparque-movil-de-reciplasa-crece-un-115-en-2025-y-consolida-su-implantacion-en-los-municipios\\\/\"},\"wordCount\":392,\"image\":{\"@id\":\"https:\\\/\\\/www.reciplasa.es\\\/el-servicio-de-ecoparque-movil-de-reciplasa-crece-un-115-en-2025-y-consolida-su-implantacion-en-los-municipios\\\/#primaryimage\"},\"thumbnailUrl\":\"https:\\\/\\\/www.reciplasa.es\\\/wp-content\\\/uploads\\\/2025\\\/07\\\/ecomovil-en-Llucena.jpeg\",\"articleSection\":[\"Noticias corporativas\"],\"inLanguage\":\"va-VA\"},{\"@type\":\"WebPage\",\"@id\":\"https:\\\/\\\/www.reciplasa.es\\\/el-servicio-de-ecoparque-movil-de-reciplasa-crece-un-115-en-2025-y-consolida-su-implantacion-en-los-municipios\\\/\",\"url\":\"https:\\\/\\\/www.reciplasa.es\\\/el-servicio-de-ecoparque-movil-de-reciplasa-crece-un-115-en-2025-y-consolida-su-implantacion-en-los-municipios\\\/\",\"name\":\"El servicio de ecoparque m\u00f3vil de Reciplasa crece un 11,5 % en 2025 y consolida su implantaci\u00f3n en los municipios - RECIPLASA\",\"isPartOf\":{\"@id\":\"https:\\\/\\\/www.reciplasa.es\\\/#website\"},\"primaryImageOfPage\":{\"@id\":\"https:\\\/\\\/www.reciplasa.es\\\/el-servicio-de-ecoparque-movil-de-reciplasa-crece-un-115-en-2025-y-consolida-su-implantacion-en-los-municipios\\\/#primaryimage\"},\"image\":{\"@id\":\"https:\\\/\\\/www.reciplasa.es\\\/el-servicio-de-ecoparque-movil-de-reciplasa-crece-un-115-en-2025-y-consolida-su-implantacion-en-los-municipios\\\/#primaryimage\"},\"thumbnailUrl\":\"https:\\\/\\\/www.reciplasa.es\\\/wp-content\\\/uploads\\\/2025\\\/07\\\/ecomovil-en-Llucena.jpeg\",\"datePublished\":\"2025-07-09T10:16:02+00:00\",\"dateModified\":\"2025-07-09T10:16:04+00:00\",\"author\":{\"@id\":\"https:\\\/\\\/www.reciplasa.es\\\/#\\\/schema\\\/person\\\/15191934c9f5618dadb907c80c029c0b\"},\"description\":\"La empresa p\u00fablica ha realizado 3.277 servicios en solo 6 meses, lo que evidencia la buena acogida del ecoparque m\u00f3vil en los 45 municipios.\",\"breadcrumb\":{\"@id\":\"https:\\\/\\\/www.reciplasa.es\\\/el-servicio-de-ecoparque-movil-de-reciplasa-crece-un-115-en-2025-y-consolida-su-implantacion-en-los-municipios\\\/#breadcrumb\"},\"inLanguage\":\"va-VA\",\"potentialAction\":[{\"@type\":\"ReadAction\",\"target\":[\"https:\\\/\\\/www.reciplasa.es\\\/el-servicio-de-ecoparque-movil-de-reciplasa-crece-un-115-en-2025-y-consolida-su-implantacion-en-los-municipios\\\/\"]}]},{\"@type\":\"ImageObject\",\"inLanguage\":\"va-VA\",\"@id\":\"https:\\\/\\\/www.reciplasa.es\\\/el-servicio-de-ecoparque-movil-de-reciplasa-crece-un-115-en-2025-y-consolida-su-implantacion-en-los-municipios\\\/#primaryimage\",\"url\":\"https:\\\/\\\/www.reciplasa.es\\\/wp-content\\\/uploads\\\/2025\\\/07\\\/ecomovil-en-Llucena.jpeg\",\"contentUrl\":\"https:\\\/\\\/www.reciplasa.es\\\/wp-content\\\/uploads\\\/2025\\\/07\\\/ecomovil-en-Llucena.jpeg\",\"width\":1920,\"height\":1080},{\"@type\":\"BreadcrumbList\",\"@id\":\"https:\\\/\\\/www.reciplasa.es\\\/el-servicio-de-ecoparque-movil-de-reciplasa-crece-un-115-en-2025-y-consolida-su-implantacion-en-los-municipios\\\/#breadcrumb\",\"itemListElement\":[{\"@type\":\"ListItem\",\"position\":1,\"name\":\"Portada\",\"item\":\"https:\\\/\\\/www.reciplasa.es\\\/va\\\/\"},{\"@type\":\"ListItem\",\"position\":2,\"name\":\"El servicio de ecoparque m\u00f3vil de Reciplasa crece un 11,5 % en 2025 y consolida su implantaci\u00f3n en los municipios\"}]},{\"@type\":\"WebSite\",\"@id\":\"https:\\\/\\\/www.reciplasa.es\\\/#website\",\"url\":\"https:\\\/\\\/www.reciplasa.es\\\/\",\"name\":\"RECIPLASA\",\"description\":\"Reciclats de Residus La Plana SA\",\"potentialAction\":[{\"@type\":\"SearchAction\",\"target\":{\"@type\":\"EntryPoint\",\"urlTemplate\":\"https:\\\/\\\/www.reciplasa.es\\\/?s={search_term_string}\"},\"query-input\":{\"@type\":\"PropertyValueSpecification\",\"valueRequired\":true,\"valueName\":\"search_term_string\"}}],\"inLanguage\":\"va-VA\"},{\"@type\":\"Person\",\"@id\":\"https:\\\/\\\/www.reciplasa.es\\\/#\\\/schema\\\/person\\\/15191934c9f5618dadb907c80c029c0b\",\"name\":\"Sandra\",\"image\":{\"@type\":\"ImageObject\",\"inLanguage\":\"va-VA\",\"@id\":\"https:\\\/\\\/secure.gravatar.com\\\/avatar\\\/605ca84bedd79915b697a46887df8ccd0249fb6f2a1bbcd0bfc66c91d997ae51?s=96&d=mm&r=g\",\"url\":\"https:\\\/\\\/secure.gravatar.com\\\/avatar\\\/605ca84bedd79915b697a46887df8ccd0249fb6f2a1bbcd0bfc66c91d997ae51?s=96&d=mm&r=g\",\"contentUrl\":\"https:\\\/\\\/secure.gravatar.com\\\/avatar\\\/605ca84bedd79915b697a46887df8ccd0249fb6f2a1bbcd0bfc66c91d997ae51?s=96&d=mm&r=g\",\"caption\":\"Sandra\"},\"url\":\"https:\\\/\\\/www.reciplasa.es\\\/va\\\/author\\\/sandra\\\/\"}]}<\/script>\n<!-- \/ Yoast SEO plugin. -->","yoast_head_json":{"title":"El servicio de ecoparque m\u00f3vil de Reciplasa crece un 11,5 % en 2025 y consolida su implantaci\u00f3n en los municipios - RECIPLASA","description":"La empresa p\u00fablica ha realizado 3.277 servicios en solo 6 meses, lo que evidencia la buena acogida del ecoparque m\u00f3vil en los 45 municipios.","robots":{"index":"index","follow":"follow","max-snippet":"max-snippet:-1","max-image-preview":"max-image-preview:large","max-video-preview":"max-video-preview:-1"},"canonical":"https:\/\/www.reciplasa.es\/el-servicio-de-ecoparque-movil-de-reciplasa-crece-un-115-en-2025-y-consolida-su-implantacion-en-los-municipios\/","og_locale":"en_US","og_type":"article","og_title":"El servicio de ecoparque m\u00f3vil de Reciplasa crece un 11,5 % en 2025 y consolida su implantaci\u00f3n en los municipios - RECIPLASA","og_description":"La empresa p\u00fablica ha realizado 3.277 servicios en solo 6 meses, lo que evidencia la buena acogida del ecoparque m\u00f3vil en los 45 municipios.","og_url":"https:\/\/www.reciplasa.es\/el-servicio-de-ecoparque-movil-de-reciplasa-crece-un-115-en-2025-y-consolida-su-implantacion-en-los-municipios\/","og_site_name":"RECIPLASA","article_published_time":"2025-07-09T10:16:02+00:00","article_modified_time":"2025-07-09T10:16:04+00:00","og_image":[{"width":1920,"height":1080,"url":"https:\/\/www.reciplasa.es\/wp-content\/uploads\/2025\/07\/ecomovil-en-Llucena.jpeg","type":"image\/jpeg"}],"author":"Sandra","twitter_card":"summary_large_image","twitter_misc":{"Written by":"Sandra","Est. reading time":"2 minutes"},"schema":{"@context":"https:\/\/schema.org","@graph":[{"@type":"Article","@id":"https:\/\/www.reciplasa.es\/el-servicio-de-ecoparque-movil-de-reciplasa-crece-un-115-en-2025-y-consolida-su-implantacion-en-los-municipios\/#article","isPartOf":{"@id":"https:\/\/www.reciplasa.es\/el-servicio-de-ecoparque-movil-de-reciplasa-crece-un-115-en-2025-y-consolida-su-implantacion-en-los-municipios\/"},"author":{"name":"Sandra","@id":"https:\/\/www.reciplasa.es\/#\/schema\/person\/15191934c9f5618dadb907c80c029c0b"},"headline":"El servicio de ecoparque m\u00f3vil de Reciplasa crece un 11,5 % en 2025 y consolida su implantaci\u00f3n en los municipios","datePublished":"2025-07-09T10:16:02+00:00","dateModified":"2025-07-09T10:16:04+00:00","mainEntityOfPage":{"@id":"https:\/\/www.reciplasa.es\/el-servicio-de-ecoparque-movil-de-reciplasa-crece-un-115-en-2025-y-consolida-su-implantacion-en-los-municipios\/"},"wordCount":392,"image":{"@id":"https:\/\/www.reciplasa.es\/el-servicio-de-ecoparque-movil-de-reciplasa-crece-un-115-en-2025-y-consolida-su-implantacion-en-los-municipios\/#primaryimage"},"thumbnailUrl":"https:\/\/www.reciplasa.es\/wp-content\/uploads\/2025\/07\/ecomovil-en-Llucena.jpeg","articleSection":["Noticias corporativas"],"inLanguage":"va-VA"},{"@type":"WebPage","@id":"https:\/\/www.reciplasa.es\/el-servicio-de-ecoparque-movil-de-reciplasa-crece-un-115-en-2025-y-consolida-su-implantacion-en-los-municipios\/","url":"https:\/\/www.reciplasa.es\/el-servicio-de-ecoparque-movil-de-reciplasa-crece-un-115-en-2025-y-consolida-su-implantacion-en-los-municipios\/","name":"El servicio de ecoparque m\u00f3vil de Reciplasa crece un 11,5 % en 2025 y consolida su implantaci\u00f3n en los municipios - RECIPLASA","isPartOf":{"@id":"https:\/\/www.reciplasa.es\/#website"},"primaryImageOfPage":{"@id":"https:\/\/www.reciplasa.es\/el-servicio-de-ecoparque-movil-de-reciplasa-crece-un-115-en-2025-y-consolida-su-implantacion-en-los-municipios\/#primaryimage"},"image":{"@id":"https:\/\/www.reciplasa.es\/el-servicio-de-ecoparque-movil-de-reciplasa-crece-un-115-en-2025-y-consolida-su-implantacion-en-los-municipios\/#primaryimage"},"thumbnailUrl":"https:\/\/www.reciplasa.es\/wp-content\/uploads\/2025\/07\/ecomovil-en-Llucena.jpeg","datePublished":"2025-07-09T10:16:02+00:00","dateModified":"2025-07-09T10:16:04+00:00","author":{"@id":"https:\/\/www.reciplasa.es\/#\/schema\/person\/15191934c9f5618dadb907c80c029c0b"},"description":"La empresa p\u00fablica ha realizado 3.277 servicios en solo 6 meses, lo que evidencia la buena acogida del ecoparque m\u00f3vil en los 45 municipios.","breadcrumb":{"@id":"https:\/\/www.reciplasa.es\/el-servicio-de-ecoparque-movil-de-reciplasa-crece-un-115-en-2025-y-consolida-su-implantacion-en-los-municipios\/#breadcrumb"},"inLanguage":"va-VA","potentialAction":[{"@type":"ReadAction","target":["https:\/\/www.reciplasa.es\/el-servicio-de-ecoparque-movil-de-reciplasa-crece-un-115-en-2025-y-consolida-su-implantacion-en-los-municipios\/"]}]},{"@type":"ImageObject","inLanguage":"va-VA","@id":"https:\/\/www.reciplasa.es\/el-servicio-de-ecoparque-movil-de-reciplasa-crece-un-115-en-2025-y-consolida-su-implantacion-en-los-municipios\/#primaryimage","url":"https:\/\/www.reciplasa.es\/wp-content\/uploads\/2025\/07\/ecomovil-en-Llucena.jpeg","contentUrl":"https:\/\/www.reciplasa.es\/wp-content\/uploads\/2025\/07\/ecomovil-en-Llucena.jpeg","width":1920,"height":1080},{"@type":"BreadcrumbList","@id":"https:\/\/www.reciplasa.es\/el-servicio-de-ecoparque-movil-de-reciplasa-crece-un-115-en-2025-y-consolida-su-implantacion-en-los-municipios\/#breadcrumb","itemListElement":[{"@type":"ListItem","position":1,"name":"Portada","item":"https:\/\/www.reciplasa.es\/va\/"},{"@type":"ListItem","position":2,"name":"El servicio de ecoparque m\u00f3vil de Reciplasa crece un 11,5 % en 2025 y consolida su implantaci\u00f3n en los municipios"}]},{"@type":"WebSite","@id":"https:\/\/www.reciplasa.es\/#website","url":"https:\/\/www.reciplasa.es\/","name":"RECIPLASA","description":"Reciclats de Residus La Plana SA","potentialAction":[{"@type":"SearchAction","target":{"@type":"EntryPoint","urlTemplate":"https:\/\/www.reciplasa.es\/?s={search_term_string}"},"query-input":{"@type":"PropertyValueSpecification","valueRequired":true,"valueName":"search_term_string"}}],"inLanguage":"va-VA"},{"@type":"Person","@id":"https:\/\/www.reciplasa.es\/#\/schema\/person\/15191934c9f5618dadb907c80c029c0b","name":"Sandra","image":{"@type":"ImageObject","inLanguage":"va-VA","@id":"https:\/\/secure.gravatar.com\/avatar\/605ca84bedd79915b697a46887df8ccd0249fb6f2a1bbcd0bfc66c91d997ae51?s=96&d=mm&r=g","url":"https:\/\/secure.gravatar.com\/avatar\/605ca84bedd79915b697a46887df8ccd0249fb6f2a1bbcd0bfc66c91d997ae51?s=96&d=mm&r=g","contentUrl":"https:\/\/secure.gravatar.com\/avatar\/605ca84bedd79915b697a46887df8ccd0249fb6f2a1bbcd0bfc66c91d997ae51?s=96&d=mm&r=g","caption":"Sandra"},"url":"https:\/\/www.reciplasa.es\/va\/author\/sandra\/"}]}},"_links":{"self":[{"href":"https:\/\/www.reciplasa.es\/va\/wp-json\/wp\/v2\/posts\/23071","targetHints":{"allow":["GET"]}}],"collection":[{"href":"https:\/\/www.reciplasa.es\/va\/wp-json\/wp\/v2\/posts"}],"about":[{"href":"https:\/\/www.reciplasa.es\/va\/wp-json\/wp\/v2\/types\/post"}],"author":[{"embeddable":true,"href":"https:\/\/www.reciplasa.es\/va\/wp-json\/wp\/v2\/users\/13"}],"replies":[{"embeddable":true,"href":"https:\/\/www.reciplasa.es\/va\/wp-json\/wp\/v2\/comments?post=23071"}],"version-history":[{"count":1,"href":"https:\/\/www.reciplasa.es\/va\/wp-json\/wp\/v2\/posts\/23071\/revisions"}],"predecessor-version":[{"id":23073,"href":"https:\/\/www.reciplasa.es\/va\/wp-json\/wp\/v2\/posts\/23071\/revisions\/23073"}],"wp:featuredmedia":[{"embeddable":true,"href":"https:\/\/www.reciplasa.es\/va\/wp-json\/wp\/v2\/media\/23072"}],"wp:attachment":[{"href":"https:\/\/www.reciplasa.es\/va\/wp-json\/wp\/v2\/media?parent=23071"}],"wp:term":[{"taxonomy":"category","embeddable":true,"href":"https:\/\/www.reciplasa.es\/va\/wp-json\/wp\/v2\/categories?post=23071"},{"taxonomy":"post_tag","embeddable":true,"href":"https:\/\/www.reciplasa.es\/va\/wp-json\/wp\/v2\/tags?post=23071"}],"curies":[{"name":"wp","href":"https:\/\/api.w.org\/{rel}","templated":true}]}}