{"id":23074,"date":"2025-07-09T10:35:44","date_gmt":"2025-07-09T10:35:44","guid":{"rendered":"https:\/\/www.reciplasa.es\/?p=23074\/"},"modified":"2025-07-09T10:35:46","modified_gmt":"2025-07-09T10:35:46","slug":"el-servei-decoparc-mobil-de-reciplasa-creix-un-115-el-2025-i-consolida-la-seua-implantacio-als-municipis","status":"publish","type":"post","link":"https:\/\/www.reciplasa.es\/va\/el-servei-decoparc-mobil-de-reciplasa-creix-un-115-el-2025-i-consolida-la-seua-implantacio-als-municipis\/","title":{"rendered":"El servei d\u2019ecoparc m\u00f2bil de Reciplasa creix un 11,5 % el 2025 i consolida la seua implantaci\u00f3 als municipis"},"content":{"rendered":"\n<p><em>L\u2019empresa p\u00fablica ha realitzat 3.277 serveis nom\u00e9s en sis mesos, fet que evidencia la bona acollida del model de gesti\u00f3 ambiental impulsat a la prov\u00edncia de Castell\u00f3<\/em><\/p>\n\n\n\n<p><strong>Castell\u00f3 (9-7-2025). \u2013 <\/strong>L\u2019ecoparc m\u00f2bil de Reciplasa continua guanyant pres\u00e8ncia i utilitat als municipis de l\u2019\u00e0rea d\u2019influ\u00e8ncia d\u2019aquesta empresa p\u00fablica, que gestiona residus a la prov\u00edncia de Castell\u00f3. Segons les dades corresponents al primer semestre de 2025, el servei ha experimentat un important creixement de l\u201911,5 % respecte al mateix per\u00edode de l\u2019any anterior, en passar de 2.939 serveis realitzats entre gener i juny de 2024 a 3.277 en els primers sis mesos de 2025.<\/p>\n\n\n\n<p>Aquest increment evidencia la consolidaci\u00f3 d\u2019un model que acosta el reciclatge al carrer i facilita a la ciutadania la correcta separaci\u00f3 de residus especials, com petits electrodom\u00e8stics, olis, pintures, piles o cartutxos de tinta, entre altres.<\/p>\n\n\n\n<p>Per al president de Reciplasa, Sergio Toledo, aquestes xifres reflecteixen \u201cel comprom\u00eds creixent de la ciutadania amb el medi ambient, per\u00f2 tamb\u00e9 l\u2019efic\u00e0cia d\u2019un sistema que est\u00e0 demostrant ser \u00fatil, c\u00f2mode i ben valorat\u201d. Toledo subratlla que l\u2019objectiu de Reciplasa \u201cno \u00e9s nom\u00e9s gestionar residus, sin\u00f3 promoure un canvi cultural cap a una economia m\u00e9s circular i sostenible\u201d.<\/p>\n\n\n\n<p>El president tamb\u00e9 ha destacat la implicaci\u00f3 dels ajuntaments en la difusi\u00f3 del calendari de l\u2019ecoparc m\u00f2bil i en la seua integraci\u00f3 dins de les pol\u00edtiques locals de sostenibilitat. \u201cL\u2019\u00e8xit d\u2019aquest servei no seria possible sense la coordinaci\u00f3 institucional i sense la conscienciaci\u00f3 social que estem observant en molts municipis\u201d, ha afirmat.<\/p>\n\n\n\n<p>Reciplasa ha refor\u00e7at en els darrers anys la seua aposta per una gesti\u00f3 ambiental responsable, combinant tecnologia, educaci\u00f3 ambiental i serveis de proximitat com aquest ecoparc m\u00f2bil, que ja s\u2019ha convertit en una pe\u00e7a clau per facilitar el reciclatge dom\u00e8stic de residus que no es poden dipositar als contenidors convencionals.<\/p>\n\n\n\n<p>El creixement del servei el 2025 anticipa una previsi\u00f3 r\u00e8cord en tancar l\u2019any, amb la qual cosa Reciplasa consolida el seu paper com a referent en la gesti\u00f3 p\u00fablica de residus al Pa\u00eds Valenci\u00e0.<\/p>\n","protected":false},"excerpt":{"rendered":"<p>L\u2019empresa p\u00fablica ha realitzat 3.277 serveis nom\u00e9s en sis mesos, fet que evidencia la bona acollida del model de gesti\u00f3 ambiental impulsat a la prov\u00edncia de Castell\u00f3 Castell\u00f3 (9-7-2025). \u2013 L\u2019ecoparc m\u00f2bil de Reciplasa continua guanyant pres\u00e8ncia i utilitat als municipis de l\u2019\u00e0rea d\u2019influ\u00e8ncia d\u2019aquesta empresa p\u00fablica, que gestiona residus a la prov\u00edncia de Castell\u00f3.Dale que hay m\u00e1s &#8230;<\/p>\n","protected":false},"author":13,"featured_media":23072,"comment_status":"closed","ping_status":"closed","sticky":false,"template":"","format":"standard","meta":{"footnotes":""},"categories":[3],"tags":[],"class_list":["post-23074","post","type-post","status-publish","format-standard","has-post-thumbnail","hentry","category-noticias-corporativas"],"yoast_head":"<!-- This site is optimized with the Yoast SEO plugin v27.4 - https:\/\/yoast.com\/product\/yoast-seo-wordpress\/ -->\n<title>El servei d\u2019ecoparc m\u00f2bil de Reciplasa creix un 11,5 % el 2025 i consolida la seua implantaci\u00f3 als municipis - RECIPLASA<\/title>\n<meta name=\"description\" content=\"L\u2019empresa p\u00fablica ha realitzat 3.277 serveis nom\u00e9s en sis mesos, fet que evidencia la bona acollida de l&#039; ecoparc m\u00f2bil als municipis.\" \/>\n<meta name=\"robots\" content=\"index, follow, max-snippet:-1, max-image-preview:large, max-video-preview:-1\" \/>\n<link rel=\"canonical\" href=\"https:\/\/www.reciplasa.es\/va\/el-servei-decoparc-mobil-de-reciplasa-creix-un-115-el-2025-i-consolida-la-seua-implantacio-als-municipis\/\" \/>\n<meta property=\"og:locale\" content=\"en_US\" \/>\n<meta property=\"og:type\" content=\"article\" \/>\n<meta property=\"og:title\" content=\"El servei d\u2019ecoparc m\u00f2bil de Reciplasa creix un 11,5 % el 2025 i consolida la seua implantaci\u00f3 als municipis - RECIPLASA\" \/>\n<meta property=\"og:description\" content=\"L\u2019empresa p\u00fablica ha realitzat 3.277 serveis nom\u00e9s en sis mesos, fet que evidencia la bona acollida de l&#039; ecoparc m\u00f2bil als municipis.\" \/>\n<meta property=\"og:url\" content=\"https:\/\/www.reciplasa.es\/va\/el-servei-decoparc-mobil-de-reciplasa-creix-un-115-el-2025-i-consolida-la-seua-implantacio-als-municipis\/\" \/>\n<meta property=\"og:site_name\" content=\"RECIPLASA\" \/>\n<meta property=\"article:published_time\" content=\"2025-07-09T10:35:44+00:00\" \/>\n<meta property=\"article:modified_time\" content=\"2025-07-09T10:35:46+00:00\" \/>\n<meta property=\"og:image\" content=\"https:\/\/www.reciplasa.es\/wp-content\/uploads\/2025\/07\/ecomovil-en-Llucena.jpeg\" \/>\n\t<meta property=\"og:image:width\" content=\"1920\" \/>\n\t<meta property=\"og:image:height\" content=\"1080\" \/>\n\t<meta property=\"og:image:type\" content=\"image\/jpeg\" \/>\n<meta name=\"author\" content=\"Sandra\" \/>\n<meta name=\"twitter:card\" content=\"summary_large_image\" \/>\n<meta name=\"twitter:label1\" content=\"Written by\" \/>\n\t<meta name=\"twitter:data1\" content=\"Sandra\" \/>\n\t<meta name=\"twitter:label2\" content=\"Est. reading time\" \/>\n\t<meta name=\"twitter:data2\" content=\"2 minutes\" \/>\n<script type=\"application\/ld+json\" class=\"yoast-schema-graph\">{\"@context\":\"https:\\\/\\\/schema.org\",\"@graph\":[{\"@type\":\"Article\",\"@id\":\"https:\\\/\\\/www.reciplasa.es\\\/va\\\/el-servei-decoparc-mobil-de-reciplasa-creix-un-115-el-2025-i-consolida-la-seua-implantacio-als-municipis\\\/#article\",\"isPartOf\":{\"@id\":\"https:\\\/\\\/www.reciplasa.es\\\/va\\\/el-servei-decoparc-mobil-de-reciplasa-creix-un-115-el-2025-i-consolida-la-seua-implantacio-als-municipis\\\/\"},\"author\":{\"name\":\"Sandra\",\"@id\":\"https:\\\/\\\/www.reciplasa.es\\\/#\\\/schema\\\/person\\\/15191934c9f5618dadb907c80c029c0b\"},\"headline\":\"El servei d\u2019ecoparc m\u00f2bil de Reciplasa creix un 11,5 % el 2025 i consolida la seua implantaci\u00f3 als municipis\",\"datePublished\":\"2025-07-09T10:35:44+00:00\",\"dateModified\":\"2025-07-09T10:35:46+00:00\",\"mainEntityOfPage\":{\"@id\":\"https:\\\/\\\/www.reciplasa.es\\\/va\\\/el-servei-decoparc-mobil-de-reciplasa-creix-un-115-el-2025-i-consolida-la-seua-implantacio-als-municipis\\\/\"},\"wordCount\":381,\"image\":{\"@id\":\"https:\\\/\\\/www.reciplasa.es\\\/va\\\/el-servei-decoparc-mobil-de-reciplasa-creix-un-115-el-2025-i-consolida-la-seua-implantacio-als-municipis\\\/#primaryimage\"},\"thumbnailUrl\":\"https:\\\/\\\/www.reciplasa.es\\\/wp-content\\\/uploads\\\/2025\\\/07\\\/ecomovil-en-Llucena.jpeg\",\"articleSection\":[\"Noticias corporativas\"],\"inLanguage\":\"va-VA\"},{\"@type\":\"WebPage\",\"@id\":\"https:\\\/\\\/www.reciplasa.es\\\/va\\\/el-servei-decoparc-mobil-de-reciplasa-creix-un-115-el-2025-i-consolida-la-seua-implantacio-als-municipis\\\/\",\"url\":\"https:\\\/\\\/www.reciplasa.es\\\/va\\\/el-servei-decoparc-mobil-de-reciplasa-creix-un-115-el-2025-i-consolida-la-seua-implantacio-als-municipis\\\/\",\"name\":\"El servei d\u2019ecoparc m\u00f2bil de Reciplasa creix un 11,5 % el 2025 i consolida la seua implantaci\u00f3 als municipis - RECIPLASA\",\"isPartOf\":{\"@id\":\"https:\\\/\\\/www.reciplasa.es\\\/#website\"},\"primaryImageOfPage\":{\"@id\":\"https:\\\/\\\/www.reciplasa.es\\\/va\\\/el-servei-decoparc-mobil-de-reciplasa-creix-un-115-el-2025-i-consolida-la-seua-implantacio-als-municipis\\\/#primaryimage\"},\"image\":{\"@id\":\"https:\\\/\\\/www.reciplasa.es\\\/va\\\/el-servei-decoparc-mobil-de-reciplasa-creix-un-115-el-2025-i-consolida-la-seua-implantacio-als-municipis\\\/#primaryimage\"},\"thumbnailUrl\":\"https:\\\/\\\/www.reciplasa.es\\\/wp-content\\\/uploads\\\/2025\\\/07\\\/ecomovil-en-Llucena.jpeg\",\"datePublished\":\"2025-07-09T10:35:44+00:00\",\"dateModified\":\"2025-07-09T10:35:46+00:00\",\"author\":{\"@id\":\"https:\\\/\\\/www.reciplasa.es\\\/#\\\/schema\\\/person\\\/15191934c9f5618dadb907c80c029c0b\"},\"description\":\"L\u2019empresa p\u00fablica ha realitzat 3.277 serveis nom\u00e9s en sis mesos, fet que evidencia la bona acollida de l' ecoparc m\u00f2bil als municipis.\",\"breadcrumb\":{\"@id\":\"https:\\\/\\\/www.reciplasa.es\\\/va\\\/el-servei-decoparc-mobil-de-reciplasa-creix-un-115-el-2025-i-consolida-la-seua-implantacio-als-municipis\\\/#breadcrumb\"},\"inLanguage\":\"va-VA\",\"potentialAction\":[{\"@type\":\"ReadAction\",\"target\":[\"https:\\\/\\\/www.reciplasa.es\\\/va\\\/el-servei-decoparc-mobil-de-reciplasa-creix-un-115-el-2025-i-consolida-la-seua-implantacio-als-municipis\\\/\"]}]},{\"@type\":\"ImageObject\",\"inLanguage\":\"va-VA\",\"@id\":\"https:\\\/\\\/www.reciplasa.es\\\/va\\\/el-servei-decoparc-mobil-de-reciplasa-creix-un-115-el-2025-i-consolida-la-seua-implantacio-als-municipis\\\/#primaryimage\",\"url\":\"https:\\\/\\\/www.reciplasa.es\\\/wp-content\\\/uploads\\\/2025\\\/07\\\/ecomovil-en-Llucena.jpeg\",\"contentUrl\":\"https:\\\/\\\/www.reciplasa.es\\\/wp-content\\\/uploads\\\/2025\\\/07\\\/ecomovil-en-Llucena.jpeg\",\"width\":1920,\"height\":1080},{\"@type\":\"BreadcrumbList\",\"@id\":\"https:\\\/\\\/www.reciplasa.es\\\/va\\\/el-servei-decoparc-mobil-de-reciplasa-creix-un-115-el-2025-i-consolida-la-seua-implantacio-als-municipis\\\/#breadcrumb\",\"itemListElement\":[{\"@type\":\"ListItem\",\"position\":1,\"name\":\"Portada\",\"item\":\"https:\\\/\\\/www.reciplasa.es\\\/va\\\/\"},{\"@type\":\"ListItem\",\"position\":2,\"name\":\"El servei d\u2019ecoparc m\u00f2bil de Reciplasa creix un 11,5 % el 2025 i consolida la seua implantaci\u00f3 als municipis\"}]},{\"@type\":\"WebSite\",\"@id\":\"https:\\\/\\\/www.reciplasa.es\\\/#website\",\"url\":\"https:\\\/\\\/www.reciplasa.es\\\/\",\"name\":\"RECIPLASA\",\"description\":\"Reciclats de Residus La Plana SA\",\"potentialAction\":[{\"@type\":\"SearchAction\",\"target\":{\"@type\":\"EntryPoint\",\"urlTemplate\":\"https:\\\/\\\/www.reciplasa.es\\\/?s={search_term_string}\"},\"query-input\":{\"@type\":\"PropertyValueSpecification\",\"valueRequired\":true,\"valueName\":\"search_term_string\"}}],\"inLanguage\":\"va-VA\"},{\"@type\":\"Person\",\"@id\":\"https:\\\/\\\/www.reciplasa.es\\\/#\\\/schema\\\/person\\\/15191934c9f5618dadb907c80c029c0b\",\"name\":\"Sandra\",\"image\":{\"@type\":\"ImageObject\",\"inLanguage\":\"va-VA\",\"@id\":\"https:\\\/\\\/secure.gravatar.com\\\/avatar\\\/605ca84bedd79915b697a46887df8ccd0249fb6f2a1bbcd0bfc66c91d997ae51?s=96&d=mm&r=g\",\"url\":\"https:\\\/\\\/secure.gravatar.com\\\/avatar\\\/605ca84bedd79915b697a46887df8ccd0249fb6f2a1bbcd0bfc66c91d997ae51?s=96&d=mm&r=g\",\"contentUrl\":\"https:\\\/\\\/secure.gravatar.com\\\/avatar\\\/605ca84bedd79915b697a46887df8ccd0249fb6f2a1bbcd0bfc66c91d997ae51?s=96&d=mm&r=g\",\"caption\":\"Sandra\"},\"url\":\"https:\\\/\\\/www.reciplasa.es\\\/va\\\/author\\\/sandra\\\/\"}]}<\/script>\n<!-- \/ Yoast SEO plugin. -->","yoast_head_json":{"title":"El servei d\u2019ecoparc m\u00f2bil de Reciplasa creix un 11,5 % el 2025 i consolida la seua implantaci\u00f3 als municipis - RECIPLASA","description":"L\u2019empresa p\u00fablica ha realitzat 3.277 serveis nom\u00e9s en sis mesos, fet que evidencia la bona acollida de l' ecoparc m\u00f2bil als municipis.","robots":{"index":"index","follow":"follow","max-snippet":"max-snippet:-1","max-image-preview":"max-image-preview:large","max-video-preview":"max-video-preview:-1"},"canonical":"https:\/\/www.reciplasa.es\/va\/el-servei-decoparc-mobil-de-reciplasa-creix-un-115-el-2025-i-consolida-la-seua-implantacio-als-municipis\/","og_locale":"en_US","og_type":"article","og_title":"El servei d\u2019ecoparc m\u00f2bil de Reciplasa creix un 11,5 % el 2025 i consolida la seua implantaci\u00f3 als municipis - RECIPLASA","og_description":"L\u2019empresa p\u00fablica ha realitzat 3.277 serveis nom\u00e9s en sis mesos, fet que evidencia la bona acollida de l' ecoparc m\u00f2bil als municipis.","og_url":"https:\/\/www.reciplasa.es\/va\/el-servei-decoparc-mobil-de-reciplasa-creix-un-115-el-2025-i-consolida-la-seua-implantacio-als-municipis\/","og_site_name":"RECIPLASA","article_published_time":"2025-07-09T10:35:44+00:00","article_modified_time":"2025-07-09T10:35:46+00:00","og_image":[{"width":1920,"height":1080,"url":"https:\/\/www.reciplasa.es\/wp-content\/uploads\/2025\/07\/ecomovil-en-Llucena.jpeg","type":"image\/jpeg"}],"author":"Sandra","twitter_card":"summary_large_image","twitter_misc":{"Written by":"Sandra","Est. reading time":"2 minutes"},"schema":{"@context":"https:\/\/schema.org","@graph":[{"@type":"Article","@id":"https:\/\/www.reciplasa.es\/va\/el-servei-decoparc-mobil-de-reciplasa-creix-un-115-el-2025-i-consolida-la-seua-implantacio-als-municipis\/#article","isPartOf":{"@id":"https:\/\/www.reciplasa.es\/va\/el-servei-decoparc-mobil-de-reciplasa-creix-un-115-el-2025-i-consolida-la-seua-implantacio-als-municipis\/"},"author":{"name":"Sandra","@id":"https:\/\/www.reciplasa.es\/#\/schema\/person\/15191934c9f5618dadb907c80c029c0b"},"headline":"El servei d\u2019ecoparc m\u00f2bil de Reciplasa creix un 11,5 % el 2025 i consolida la seua implantaci\u00f3 als municipis","datePublished":"2025-07-09T10:35:44+00:00","dateModified":"2025-07-09T10:35:46+00:00","mainEntityOfPage":{"@id":"https:\/\/www.reciplasa.es\/va\/el-servei-decoparc-mobil-de-reciplasa-creix-un-115-el-2025-i-consolida-la-seua-implantacio-als-municipis\/"},"wordCount":381,"image":{"@id":"https:\/\/www.reciplasa.es\/va\/el-servei-decoparc-mobil-de-reciplasa-creix-un-115-el-2025-i-consolida-la-seua-implantacio-als-municipis\/#primaryimage"},"thumbnailUrl":"https:\/\/www.reciplasa.es\/wp-content\/uploads\/2025\/07\/ecomovil-en-Llucena.jpeg","articleSection":["Noticias corporativas"],"inLanguage":"va-VA"},{"@type":"WebPage","@id":"https:\/\/www.reciplasa.es\/va\/el-servei-decoparc-mobil-de-reciplasa-creix-un-115-el-2025-i-consolida-la-seua-implantacio-als-municipis\/","url":"https:\/\/www.reciplasa.es\/va\/el-servei-decoparc-mobil-de-reciplasa-creix-un-115-el-2025-i-consolida-la-seua-implantacio-als-municipis\/","name":"El servei d\u2019ecoparc m\u00f2bil de Reciplasa creix un 11,5 % el 2025 i consolida la seua implantaci\u00f3 als municipis - RECIPLASA","isPartOf":{"@id":"https:\/\/www.reciplasa.es\/#website"},"primaryImageOfPage":{"@id":"https:\/\/www.reciplasa.es\/va\/el-servei-decoparc-mobil-de-reciplasa-creix-un-115-el-2025-i-consolida-la-seua-implantacio-als-municipis\/#primaryimage"},"image":{"@id":"https:\/\/www.reciplasa.es\/va\/el-servei-decoparc-mobil-de-reciplasa-creix-un-115-el-2025-i-consolida-la-seua-implantacio-als-municipis\/#primaryimage"},"thumbnailUrl":"https:\/\/www.reciplasa.es\/wp-content\/uploads\/2025\/07\/ecomovil-en-Llucena.jpeg","datePublished":"2025-07-09T10:35:44+00:00","dateModified":"2025-07-09T10:35:46+00:00","author":{"@id":"https:\/\/www.reciplasa.es\/#\/schema\/person\/15191934c9f5618dadb907c80c029c0b"},"description":"L\u2019empresa p\u00fablica ha realitzat 3.277 serveis nom\u00e9s en sis mesos, fet que evidencia la bona acollida de l' ecoparc m\u00f2bil als municipis.","breadcrumb":{"@id":"https:\/\/www.reciplasa.es\/va\/el-servei-decoparc-mobil-de-reciplasa-creix-un-115-el-2025-i-consolida-la-seua-implantacio-als-municipis\/#breadcrumb"},"inLanguage":"va-VA","potentialAction":[{"@type":"ReadAction","target":["https:\/\/www.reciplasa.es\/va\/el-servei-decoparc-mobil-de-reciplasa-creix-un-115-el-2025-i-consolida-la-seua-implantacio-als-municipis\/"]}]},{"@type":"ImageObject","inLanguage":"va-VA","@id":"https:\/\/www.reciplasa.es\/va\/el-servei-decoparc-mobil-de-reciplasa-creix-un-115-el-2025-i-consolida-la-seua-implantacio-als-municipis\/#primaryimage","url":"https:\/\/www.reciplasa.es\/wp-content\/uploads\/2025\/07\/ecomovil-en-Llucena.jpeg","contentUrl":"https:\/\/www.reciplasa.es\/wp-content\/uploads\/2025\/07\/ecomovil-en-Llucena.jpeg","width":1920,"height":1080},{"@type":"BreadcrumbList","@id":"https:\/\/www.reciplasa.es\/va\/el-servei-decoparc-mobil-de-reciplasa-creix-un-115-el-2025-i-consolida-la-seua-implantacio-als-municipis\/#breadcrumb","itemListElement":[{"@type":"ListItem","position":1,"name":"Portada","item":"https:\/\/www.reciplasa.es\/va\/"},{"@type":"ListItem","position":2,"name":"El servei d\u2019ecoparc m\u00f2bil de Reciplasa creix un 11,5 % el 2025 i consolida la seua implantaci\u00f3 als municipis"}]},{"@type":"WebSite","@id":"https:\/\/www.reciplasa.es\/#website","url":"https:\/\/www.reciplasa.es\/","name":"RECIPLASA","description":"Reciclats de Residus La Plana SA","potentialAction":[{"@type":"SearchAction","target":{"@type":"EntryPoint","urlTemplate":"https:\/\/www.reciplasa.es\/?s={search_term_string}"},"query-input":{"@type":"PropertyValueSpecification","valueRequired":true,"valueName":"search_term_string"}}],"inLanguage":"va-VA"},{"@type":"Person","@id":"https:\/\/www.reciplasa.es\/#\/schema\/person\/15191934c9f5618dadb907c80c029c0b","name":"Sandra","image":{"@type":"ImageObject","inLanguage":"va-VA","@id":"https:\/\/secure.gravatar.com\/avatar\/605ca84bedd79915b697a46887df8ccd0249fb6f2a1bbcd0bfc66c91d997ae51?s=96&d=mm&r=g","url":"https:\/\/secure.gravatar.com\/avatar\/605ca84bedd79915b697a46887df8ccd0249fb6f2a1bbcd0bfc66c91d997ae51?s=96&d=mm&r=g","contentUrl":"https:\/\/secure.gravatar.com\/avatar\/605ca84bedd79915b697a46887df8ccd0249fb6f2a1bbcd0bfc66c91d997ae51?s=96&d=mm&r=g","caption":"Sandra"},"url":"https:\/\/www.reciplasa.es\/va\/author\/sandra\/"}]}},"_links":{"self":[{"href":"https:\/\/www.reciplasa.es\/va\/wp-json\/wp\/v2\/posts\/23074","targetHints":{"allow":["GET"]}}],"collection":[{"href":"https:\/\/www.reciplasa.es\/va\/wp-json\/wp\/v2\/posts"}],"about":[{"href":"https:\/\/www.reciplasa.es\/va\/wp-json\/wp\/v2\/types\/post"}],"author":[{"embeddable":true,"href":"https:\/\/www.reciplasa.es\/va\/wp-json\/wp\/v2\/users\/13"}],"replies":[{"embeddable":true,"href":"https:\/\/www.reciplasa.es\/va\/wp-json\/wp\/v2\/comments?post=23074"}],"version-history":[{"count":1,"href":"https:\/\/www.reciplasa.es\/va\/wp-json\/wp\/v2\/posts\/23074\/revisions"}],"predecessor-version":[{"id":23075,"href":"https:\/\/www.reciplasa.es\/va\/wp-json\/wp\/v2\/posts\/23074\/revisions\/23075"}],"wp:featuredmedia":[{"embeddable":true,"href":"https:\/\/www.reciplasa.es\/va\/wp-json\/wp\/v2\/media\/23072"}],"wp:attachment":[{"href":"https:\/\/www.reciplasa.es\/va\/wp-json\/wp\/v2\/media?parent=23074"}],"wp:term":[{"taxonomy":"category","embeddable":true,"href":"https:\/\/www.reciplasa.es\/va\/wp-json\/wp\/v2\/categories?post=23074"},{"taxonomy":"post_tag","embeddable":true,"href":"https:\/\/www.reciplasa.es\/va\/wp-json\/wp\/v2\/tags?post=23074"}],"curies":[{"name":"wp","href":"https:\/\/api.w.org\/{rel}","templated":true}]}}