{"id":23142,"date":"2025-09-17T09:59:07","date_gmt":"2025-09-17T09:59:07","guid":{"rendered":"https:\/\/www.reciplasa.es\/?p=23142\/"},"modified":"2025-09-17T09:59:11","modified_gmt":"2025-09-17T09:59:11","slug":"la-catedra-reciplasa-uji-convoca-la-cuarta-edicion-del-premio-a-la-iniciativa-para-la-mejora-de-la-gestion-sostenible-de-residuos-urbanos","status":"publish","type":"post","link":"https:\/\/www.reciplasa.es\/va\/la-catedra-reciplasa-uji-convoca-la-cuarta-edicion-del-premio-a-la-iniciativa-para-la-mejora-de-la-gestion-sostenible-de-residuos-urbanos\/","title":{"rendered":"La C\u00e1tedra Reciplasa \u2013 UJI convoca la cuarta edici\u00f3n del Premio a la Iniciativa para la mejora de la Gesti\u00f3n Sostenible de Residuos Urbanos"},"content":{"rendered":"\n<p><a><em><br><\/em><\/a><em>El certamen reconoce proyectos educativos, sociales y municipales que impulsen la sostenibilidad y abre el plazo de presentaci\u00f3n de propuestas del 18 de septiembre al 16 de octubre<\/em><\/p>\n\n\n\n<p><strong>Castell\u00f3n (17-09-2025). \u2013<\/strong> La C\u00e1tedra Reciplasa de Gesti\u00f3n de Residuos Urbanos de la Universitat Jaume I de Castell\u00f3 ha convocado la cuarta edici\u00f3n del&nbsp;premio a la Iniciativa para la Mejora de la Gesti\u00f3n Sostenible de los Residuos Urbanos, un galard\u00f3n que busca reconocer y dar visibilidad a los proyectos que contribuyen a avanzar en la protecci\u00f3n del medio ambiente a trav\u00e9s de la gesti\u00f3n responsable de los residuos s\u00f3lidos urbanos.<\/p>\n\n\n\n<p>El plazo de presentaci\u00f3n de propuestas se abrir\u00e1 el 18 de septiembre de 2025 y permanecer\u00e1 abierto hasta el 16 de octubre de 2025, de acuerdo con la resoluci\u00f3n publicada el pasado 16 de julio.<\/p>\n\n\n\n<p>Este premio, dotado con 2.500 euros, est\u00e1 dirigido a entidades educativas como colegios e institutos, asociaciones sin \u00e1nimo de lucro y ayuntamientos de poblaciones menores de 3.000 habitantes, con el objetivo de incentivar la participaci\u00f3n de colectivos locales y educativos en la b\u00fasqueda de soluciones innovadoras para la reducci\u00f3n, reutilizaci\u00f3n y reciclaje de residuos.<\/p>\n\n\n\n<p>El director de la C\u00e1tedra, profesor F\u00e9lix Hern\u00e1ndez, ha destacado&nbsp;la importancia de este concurso&nbsp;ya que \u201cqueremos&nbsp;que el premio sirva como altavoz de aquellas ideas y acciones que, desde lo local y lo comunitario, pueden marcar la diferencia en la sostenibilidad del futuro. No se trata solo de gestionar residuos de forma adecuada, sino de concienciar y generar cambios reales en la manera en que los tratamos\u201d.<\/p>\n\n\n\n<p>El profesor Hern\u00e1ndez&nbsp;ha subrayado&nbsp;la importancia de la colaboraci\u00f3n entre instituciones y ciudadan\u00eda en este \u00e1mbito: \u201cCada propuesta que se presenta demuestra que cuando la sociedad civil, las asociaciones y los centros educativos se implican, se abre un camino para transformar los retos medioambientales en oportunidades. La innovaci\u00f3n y la educaci\u00f3n son claves en este proceso\u201d.<\/p>\n\n\n\n<p>El premio, que se ha consolidado en sus tres ediciones anteriores, busca fortalecer la cultura de la econom\u00eda circular y servir de est\u00edmulo para proyectos que apuesten por la reducci\u00f3n del impacto ambiental. Las iniciativas seleccionadas se valorar\u00e1n por su originalidad, viabilidad y capacidad de mejora en la gesti\u00f3n sostenible de residuos, as\u00ed como por su efecto multiplicador en el territorio.<\/p>\n\n\n\n<p>En palabras del presidente de Reciplasa, Sergio Toledo, \u201clos residuos urbanos son uno de los grandes desaf\u00edos de nuestro tiempo, pero tambi\u00e9n un campo de oportunidades para crear empleo, impulsar la investigaci\u00f3n y mejorar la calidad de vida de la ciudadan\u00eda. Desde Reciplasa creemos que premiar y difundir las mejores pr\u00e1cticas es un paso imprescindible para avanzar\u201d.<\/p>\n\n\n\n<p>La convocatoria de este a\u00f1o mantiene el compromiso de la C\u00e1tedra Reciplasa-UJI con la formaci\u00f3n, la investigaci\u00f3n y la sensibilizaci\u00f3n en torno a la gesti\u00f3n de residuos. Esta colaboraci\u00f3n entre la empresa p\u00fablica de tratamiento de residuos y la universidad castellonense busca reforzar la conexi\u00f3n entre academia, instituciones y tejido social, favoreciendo un entorno m\u00e1s sostenible.<\/p>\n\n\n\n<p>Con la apertura del plazo, la organizaci\u00f3n espera repetir el \u00e9xito de ediciones anteriores, en las que se recibieron propuestas muy diversas que demostraron el potencial transformador de la educaci\u00f3n y la acci\u00f3n social en la gesti\u00f3n de residuos. La resoluci\u00f3n de esta cuarta edici\u00f3n se dar\u00e1 a conocer en los pr\u00f3ximos meses, con el prop\u00f3sito de seguir alimentando un debate p\u00fablico necesario sobre el futuro de los residuos urbanos y el compromiso con la sostenibilidad.<\/p>\n\n\n\n<p>Como concluy\u00f3 F\u00e9lix Hern\u00e1ndez, \u201ccada idea presentada, sea peque\u00f1a o grande, representa un paso m\u00e1s hacia un modelo de desarrollo en el que la sostenibilidad no sea una opci\u00f3n, sino la base de nuestro d\u00eda a d\u00eda\u201d.<\/p>\n","protected":false},"excerpt":{"rendered":"<p>El certamen reconoce proyectos educativos, sociales y municipales que impulsen la sostenibilidad y abre el plazo de presentaci\u00f3n de propuestas del 18 de septiembre al 16 de octubre Castell\u00f3n (17-09-2025). \u2013 La C\u00e1tedra Reciplasa de Gesti\u00f3n de Residuos Urbanos de la Universitat Jaume I de Castell\u00f3 ha convocado la cuarta edici\u00f3n del&nbsp;premio a la IniciativaDale que hay m\u00e1s &#8230;<\/p>\n","protected":false},"author":13,"featured_media":23143,"comment_status":"closed","ping_status":"closed","sticky":false,"template":"","format":"standard","meta":{"footnotes":""},"categories":[2],"tags":[],"class_list":["post-23142","post","type-post","status-publish","format-standard","has-post-thumbnail","hentry","category-sin-categorizar"],"yoast_head":"<!-- This site is optimized with the Yoast SEO plugin v27.4 - https:\/\/yoast.com\/product\/yoast-seo-wordpress\/ -->\n<title>La C\u00e1tedra Reciplasa \u2013 UJI convoca la cuarta edici\u00f3n del Premio a la Iniciativa para la mejora de la Gesti\u00f3n Sostenible de Residuos Urbanos - RECIPLASA<\/title>\n<meta name=\"robots\" content=\"index, follow, max-snippet:-1, max-image-preview:large, max-video-preview:-1\" \/>\n<link rel=\"canonical\" href=\"https:\/\/www.reciplasa.es\/la-catedra-reciplasa-uji-convoca-la-cuarta-edicion-del-premio-a-la-iniciativa-para-la-mejora-de-la-gestion-sostenible-de-residuos-urbanos\/\" \/>\n<meta property=\"og:locale\" content=\"en_US\" \/>\n<meta property=\"og:type\" content=\"article\" \/>\n<meta property=\"og:title\" content=\"La C\u00e1tedra Reciplasa \u2013 UJI convoca la cuarta edici\u00f3n del Premio a la Iniciativa para la mejora de la Gesti\u00f3n Sostenible de Residuos Urbanos - RECIPLASA\" \/>\n<meta property=\"og:description\" content=\"El certamen reconoce proyectos educativos, sociales y municipales que impulsen la sostenibilidad y abre el plazo de presentaci\u00f3n de propuestas del 18 de septiembre al 16 de octubre Castell\u00f3n (17-09-2025). \u2013 La C\u00e1tedra Reciplasa de Gesti\u00f3n de Residuos Urbanos de la Universitat Jaume I de Castell\u00f3 ha convocado la cuarta edici\u00f3n del&nbsp;premio a la IniciativaDale que hay m\u00e1s ...\" \/>\n<meta property=\"og:url\" content=\"https:\/\/www.reciplasa.es\/la-catedra-reciplasa-uji-convoca-la-cuarta-edicion-del-premio-a-la-iniciativa-para-la-mejora-de-la-gestion-sostenible-de-residuos-urbanos\/\" \/>\n<meta property=\"og:site_name\" content=\"RECIPLASA\" \/>\n<meta property=\"article:published_time\" content=\"2025-09-17T09:59:07+00:00\" \/>\n<meta property=\"article:modified_time\" content=\"2025-09-17T09:59:11+00:00\" \/>\n<meta property=\"og:image\" content=\"https:\/\/www.reciplasa.es\/wp-content\/uploads\/2025\/09\/Catedra-Reciplasa-UJI-cuarta-edicion-del-\u2018Premio-a-la-Iniciativa-para-la-Mejora-de-la-Gestion-Sostenible-de-los-Residuos-Urbanos.jpeg\" \/>\n\t<meta property=\"og:image:width\" content=\"1121\" \/>\n\t<meta property=\"og:image:height\" content=\"878\" \/>\n\t<meta property=\"og:image:type\" content=\"image\/jpeg\" \/>\n<meta name=\"author\" content=\"Sandra\" \/>\n<meta name=\"twitter:card\" content=\"summary_large_image\" \/>\n<meta name=\"twitter:label1\" content=\"Written by\" \/>\n\t<meta name=\"twitter:data1\" content=\"Sandra\" \/>\n\t<meta name=\"twitter:label2\" content=\"Est. reading time\" \/>\n\t<meta name=\"twitter:data2\" content=\"3 minutes\" \/>\n<script type=\"application\/ld+json\" class=\"yoast-schema-graph\">{\"@context\":\"https:\\\/\\\/schema.org\",\"@graph\":[{\"@type\":\"Article\",\"@id\":\"https:\\\/\\\/www.reciplasa.es\\\/la-catedra-reciplasa-uji-convoca-la-cuarta-edicion-del-premio-a-la-iniciativa-para-la-mejora-de-la-gestion-sostenible-de-residuos-urbanos\\\/#article\",\"isPartOf\":{\"@id\":\"https:\\\/\\\/www.reciplasa.es\\\/la-catedra-reciplasa-uji-convoca-la-cuarta-edicion-del-premio-a-la-iniciativa-para-la-mejora-de-la-gestion-sostenible-de-residuos-urbanos\\\/\"},\"author\":{\"name\":\"Sandra\",\"@id\":\"https:\\\/\\\/www.reciplasa.es\\\/#\\\/schema\\\/person\\\/15191934c9f5618dadb907c80c029c0b\"},\"headline\":\"La C\u00e1tedra Reciplasa \u2013 UJI convoca la cuarta edici\u00f3n del Premio a la Iniciativa para la mejora de la Gesti\u00f3n Sostenible de Residuos Urbanos\",\"datePublished\":\"2025-09-17T09:59:07+00:00\",\"dateModified\":\"2025-09-17T09:59:11+00:00\",\"mainEntityOfPage\":{\"@id\":\"https:\\\/\\\/www.reciplasa.es\\\/la-catedra-reciplasa-uji-convoca-la-cuarta-edicion-del-premio-a-la-iniciativa-para-la-mejora-de-la-gestion-sostenible-de-residuos-urbanos\\\/\"},\"wordCount\":685,\"image\":{\"@id\":\"https:\\\/\\\/www.reciplasa.es\\\/la-catedra-reciplasa-uji-convoca-la-cuarta-edicion-del-premio-a-la-iniciativa-para-la-mejora-de-la-gestion-sostenible-de-residuos-urbanos\\\/#primaryimage\"},\"thumbnailUrl\":\"https:\\\/\\\/www.reciplasa.es\\\/wp-content\\\/uploads\\\/2025\\\/09\\\/Catedra-Reciplasa-UJI-cuarta-edicion-del-\u2018Premio-a-la-Iniciativa-para-la-Mejora-de-la-Gestion-Sostenible-de-los-Residuos-Urbanos.jpeg\",\"articleSection\":[\"Catedra-Reciplasa-UJI\"],\"inLanguage\":\"va-VA\"},{\"@type\":\"WebPage\",\"@id\":\"https:\\\/\\\/www.reciplasa.es\\\/la-catedra-reciplasa-uji-convoca-la-cuarta-edicion-del-premio-a-la-iniciativa-para-la-mejora-de-la-gestion-sostenible-de-residuos-urbanos\\\/\",\"url\":\"https:\\\/\\\/www.reciplasa.es\\\/la-catedra-reciplasa-uji-convoca-la-cuarta-edicion-del-premio-a-la-iniciativa-para-la-mejora-de-la-gestion-sostenible-de-residuos-urbanos\\\/\",\"name\":\"La C\u00e1tedra Reciplasa \u2013 UJI convoca la cuarta edici\u00f3n del Premio a la Iniciativa para la mejora de la Gesti\u00f3n Sostenible de Residuos Urbanos - RECIPLASA\",\"isPartOf\":{\"@id\":\"https:\\\/\\\/www.reciplasa.es\\\/#website\"},\"primaryImageOfPage\":{\"@id\":\"https:\\\/\\\/www.reciplasa.es\\\/la-catedra-reciplasa-uji-convoca-la-cuarta-edicion-del-premio-a-la-iniciativa-para-la-mejora-de-la-gestion-sostenible-de-residuos-urbanos\\\/#primaryimage\"},\"image\":{\"@id\":\"https:\\\/\\\/www.reciplasa.es\\\/la-catedra-reciplasa-uji-convoca-la-cuarta-edicion-del-premio-a-la-iniciativa-para-la-mejora-de-la-gestion-sostenible-de-residuos-urbanos\\\/#primaryimage\"},\"thumbnailUrl\":\"https:\\\/\\\/www.reciplasa.es\\\/wp-content\\\/uploads\\\/2025\\\/09\\\/Catedra-Reciplasa-UJI-cuarta-edicion-del-\u2018Premio-a-la-Iniciativa-para-la-Mejora-de-la-Gestion-Sostenible-de-los-Residuos-Urbanos.jpeg\",\"datePublished\":\"2025-09-17T09:59:07+00:00\",\"dateModified\":\"2025-09-17T09:59:11+00:00\",\"author\":{\"@id\":\"https:\\\/\\\/www.reciplasa.es\\\/#\\\/schema\\\/person\\\/15191934c9f5618dadb907c80c029c0b\"},\"breadcrumb\":{\"@id\":\"https:\\\/\\\/www.reciplasa.es\\\/la-catedra-reciplasa-uji-convoca-la-cuarta-edicion-del-premio-a-la-iniciativa-para-la-mejora-de-la-gestion-sostenible-de-residuos-urbanos\\\/#breadcrumb\"},\"inLanguage\":\"va-VA\",\"potentialAction\":[{\"@type\":\"ReadAction\",\"target\":[\"https:\\\/\\\/www.reciplasa.es\\\/la-catedra-reciplasa-uji-convoca-la-cuarta-edicion-del-premio-a-la-iniciativa-para-la-mejora-de-la-gestion-sostenible-de-residuos-urbanos\\\/\"]}]},{\"@type\":\"ImageObject\",\"inLanguage\":\"va-VA\",\"@id\":\"https:\\\/\\\/www.reciplasa.es\\\/la-catedra-reciplasa-uji-convoca-la-cuarta-edicion-del-premio-a-la-iniciativa-para-la-mejora-de-la-gestion-sostenible-de-residuos-urbanos\\\/#primaryimage\",\"url\":\"https:\\\/\\\/www.reciplasa.es\\\/wp-content\\\/uploads\\\/2025\\\/09\\\/Catedra-Reciplasa-UJI-cuarta-edicion-del-\u2018Premio-a-la-Iniciativa-para-la-Mejora-de-la-Gestion-Sostenible-de-los-Residuos-Urbanos.jpeg\",\"contentUrl\":\"https:\\\/\\\/www.reciplasa.es\\\/wp-content\\\/uploads\\\/2025\\\/09\\\/Catedra-Reciplasa-UJI-cuarta-edicion-del-\u2018Premio-a-la-Iniciativa-para-la-Mejora-de-la-Gestion-Sostenible-de-los-Residuos-Urbanos.jpeg\",\"width\":1121,\"height\":878},{\"@type\":\"BreadcrumbList\",\"@id\":\"https:\\\/\\\/www.reciplasa.es\\\/la-catedra-reciplasa-uji-convoca-la-cuarta-edicion-del-premio-a-la-iniciativa-para-la-mejora-de-la-gestion-sostenible-de-residuos-urbanos\\\/#breadcrumb\",\"itemListElement\":[{\"@type\":\"ListItem\",\"position\":1,\"name\":\"Portada\",\"item\":\"https:\\\/\\\/www.reciplasa.es\\\/va\\\/\"},{\"@type\":\"ListItem\",\"position\":2,\"name\":\"La C\u00e1tedra Reciplasa \u2013 UJI convoca la cuarta edici\u00f3n del Premio a la Iniciativa para la mejora de la Gesti\u00f3n Sostenible de Residuos Urbanos\"}]},{\"@type\":\"WebSite\",\"@id\":\"https:\\\/\\\/www.reciplasa.es\\\/#website\",\"url\":\"https:\\\/\\\/www.reciplasa.es\\\/\",\"name\":\"RECIPLASA\",\"description\":\"Reciclats de Residus La Plana SA\",\"potentialAction\":[{\"@type\":\"SearchAction\",\"target\":{\"@type\":\"EntryPoint\",\"urlTemplate\":\"https:\\\/\\\/www.reciplasa.es\\\/?s={search_term_string}\"},\"query-input\":{\"@type\":\"PropertyValueSpecification\",\"valueRequired\":true,\"valueName\":\"search_term_string\"}}],\"inLanguage\":\"va-VA\"},{\"@type\":\"Person\",\"@id\":\"https:\\\/\\\/www.reciplasa.es\\\/#\\\/schema\\\/person\\\/15191934c9f5618dadb907c80c029c0b\",\"name\":\"Sandra\",\"image\":{\"@type\":\"ImageObject\",\"inLanguage\":\"va-VA\",\"@id\":\"https:\\\/\\\/secure.gravatar.com\\\/avatar\\\/605ca84bedd79915b697a46887df8ccd0249fb6f2a1bbcd0bfc66c91d997ae51?s=96&d=mm&r=g\",\"url\":\"https:\\\/\\\/secure.gravatar.com\\\/avatar\\\/605ca84bedd79915b697a46887df8ccd0249fb6f2a1bbcd0bfc66c91d997ae51?s=96&d=mm&r=g\",\"contentUrl\":\"https:\\\/\\\/secure.gravatar.com\\\/avatar\\\/605ca84bedd79915b697a46887df8ccd0249fb6f2a1bbcd0bfc66c91d997ae51?s=96&d=mm&r=g\",\"caption\":\"Sandra\"},\"url\":\"https:\\\/\\\/www.reciplasa.es\\\/va\\\/author\\\/sandra\\\/\"}]}<\/script>\n<!-- \/ Yoast SEO plugin. -->","yoast_head_json":{"title":"La C\u00e1tedra Reciplasa \u2013 UJI convoca la cuarta edici\u00f3n del Premio a la Iniciativa para la mejora de la Gesti\u00f3n Sostenible de Residuos Urbanos - RECIPLASA","robots":{"index":"index","follow":"follow","max-snippet":"max-snippet:-1","max-image-preview":"max-image-preview:large","max-video-preview":"max-video-preview:-1"},"canonical":"https:\/\/www.reciplasa.es\/la-catedra-reciplasa-uji-convoca-la-cuarta-edicion-del-premio-a-la-iniciativa-para-la-mejora-de-la-gestion-sostenible-de-residuos-urbanos\/","og_locale":"en_US","og_type":"article","og_title":"La C\u00e1tedra Reciplasa \u2013 UJI convoca la cuarta edici\u00f3n del Premio a la Iniciativa para la mejora de la Gesti\u00f3n Sostenible de Residuos Urbanos - RECIPLASA","og_description":"El certamen reconoce proyectos educativos, sociales y municipales que impulsen la sostenibilidad y abre el plazo de presentaci\u00f3n de propuestas del 18 de septiembre al 16 de octubre Castell\u00f3n (17-09-2025). \u2013 La C\u00e1tedra Reciplasa de Gesti\u00f3n de Residuos Urbanos de la Universitat Jaume I de Castell\u00f3 ha convocado la cuarta edici\u00f3n del&nbsp;premio a la IniciativaDale que hay m\u00e1s ...","og_url":"https:\/\/www.reciplasa.es\/la-catedra-reciplasa-uji-convoca-la-cuarta-edicion-del-premio-a-la-iniciativa-para-la-mejora-de-la-gestion-sostenible-de-residuos-urbanos\/","og_site_name":"RECIPLASA","article_published_time":"2025-09-17T09:59:07+00:00","article_modified_time":"2025-09-17T09:59:11+00:00","og_image":[{"width":1121,"height":878,"url":"https:\/\/www.reciplasa.es\/wp-content\/uploads\/2025\/09\/Catedra-Reciplasa-UJI-cuarta-edicion-del-\u2018Premio-a-la-Iniciativa-para-la-Mejora-de-la-Gestion-Sostenible-de-los-Residuos-Urbanos.jpeg","type":"image\/jpeg"}],"author":"Sandra","twitter_card":"summary_large_image","twitter_misc":{"Written by":"Sandra","Est. reading time":"3 minutes"},"schema":{"@context":"https:\/\/schema.org","@graph":[{"@type":"Article","@id":"https:\/\/www.reciplasa.es\/la-catedra-reciplasa-uji-convoca-la-cuarta-edicion-del-premio-a-la-iniciativa-para-la-mejora-de-la-gestion-sostenible-de-residuos-urbanos\/#article","isPartOf":{"@id":"https:\/\/www.reciplasa.es\/la-catedra-reciplasa-uji-convoca-la-cuarta-edicion-del-premio-a-la-iniciativa-para-la-mejora-de-la-gestion-sostenible-de-residuos-urbanos\/"},"author":{"name":"Sandra","@id":"https:\/\/www.reciplasa.es\/#\/schema\/person\/15191934c9f5618dadb907c80c029c0b"},"headline":"La C\u00e1tedra Reciplasa \u2013 UJI convoca la cuarta edici\u00f3n del Premio a la Iniciativa para la mejora de la Gesti\u00f3n Sostenible de Residuos Urbanos","datePublished":"2025-09-17T09:59:07+00:00","dateModified":"2025-09-17T09:59:11+00:00","mainEntityOfPage":{"@id":"https:\/\/www.reciplasa.es\/la-catedra-reciplasa-uji-convoca-la-cuarta-edicion-del-premio-a-la-iniciativa-para-la-mejora-de-la-gestion-sostenible-de-residuos-urbanos\/"},"wordCount":685,"image":{"@id":"https:\/\/www.reciplasa.es\/la-catedra-reciplasa-uji-convoca-la-cuarta-edicion-del-premio-a-la-iniciativa-para-la-mejora-de-la-gestion-sostenible-de-residuos-urbanos\/#primaryimage"},"thumbnailUrl":"https:\/\/www.reciplasa.es\/wp-content\/uploads\/2025\/09\/Catedra-Reciplasa-UJI-cuarta-edicion-del-\u2018Premio-a-la-Iniciativa-para-la-Mejora-de-la-Gestion-Sostenible-de-los-Residuos-Urbanos.jpeg","articleSection":["Catedra-Reciplasa-UJI"],"inLanguage":"va-VA"},{"@type":"WebPage","@id":"https:\/\/www.reciplasa.es\/la-catedra-reciplasa-uji-convoca-la-cuarta-edicion-del-premio-a-la-iniciativa-para-la-mejora-de-la-gestion-sostenible-de-residuos-urbanos\/","url":"https:\/\/www.reciplasa.es\/la-catedra-reciplasa-uji-convoca-la-cuarta-edicion-del-premio-a-la-iniciativa-para-la-mejora-de-la-gestion-sostenible-de-residuos-urbanos\/","name":"La C\u00e1tedra Reciplasa \u2013 UJI convoca la cuarta edici\u00f3n del Premio a la Iniciativa para la mejora de la Gesti\u00f3n Sostenible de Residuos Urbanos - RECIPLASA","isPartOf":{"@id":"https:\/\/www.reciplasa.es\/#website"},"primaryImageOfPage":{"@id":"https:\/\/www.reciplasa.es\/la-catedra-reciplasa-uji-convoca-la-cuarta-edicion-del-premio-a-la-iniciativa-para-la-mejora-de-la-gestion-sostenible-de-residuos-urbanos\/#primaryimage"},"image":{"@id":"https:\/\/www.reciplasa.es\/la-catedra-reciplasa-uji-convoca-la-cuarta-edicion-del-premio-a-la-iniciativa-para-la-mejora-de-la-gestion-sostenible-de-residuos-urbanos\/#primaryimage"},"thumbnailUrl":"https:\/\/www.reciplasa.es\/wp-content\/uploads\/2025\/09\/Catedra-Reciplasa-UJI-cuarta-edicion-del-\u2018Premio-a-la-Iniciativa-para-la-Mejora-de-la-Gestion-Sostenible-de-los-Residuos-Urbanos.jpeg","datePublished":"2025-09-17T09:59:07+00:00","dateModified":"2025-09-17T09:59:11+00:00","author":{"@id":"https:\/\/www.reciplasa.es\/#\/schema\/person\/15191934c9f5618dadb907c80c029c0b"},"breadcrumb":{"@id":"https:\/\/www.reciplasa.es\/la-catedra-reciplasa-uji-convoca-la-cuarta-edicion-del-premio-a-la-iniciativa-para-la-mejora-de-la-gestion-sostenible-de-residuos-urbanos\/#breadcrumb"},"inLanguage":"va-VA","potentialAction":[{"@type":"ReadAction","target":["https:\/\/www.reciplasa.es\/la-catedra-reciplasa-uji-convoca-la-cuarta-edicion-del-premio-a-la-iniciativa-para-la-mejora-de-la-gestion-sostenible-de-residuos-urbanos\/"]}]},{"@type":"ImageObject","inLanguage":"va-VA","@id":"https:\/\/www.reciplasa.es\/la-catedra-reciplasa-uji-convoca-la-cuarta-edicion-del-premio-a-la-iniciativa-para-la-mejora-de-la-gestion-sostenible-de-residuos-urbanos\/#primaryimage","url":"https:\/\/www.reciplasa.es\/wp-content\/uploads\/2025\/09\/Catedra-Reciplasa-UJI-cuarta-edicion-del-\u2018Premio-a-la-Iniciativa-para-la-Mejora-de-la-Gestion-Sostenible-de-los-Residuos-Urbanos.jpeg","contentUrl":"https:\/\/www.reciplasa.es\/wp-content\/uploads\/2025\/09\/Catedra-Reciplasa-UJI-cuarta-edicion-del-\u2018Premio-a-la-Iniciativa-para-la-Mejora-de-la-Gestion-Sostenible-de-los-Residuos-Urbanos.jpeg","width":1121,"height":878},{"@type":"BreadcrumbList","@id":"https:\/\/www.reciplasa.es\/la-catedra-reciplasa-uji-convoca-la-cuarta-edicion-del-premio-a-la-iniciativa-para-la-mejora-de-la-gestion-sostenible-de-residuos-urbanos\/#breadcrumb","itemListElement":[{"@type":"ListItem","position":1,"name":"Portada","item":"https:\/\/www.reciplasa.es\/va\/"},{"@type":"ListItem","position":2,"name":"La C\u00e1tedra Reciplasa \u2013 UJI convoca la cuarta edici\u00f3n del Premio a la Iniciativa para la mejora de la Gesti\u00f3n Sostenible de Residuos Urbanos"}]},{"@type":"WebSite","@id":"https:\/\/www.reciplasa.es\/#website","url":"https:\/\/www.reciplasa.es\/","name":"RECIPLASA","description":"Reciclats de Residus La Plana SA","potentialAction":[{"@type":"SearchAction","target":{"@type":"EntryPoint","urlTemplate":"https:\/\/www.reciplasa.es\/?s={search_term_string}"},"query-input":{"@type":"PropertyValueSpecification","valueRequired":true,"valueName":"search_term_string"}}],"inLanguage":"va-VA"},{"@type":"Person","@id":"https:\/\/www.reciplasa.es\/#\/schema\/person\/15191934c9f5618dadb907c80c029c0b","name":"Sandra","image":{"@type":"ImageObject","inLanguage":"va-VA","@id":"https:\/\/secure.gravatar.com\/avatar\/605ca84bedd79915b697a46887df8ccd0249fb6f2a1bbcd0bfc66c91d997ae51?s=96&d=mm&r=g","url":"https:\/\/secure.gravatar.com\/avatar\/605ca84bedd79915b697a46887df8ccd0249fb6f2a1bbcd0bfc66c91d997ae51?s=96&d=mm&r=g","contentUrl":"https:\/\/secure.gravatar.com\/avatar\/605ca84bedd79915b697a46887df8ccd0249fb6f2a1bbcd0bfc66c91d997ae51?s=96&d=mm&r=g","caption":"Sandra"},"url":"https:\/\/www.reciplasa.es\/va\/author\/sandra\/"}]}},"_links":{"self":[{"href":"https:\/\/www.reciplasa.es\/va\/wp-json\/wp\/v2\/posts\/23142","targetHints":{"allow":["GET"]}}],"collection":[{"href":"https:\/\/www.reciplasa.es\/va\/wp-json\/wp\/v2\/posts"}],"about":[{"href":"https:\/\/www.reciplasa.es\/va\/wp-json\/wp\/v2\/types\/post"}],"author":[{"embeddable":true,"href":"https:\/\/www.reciplasa.es\/va\/wp-json\/wp\/v2\/users\/13"}],"replies":[{"embeddable":true,"href":"https:\/\/www.reciplasa.es\/va\/wp-json\/wp\/v2\/comments?post=23142"}],"version-history":[{"count":1,"href":"https:\/\/www.reciplasa.es\/va\/wp-json\/wp\/v2\/posts\/23142\/revisions"}],"predecessor-version":[{"id":23144,"href":"https:\/\/www.reciplasa.es\/va\/wp-json\/wp\/v2\/posts\/23142\/revisions\/23144"}],"wp:featuredmedia":[{"embeddable":true,"href":"https:\/\/www.reciplasa.es\/va\/wp-json\/wp\/v2\/media\/23143"}],"wp:attachment":[{"href":"https:\/\/www.reciplasa.es\/va\/wp-json\/wp\/v2\/media?parent=23142"}],"wp:term":[{"taxonomy":"category","embeddable":true,"href":"https:\/\/www.reciplasa.es\/va\/wp-json\/wp\/v2\/categories?post=23142"},{"taxonomy":"post_tag","embeddable":true,"href":"https:\/\/www.reciplasa.es\/va\/wp-json\/wp\/v2\/tags?post=23142"}],"curies":[{"name":"wp","href":"https:\/\/api.w.org\/{rel}","templated":true}]}}