{"id":23884,"date":"2025-10-28T09:46:27","date_gmt":"2025-10-28T09:46:27","guid":{"rendered":"https:\/\/www.reciplasa.es\/?p=23884"},"modified":"2025-10-28T09:46:27","modified_gmt":"2025-10-28T09:46:27","slug":"reciplasa-congela-per-segon-any-el-canon-als-ajuntaments-i-aprova-un-pressupost-de-23-milions","status":"publish","type":"post","link":"https:\/\/www.reciplasa.es\/va\/reciplasa-congela-per-segon-any-el-canon-als-ajuntaments-i-aprova-un-pressupost-de-23-milions\/","title":{"rendered":"Reciplasa\u00a0congela per segon any el c\u00e0non als ajuntaments i aprova un pressupost de 23 milions"},"content":{"rendered":"<p><em>El president de l&#8217;empresa p\u00fablica, Sergio Toledo, destaca que els comptes de 2026 reforcen l&#8217;estabilitat econ\u00f2mica, l&#8217;efici\u00e8ncia en la gesti\u00f3 i el suport als municipis socis.<\/em><\/p>\n<p><strong>Castell\u00f3 (28-10-2025). \u2013<\/strong> El Consell d&#8217;Administraci\u00f3 de\u00a0Reciplasa\u00a0ha aprovat per unanimitat congelar, per segon any consecutiu, el c\u00e0non als ajuntaments. Tamb\u00e9 l\u2019aprovaci\u00f3 del seu pressupost de 2026, que ascendeix a 23.191.960,11 euros, destinat a la gesti\u00f3 i tractament de residus dels municipis que formen part de l&#8217;entitat p\u00fablica. Es tracta d&#8217;uns comptes un 5% superiors a les de l&#8217;exercici actual i que, en paraules del seu president, Sergio Toledo, \u201cmantenen l&#8217;equilibri entre ingressos i despeses, reforcen la sostenibilitat financera i garanteixen la qualitat del servei sense sobrecarregar als ajuntaments\u201d.<\/p>\n<p>El pressupost aprovat contempla un marge operatiu positiu de 487.595 euros i un resultat final despr\u00e9s d&#8217;impostos de 38.161 euros, consolidant aix\u00ed la bona salut econ\u00f2mica de l&#8217;empresa p\u00fablica. Els ingressos principals procedeixen de l&#8217;eliminaci\u00f3 i tractament de residus s\u00f2lids urbans (RSU)\u00a0dels municipis socis i autoritzats, aix\u00ed com de l&#8217;impost d&#8217;abocador i la producci\u00f3 fotovoltaica de les instal\u00b7lacions.<br \/>\n<strong><br \/>\nActualitzaci\u00f3 del c\u00e0non 2026 conforme a l&#8217;IPC<\/strong><\/p>\n<p>El Consell d&#8217;Administraci\u00f3 tamb\u00e9 ha donat llum verda amb el suport un\u00e0nime dels 8 ajuntaments soci a la congelaci\u00f3 del c\u00e0non que abonen els ajuntaments, aplicant \u00fanicament la variaci\u00f3 de l&#8217;IPC interanual del mes d&#8217;agost, una mesura que substitueix la f\u00f3rmula anterior (IPC m\u00e9s un 3% per a inversions) acordada en 2012 i que ja \u00e9s el segon any que l&#8217;empresa p\u00fablica aplica d&#8217;acord amb el seu suport al fet que els ajuntaments afronten millor l&#8217;augment de la taxa de residus.<\/p>\n<p>D&#8217;aquesta manera, els c\u00e0nons per a 2026 queden fixats en 18,47 euros per tona per al c\u00e0non de transfer\u00e8ncia, 115,57 euros per tona per al de tractament i eliminaci\u00f3, i 139,30 euros per tona per al corresponent al tractament de residus de poda i voluminosos, tots ells amb l&#8217;IVA incl\u00f2s.<\/p>\n<p>Segons ha explicat Sergio Toledo, \u201chem optat per aplicar \u00fanicament l&#8217;IPC real, en lloc d&#8217;incrementar el c\u00e0non amb un percentatge addicional. \u00c9s una decisi\u00f3 responsable, pensada per a no traslladar una major c\u00e0rrega econ\u00f2mica als ajuntaments, especialment en un context de costos creixents i d&#8217;esfor\u00e7 pressupostari per part de tots\u201d.<\/p>\n<p><strong><br \/>\nInversi\u00f3 en modernitzaci\u00f3 i sostenibilitat<\/strong><\/p>\n<p>Reciplasa\u00a0continuar\u00e0 en 2026 amb el seu pla de modernitzaci\u00f3 de la planta d&#8217;Onda, amb l&#8217;objectiu d&#8217;adaptar-se als est\u00e0ndards m\u00e9s exigents de la Uni\u00f3 Europea en mat\u00e8ria de tractament i valoritzaci\u00f3 de residus. Les inversions previstes permetran optimitzar recursos, reduir el volum de residus destinats a abocador i millorar l&#8217;efici\u00e8ncia energ\u00e8tica de les instal\u00b7lacions.<\/p>\n<p>Toledo ha subratllat que \u201caquest pressupost \u00e9s fruit d&#8217;una gesti\u00f3 prudent i efica\u00e7, orientada al servei p\u00fablic i a la sostenibilitat ambiental. Apostem per innovar, modernitzar i mantindre un model de gesti\u00f3 transparent i equilibrat, que reforce la confian\u00e7a dels municipis i la ciutadania\u201d. Durant la sessi\u00f3, tamb\u00e9 es va reiterar el comprom\u00eds de l&#8217;entitat amb el seu codi \u00e8tic, que arreplega els principis de transpar\u00e8ncia, integritat i compliment normatiu en la contractaci\u00f3 p\u00fablica i la gesti\u00f3 mediambiental. \u201cReciplasa\u00a0\u00e9s una empresa p\u00fablica exemplar en el seu comprom\u00eds amb l&#8217;\u00e8tica i la sostenibilitat. El nostre objectiu \u00e9s continuar sent un referent en la gesti\u00f3 responsable de residus\u201d, ha concl\u00f2s Toledo.<\/p>\n<p>&nbsp;<\/p>\n","protected":false},"excerpt":{"rendered":"<p>El president de l&#8217;empresa p\u00fablica, Sergio Toledo, destaca que els comptes de 2026 reforcen l&#8217;estabilitat econ\u00f2mica, l&#8217;efici\u00e8ncia en la gesti\u00f3 i el suport als municipis socis. Castell\u00f3 (28-10-2025). \u2013 El Consell d&#8217;Administraci\u00f3 de\u00a0Reciplasa\u00a0ha aprovat per unanimitat congelar, per segon any consecutiu, el c\u00e0non als ajuntaments. Tamb\u00e9 l\u2019aprovaci\u00f3 del seu pressupost de 2026, que ascendeix aDale que hay m\u00e1s &#8230;<\/p>\n","protected":false},"author":13,"featured_media":23750,"comment_status":"closed","ping_status":"closed","sticky":false,"template":"","format":"standard","meta":{"footnotes":""},"categories":[87],"tags":[],"class_list":["post-23884","post","type-post","status-publish","format-standard","has-post-thumbnail","hentry","category-noticies-corporatives"],"yoast_head":"<!-- This site is optimized with the Yoast SEO plugin v27.4 - https:\/\/yoast.com\/product\/yoast-seo-wordpress\/ -->\n<title>Reciplasa\u00a0congela per segon any el c\u00e0non als ajuntaments i aprova un pressupost de 23 milions - RECIPLASA<\/title>\n<meta name=\"description\" content=\"El Consell d&#039;Administraci\u00f3 de\u00a0Reciplasa\u00a0ha aprovat per unanimitat congelar, per segon any consecutiu, el c\u00e0non als ajuntaments.\" \/>\n<meta name=\"robots\" content=\"index, follow, max-snippet:-1, max-image-preview:large, max-video-preview:-1\" \/>\n<link rel=\"canonical\" href=\"https:\/\/www.reciplasa.es\/va\/reciplasa-congela-per-segon-any-el-canon-als-ajuntaments-i-aprova-un-pressupost-de-23-milions\/\" \/>\n<meta property=\"og:locale\" content=\"en_US\" \/>\n<meta property=\"og:type\" content=\"article\" \/>\n<meta property=\"og:title\" content=\"Reciplasa\u00a0congela per segon any el c\u00e0non als ajuntaments i aprova un pressupost de 23 milions - RECIPLASA\" \/>\n<meta property=\"og:description\" content=\"El Consell d&#039;Administraci\u00f3 de\u00a0Reciplasa\u00a0ha aprovat per unanimitat congelar, per segon any consecutiu, el c\u00e0non als ajuntaments.\" \/>\n<meta property=\"og:url\" content=\"https:\/\/www.reciplasa.es\/va\/reciplasa-congela-per-segon-any-el-canon-als-ajuntaments-i-aprova-un-pressupost-de-23-milions\/\" \/>\n<meta property=\"og:site_name\" content=\"RECIPLASA\" \/>\n<meta property=\"article:published_time\" content=\"2025-10-28T09:46:27+00:00\" \/>\n<meta property=\"og:image\" content=\"https:\/\/www.reciplasa.es\/wp-content\/uploads\/2025\/10\/CONSEJO-ADMINISTRACION-BURRIANA.jpeg\" \/>\n\t<meta property=\"og:image:width\" content=\"2560\" \/>\n\t<meta property=\"og:image:height\" content=\"1706\" \/>\n\t<meta property=\"og:image:type\" content=\"image\/jpeg\" \/>\n<meta name=\"author\" content=\"Sandra\" \/>\n<meta name=\"twitter:card\" content=\"summary_large_image\" \/>\n<meta name=\"twitter:label1\" content=\"Written by\" \/>\n\t<meta name=\"twitter:data1\" content=\"Sandra\" \/>\n\t<meta name=\"twitter:label2\" content=\"Est. reading time\" \/>\n\t<meta name=\"twitter:data2\" content=\"3 minutes\" \/>\n<script type=\"application\/ld+json\" class=\"yoast-schema-graph\">{\"@context\":\"https:\\\/\\\/schema.org\",\"@graph\":[{\"@type\":\"Article\",\"@id\":\"https:\\\/\\\/www.reciplasa.es\\\/va\\\/reciplasa-congela-per-segon-any-el-canon-als-ajuntaments-i-aprova-un-pressupost-de-23-milions\\\/#article\",\"isPartOf\":{\"@id\":\"https:\\\/\\\/www.reciplasa.es\\\/va\\\/reciplasa-congela-per-segon-any-el-canon-als-ajuntaments-i-aprova-un-pressupost-de-23-milions\\\/\"},\"author\":{\"name\":\"Sandra\",\"@id\":\"https:\\\/\\\/www.reciplasa.es\\\/#\\\/schema\\\/person\\\/15191934c9f5618dadb907c80c029c0b\"},\"headline\":\"Reciplasa\u00a0congela per segon any el c\u00e0non als ajuntaments i aprova un pressupost de 23 milions\",\"datePublished\":\"2025-10-28T09:46:27+00:00\",\"mainEntityOfPage\":{\"@id\":\"https:\\\/\\\/www.reciplasa.es\\\/va\\\/reciplasa-congela-per-segon-any-el-canon-als-ajuntaments-i-aprova-un-pressupost-de-23-milions\\\/\"},\"wordCount\":604,\"image\":{\"@id\":\"https:\\\/\\\/www.reciplasa.es\\\/va\\\/reciplasa-congela-per-segon-any-el-canon-als-ajuntaments-i-aprova-un-pressupost-de-23-milions\\\/#primaryimage\"},\"thumbnailUrl\":\"https:\\\/\\\/www.reciplasa.es\\\/wp-content\\\/uploads\\\/2025\\\/10\\\/CONSEJO-ADMINISTRACION-BURRIANA.jpeg\",\"articleSection\":[\"Not\u00edcies corporatives\"],\"inLanguage\":\"va-VA\"},{\"@type\":\"WebPage\",\"@id\":\"https:\\\/\\\/www.reciplasa.es\\\/va\\\/reciplasa-congela-per-segon-any-el-canon-als-ajuntaments-i-aprova-un-pressupost-de-23-milions\\\/\",\"url\":\"https:\\\/\\\/www.reciplasa.es\\\/va\\\/reciplasa-congela-per-segon-any-el-canon-als-ajuntaments-i-aprova-un-pressupost-de-23-milions\\\/\",\"name\":\"Reciplasa\u00a0congela per segon any el c\u00e0non als ajuntaments i aprova un pressupost de 23 milions - RECIPLASA\",\"isPartOf\":{\"@id\":\"https:\\\/\\\/www.reciplasa.es\\\/#website\"},\"primaryImageOfPage\":{\"@id\":\"https:\\\/\\\/www.reciplasa.es\\\/va\\\/reciplasa-congela-per-segon-any-el-canon-als-ajuntaments-i-aprova-un-pressupost-de-23-milions\\\/#primaryimage\"},\"image\":{\"@id\":\"https:\\\/\\\/www.reciplasa.es\\\/va\\\/reciplasa-congela-per-segon-any-el-canon-als-ajuntaments-i-aprova-un-pressupost-de-23-milions\\\/#primaryimage\"},\"thumbnailUrl\":\"https:\\\/\\\/www.reciplasa.es\\\/wp-content\\\/uploads\\\/2025\\\/10\\\/CONSEJO-ADMINISTRACION-BURRIANA.jpeg\",\"datePublished\":\"2025-10-28T09:46:27+00:00\",\"author\":{\"@id\":\"https:\\\/\\\/www.reciplasa.es\\\/#\\\/schema\\\/person\\\/15191934c9f5618dadb907c80c029c0b\"},\"description\":\"El Consell d'Administraci\u00f3 de\u00a0Reciplasa\u00a0ha aprovat per unanimitat congelar, per segon any consecutiu, el c\u00e0non als ajuntaments.\",\"breadcrumb\":{\"@id\":\"https:\\\/\\\/www.reciplasa.es\\\/va\\\/reciplasa-congela-per-segon-any-el-canon-als-ajuntaments-i-aprova-un-pressupost-de-23-milions\\\/#breadcrumb\"},\"inLanguage\":\"va-VA\",\"potentialAction\":[{\"@type\":\"ReadAction\",\"target\":[\"https:\\\/\\\/www.reciplasa.es\\\/va\\\/reciplasa-congela-per-segon-any-el-canon-als-ajuntaments-i-aprova-un-pressupost-de-23-milions\\\/\"]}]},{\"@type\":\"ImageObject\",\"inLanguage\":\"va-VA\",\"@id\":\"https:\\\/\\\/www.reciplasa.es\\\/va\\\/reciplasa-congela-per-segon-any-el-canon-als-ajuntaments-i-aprova-un-pressupost-de-23-milions\\\/#primaryimage\",\"url\":\"https:\\\/\\\/www.reciplasa.es\\\/wp-content\\\/uploads\\\/2025\\\/10\\\/CONSEJO-ADMINISTRACION-BURRIANA.jpeg\",\"contentUrl\":\"https:\\\/\\\/www.reciplasa.es\\\/wp-content\\\/uploads\\\/2025\\\/10\\\/CONSEJO-ADMINISTRACION-BURRIANA.jpeg\",\"width\":2560,\"height\":1706,\"caption\":\"Reuni\u00f3n del Consejo de Administraci\u00f3n de Reciplasa en Burriana\"},{\"@type\":\"BreadcrumbList\",\"@id\":\"https:\\\/\\\/www.reciplasa.es\\\/va\\\/reciplasa-congela-per-segon-any-el-canon-als-ajuntaments-i-aprova-un-pressupost-de-23-milions\\\/#breadcrumb\",\"itemListElement\":[{\"@type\":\"ListItem\",\"position\":1,\"name\":\"Portada\",\"item\":\"https:\\\/\\\/www.reciplasa.es\\\/va\\\/\"},{\"@type\":\"ListItem\",\"position\":2,\"name\":\"Reciplasa\u00a0congela per segon any el c\u00e0non als ajuntaments i aprova un pressupost de 23 milions\"}]},{\"@type\":\"WebSite\",\"@id\":\"https:\\\/\\\/www.reciplasa.es\\\/#website\",\"url\":\"https:\\\/\\\/www.reciplasa.es\\\/\",\"name\":\"RECIPLASA\",\"description\":\"Reciclats de Residus La Plana SA\",\"potentialAction\":[{\"@type\":\"SearchAction\",\"target\":{\"@type\":\"EntryPoint\",\"urlTemplate\":\"https:\\\/\\\/www.reciplasa.es\\\/?s={search_term_string}\"},\"query-input\":{\"@type\":\"PropertyValueSpecification\",\"valueRequired\":true,\"valueName\":\"search_term_string\"}}],\"inLanguage\":\"va-VA\"},{\"@type\":\"Person\",\"@id\":\"https:\\\/\\\/www.reciplasa.es\\\/#\\\/schema\\\/person\\\/15191934c9f5618dadb907c80c029c0b\",\"name\":\"Sandra\",\"image\":{\"@type\":\"ImageObject\",\"inLanguage\":\"va-VA\",\"@id\":\"https:\\\/\\\/secure.gravatar.com\\\/avatar\\\/605ca84bedd79915b697a46887df8ccd0249fb6f2a1bbcd0bfc66c91d997ae51?s=96&d=mm&r=g\",\"url\":\"https:\\\/\\\/secure.gravatar.com\\\/avatar\\\/605ca84bedd79915b697a46887df8ccd0249fb6f2a1bbcd0bfc66c91d997ae51?s=96&d=mm&r=g\",\"contentUrl\":\"https:\\\/\\\/secure.gravatar.com\\\/avatar\\\/605ca84bedd79915b697a46887df8ccd0249fb6f2a1bbcd0bfc66c91d997ae51?s=96&d=mm&r=g\",\"caption\":\"Sandra\"},\"url\":\"https:\\\/\\\/www.reciplasa.es\\\/va\\\/author\\\/sandra\\\/\"}]}<\/script>\n<!-- \/ Yoast SEO plugin. -->","yoast_head_json":{"title":"Reciplasa\u00a0congela per segon any el c\u00e0non als ajuntaments i aprova un pressupost de 23 milions - RECIPLASA","description":"El Consell d'Administraci\u00f3 de\u00a0Reciplasa\u00a0ha aprovat per unanimitat congelar, per segon any consecutiu, el c\u00e0non als ajuntaments.","robots":{"index":"index","follow":"follow","max-snippet":"max-snippet:-1","max-image-preview":"max-image-preview:large","max-video-preview":"max-video-preview:-1"},"canonical":"https:\/\/www.reciplasa.es\/va\/reciplasa-congela-per-segon-any-el-canon-als-ajuntaments-i-aprova-un-pressupost-de-23-milions\/","og_locale":"en_US","og_type":"article","og_title":"Reciplasa\u00a0congela per segon any el c\u00e0non als ajuntaments i aprova un pressupost de 23 milions - RECIPLASA","og_description":"El Consell d'Administraci\u00f3 de\u00a0Reciplasa\u00a0ha aprovat per unanimitat congelar, per segon any consecutiu, el c\u00e0non als ajuntaments.","og_url":"https:\/\/www.reciplasa.es\/va\/reciplasa-congela-per-segon-any-el-canon-als-ajuntaments-i-aprova-un-pressupost-de-23-milions\/","og_site_name":"RECIPLASA","article_published_time":"2025-10-28T09:46:27+00:00","og_image":[{"width":2560,"height":1706,"url":"https:\/\/www.reciplasa.es\/wp-content\/uploads\/2025\/10\/CONSEJO-ADMINISTRACION-BURRIANA.jpeg","type":"image\/jpeg"}],"author":"Sandra","twitter_card":"summary_large_image","twitter_misc":{"Written by":"Sandra","Est. reading time":"3 minutes"},"schema":{"@context":"https:\/\/schema.org","@graph":[{"@type":"Article","@id":"https:\/\/www.reciplasa.es\/va\/reciplasa-congela-per-segon-any-el-canon-als-ajuntaments-i-aprova-un-pressupost-de-23-milions\/#article","isPartOf":{"@id":"https:\/\/www.reciplasa.es\/va\/reciplasa-congela-per-segon-any-el-canon-als-ajuntaments-i-aprova-un-pressupost-de-23-milions\/"},"author":{"name":"Sandra","@id":"https:\/\/www.reciplasa.es\/#\/schema\/person\/15191934c9f5618dadb907c80c029c0b"},"headline":"Reciplasa\u00a0congela per segon any el c\u00e0non als ajuntaments i aprova un pressupost de 23 milions","datePublished":"2025-10-28T09:46:27+00:00","mainEntityOfPage":{"@id":"https:\/\/www.reciplasa.es\/va\/reciplasa-congela-per-segon-any-el-canon-als-ajuntaments-i-aprova-un-pressupost-de-23-milions\/"},"wordCount":604,"image":{"@id":"https:\/\/www.reciplasa.es\/va\/reciplasa-congela-per-segon-any-el-canon-als-ajuntaments-i-aprova-un-pressupost-de-23-milions\/#primaryimage"},"thumbnailUrl":"https:\/\/www.reciplasa.es\/wp-content\/uploads\/2025\/10\/CONSEJO-ADMINISTRACION-BURRIANA.jpeg","articleSection":["Not\u00edcies corporatives"],"inLanguage":"va-VA"},{"@type":"WebPage","@id":"https:\/\/www.reciplasa.es\/va\/reciplasa-congela-per-segon-any-el-canon-als-ajuntaments-i-aprova-un-pressupost-de-23-milions\/","url":"https:\/\/www.reciplasa.es\/va\/reciplasa-congela-per-segon-any-el-canon-als-ajuntaments-i-aprova-un-pressupost-de-23-milions\/","name":"Reciplasa\u00a0congela per segon any el c\u00e0non als ajuntaments i aprova un pressupost de 23 milions - RECIPLASA","isPartOf":{"@id":"https:\/\/www.reciplasa.es\/#website"},"primaryImageOfPage":{"@id":"https:\/\/www.reciplasa.es\/va\/reciplasa-congela-per-segon-any-el-canon-als-ajuntaments-i-aprova-un-pressupost-de-23-milions\/#primaryimage"},"image":{"@id":"https:\/\/www.reciplasa.es\/va\/reciplasa-congela-per-segon-any-el-canon-als-ajuntaments-i-aprova-un-pressupost-de-23-milions\/#primaryimage"},"thumbnailUrl":"https:\/\/www.reciplasa.es\/wp-content\/uploads\/2025\/10\/CONSEJO-ADMINISTRACION-BURRIANA.jpeg","datePublished":"2025-10-28T09:46:27+00:00","author":{"@id":"https:\/\/www.reciplasa.es\/#\/schema\/person\/15191934c9f5618dadb907c80c029c0b"},"description":"El Consell d'Administraci\u00f3 de\u00a0Reciplasa\u00a0ha aprovat per unanimitat congelar, per segon any consecutiu, el c\u00e0non als ajuntaments.","breadcrumb":{"@id":"https:\/\/www.reciplasa.es\/va\/reciplasa-congela-per-segon-any-el-canon-als-ajuntaments-i-aprova-un-pressupost-de-23-milions\/#breadcrumb"},"inLanguage":"va-VA","potentialAction":[{"@type":"ReadAction","target":["https:\/\/www.reciplasa.es\/va\/reciplasa-congela-per-segon-any-el-canon-als-ajuntaments-i-aprova-un-pressupost-de-23-milions\/"]}]},{"@type":"ImageObject","inLanguage":"va-VA","@id":"https:\/\/www.reciplasa.es\/va\/reciplasa-congela-per-segon-any-el-canon-als-ajuntaments-i-aprova-un-pressupost-de-23-milions\/#primaryimage","url":"https:\/\/www.reciplasa.es\/wp-content\/uploads\/2025\/10\/CONSEJO-ADMINISTRACION-BURRIANA.jpeg","contentUrl":"https:\/\/www.reciplasa.es\/wp-content\/uploads\/2025\/10\/CONSEJO-ADMINISTRACION-BURRIANA.jpeg","width":2560,"height":1706,"caption":"Reuni\u00f3n del Consejo de Administraci\u00f3n de Reciplasa en Burriana"},{"@type":"BreadcrumbList","@id":"https:\/\/www.reciplasa.es\/va\/reciplasa-congela-per-segon-any-el-canon-als-ajuntaments-i-aprova-un-pressupost-de-23-milions\/#breadcrumb","itemListElement":[{"@type":"ListItem","position":1,"name":"Portada","item":"https:\/\/www.reciplasa.es\/va\/"},{"@type":"ListItem","position":2,"name":"Reciplasa\u00a0congela per segon any el c\u00e0non als ajuntaments i aprova un pressupost de 23 milions"}]},{"@type":"WebSite","@id":"https:\/\/www.reciplasa.es\/#website","url":"https:\/\/www.reciplasa.es\/","name":"RECIPLASA","description":"Reciclats de Residus La Plana SA","potentialAction":[{"@type":"SearchAction","target":{"@type":"EntryPoint","urlTemplate":"https:\/\/www.reciplasa.es\/?s={search_term_string}"},"query-input":{"@type":"PropertyValueSpecification","valueRequired":true,"valueName":"search_term_string"}}],"inLanguage":"va-VA"},{"@type":"Person","@id":"https:\/\/www.reciplasa.es\/#\/schema\/person\/15191934c9f5618dadb907c80c029c0b","name":"Sandra","image":{"@type":"ImageObject","inLanguage":"va-VA","@id":"https:\/\/secure.gravatar.com\/avatar\/605ca84bedd79915b697a46887df8ccd0249fb6f2a1bbcd0bfc66c91d997ae51?s=96&d=mm&r=g","url":"https:\/\/secure.gravatar.com\/avatar\/605ca84bedd79915b697a46887df8ccd0249fb6f2a1bbcd0bfc66c91d997ae51?s=96&d=mm&r=g","contentUrl":"https:\/\/secure.gravatar.com\/avatar\/605ca84bedd79915b697a46887df8ccd0249fb6f2a1bbcd0bfc66c91d997ae51?s=96&d=mm&r=g","caption":"Sandra"},"url":"https:\/\/www.reciplasa.es\/va\/author\/sandra\/"}]}},"_links":{"self":[{"href":"https:\/\/www.reciplasa.es\/va\/wp-json\/wp\/v2\/posts\/23884","targetHints":{"allow":["GET"]}}],"collection":[{"href":"https:\/\/www.reciplasa.es\/va\/wp-json\/wp\/v2\/posts"}],"about":[{"href":"https:\/\/www.reciplasa.es\/va\/wp-json\/wp\/v2\/types\/post"}],"author":[{"embeddable":true,"href":"https:\/\/www.reciplasa.es\/va\/wp-json\/wp\/v2\/users\/13"}],"replies":[{"embeddable":true,"href":"https:\/\/www.reciplasa.es\/va\/wp-json\/wp\/v2\/comments?post=23884"}],"version-history":[{"count":1,"href":"https:\/\/www.reciplasa.es\/va\/wp-json\/wp\/v2\/posts\/23884\/revisions"}],"predecessor-version":[{"id":23917,"href":"https:\/\/www.reciplasa.es\/va\/wp-json\/wp\/v2\/posts\/23884\/revisions\/23917"}],"wp:featuredmedia":[{"embeddable":true,"href":"https:\/\/www.reciplasa.es\/va\/wp-json\/wp\/v2\/media\/23750"}],"wp:attachment":[{"href":"https:\/\/www.reciplasa.es\/va\/wp-json\/wp\/v2\/media?parent=23884"}],"wp:term":[{"taxonomy":"category","embeddable":true,"href":"https:\/\/www.reciplasa.es\/va\/wp-json\/wp\/v2\/categories?post=23884"},{"taxonomy":"post_tag","embeddable":true,"href":"https:\/\/www.reciplasa.es\/va\/wp-json\/wp\/v2\/tags?post=23884"}],"curies":[{"name":"wp","href":"https:\/\/api.w.org\/{rel}","templated":true}]}}