{"id":29874,"date":"2025-12-11T10:15:35","date_gmt":"2025-12-11T10:15:35","guid":{"rendered":"https:\/\/www.reciplasa.es\/?p=29874"},"modified":"2025-12-11T10:15:35","modified_gmt":"2025-12-11T10:15:35","slug":"reciplasa-culmina-lany-amb-avancos-en-sostenibilitat-i-laprovacio-dactivar-4-nous-ecoparcs-mobils-en-2026","status":"publish","type":"post","link":"https:\/\/www.reciplasa.es\/va\/reciplasa-culmina-lany-amb-avancos-en-sostenibilitat-i-laprovacio-dactivar-4-nous-ecoparcs-mobils-en-2026\/","title":{"rendered":"Reciplasa\u00a0culmina l&#8217;any amb avan\u00e7os en sostenibilitat i l&#8217;aprovaci\u00f3 d&#8217;activar 4 nous ecoparcs m\u00f2bils en 2026"},"content":{"rendered":"<p>&nbsp;<\/p>\n<p><em>\u00a0<\/em><\/p>\n<p><strong>Castell\u00f3 (11-12-2025). \u2013 <\/strong>Reciplasa\u00a0ha celebrat a l&#8217;Ajuntament de l&#8217;Alcora el seu \u00faltim Consell d&#8217;Administraci\u00f3 de l&#8217;any, una reuni\u00f3 en la qual l&#8217;entitat p\u00fablica va reafirmar el seu avan\u00e7 en sostenibilitat de cara al pr\u00f2xim any amb la posada en marxa de quatre nous\u00a0ecom\u00f3viles, va aprovar noves inversions per a refor\u00e7ar el servei provincial i, a m\u00e9s, va confirmar el balan\u00e7 de la gesti\u00f3 de residus durant 2025. \u00a0Tamb\u00e9 ha sigut destacable el buidatge de 20.990Tm. de residus de les eres de la planta d&#8217;Onda, millorant notablement l&#8217;estat de les instal\u00b7lacions, que actualment es troben immerses en un ambici\u00f3s proc\u00e9s de modernitzaci\u00f3.<\/p>\n<p>Un dels acords m\u00e9s rellevants de les \u00faltimes dates ha sigut l&#8217;aprovaci\u00f3 de la licitaci\u00f3 que permetr\u00e0 posar en marxa 4 ecoparcs m\u00f2bils que donaran servei a 45 municipis de la prov\u00edncia, un servei que actualment presta amb un \u00fanic vehicle. L&#8217;expedient contempla la incorporaci\u00f3 de quatre nous ecoparcs m\u00f2bils totalment equipats per a la seua operativitat amb personal i quatre camions amb sistema\u00a0Multilift, la qual cosa suposa una inversi\u00f3 pr\u00f2xima a 1,2 milions d&#8217;euros, a la qual s&#8217;afegir\u00e0 l&#8217;IVA corresponent. Aquesta ampliaci\u00f3 permetr\u00e0 millorar la recollida selectiva, optimitzar rutes i ampliar els punts d&#8217;atenci\u00f3 directa als ve\u00efns.<\/p>\n<p>El president de\u00a0Reciplasa, Sergio Toledo, ha explicat que \u201ces tracta de facilitar al m\u00e0xim que les persones que viuen en qualsevol dels municipis de la nostra influ\u00e8ncia puguen reciclar de manera senzilla i c\u00f2moda. Destinem mitjans a eixe objectiu. \u00c9s fonamental que cada dia es recicle m\u00e9s i millor si volem seguir en la senda de la millor cura del nostre entorn i de reduir el cost de la gesti\u00f3 i el tractament dels residus\u201d.<\/p>\n<p>Mirant al futur,\u00a0Reciplasa\u00a0mantindr\u00e0 en 2026 el seu pla de modernitzaci\u00f3 de la planta d&#8217;Onda, amb inversions orientades a reduir el volum de residus destinats a abocador, millorar l&#8217;efici\u00e8ncia energ\u00e8tica i adaptar-se als est\u00e0ndards europeus m\u00e9s exigents. \u201c\u00c9s una aposta decidida per innovar i per avan\u00e7ar cap a un model de gesti\u00f3 m\u00e9s sostenible, transparent i eficient\u201d, va assenyalar Toledo, qui tamb\u00e9 va destacar el comprom\u00eds de l&#8217;entitat amb el seu codi \u00e8tic i la gesti\u00f3 responsable del servei p\u00fablic.<\/p>\n","protected":false},"excerpt":{"rendered":"<p>&nbsp; \u00a0 Castell\u00f3 (11-12-2025). \u2013 Reciplasa\u00a0ha celebrat a l&#8217;Ajuntament de l&#8217;Alcora el seu \u00faltim Consell d&#8217;Administraci\u00f3 de l&#8217;any, una reuni\u00f3 en la qual l&#8217;entitat p\u00fablica va reafirmar el seu avan\u00e7 en sostenibilitat de cara al pr\u00f2xim any amb la posada en marxa de quatre nous\u00a0ecom\u00f3viles, va aprovar noves inversions per a refor\u00e7ar el servei provincialDale que hay m\u00e1s &#8230;<\/p>\n","protected":false},"author":13,"featured_media":29736,"comment_status":"closed","ping_status":"closed","sticky":false,"template":"","format":"standard","meta":{"footnotes":""},"categories":[87],"tags":[],"class_list":["post-29874","post","type-post","status-publish","format-standard","has-post-thumbnail","hentry","category-noticies-corporatives"],"yoast_head":"<!-- This site is optimized with the Yoast SEO plugin v27.4 - https:\/\/yoast.com\/product\/yoast-seo-wordpress\/ -->\n<title>Reciplasa\u00a0culmina l&#039;any amb avan\u00e7os en sostenibilitat i l&#039;aprovaci\u00f3 d&#039;activar 4 nous ecoparcs m\u00f2bils en 2026 - RECIPLASA<\/title>\n<meta name=\"description\" content=\"Reciplasa\u00a0ha celebrat a l&#039;Ajuntament de l&#039;Alcora el seu \u00faltim Consell d&#039;Administraci\u00f3 de l&#039;any, una reuni\u00f3 en la qual l&#039;entitat p\u00fablica va reafirmar el seu avan\u00e7 en sostenibilitat.\" \/>\n<meta name=\"robots\" content=\"index, follow, max-snippet:-1, max-image-preview:large, max-video-preview:-1\" \/>\n<link rel=\"canonical\" href=\"https:\/\/www.reciplasa.es\/va\/reciplasa-culmina-lany-amb-avancos-en-sostenibilitat-i-laprovacio-dactivar-4-nous-ecoparcs-mobils-en-2026\/\" \/>\n<meta property=\"og:locale\" content=\"en_US\" \/>\n<meta property=\"og:type\" content=\"article\" \/>\n<meta property=\"og:title\" content=\"Reciplasa\u00a0culmina l&#039;any amb avan\u00e7os en sostenibilitat i l&#039;aprovaci\u00f3 d&#039;activar 4 nous ecoparcs m\u00f2bils en 2026 - RECIPLASA\" \/>\n<meta property=\"og:description\" content=\"Reciplasa\u00a0ha celebrat a l&#039;Ajuntament de l&#039;Alcora el seu \u00faltim Consell d&#039;Administraci\u00f3 de l&#039;any, una reuni\u00f3 en la qual l&#039;entitat p\u00fablica va reafirmar el seu avan\u00e7 en sostenibilitat.\" \/>\n<meta property=\"og:url\" content=\"https:\/\/www.reciplasa.es\/va\/reciplasa-culmina-lany-amb-avancos-en-sostenibilitat-i-laprovacio-dactivar-4-nous-ecoparcs-mobils-en-2026\/\" \/>\n<meta property=\"og:site_name\" content=\"RECIPLASA\" \/>\n<meta property=\"article:published_time\" content=\"2025-12-11T10:15:35+00:00\" \/>\n<meta property=\"og:image\" content=\"https:\/\/www.reciplasa.es\/wp-content\/uploads\/2025\/12\/Reunion-Consejo-Administracion-en-lAlcora-scaled.jpg\" \/>\n\t<meta property=\"og:image:width\" content=\"2560\" \/>\n\t<meta property=\"og:image:height\" content=\"1707\" \/>\n\t<meta property=\"og:image:type\" content=\"image\/jpeg\" \/>\n<meta name=\"author\" content=\"Sandra\" \/>\n<meta name=\"twitter:card\" content=\"summary_large_image\" \/>\n<meta name=\"twitter:label1\" content=\"Written by\" \/>\n\t<meta name=\"twitter:data1\" content=\"Sandra\" \/>\n\t<meta name=\"twitter:label2\" content=\"Est. reading time\" \/>\n\t<meta name=\"twitter:data2\" content=\"2 minutes\" \/>\n<script type=\"application\/ld+json\" class=\"yoast-schema-graph\">{\"@context\":\"https:\\\/\\\/schema.org\",\"@graph\":[{\"@type\":\"Article\",\"@id\":\"https:\\\/\\\/www.reciplasa.es\\\/va\\\/reciplasa-culmina-lany-amb-avancos-en-sostenibilitat-i-laprovacio-dactivar-4-nous-ecoparcs-mobils-en-2026\\\/#article\",\"isPartOf\":{\"@id\":\"https:\\\/\\\/www.reciplasa.es\\\/va\\\/reciplasa-culmina-lany-amb-avancos-en-sostenibilitat-i-laprovacio-dactivar-4-nous-ecoparcs-mobils-en-2026\\\/\"},\"author\":{\"name\":\"Sandra\",\"@id\":\"https:\\\/\\\/www.reciplasa.es\\\/#\\\/schema\\\/person\\\/15191934c9f5618dadb907c80c029c0b\"},\"headline\":\"Reciplasa\u00a0culmina l&#8217;any amb avan\u00e7os en sostenibilitat i l&#8217;aprovaci\u00f3 d&#8217;activar 4 nous ecoparcs m\u00f2bils en 2026\",\"datePublished\":\"2025-12-11T10:15:35+00:00\",\"mainEntityOfPage\":{\"@id\":\"https:\\\/\\\/www.reciplasa.es\\\/va\\\/reciplasa-culmina-lany-amb-avancos-en-sostenibilitat-i-laprovacio-dactivar-4-nous-ecoparcs-mobils-en-2026\\\/\"},\"wordCount\":416,\"image\":{\"@id\":\"https:\\\/\\\/www.reciplasa.es\\\/va\\\/reciplasa-culmina-lany-amb-avancos-en-sostenibilitat-i-laprovacio-dactivar-4-nous-ecoparcs-mobils-en-2026\\\/#primaryimage\"},\"thumbnailUrl\":\"https:\\\/\\\/www.reciplasa.es\\\/wp-content\\\/uploads\\\/2025\\\/12\\\/Reunion-Consejo-Administracion-en-lAlcora-scaled.jpg\",\"articleSection\":[\"Not\u00edcies corporatives\"],\"inLanguage\":\"va-VA\"},{\"@type\":\"WebPage\",\"@id\":\"https:\\\/\\\/www.reciplasa.es\\\/va\\\/reciplasa-culmina-lany-amb-avancos-en-sostenibilitat-i-laprovacio-dactivar-4-nous-ecoparcs-mobils-en-2026\\\/\",\"url\":\"https:\\\/\\\/www.reciplasa.es\\\/va\\\/reciplasa-culmina-lany-amb-avancos-en-sostenibilitat-i-laprovacio-dactivar-4-nous-ecoparcs-mobils-en-2026\\\/\",\"name\":\"Reciplasa\u00a0culmina l'any amb avan\u00e7os en sostenibilitat i l'aprovaci\u00f3 d'activar 4 nous ecoparcs m\u00f2bils en 2026 - RECIPLASA\",\"isPartOf\":{\"@id\":\"https:\\\/\\\/www.reciplasa.es\\\/#website\"},\"primaryImageOfPage\":{\"@id\":\"https:\\\/\\\/www.reciplasa.es\\\/va\\\/reciplasa-culmina-lany-amb-avancos-en-sostenibilitat-i-laprovacio-dactivar-4-nous-ecoparcs-mobils-en-2026\\\/#primaryimage\"},\"image\":{\"@id\":\"https:\\\/\\\/www.reciplasa.es\\\/va\\\/reciplasa-culmina-lany-amb-avancos-en-sostenibilitat-i-laprovacio-dactivar-4-nous-ecoparcs-mobils-en-2026\\\/#primaryimage\"},\"thumbnailUrl\":\"https:\\\/\\\/www.reciplasa.es\\\/wp-content\\\/uploads\\\/2025\\\/12\\\/Reunion-Consejo-Administracion-en-lAlcora-scaled.jpg\",\"datePublished\":\"2025-12-11T10:15:35+00:00\",\"author\":{\"@id\":\"https:\\\/\\\/www.reciplasa.es\\\/#\\\/schema\\\/person\\\/15191934c9f5618dadb907c80c029c0b\"},\"description\":\"Reciplasa\u00a0ha celebrat a l'Ajuntament de l'Alcora el seu \u00faltim Consell d'Administraci\u00f3 de l'any, una reuni\u00f3 en la qual l'entitat p\u00fablica va reafirmar el seu avan\u00e7 en sostenibilitat.\",\"breadcrumb\":{\"@id\":\"https:\\\/\\\/www.reciplasa.es\\\/va\\\/reciplasa-culmina-lany-amb-avancos-en-sostenibilitat-i-laprovacio-dactivar-4-nous-ecoparcs-mobils-en-2026\\\/#breadcrumb\"},\"inLanguage\":\"va-VA\",\"potentialAction\":[{\"@type\":\"ReadAction\",\"target\":[\"https:\\\/\\\/www.reciplasa.es\\\/va\\\/reciplasa-culmina-lany-amb-avancos-en-sostenibilitat-i-laprovacio-dactivar-4-nous-ecoparcs-mobils-en-2026\\\/\"]}]},{\"@type\":\"ImageObject\",\"inLanguage\":\"va-VA\",\"@id\":\"https:\\\/\\\/www.reciplasa.es\\\/va\\\/reciplasa-culmina-lany-amb-avancos-en-sostenibilitat-i-laprovacio-dactivar-4-nous-ecoparcs-mobils-en-2026\\\/#primaryimage\",\"url\":\"https:\\\/\\\/www.reciplasa.es\\\/wp-content\\\/uploads\\\/2025\\\/12\\\/Reunion-Consejo-Administracion-en-lAlcora-scaled.jpg\",\"contentUrl\":\"https:\\\/\\\/www.reciplasa.es\\\/wp-content\\\/uploads\\\/2025\\\/12\\\/Reunion-Consejo-Administracion-en-lAlcora-scaled.jpg\",\"width\":2560,\"height\":1707},{\"@type\":\"BreadcrumbList\",\"@id\":\"https:\\\/\\\/www.reciplasa.es\\\/va\\\/reciplasa-culmina-lany-amb-avancos-en-sostenibilitat-i-laprovacio-dactivar-4-nous-ecoparcs-mobils-en-2026\\\/#breadcrumb\",\"itemListElement\":[{\"@type\":\"ListItem\",\"position\":1,\"name\":\"Portada\",\"item\":\"https:\\\/\\\/www.reciplasa.es\\\/va\\\/\"},{\"@type\":\"ListItem\",\"position\":2,\"name\":\"Reciplasa\u00a0culmina l&#8217;any amb avan\u00e7os en sostenibilitat i l&#8217;aprovaci\u00f3 d&#8217;activar 4 nous ecoparcs m\u00f2bils en 2026\"}]},{\"@type\":\"WebSite\",\"@id\":\"https:\\\/\\\/www.reciplasa.es\\\/#website\",\"url\":\"https:\\\/\\\/www.reciplasa.es\\\/\",\"name\":\"RECIPLASA\",\"description\":\"Reciclats de Residus La Plana SA\",\"potentialAction\":[{\"@type\":\"SearchAction\",\"target\":{\"@type\":\"EntryPoint\",\"urlTemplate\":\"https:\\\/\\\/www.reciplasa.es\\\/?s={search_term_string}\"},\"query-input\":{\"@type\":\"PropertyValueSpecification\",\"valueRequired\":true,\"valueName\":\"search_term_string\"}}],\"inLanguage\":\"va-VA\"},{\"@type\":\"Person\",\"@id\":\"https:\\\/\\\/www.reciplasa.es\\\/#\\\/schema\\\/person\\\/15191934c9f5618dadb907c80c029c0b\",\"name\":\"Sandra\",\"image\":{\"@type\":\"ImageObject\",\"inLanguage\":\"va-VA\",\"@id\":\"https:\\\/\\\/secure.gravatar.com\\\/avatar\\\/605ca84bedd79915b697a46887df8ccd0249fb6f2a1bbcd0bfc66c91d997ae51?s=96&d=mm&r=g\",\"url\":\"https:\\\/\\\/secure.gravatar.com\\\/avatar\\\/605ca84bedd79915b697a46887df8ccd0249fb6f2a1bbcd0bfc66c91d997ae51?s=96&d=mm&r=g\",\"contentUrl\":\"https:\\\/\\\/secure.gravatar.com\\\/avatar\\\/605ca84bedd79915b697a46887df8ccd0249fb6f2a1bbcd0bfc66c91d997ae51?s=96&d=mm&r=g\",\"caption\":\"Sandra\"},\"url\":\"https:\\\/\\\/www.reciplasa.es\\\/va\\\/author\\\/sandra\\\/\"}]}<\/script>\n<!-- \/ Yoast SEO plugin. -->","yoast_head_json":{"title":"Reciplasa\u00a0culmina l'any amb avan\u00e7os en sostenibilitat i l'aprovaci\u00f3 d'activar 4 nous ecoparcs m\u00f2bils en 2026 - RECIPLASA","description":"Reciplasa\u00a0ha celebrat a l'Ajuntament de l'Alcora el seu \u00faltim Consell d'Administraci\u00f3 de l'any, una reuni\u00f3 en la qual l'entitat p\u00fablica va reafirmar el seu avan\u00e7 en sostenibilitat.","robots":{"index":"index","follow":"follow","max-snippet":"max-snippet:-1","max-image-preview":"max-image-preview:large","max-video-preview":"max-video-preview:-1"},"canonical":"https:\/\/www.reciplasa.es\/va\/reciplasa-culmina-lany-amb-avancos-en-sostenibilitat-i-laprovacio-dactivar-4-nous-ecoparcs-mobils-en-2026\/","og_locale":"en_US","og_type":"article","og_title":"Reciplasa\u00a0culmina l'any amb avan\u00e7os en sostenibilitat i l'aprovaci\u00f3 d'activar 4 nous ecoparcs m\u00f2bils en 2026 - RECIPLASA","og_description":"Reciplasa\u00a0ha celebrat a l'Ajuntament de l'Alcora el seu \u00faltim Consell d'Administraci\u00f3 de l'any, una reuni\u00f3 en la qual l'entitat p\u00fablica va reafirmar el seu avan\u00e7 en sostenibilitat.","og_url":"https:\/\/www.reciplasa.es\/va\/reciplasa-culmina-lany-amb-avancos-en-sostenibilitat-i-laprovacio-dactivar-4-nous-ecoparcs-mobils-en-2026\/","og_site_name":"RECIPLASA","article_published_time":"2025-12-11T10:15:35+00:00","og_image":[{"width":2560,"height":1707,"url":"https:\/\/www.reciplasa.es\/wp-content\/uploads\/2025\/12\/Reunion-Consejo-Administracion-en-lAlcora-scaled.jpg","type":"image\/jpeg"}],"author":"Sandra","twitter_card":"summary_large_image","twitter_misc":{"Written by":"Sandra","Est. reading time":"2 minutes"},"schema":{"@context":"https:\/\/schema.org","@graph":[{"@type":"Article","@id":"https:\/\/www.reciplasa.es\/va\/reciplasa-culmina-lany-amb-avancos-en-sostenibilitat-i-laprovacio-dactivar-4-nous-ecoparcs-mobils-en-2026\/#article","isPartOf":{"@id":"https:\/\/www.reciplasa.es\/va\/reciplasa-culmina-lany-amb-avancos-en-sostenibilitat-i-laprovacio-dactivar-4-nous-ecoparcs-mobils-en-2026\/"},"author":{"name":"Sandra","@id":"https:\/\/www.reciplasa.es\/#\/schema\/person\/15191934c9f5618dadb907c80c029c0b"},"headline":"Reciplasa\u00a0culmina l&#8217;any amb avan\u00e7os en sostenibilitat i l&#8217;aprovaci\u00f3 d&#8217;activar 4 nous ecoparcs m\u00f2bils en 2026","datePublished":"2025-12-11T10:15:35+00:00","mainEntityOfPage":{"@id":"https:\/\/www.reciplasa.es\/va\/reciplasa-culmina-lany-amb-avancos-en-sostenibilitat-i-laprovacio-dactivar-4-nous-ecoparcs-mobils-en-2026\/"},"wordCount":416,"image":{"@id":"https:\/\/www.reciplasa.es\/va\/reciplasa-culmina-lany-amb-avancos-en-sostenibilitat-i-laprovacio-dactivar-4-nous-ecoparcs-mobils-en-2026\/#primaryimage"},"thumbnailUrl":"https:\/\/www.reciplasa.es\/wp-content\/uploads\/2025\/12\/Reunion-Consejo-Administracion-en-lAlcora-scaled.jpg","articleSection":["Not\u00edcies corporatives"],"inLanguage":"va-VA"},{"@type":"WebPage","@id":"https:\/\/www.reciplasa.es\/va\/reciplasa-culmina-lany-amb-avancos-en-sostenibilitat-i-laprovacio-dactivar-4-nous-ecoparcs-mobils-en-2026\/","url":"https:\/\/www.reciplasa.es\/va\/reciplasa-culmina-lany-amb-avancos-en-sostenibilitat-i-laprovacio-dactivar-4-nous-ecoparcs-mobils-en-2026\/","name":"Reciplasa\u00a0culmina l'any amb avan\u00e7os en sostenibilitat i l'aprovaci\u00f3 d'activar 4 nous ecoparcs m\u00f2bils en 2026 - RECIPLASA","isPartOf":{"@id":"https:\/\/www.reciplasa.es\/#website"},"primaryImageOfPage":{"@id":"https:\/\/www.reciplasa.es\/va\/reciplasa-culmina-lany-amb-avancos-en-sostenibilitat-i-laprovacio-dactivar-4-nous-ecoparcs-mobils-en-2026\/#primaryimage"},"image":{"@id":"https:\/\/www.reciplasa.es\/va\/reciplasa-culmina-lany-amb-avancos-en-sostenibilitat-i-laprovacio-dactivar-4-nous-ecoparcs-mobils-en-2026\/#primaryimage"},"thumbnailUrl":"https:\/\/www.reciplasa.es\/wp-content\/uploads\/2025\/12\/Reunion-Consejo-Administracion-en-lAlcora-scaled.jpg","datePublished":"2025-12-11T10:15:35+00:00","author":{"@id":"https:\/\/www.reciplasa.es\/#\/schema\/person\/15191934c9f5618dadb907c80c029c0b"},"description":"Reciplasa\u00a0ha celebrat a l'Ajuntament de l'Alcora el seu \u00faltim Consell d'Administraci\u00f3 de l'any, una reuni\u00f3 en la qual l'entitat p\u00fablica va reafirmar el seu avan\u00e7 en sostenibilitat.","breadcrumb":{"@id":"https:\/\/www.reciplasa.es\/va\/reciplasa-culmina-lany-amb-avancos-en-sostenibilitat-i-laprovacio-dactivar-4-nous-ecoparcs-mobils-en-2026\/#breadcrumb"},"inLanguage":"va-VA","potentialAction":[{"@type":"ReadAction","target":["https:\/\/www.reciplasa.es\/va\/reciplasa-culmina-lany-amb-avancos-en-sostenibilitat-i-laprovacio-dactivar-4-nous-ecoparcs-mobils-en-2026\/"]}]},{"@type":"ImageObject","inLanguage":"va-VA","@id":"https:\/\/www.reciplasa.es\/va\/reciplasa-culmina-lany-amb-avancos-en-sostenibilitat-i-laprovacio-dactivar-4-nous-ecoparcs-mobils-en-2026\/#primaryimage","url":"https:\/\/www.reciplasa.es\/wp-content\/uploads\/2025\/12\/Reunion-Consejo-Administracion-en-lAlcora-scaled.jpg","contentUrl":"https:\/\/www.reciplasa.es\/wp-content\/uploads\/2025\/12\/Reunion-Consejo-Administracion-en-lAlcora-scaled.jpg","width":2560,"height":1707},{"@type":"BreadcrumbList","@id":"https:\/\/www.reciplasa.es\/va\/reciplasa-culmina-lany-amb-avancos-en-sostenibilitat-i-laprovacio-dactivar-4-nous-ecoparcs-mobils-en-2026\/#breadcrumb","itemListElement":[{"@type":"ListItem","position":1,"name":"Portada","item":"https:\/\/www.reciplasa.es\/va\/"},{"@type":"ListItem","position":2,"name":"Reciplasa\u00a0culmina l&#8217;any amb avan\u00e7os en sostenibilitat i l&#8217;aprovaci\u00f3 d&#8217;activar 4 nous ecoparcs m\u00f2bils en 2026"}]},{"@type":"WebSite","@id":"https:\/\/www.reciplasa.es\/#website","url":"https:\/\/www.reciplasa.es\/","name":"RECIPLASA","description":"Reciclats de Residus La Plana SA","potentialAction":[{"@type":"SearchAction","target":{"@type":"EntryPoint","urlTemplate":"https:\/\/www.reciplasa.es\/?s={search_term_string}"},"query-input":{"@type":"PropertyValueSpecification","valueRequired":true,"valueName":"search_term_string"}}],"inLanguage":"va-VA"},{"@type":"Person","@id":"https:\/\/www.reciplasa.es\/#\/schema\/person\/15191934c9f5618dadb907c80c029c0b","name":"Sandra","image":{"@type":"ImageObject","inLanguage":"va-VA","@id":"https:\/\/secure.gravatar.com\/avatar\/605ca84bedd79915b697a46887df8ccd0249fb6f2a1bbcd0bfc66c91d997ae51?s=96&d=mm&r=g","url":"https:\/\/secure.gravatar.com\/avatar\/605ca84bedd79915b697a46887df8ccd0249fb6f2a1bbcd0bfc66c91d997ae51?s=96&d=mm&r=g","contentUrl":"https:\/\/secure.gravatar.com\/avatar\/605ca84bedd79915b697a46887df8ccd0249fb6f2a1bbcd0bfc66c91d997ae51?s=96&d=mm&r=g","caption":"Sandra"},"url":"https:\/\/www.reciplasa.es\/va\/author\/sandra\/"}]}},"_links":{"self":[{"href":"https:\/\/www.reciplasa.es\/va\/wp-json\/wp\/v2\/posts\/29874","targetHints":{"allow":["GET"]}}],"collection":[{"href":"https:\/\/www.reciplasa.es\/va\/wp-json\/wp\/v2\/posts"}],"about":[{"href":"https:\/\/www.reciplasa.es\/va\/wp-json\/wp\/v2\/types\/post"}],"author":[{"embeddable":true,"href":"https:\/\/www.reciplasa.es\/va\/wp-json\/wp\/v2\/users\/13"}],"replies":[{"embeddable":true,"href":"https:\/\/www.reciplasa.es\/va\/wp-json\/wp\/v2\/comments?post=29874"}],"version-history":[{"count":1,"href":"https:\/\/www.reciplasa.es\/va\/wp-json\/wp\/v2\/posts\/29874\/revisions"}],"predecessor-version":[{"id":29911,"href":"https:\/\/www.reciplasa.es\/va\/wp-json\/wp\/v2\/posts\/29874\/revisions\/29911"}],"wp:featuredmedia":[{"embeddable":true,"href":"https:\/\/www.reciplasa.es\/va\/wp-json\/wp\/v2\/media\/29736"}],"wp:attachment":[{"href":"https:\/\/www.reciplasa.es\/va\/wp-json\/wp\/v2\/media?parent=29874"}],"wp:term":[{"taxonomy":"category","embeddable":true,"href":"https:\/\/www.reciplasa.es\/va\/wp-json\/wp\/v2\/categories?post=29874"},{"taxonomy":"post_tag","embeddable":true,"href":"https:\/\/www.reciplasa.es\/va\/wp-json\/wp\/v2\/tags?post=29874"}],"curies":[{"name":"wp","href":"https:\/\/api.w.org\/{rel}","templated":true}]}}