{"id":33128,"date":"2026-01-14T17:13:50","date_gmt":"2026-01-14T17:13:50","guid":{"rendered":"https:\/\/www.reciplasa.es\/?p=33128"},"modified":"2026-01-14T17:13:50","modified_gmt":"2026-01-14T17:13:50","slug":"reciplasa-incrementa-en-mas-de-un-4-el-tratamiento-de-residuos-en-2025","status":"publish","type":"post","link":"https:\/\/www.reciplasa.es\/va\/reciplasa-incrementa-en-mas-de-un-4-el-tratamiento-de-residuos-en-2025\/","title":{"rendered":"Reciplasa incrementa en m\u00e1s de un 4 % el tratamiento de residuos en 2025"},"content":{"rendered":"<p><em>La planta gestion\u00f3 157.785 toneladas a lo largo del a\u00f1o, unas 6.400 m\u00e1s que en 2024, consolidando una tendencia al alza tras varios ejercicios de estabilidad<\/em><\/p>\n<p>Castell\u00f3n (14-enero-2026). \u2013 Reciplasa cerr\u00f3 2025 con un total de 157.785 toneladas de residuos urbanos tratados, lo que supone un incremento del 4,2 % respecto al a\u00f1o anterior, cuando la cifra se situ\u00f3 en 151.363 toneladas. El balance anual confirma una recuperaci\u00f3n del volumen de residuos gestionados y refuerza el papel de la entidad como infraestructura clave para el tratamiento de residuos en la provincia.<\/p>\n<p>El presidente de Reciplasa, Sergio Toledo, destac\u00f3 que \u201clos datos de 2025 confirman que cada d\u00eda generamos m\u00e1s residuos y que es m\u00e1s necesario que nunca seguir reforzando el mensaje de concienciaci\u00f3n y sensibilizaci\u00f3n en torno al reciclaje. Es fundamental sumar esfuerzos para revertir la tendencia de aumento de residuos que llegan a planta. Debemos ser conscientes de que si reciclamos en origen, llegar\u00eda mucho menos volumen de residuos, y con ello beneficiar\u00edamos a nuestro entorno y a nuestra econom\u00eda\u201d.<\/p>\n<p>El mes de diciembre cerr\u00f3 con 13.352 toneladas tratadas, en la l\u00ednea de los registros mensuales del \u00faltimo trimestre del a\u00f1o, que han mostrado una mayor estabilidad respecto a ejercicios anteriores. Esta regularidad ha permitido alcanzar el total anual m\u00e1s alto desde 2022 y romper con la tendencia pr\u00e1cticamente plana registrada entre 2023 y 2024.<\/p>\n<p>Desde el inicio de su actividad en 1998 y hasta finales de 2025, Reciplasa ha tratado un total de 4.277.794 toneladas de residuos, una cifra que da cuenta de la dimensi\u00f3n del servicio que presta a los 46 municipios consorciados y de su contribuci\u00f3n continuada a la gesti\u00f3n ambiental del territorio.<\/p>\n<p>Toledo remarc\u00f3 que el incremento registrado en 2025 \u201cno responde \u00fanicamente a un aumento poblacional o coyuntural, sino tambi\u00e9n a una mejora en los circuitos de recogida y en la coordinaci\u00f3n con los ayuntamientos\u201d, y a\u00f1adi\u00f3 que el reto para los pr\u00f3ximos a\u00f1os pasa por contener el crecimiento del residuo generado y potenciar su valorizaci\u00f3n.<\/p>\n<p>En comparaci\u00f3n con 2024, el dato m\u00e1s significativo del ejercicio es precisamente ese repunte del volumen tratado, que rompe la din\u00e1mica de estabilidad de los \u00faltimos a\u00f1os y sit\u00faa a 2025 como un a\u00f1o de referencia reciente en la actividad de la planta.<\/p>\n","protected":false},"excerpt":{"rendered":"<p>La planta gestion\u00f3 157.785 toneladas a lo largo del a\u00f1o, unas 6.400 m\u00e1s que en 2024, consolidando una tendencia al alza tras varios ejercicios de estabilidad Castell\u00f3n (14-enero-2026). \u2013 Reciplasa cerr\u00f3 2025 con un total de 157.785 toneladas de residuos urbanos tratados, lo que supone un incremento del 4,2 % respecto al a\u00f1o anterior, cuandoDale que hay m\u00e1s &#8230;<\/p>\n","protected":false},"author":13,"featured_media":16678,"comment_status":"closed","ping_status":"closed","sticky":false,"template":"","format":"standard","meta":{"footnotes":""},"categories":[3],"tags":[],"class_list":["post-33128","post","type-post","status-publish","format-standard","has-post-thumbnail","hentry","category-noticias-corporativas"],"yoast_head":"<!-- This site is optimized with the Yoast SEO plugin v27.4 - https:\/\/yoast.com\/product\/yoast-seo-wordpress\/ -->\n<title>Reciplasa incrementa en m\u00e1s de un 4 % el tratamiento de residuos en 2025 - RECIPLASA<\/title>\n<meta name=\"description\" content=\"La planta gestion\u00f3 157.785 toneladas, unas 6.400 m\u00e1s que en 2024, consolidando una tendencia al alza tras varios ejercicios de estabilidad\" \/>\n<meta name=\"robots\" content=\"index, follow, max-snippet:-1, max-image-preview:large, max-video-preview:-1\" \/>\n<link rel=\"canonical\" href=\"https:\/\/www.reciplasa.es\/reciplasa-incrementa-en-mas-de-un-4-el-tratamiento-de-residuos-en-2025\/\" \/>\n<meta property=\"og:locale\" content=\"en_US\" \/>\n<meta property=\"og:type\" content=\"article\" \/>\n<meta property=\"og:title\" content=\"Reciplasa incrementa en m\u00e1s de un 4 % el tratamiento de residuos en 2025 - RECIPLASA\" \/>\n<meta property=\"og:description\" content=\"La planta gestion\u00f3 157.785 toneladas, unas 6.400 m\u00e1s que en 2024, consolidando una tendencia al alza tras varios ejercicios de estabilidad\" \/>\n<meta property=\"og:url\" content=\"https:\/\/www.reciplasa.es\/reciplasa-incrementa-en-mas-de-un-4-el-tratamiento-de-residuos-en-2025\/\" \/>\n<meta property=\"og:site_name\" content=\"RECIPLASA\" \/>\n<meta property=\"article:published_time\" content=\"2026-01-14T17:13:50+00:00\" \/>\n<meta property=\"og:image\" content=\"https:\/\/www.reciplasa.es\/wp-content\/uploads\/2025\/03\/Sergio-Toledo-y-Fernando-Albarran-Reciplasa.jpeg\" \/>\n\t<meta property=\"og:image:width\" content=\"1600\" \/>\n\t<meta property=\"og:image:height\" content=\"1066\" \/>\n\t<meta property=\"og:image:type\" content=\"image\/jpeg\" \/>\n<meta name=\"author\" content=\"Sandra\" \/>\n<meta name=\"twitter:card\" content=\"summary_large_image\" \/>\n<meta name=\"twitter:label1\" content=\"Written by\" \/>\n\t<meta name=\"twitter:data1\" content=\"Sandra\" \/>\n\t<meta name=\"twitter:label2\" content=\"Est. reading time\" \/>\n\t<meta name=\"twitter:data2\" content=\"2 minutes\" \/>\n<script type=\"application\/ld+json\" class=\"yoast-schema-graph\">{\"@context\":\"https:\\\/\\\/schema.org\",\"@graph\":[{\"@type\":\"Article\",\"@id\":\"https:\\\/\\\/www.reciplasa.es\\\/reciplasa-incrementa-en-mas-de-un-4-el-tratamiento-de-residuos-en-2025\\\/#article\",\"isPartOf\":{\"@id\":\"https:\\\/\\\/www.reciplasa.es\\\/reciplasa-incrementa-en-mas-de-un-4-el-tratamiento-de-residuos-en-2025\\\/\"},\"author\":{\"name\":\"Sandra\",\"@id\":\"https:\\\/\\\/www.reciplasa.es\\\/#\\\/schema\\\/person\\\/15191934c9f5618dadb907c80c029c0b\"},\"headline\":\"Reciplasa incrementa en m\u00e1s de un 4 % el tratamiento de residuos en 2025\",\"datePublished\":\"2026-01-14T17:13:50+00:00\",\"mainEntityOfPage\":{\"@id\":\"https:\\\/\\\/www.reciplasa.es\\\/reciplasa-incrementa-en-mas-de-un-4-el-tratamiento-de-residuos-en-2025\\\/\"},\"wordCount\":398,\"image\":{\"@id\":\"https:\\\/\\\/www.reciplasa.es\\\/reciplasa-incrementa-en-mas-de-un-4-el-tratamiento-de-residuos-en-2025\\\/#primaryimage\"},\"thumbnailUrl\":\"https:\\\/\\\/www.reciplasa.es\\\/wp-content\\\/uploads\\\/2025\\\/03\\\/Sergio-Toledo-y-Fernando-Albarran-Reciplasa.jpeg\",\"articleSection\":[\"Noticias corporativas\"],\"inLanguage\":\"va-VA\"},{\"@type\":\"WebPage\",\"@id\":\"https:\\\/\\\/www.reciplasa.es\\\/reciplasa-incrementa-en-mas-de-un-4-el-tratamiento-de-residuos-en-2025\\\/\",\"url\":\"https:\\\/\\\/www.reciplasa.es\\\/reciplasa-incrementa-en-mas-de-un-4-el-tratamiento-de-residuos-en-2025\\\/\",\"name\":\"Reciplasa incrementa en m\u00e1s de un 4 % el tratamiento de residuos en 2025 - RECIPLASA\",\"isPartOf\":{\"@id\":\"https:\\\/\\\/www.reciplasa.es\\\/#website\"},\"primaryImageOfPage\":{\"@id\":\"https:\\\/\\\/www.reciplasa.es\\\/reciplasa-incrementa-en-mas-de-un-4-el-tratamiento-de-residuos-en-2025\\\/#primaryimage\"},\"image\":{\"@id\":\"https:\\\/\\\/www.reciplasa.es\\\/reciplasa-incrementa-en-mas-de-un-4-el-tratamiento-de-residuos-en-2025\\\/#primaryimage\"},\"thumbnailUrl\":\"https:\\\/\\\/www.reciplasa.es\\\/wp-content\\\/uploads\\\/2025\\\/03\\\/Sergio-Toledo-y-Fernando-Albarran-Reciplasa.jpeg\",\"datePublished\":\"2026-01-14T17:13:50+00:00\",\"author\":{\"@id\":\"https:\\\/\\\/www.reciplasa.es\\\/#\\\/schema\\\/person\\\/15191934c9f5618dadb907c80c029c0b\"},\"description\":\"La planta gestion\u00f3 157.785 toneladas, unas 6.400 m\u00e1s que en 2024, consolidando una tendencia al alza tras varios ejercicios de estabilidad\",\"breadcrumb\":{\"@id\":\"https:\\\/\\\/www.reciplasa.es\\\/reciplasa-incrementa-en-mas-de-un-4-el-tratamiento-de-residuos-en-2025\\\/#breadcrumb\"},\"inLanguage\":\"va-VA\",\"potentialAction\":[{\"@type\":\"ReadAction\",\"target\":[\"https:\\\/\\\/www.reciplasa.es\\\/reciplasa-incrementa-en-mas-de-un-4-el-tratamiento-de-residuos-en-2025\\\/\"]}]},{\"@type\":\"ImageObject\",\"inLanguage\":\"va-VA\",\"@id\":\"https:\\\/\\\/www.reciplasa.es\\\/reciplasa-incrementa-en-mas-de-un-4-el-tratamiento-de-residuos-en-2025\\\/#primaryimage\",\"url\":\"https:\\\/\\\/www.reciplasa.es\\\/wp-content\\\/uploads\\\/2025\\\/03\\\/Sergio-Toledo-y-Fernando-Albarran-Reciplasa.jpeg\",\"contentUrl\":\"https:\\\/\\\/www.reciplasa.es\\\/wp-content\\\/uploads\\\/2025\\\/03\\\/Sergio-Toledo-y-Fernando-Albarran-Reciplasa.jpeg\",\"width\":1600,\"height\":1066},{\"@type\":\"BreadcrumbList\",\"@id\":\"https:\\\/\\\/www.reciplasa.es\\\/reciplasa-incrementa-en-mas-de-un-4-el-tratamiento-de-residuos-en-2025\\\/#breadcrumb\",\"itemListElement\":[{\"@type\":\"ListItem\",\"position\":1,\"name\":\"Portada\",\"item\":\"https:\\\/\\\/www.reciplasa.es\\\/va\\\/\"},{\"@type\":\"ListItem\",\"position\":2,\"name\":\"Reciplasa incrementa en m\u00e1s de un 4 % el tratamiento de residuos en 2025\"}]},{\"@type\":\"WebSite\",\"@id\":\"https:\\\/\\\/www.reciplasa.es\\\/#website\",\"url\":\"https:\\\/\\\/www.reciplasa.es\\\/\",\"name\":\"RECIPLASA\",\"description\":\"Reciclats de Residus La Plana SA\",\"potentialAction\":[{\"@type\":\"SearchAction\",\"target\":{\"@type\":\"EntryPoint\",\"urlTemplate\":\"https:\\\/\\\/www.reciplasa.es\\\/?s={search_term_string}\"},\"query-input\":{\"@type\":\"PropertyValueSpecification\",\"valueRequired\":true,\"valueName\":\"search_term_string\"}}],\"inLanguage\":\"va-VA\"},{\"@type\":\"Person\",\"@id\":\"https:\\\/\\\/www.reciplasa.es\\\/#\\\/schema\\\/person\\\/15191934c9f5618dadb907c80c029c0b\",\"name\":\"Sandra\",\"image\":{\"@type\":\"ImageObject\",\"inLanguage\":\"va-VA\",\"@id\":\"https:\\\/\\\/secure.gravatar.com\\\/avatar\\\/605ca84bedd79915b697a46887df8ccd0249fb6f2a1bbcd0bfc66c91d997ae51?s=96&d=mm&r=g\",\"url\":\"https:\\\/\\\/secure.gravatar.com\\\/avatar\\\/605ca84bedd79915b697a46887df8ccd0249fb6f2a1bbcd0bfc66c91d997ae51?s=96&d=mm&r=g\",\"contentUrl\":\"https:\\\/\\\/secure.gravatar.com\\\/avatar\\\/605ca84bedd79915b697a46887df8ccd0249fb6f2a1bbcd0bfc66c91d997ae51?s=96&d=mm&r=g\",\"caption\":\"Sandra\"},\"url\":\"https:\\\/\\\/www.reciplasa.es\\\/va\\\/author\\\/sandra\\\/\"}]}<\/script>\n<!-- \/ Yoast SEO plugin. -->","yoast_head_json":{"title":"Reciplasa incrementa en m\u00e1s de un 4 % el tratamiento de residuos en 2025 - RECIPLASA","description":"La planta gestion\u00f3 157.785 toneladas, unas 6.400 m\u00e1s que en 2024, consolidando una tendencia al alza tras varios ejercicios de estabilidad","robots":{"index":"index","follow":"follow","max-snippet":"max-snippet:-1","max-image-preview":"max-image-preview:large","max-video-preview":"max-video-preview:-1"},"canonical":"https:\/\/www.reciplasa.es\/reciplasa-incrementa-en-mas-de-un-4-el-tratamiento-de-residuos-en-2025\/","og_locale":"en_US","og_type":"article","og_title":"Reciplasa incrementa en m\u00e1s de un 4 % el tratamiento de residuos en 2025 - RECIPLASA","og_description":"La planta gestion\u00f3 157.785 toneladas, unas 6.400 m\u00e1s que en 2024, consolidando una tendencia al alza tras varios ejercicios de estabilidad","og_url":"https:\/\/www.reciplasa.es\/reciplasa-incrementa-en-mas-de-un-4-el-tratamiento-de-residuos-en-2025\/","og_site_name":"RECIPLASA","article_published_time":"2026-01-14T17:13:50+00:00","og_image":[{"width":1600,"height":1066,"url":"https:\/\/www.reciplasa.es\/wp-content\/uploads\/2025\/03\/Sergio-Toledo-y-Fernando-Albarran-Reciplasa.jpeg","type":"image\/jpeg"}],"author":"Sandra","twitter_card":"summary_large_image","twitter_misc":{"Written by":"Sandra","Est. reading time":"2 minutes"},"schema":{"@context":"https:\/\/schema.org","@graph":[{"@type":"Article","@id":"https:\/\/www.reciplasa.es\/reciplasa-incrementa-en-mas-de-un-4-el-tratamiento-de-residuos-en-2025\/#article","isPartOf":{"@id":"https:\/\/www.reciplasa.es\/reciplasa-incrementa-en-mas-de-un-4-el-tratamiento-de-residuos-en-2025\/"},"author":{"name":"Sandra","@id":"https:\/\/www.reciplasa.es\/#\/schema\/person\/15191934c9f5618dadb907c80c029c0b"},"headline":"Reciplasa incrementa en m\u00e1s de un 4 % el tratamiento de residuos en 2025","datePublished":"2026-01-14T17:13:50+00:00","mainEntityOfPage":{"@id":"https:\/\/www.reciplasa.es\/reciplasa-incrementa-en-mas-de-un-4-el-tratamiento-de-residuos-en-2025\/"},"wordCount":398,"image":{"@id":"https:\/\/www.reciplasa.es\/reciplasa-incrementa-en-mas-de-un-4-el-tratamiento-de-residuos-en-2025\/#primaryimage"},"thumbnailUrl":"https:\/\/www.reciplasa.es\/wp-content\/uploads\/2025\/03\/Sergio-Toledo-y-Fernando-Albarran-Reciplasa.jpeg","articleSection":["Noticias corporativas"],"inLanguage":"va-VA"},{"@type":"WebPage","@id":"https:\/\/www.reciplasa.es\/reciplasa-incrementa-en-mas-de-un-4-el-tratamiento-de-residuos-en-2025\/","url":"https:\/\/www.reciplasa.es\/reciplasa-incrementa-en-mas-de-un-4-el-tratamiento-de-residuos-en-2025\/","name":"Reciplasa incrementa en m\u00e1s de un 4 % el tratamiento de residuos en 2025 - RECIPLASA","isPartOf":{"@id":"https:\/\/www.reciplasa.es\/#website"},"primaryImageOfPage":{"@id":"https:\/\/www.reciplasa.es\/reciplasa-incrementa-en-mas-de-un-4-el-tratamiento-de-residuos-en-2025\/#primaryimage"},"image":{"@id":"https:\/\/www.reciplasa.es\/reciplasa-incrementa-en-mas-de-un-4-el-tratamiento-de-residuos-en-2025\/#primaryimage"},"thumbnailUrl":"https:\/\/www.reciplasa.es\/wp-content\/uploads\/2025\/03\/Sergio-Toledo-y-Fernando-Albarran-Reciplasa.jpeg","datePublished":"2026-01-14T17:13:50+00:00","author":{"@id":"https:\/\/www.reciplasa.es\/#\/schema\/person\/15191934c9f5618dadb907c80c029c0b"},"description":"La planta gestion\u00f3 157.785 toneladas, unas 6.400 m\u00e1s que en 2024, consolidando una tendencia al alza tras varios ejercicios de estabilidad","breadcrumb":{"@id":"https:\/\/www.reciplasa.es\/reciplasa-incrementa-en-mas-de-un-4-el-tratamiento-de-residuos-en-2025\/#breadcrumb"},"inLanguage":"va-VA","potentialAction":[{"@type":"ReadAction","target":["https:\/\/www.reciplasa.es\/reciplasa-incrementa-en-mas-de-un-4-el-tratamiento-de-residuos-en-2025\/"]}]},{"@type":"ImageObject","inLanguage":"va-VA","@id":"https:\/\/www.reciplasa.es\/reciplasa-incrementa-en-mas-de-un-4-el-tratamiento-de-residuos-en-2025\/#primaryimage","url":"https:\/\/www.reciplasa.es\/wp-content\/uploads\/2025\/03\/Sergio-Toledo-y-Fernando-Albarran-Reciplasa.jpeg","contentUrl":"https:\/\/www.reciplasa.es\/wp-content\/uploads\/2025\/03\/Sergio-Toledo-y-Fernando-Albarran-Reciplasa.jpeg","width":1600,"height":1066},{"@type":"BreadcrumbList","@id":"https:\/\/www.reciplasa.es\/reciplasa-incrementa-en-mas-de-un-4-el-tratamiento-de-residuos-en-2025\/#breadcrumb","itemListElement":[{"@type":"ListItem","position":1,"name":"Portada","item":"https:\/\/www.reciplasa.es\/va\/"},{"@type":"ListItem","position":2,"name":"Reciplasa incrementa en m\u00e1s de un 4 % el tratamiento de residuos en 2025"}]},{"@type":"WebSite","@id":"https:\/\/www.reciplasa.es\/#website","url":"https:\/\/www.reciplasa.es\/","name":"RECIPLASA","description":"Reciclats de Residus La Plana SA","potentialAction":[{"@type":"SearchAction","target":{"@type":"EntryPoint","urlTemplate":"https:\/\/www.reciplasa.es\/?s={search_term_string}"},"query-input":{"@type":"PropertyValueSpecification","valueRequired":true,"valueName":"search_term_string"}}],"inLanguage":"va-VA"},{"@type":"Person","@id":"https:\/\/www.reciplasa.es\/#\/schema\/person\/15191934c9f5618dadb907c80c029c0b","name":"Sandra","image":{"@type":"ImageObject","inLanguage":"va-VA","@id":"https:\/\/secure.gravatar.com\/avatar\/605ca84bedd79915b697a46887df8ccd0249fb6f2a1bbcd0bfc66c91d997ae51?s=96&d=mm&r=g","url":"https:\/\/secure.gravatar.com\/avatar\/605ca84bedd79915b697a46887df8ccd0249fb6f2a1bbcd0bfc66c91d997ae51?s=96&d=mm&r=g","contentUrl":"https:\/\/secure.gravatar.com\/avatar\/605ca84bedd79915b697a46887df8ccd0249fb6f2a1bbcd0bfc66c91d997ae51?s=96&d=mm&r=g","caption":"Sandra"},"url":"https:\/\/www.reciplasa.es\/va\/author\/sandra\/"}]}},"_links":{"self":[{"href":"https:\/\/www.reciplasa.es\/va\/wp-json\/wp\/v2\/posts\/33128","targetHints":{"allow":["GET"]}}],"collection":[{"href":"https:\/\/www.reciplasa.es\/va\/wp-json\/wp\/v2\/posts"}],"about":[{"href":"https:\/\/www.reciplasa.es\/va\/wp-json\/wp\/v2\/types\/post"}],"author":[{"embeddable":true,"href":"https:\/\/www.reciplasa.es\/va\/wp-json\/wp\/v2\/users\/13"}],"replies":[{"embeddable":true,"href":"https:\/\/www.reciplasa.es\/va\/wp-json\/wp\/v2\/comments?post=33128"}],"version-history":[{"count":1,"href":"https:\/\/www.reciplasa.es\/va\/wp-json\/wp\/v2\/posts\/33128\/revisions"}],"predecessor-version":[{"id":33317,"href":"https:\/\/www.reciplasa.es\/va\/wp-json\/wp\/v2\/posts\/33128\/revisions\/33317"}],"wp:featuredmedia":[{"embeddable":true,"href":"https:\/\/www.reciplasa.es\/va\/wp-json\/wp\/v2\/media\/16678"}],"wp:attachment":[{"href":"https:\/\/www.reciplasa.es\/va\/wp-json\/wp\/v2\/media?parent=33128"}],"wp:term":[{"taxonomy":"category","embeddable":true,"href":"https:\/\/www.reciplasa.es\/va\/wp-json\/wp\/v2\/categories?post=33128"},{"taxonomy":"post_tag","embeddable":true,"href":"https:\/\/www.reciplasa.es\/va\/wp-json\/wp\/v2\/tags?post=33128"}],"curies":[{"name":"wp","href":"https:\/\/api.w.org\/{rel}","templated":true}]}}