{"id":34646,"date":"2026-01-15T09:58:30","date_gmt":"2026-01-15T09:58:30","guid":{"rendered":"https:\/\/www.reciplasa.es\/?p=34646"},"modified":"2026-01-15T09:58:30","modified_gmt":"2026-01-15T09:58:30","slug":"reciplasa-incrementa-en-mes-dun-4-el-tractament-de-residus-en-2025","status":"publish","type":"post","link":"https:\/\/www.reciplasa.es\/va\/reciplasa-incrementa-en-mes-dun-4-el-tractament-de-residus-en-2025\/","title":{"rendered":"Reciplasa incrementa en m\u00e9s d\u2019un 4 % el tractament de residus en 2025  \u00a0"},"content":{"rendered":"<p>&nbsp;<\/p>\n<p><em>La planta va gestionar 157.785 tones al llarg de l\u2019any, unes 6.400 m\u00e9s que en 2024, consolidant una tend\u00e8ncia a l\u2019al\u00e7a despr\u00e9s de diversos exercicis d\u2019estabilitat\u00a0 <\/em><strong>\u00a0\u00a0<\/strong><\/p>\n<p><em>\u00a0<\/em><\/p>\n<p><strong>Castell\u00f3 (14-gener-2026). \u2013 <\/strong>Reciplasa\u00a0va tancar 2025 amb un total de 157.785 tones de residus urbans tractats, la qual cosa suposa un increment del 4,2% respecte a l&#8217;any anterior, quan la xifra es va situar en 151.363 tones. El balan\u00e7 anual confirma una recuperaci\u00f3 del volum de residus gestionats i refor\u00e7a el paper de l&#8217;entitat com a infraestructura clau per al tractament de residus a la prov\u00edncia.<\/p>\n<p>El president de\u00a0Reciplasa, Sergio Toledo, va destacar que \u201cles dades de 2025 confirmen que cada dia generem m\u00e9s residus i que \u00e9s m\u00e9s necessari que mai continuar refor\u00e7ant el missatge de conscienciaci\u00f3 i sensibilitzaci\u00f3 entorn del reciclatge. \u00c9s fonamental sumar esfor\u00e7os per a revertir la tend\u00e8ncia d&#8217;augment de residus que arriben a planta. Hem de ser conscients que si reciclem en origen, arribaria molt menys volum de residus, i amb aix\u00f2 beneficiar\u00edem al nostre entorn i a la nostra economia\u201d.<\/p>\n<p>El mes de desembre va tancar amb 13.352 tones tractades, en la l\u00ednia dels registres mensuals de l&#8217;\u00faltim trimestre de l&#8217;any, que han mostrat una major estabilitat respecte a exercicis anteriors. Aquesta regularitat ha perm\u00e9s aconseguir el total anual m\u00e9s alt des de 2022 i trencar amb la tend\u00e8ncia pr\u00e0cticament plana registrada entre 2023 i 2024.<\/p>\n<p>Des de l&#8217;inici de la seua activitat en 1998 i fins a finals de 2025,\u00a0Reciplasa\u00a0ha tractat un total de 4.277.794 tones de residus, una xifra que dona compte de la dimensi\u00f3 del servei que presta als 46 municipis consorciats i de la seua contribuci\u00f3 continuada a la gesti\u00f3 ambiental del territori.<\/p>\n<p>Toledo va remarcar que l&#8217;increment registrat en 2025 \u201cno respon \u00fanicament a un augment poblacional o conjuntural, sin\u00f3 tamb\u00e9 a una millora en els circuits de recollida i en la coordinaci\u00f3 amb els ajuntaments\u201d, i va afegir que el repte per als pr\u00f2xims anys passa per contindre el creixement del residu generat i potenciar la seua valoritzaci\u00f3.<\/p>\n<p>En comparaci\u00f3 amb 2024, la dada m\u00e9s significativa de l&#8217;exercici \u00e9s precisament eixe repunt del volum tractat, que trenca la din\u00e0mica d&#8217;estabilitat dels \u00faltims anys i situa a 2025 com un any de refer\u00e8ncia recent en l&#8217;activitat de la planta.<\/p>\n<p>&nbsp;<\/p>\n","protected":false},"excerpt":{"rendered":"<p>&nbsp; La planta va gestionar 157.785 tones al llarg de l\u2019any, unes 6.400 m\u00e9s que en 2024, consolidant una tend\u00e8ncia a l\u2019al\u00e7a despr\u00e9s de diversos exercicis d\u2019estabilitat\u00a0 \u00a0\u00a0 \u00a0 Castell\u00f3 (14-gener-2026). \u2013 Reciplasa\u00a0va tancar 2025 amb un total de 157.785 tones de residus urbans tractats, la qual cosa suposa un increment del 4,2% respecte aDale que hay m\u00e1s &#8230;<\/p>\n","protected":false},"author":13,"featured_media":34687,"comment_status":"closed","ping_status":"closed","sticky":false,"template":"","format":"standard","meta":{"footnotes":""},"categories":[87],"tags":[],"class_list":["post-34646","post","type-post","status-publish","format-standard","has-post-thumbnail","hentry","category-noticies-corporatives"],"yoast_head":"<!-- This site is optimized with the Yoast SEO plugin v27.4 - https:\/\/yoast.com\/product\/yoast-seo-wordpress\/ -->\n<title>Reciplasa incrementa en m\u00e9s d\u2019un 4 % el tractament de residus en 2025 \u00a0 - RECIPLASA<\/title>\n<meta name=\"description\" content=\"La planta va gestionar 157.785 tones, 6.400 m\u00e9s que en 2024, consolidant una tend\u00e8ncia a l\u2019al\u00e7a despr\u00e9s de diversos exercicis d\u2019estabilitat\u00a0 \u00a0\u00a0\" \/>\n<meta name=\"robots\" content=\"index, follow, max-snippet:-1, max-image-preview:large, max-video-preview:-1\" \/>\n<link rel=\"canonical\" href=\"https:\/\/www.reciplasa.es\/va\/reciplasa-incrementa-en-mes-dun-4-el-tractament-de-residus-en-2025\/\" \/>\n<meta property=\"og:locale\" content=\"en_US\" \/>\n<meta property=\"og:type\" content=\"article\" \/>\n<meta property=\"og:title\" content=\"Reciplasa incrementa en m\u00e9s d\u2019un 4 % el tractament de residus en 2025 \u00a0 - RECIPLASA\" \/>\n<meta property=\"og:description\" content=\"La planta va gestionar 157.785 tones, 6.400 m\u00e9s que en 2024, consolidant una tend\u00e8ncia a l\u2019al\u00e7a despr\u00e9s de diversos exercicis d\u2019estabilitat\u00a0 \u00a0\u00a0\" \/>\n<meta property=\"og:url\" content=\"https:\/\/www.reciplasa.es\/va\/reciplasa-incrementa-en-mes-dun-4-el-tractament-de-residus-en-2025\/\" \/>\n<meta property=\"og:site_name\" content=\"RECIPLASA\" \/>\n<meta property=\"article:published_time\" content=\"2026-01-15T09:58:30+00:00\" \/>\n<meta property=\"og:image\" content=\"https:\/\/www.reciplasa.es\/wp-content\/uploads\/2026\/01\/Sergio-Toledo-y-Fernando-Albarran-Reciplasa-1.jpeg\" \/>\n\t<meta property=\"og:image:width\" content=\"1600\" \/>\n\t<meta property=\"og:image:height\" content=\"1066\" \/>\n\t<meta property=\"og:image:type\" content=\"image\/jpeg\" \/>\n<meta name=\"author\" content=\"Sandra\" \/>\n<meta name=\"twitter:card\" content=\"summary_large_image\" \/>\n<meta name=\"twitter:label1\" content=\"Written by\" \/>\n\t<meta name=\"twitter:data1\" content=\"Sandra\" \/>\n\t<meta name=\"twitter:label2\" content=\"Est. reading time\" \/>\n\t<meta name=\"twitter:data2\" content=\"2 minutes\" \/>\n<script type=\"application\/ld+json\" class=\"yoast-schema-graph\">{\"@context\":\"https:\\\/\\\/schema.org\",\"@graph\":[{\"@type\":\"Article\",\"@id\":\"https:\\\/\\\/www.reciplasa.es\\\/va\\\/reciplasa-incrementa-en-mes-dun-4-el-tractament-de-residus-en-2025\\\/#article\",\"isPartOf\":{\"@id\":\"https:\\\/\\\/www.reciplasa.es\\\/va\\\/reciplasa-incrementa-en-mes-dun-4-el-tractament-de-residus-en-2025\\\/\"},\"author\":{\"name\":\"Sandra\",\"@id\":\"https:\\\/\\\/www.reciplasa.es\\\/#\\\/schema\\\/person\\\/15191934c9f5618dadb907c80c029c0b\"},\"headline\":\"Reciplasa incrementa en m\u00e9s d\u2019un 4 % el tractament de residus en 2025 \u00a0\",\"datePublished\":\"2026-01-15T09:58:30+00:00\",\"mainEntityOfPage\":{\"@id\":\"https:\\\/\\\/www.reciplasa.es\\\/va\\\/reciplasa-incrementa-en-mes-dun-4-el-tractament-de-residus-en-2025\\\/\"},\"wordCount\":408,\"image\":{\"@id\":\"https:\\\/\\\/www.reciplasa.es\\\/va\\\/reciplasa-incrementa-en-mes-dun-4-el-tractament-de-residus-en-2025\\\/#primaryimage\"},\"thumbnailUrl\":\"https:\\\/\\\/www.reciplasa.es\\\/wp-content\\\/uploads\\\/2026\\\/01\\\/Sergio-Toledo-y-Fernando-Albarran-Reciplasa-1.jpeg\",\"articleSection\":[\"Not\u00edcies corporatives\"],\"inLanguage\":\"va-VA\"},{\"@type\":\"WebPage\",\"@id\":\"https:\\\/\\\/www.reciplasa.es\\\/va\\\/reciplasa-incrementa-en-mes-dun-4-el-tractament-de-residus-en-2025\\\/\",\"url\":\"https:\\\/\\\/www.reciplasa.es\\\/va\\\/reciplasa-incrementa-en-mes-dun-4-el-tractament-de-residus-en-2025\\\/\",\"name\":\"Reciplasa incrementa en m\u00e9s d\u2019un 4 % el tractament de residus en 2025 \u00a0 - RECIPLASA\",\"isPartOf\":{\"@id\":\"https:\\\/\\\/www.reciplasa.es\\\/#website\"},\"primaryImageOfPage\":{\"@id\":\"https:\\\/\\\/www.reciplasa.es\\\/va\\\/reciplasa-incrementa-en-mes-dun-4-el-tractament-de-residus-en-2025\\\/#primaryimage\"},\"image\":{\"@id\":\"https:\\\/\\\/www.reciplasa.es\\\/va\\\/reciplasa-incrementa-en-mes-dun-4-el-tractament-de-residus-en-2025\\\/#primaryimage\"},\"thumbnailUrl\":\"https:\\\/\\\/www.reciplasa.es\\\/wp-content\\\/uploads\\\/2026\\\/01\\\/Sergio-Toledo-y-Fernando-Albarran-Reciplasa-1.jpeg\",\"datePublished\":\"2026-01-15T09:58:30+00:00\",\"author\":{\"@id\":\"https:\\\/\\\/www.reciplasa.es\\\/#\\\/schema\\\/person\\\/15191934c9f5618dadb907c80c029c0b\"},\"description\":\"La planta va gestionar 157.785 tones, 6.400 m\u00e9s que en 2024, consolidant una tend\u00e8ncia a l\u2019al\u00e7a despr\u00e9s de diversos exercicis d\u2019estabilitat\u00a0 \u00a0\u00a0\",\"breadcrumb\":{\"@id\":\"https:\\\/\\\/www.reciplasa.es\\\/va\\\/reciplasa-incrementa-en-mes-dun-4-el-tractament-de-residus-en-2025\\\/#breadcrumb\"},\"inLanguage\":\"va-VA\",\"potentialAction\":[{\"@type\":\"ReadAction\",\"target\":[\"https:\\\/\\\/www.reciplasa.es\\\/va\\\/reciplasa-incrementa-en-mes-dun-4-el-tractament-de-residus-en-2025\\\/\"]}]},{\"@type\":\"ImageObject\",\"inLanguage\":\"va-VA\",\"@id\":\"https:\\\/\\\/www.reciplasa.es\\\/va\\\/reciplasa-incrementa-en-mes-dun-4-el-tractament-de-residus-en-2025\\\/#primaryimage\",\"url\":\"https:\\\/\\\/www.reciplasa.es\\\/wp-content\\\/uploads\\\/2026\\\/01\\\/Sergio-Toledo-y-Fernando-Albarran-Reciplasa-1.jpeg\",\"contentUrl\":\"https:\\\/\\\/www.reciplasa.es\\\/wp-content\\\/uploads\\\/2026\\\/01\\\/Sergio-Toledo-y-Fernando-Albarran-Reciplasa-1.jpeg\",\"width\":1600,\"height\":1066},{\"@type\":\"BreadcrumbList\",\"@id\":\"https:\\\/\\\/www.reciplasa.es\\\/va\\\/reciplasa-incrementa-en-mes-dun-4-el-tractament-de-residus-en-2025\\\/#breadcrumb\",\"itemListElement\":[{\"@type\":\"ListItem\",\"position\":1,\"name\":\"Portada\",\"item\":\"https:\\\/\\\/www.reciplasa.es\\\/va\\\/\"},{\"@type\":\"ListItem\",\"position\":2,\"name\":\"Reciplasa incrementa en m\u00e9s d\u2019un 4 % el tractament de residus en 2025 \u00a0\"}]},{\"@type\":\"WebSite\",\"@id\":\"https:\\\/\\\/www.reciplasa.es\\\/#website\",\"url\":\"https:\\\/\\\/www.reciplasa.es\\\/\",\"name\":\"RECIPLASA\",\"description\":\"Reciclats de Residus La Plana SA\",\"potentialAction\":[{\"@type\":\"SearchAction\",\"target\":{\"@type\":\"EntryPoint\",\"urlTemplate\":\"https:\\\/\\\/www.reciplasa.es\\\/?s={search_term_string}\"},\"query-input\":{\"@type\":\"PropertyValueSpecification\",\"valueRequired\":true,\"valueName\":\"search_term_string\"}}],\"inLanguage\":\"va-VA\"},{\"@type\":\"Person\",\"@id\":\"https:\\\/\\\/www.reciplasa.es\\\/#\\\/schema\\\/person\\\/15191934c9f5618dadb907c80c029c0b\",\"name\":\"Sandra\",\"image\":{\"@type\":\"ImageObject\",\"inLanguage\":\"va-VA\",\"@id\":\"https:\\\/\\\/secure.gravatar.com\\\/avatar\\\/605ca84bedd79915b697a46887df8ccd0249fb6f2a1bbcd0bfc66c91d997ae51?s=96&d=mm&r=g\",\"url\":\"https:\\\/\\\/secure.gravatar.com\\\/avatar\\\/605ca84bedd79915b697a46887df8ccd0249fb6f2a1bbcd0bfc66c91d997ae51?s=96&d=mm&r=g\",\"contentUrl\":\"https:\\\/\\\/secure.gravatar.com\\\/avatar\\\/605ca84bedd79915b697a46887df8ccd0249fb6f2a1bbcd0bfc66c91d997ae51?s=96&d=mm&r=g\",\"caption\":\"Sandra\"},\"url\":\"https:\\\/\\\/www.reciplasa.es\\\/va\\\/author\\\/sandra\\\/\"}]}<\/script>\n<!-- \/ Yoast SEO plugin. -->","yoast_head_json":{"title":"Reciplasa incrementa en m\u00e9s d\u2019un 4 % el tractament de residus en 2025 \u00a0 - RECIPLASA","description":"La planta va gestionar 157.785 tones, 6.400 m\u00e9s que en 2024, consolidant una tend\u00e8ncia a l\u2019al\u00e7a despr\u00e9s de diversos exercicis d\u2019estabilitat\u00a0 \u00a0\u00a0","robots":{"index":"index","follow":"follow","max-snippet":"max-snippet:-1","max-image-preview":"max-image-preview:large","max-video-preview":"max-video-preview:-1"},"canonical":"https:\/\/www.reciplasa.es\/va\/reciplasa-incrementa-en-mes-dun-4-el-tractament-de-residus-en-2025\/","og_locale":"en_US","og_type":"article","og_title":"Reciplasa incrementa en m\u00e9s d\u2019un 4 % el tractament de residus en 2025 \u00a0 - RECIPLASA","og_description":"La planta va gestionar 157.785 tones, 6.400 m\u00e9s que en 2024, consolidant una tend\u00e8ncia a l\u2019al\u00e7a despr\u00e9s de diversos exercicis d\u2019estabilitat\u00a0 \u00a0\u00a0","og_url":"https:\/\/www.reciplasa.es\/va\/reciplasa-incrementa-en-mes-dun-4-el-tractament-de-residus-en-2025\/","og_site_name":"RECIPLASA","article_published_time":"2026-01-15T09:58:30+00:00","og_image":[{"width":1600,"height":1066,"url":"https:\/\/www.reciplasa.es\/wp-content\/uploads\/2026\/01\/Sergio-Toledo-y-Fernando-Albarran-Reciplasa-1.jpeg","type":"image\/jpeg"}],"author":"Sandra","twitter_card":"summary_large_image","twitter_misc":{"Written by":"Sandra","Est. reading time":"2 minutes"},"schema":{"@context":"https:\/\/schema.org","@graph":[{"@type":"Article","@id":"https:\/\/www.reciplasa.es\/va\/reciplasa-incrementa-en-mes-dun-4-el-tractament-de-residus-en-2025\/#article","isPartOf":{"@id":"https:\/\/www.reciplasa.es\/va\/reciplasa-incrementa-en-mes-dun-4-el-tractament-de-residus-en-2025\/"},"author":{"name":"Sandra","@id":"https:\/\/www.reciplasa.es\/#\/schema\/person\/15191934c9f5618dadb907c80c029c0b"},"headline":"Reciplasa incrementa en m\u00e9s d\u2019un 4 % el tractament de residus en 2025 \u00a0","datePublished":"2026-01-15T09:58:30+00:00","mainEntityOfPage":{"@id":"https:\/\/www.reciplasa.es\/va\/reciplasa-incrementa-en-mes-dun-4-el-tractament-de-residus-en-2025\/"},"wordCount":408,"image":{"@id":"https:\/\/www.reciplasa.es\/va\/reciplasa-incrementa-en-mes-dun-4-el-tractament-de-residus-en-2025\/#primaryimage"},"thumbnailUrl":"https:\/\/www.reciplasa.es\/wp-content\/uploads\/2026\/01\/Sergio-Toledo-y-Fernando-Albarran-Reciplasa-1.jpeg","articleSection":["Not\u00edcies corporatives"],"inLanguage":"va-VA"},{"@type":"WebPage","@id":"https:\/\/www.reciplasa.es\/va\/reciplasa-incrementa-en-mes-dun-4-el-tractament-de-residus-en-2025\/","url":"https:\/\/www.reciplasa.es\/va\/reciplasa-incrementa-en-mes-dun-4-el-tractament-de-residus-en-2025\/","name":"Reciplasa incrementa en m\u00e9s d\u2019un 4 % el tractament de residus en 2025 \u00a0 - RECIPLASA","isPartOf":{"@id":"https:\/\/www.reciplasa.es\/#website"},"primaryImageOfPage":{"@id":"https:\/\/www.reciplasa.es\/va\/reciplasa-incrementa-en-mes-dun-4-el-tractament-de-residus-en-2025\/#primaryimage"},"image":{"@id":"https:\/\/www.reciplasa.es\/va\/reciplasa-incrementa-en-mes-dun-4-el-tractament-de-residus-en-2025\/#primaryimage"},"thumbnailUrl":"https:\/\/www.reciplasa.es\/wp-content\/uploads\/2026\/01\/Sergio-Toledo-y-Fernando-Albarran-Reciplasa-1.jpeg","datePublished":"2026-01-15T09:58:30+00:00","author":{"@id":"https:\/\/www.reciplasa.es\/#\/schema\/person\/15191934c9f5618dadb907c80c029c0b"},"description":"La planta va gestionar 157.785 tones, 6.400 m\u00e9s que en 2024, consolidant una tend\u00e8ncia a l\u2019al\u00e7a despr\u00e9s de diversos exercicis d\u2019estabilitat\u00a0 \u00a0\u00a0","breadcrumb":{"@id":"https:\/\/www.reciplasa.es\/va\/reciplasa-incrementa-en-mes-dun-4-el-tractament-de-residus-en-2025\/#breadcrumb"},"inLanguage":"va-VA","potentialAction":[{"@type":"ReadAction","target":["https:\/\/www.reciplasa.es\/va\/reciplasa-incrementa-en-mes-dun-4-el-tractament-de-residus-en-2025\/"]}]},{"@type":"ImageObject","inLanguage":"va-VA","@id":"https:\/\/www.reciplasa.es\/va\/reciplasa-incrementa-en-mes-dun-4-el-tractament-de-residus-en-2025\/#primaryimage","url":"https:\/\/www.reciplasa.es\/wp-content\/uploads\/2026\/01\/Sergio-Toledo-y-Fernando-Albarran-Reciplasa-1.jpeg","contentUrl":"https:\/\/www.reciplasa.es\/wp-content\/uploads\/2026\/01\/Sergio-Toledo-y-Fernando-Albarran-Reciplasa-1.jpeg","width":1600,"height":1066},{"@type":"BreadcrumbList","@id":"https:\/\/www.reciplasa.es\/va\/reciplasa-incrementa-en-mes-dun-4-el-tractament-de-residus-en-2025\/#breadcrumb","itemListElement":[{"@type":"ListItem","position":1,"name":"Portada","item":"https:\/\/www.reciplasa.es\/va\/"},{"@type":"ListItem","position":2,"name":"Reciplasa incrementa en m\u00e9s d\u2019un 4 % el tractament de residus en 2025 \u00a0"}]},{"@type":"WebSite","@id":"https:\/\/www.reciplasa.es\/#website","url":"https:\/\/www.reciplasa.es\/","name":"RECIPLASA","description":"Reciclats de Residus La Plana SA","potentialAction":[{"@type":"SearchAction","target":{"@type":"EntryPoint","urlTemplate":"https:\/\/www.reciplasa.es\/?s={search_term_string}"},"query-input":{"@type":"PropertyValueSpecification","valueRequired":true,"valueName":"search_term_string"}}],"inLanguage":"va-VA"},{"@type":"Person","@id":"https:\/\/www.reciplasa.es\/#\/schema\/person\/15191934c9f5618dadb907c80c029c0b","name":"Sandra","image":{"@type":"ImageObject","inLanguage":"va-VA","@id":"https:\/\/secure.gravatar.com\/avatar\/605ca84bedd79915b697a46887df8ccd0249fb6f2a1bbcd0bfc66c91d997ae51?s=96&d=mm&r=g","url":"https:\/\/secure.gravatar.com\/avatar\/605ca84bedd79915b697a46887df8ccd0249fb6f2a1bbcd0bfc66c91d997ae51?s=96&d=mm&r=g","contentUrl":"https:\/\/secure.gravatar.com\/avatar\/605ca84bedd79915b697a46887df8ccd0249fb6f2a1bbcd0bfc66c91d997ae51?s=96&d=mm&r=g","caption":"Sandra"},"url":"https:\/\/www.reciplasa.es\/va\/author\/sandra\/"}]}},"_links":{"self":[{"href":"https:\/\/www.reciplasa.es\/va\/wp-json\/wp\/v2\/posts\/34646","targetHints":{"allow":["GET"]}}],"collection":[{"href":"https:\/\/www.reciplasa.es\/va\/wp-json\/wp\/v2\/posts"}],"about":[{"href":"https:\/\/www.reciplasa.es\/va\/wp-json\/wp\/v2\/types\/post"}],"author":[{"embeddable":true,"href":"https:\/\/www.reciplasa.es\/va\/wp-json\/wp\/v2\/users\/13"}],"replies":[{"embeddable":true,"href":"https:\/\/www.reciplasa.es\/va\/wp-json\/wp\/v2\/comments?post=34646"}],"version-history":[{"count":1,"href":"https:\/\/www.reciplasa.es\/va\/wp-json\/wp\/v2\/posts\/34646\/revisions"}],"predecessor-version":[{"id":34701,"href":"https:\/\/www.reciplasa.es\/va\/wp-json\/wp\/v2\/posts\/34646\/revisions\/34701"}],"wp:featuredmedia":[{"embeddable":true,"href":"https:\/\/www.reciplasa.es\/va\/wp-json\/wp\/v2\/media\/34687"}],"wp:attachment":[{"href":"https:\/\/www.reciplasa.es\/va\/wp-json\/wp\/v2\/media?parent=34646"}],"wp:term":[{"taxonomy":"category","embeddable":true,"href":"https:\/\/www.reciplasa.es\/va\/wp-json\/wp\/v2\/categories?post=34646"},{"taxonomy":"post_tag","embeddable":true,"href":"https:\/\/www.reciplasa.es\/va\/wp-json\/wp\/v2\/tags?post=34646"}],"curies":[{"name":"wp","href":"https:\/\/api.w.org\/{rel}","templated":true}]}}