{"id":35602,"date":"2026-01-20T09:30:53","date_gmt":"2026-01-20T09:30:53","guid":{"rendered":"https:\/\/www.reciplasa.es\/?p=35602"},"modified":"2026-01-20T09:30:53","modified_gmt":"2026-01-20T09:30:53","slug":"reciplasa-reforca-la-seua-aposta-per-la-investigacio-i-la-innovacio-per-a-millorar-leficiencia-en-la-gestio-de-residus","status":"publish","type":"post","link":"https:\/\/www.reciplasa.es\/va\/reciplasa-reforca-la-seua-aposta-per-la-investigacio-i-la-innovacio-per-a-millorar-leficiencia-en-la-gestio-de-residus\/","title":{"rendered":"Reciplasa refor\u00e7a la seua aposta per la investigaci\u00f3 i la innovaci\u00f3 per a millorar l\u2019efici\u00e8ncia en la gesti\u00f3 de residus"},"content":{"rendered":"<p>&nbsp;<\/p>\n<p><em>L\u2019entitat avan\u00e7a en projectes estrat\u00e8gics que impulsen el compostatge, el desenvolupament de biopl\u00e0stics sostenibles i la millora dels processos ambientals\u00a0 <\/em><strong>\u00a0\u00a0<\/strong><\/p>\n<p><em>\u00a0<\/em><\/p>\n<p><strong>Castell\u00f3 (20-gener-2026). \u2013 <\/strong>Reciplasa consolida el seu comprom\u00eds amb la investigaci\u00f3 aplicada i la innovaci\u00f3 tecnol\u00f2gica com a ferramentes clau per a avan\u00e7ar cap a una gesti\u00f3 de residus m\u00e9s eficient, sostenible i alineada amb els reptes ambientals actuals. L\u2019entitat participa actualment en tres projectes d\u2019R+D+i, un d\u2019ells en la seua fase final i dos de nova posada en marxa, centrats en la millora dels processos de compostatge i en el desenvolupament de nous materials compostables m\u00e9s segurs des del punt de vista ambiental.<\/p>\n<p>&nbsp;<\/p>\n<p>\u00abEl futur de la gesti\u00f3 de residus passa necess\u00e0riament per la innovaci\u00f3. En Reciplasa entenem la investigaci\u00f3 com una inversi\u00f3 estrat\u00e8gica que ens permet anticipar-nos als canvis normatius, millorar els nostres processos i aportar solucions reals als desafiaments ambientals\u00bb, ha assenyalat el president de l\u2019entitat, Sergio Toledo.<\/p>\n<p>&nbsp;<\/p>\n<p>El projecte COMBOOST, orientat a millorar la biodegradaci\u00f3 de biopl\u00e0stics en processos de compostatge industrial mitjan\u00e7ant l\u2019\u00fas d\u2019additius microbians, conclour\u00e0 la seua tercera etapa a finals d\u2019este mes. El projecte compta amb una despesa subvencionable de 200.817,44 euros i una subvenci\u00f3 concedida de 130.531,34 euros.<\/p>\n<p>&nbsp;<\/p>\n<p>En l\u2019actualitat, el projecte es troba en ple desenvolupament de la fase 3, centrada en l\u2019avaluaci\u00f3 de l\u2019efici\u00e8ncia de l\u2019additiu microbi\u00e0 tant en condicions de laboratori com en entorns d\u2019assaig controlats. Els treballs en laboratori han perm\u00e9s analitzar la influ\u00e8ncia de l\u2019additiu sobre la biodegradaci\u00f3 de biopl\u00e0stics compostables i el seu impacte en la qualitat final del compost, comparant materials tractats i no tractats.<\/p>\n<p>&nbsp;<\/p>\n<p>En paral\u00b7lel, i amb la finalitat de garantir condicions t\u00e8rmiques i operatives equiparables a les industrials, el projecte ha incorporat una mesura correctora mitjan\u00e7ant la utilitzaci\u00f3 d\u2019un compostador din\u00e0mic anal\u00f2gic, fet que ha perm\u00e9s assegurar la continu\u00eftat de la investigaci\u00f3 i l\u2019obtenci\u00f3 de dades contrastables.<\/p>\n<p>&nbsp;<\/p>\n<p>\u00abCOMBOOST \u00e9s un exemple clar de com la investigaci\u00f3 aplicada pot ajudar-nos a optimitzar processos clau com el compostatge i a donar resposta a la creixent pres\u00e8ncia de biopl\u00e0stics en la fracci\u00f3 org\u00e0nica\u00bb, ha destacat Toledo.<\/p>\n<p>&nbsp;<\/p>\n<p>Entre els projectes que es troben en fase inicial destaca ADISAFE, una iniciativa estrat\u00e8gica en cooperaci\u00f3 centrada en el desenvolupament d\u2019additius biobasats aplicables a nous pl\u00e0stics compostables ambientalment segurs, validats en sistemes rellevants de compostabilitat industrial.<\/p>\n<p>&nbsp;<\/p>\n<p>El projecte compta amb una despesa subvencionable de 147.729,25 euros i una subvenci\u00f3 concedida de 59.091,70 euros, i es desenvolupa en el marc de la convocat\u00f2ria 2025 de Projectes Estrat\u00e8gics en Cooperaci\u00f3 de l\u2019Institut Valenci\u00e0 de Competitivitat i Innovaci\u00f3 (IVACE+i) de la Generalitat.<\/p>\n<p>&nbsp;<\/p>\n<p>ADISAFE est\u00e0 liderat per AIMPLAS i compta amb la participaci\u00f3 de Prime Biopolymers, la Universitat Polit\u00e8cnica de Val\u00e8ncia (UPV) i Reciplasa. El projecte, amb un pressupost global de 552.120,86 euros, es desenvolupar\u00e0 entre l\u20191 d\u2019octubre de 2025 i el 31 de desembre de 2027.<\/p>\n<p>&nbsp;<\/p>\n<p>El seu objectiu principal \u00e9s dissenyar nous additius d\u2019origen biol\u00f2gic que puguen incorporar-se a formulacions de biopl\u00e0stics sense comprometre\u2019n la compostabilitat ni les propietats t\u00e8cniques, contribuint aix\u00ed a una economia circular m\u00e9s segura i sostenible.<\/p>\n<p>&nbsp;<\/p>\n<p>\u00abFormar part de projectes cooperatius com ADISAFE ens permet sumar coneixement, compartir experi\u00e8ncies i avan\u00e7ar de manera conjunta cap a solucions m\u00e9s responsables per a la ind\u00fastria del pl\u00e0stic i la gesti\u00f3 de residus\u00bb, ha subratllat el president de Reciplasa.<\/p>\n<p>&nbsp;<\/p>\n<p>El tercer projecte en marxa \u00e9s COMPOLABEL, finan\u00e7at en el marc del Programa de la Comunitat Valenciana FEDER 2021-2027, amb el suport del Fons Europeu de Desenvolupament Regional (FEDER) i de l\u2019IVACE. Esta iniciativa t\u00e9 com a finalitat millorar la qualitat, la tra\u00e7abilitat i la valoritzaci\u00f3 del compost, refor\u00e7ant la confian\u00e7a en este producte clau per a l\u2019economia circular.<\/p>\n<p>&nbsp;<\/p>\n<p>COMPOLABEL es troba en la seua fase inicial i s\u2019orienta a avan\u00e7ar en sistemes d\u2019avaluaci\u00f3 i etiquetatge que permeten garantir est\u00e0ndards de qualitat i facilitar-ne l\u2019\u00fas en aplicacions agr\u00edcoles i ambientals.<\/p>\n","protected":false},"excerpt":{"rendered":"<p>&nbsp; L\u2019entitat avan\u00e7a en projectes estrat\u00e8gics que impulsen el compostatge, el desenvolupament de biopl\u00e0stics sostenibles i la millora dels processos ambientals\u00a0 \u00a0\u00a0 \u00a0 Castell\u00f3 (20-gener-2026). \u2013 Reciplasa consolida el seu comprom\u00eds amb la investigaci\u00f3 aplicada i la innovaci\u00f3 tecnol\u00f2gica com a ferramentes clau per a avan\u00e7ar cap a una gesti\u00f3 de residus m\u00e9s eficient, sostenibleDale que hay m\u00e1s &#8230;<\/p>\n","protected":false},"author":13,"featured_media":35540,"comment_status":"closed","ping_status":"closed","sticky":false,"template":"","format":"standard","meta":{"footnotes":""},"categories":[87],"tags":[],"class_list":["post-35602","post","type-post","status-publish","format-standard","has-post-thumbnail","hentry","category-noticies-corporatives"],"yoast_head":"<!-- This site is optimized with the Yoast SEO plugin v27.4 - https:\/\/yoast.com\/product\/yoast-seo-wordpress\/ -->\n<title>Reciplasa refor\u00e7a la seua aposta per la investigaci\u00f3 i la innovaci\u00f3 per a millorar l\u2019efici\u00e8ncia en la gesti\u00f3 de residus - RECIPLASA<\/title>\n<meta name=\"description\" content=\"L\u2019entitat avan\u00e7a en projectes estrat\u00e8gics que impulsen el compostatge, el desenvolupament de biopl\u00e0stics sostenibles i la millora dels processos ambientals.\" \/>\n<meta name=\"robots\" content=\"index, follow, max-snippet:-1, max-image-preview:large, max-video-preview:-1\" \/>\n<link rel=\"canonical\" href=\"https:\/\/www.reciplasa.es\/va\/reciplasa-reforca-la-seua-aposta-per-la-investigacio-i-la-innovacio-per-a-millorar-leficiencia-en-la-gestio-de-residus\/\" \/>\n<meta property=\"og:locale\" content=\"en_US\" \/>\n<meta property=\"og:type\" content=\"article\" \/>\n<meta property=\"og:title\" content=\"Reciplasa refor\u00e7a la seua aposta per la investigaci\u00f3 i la innovaci\u00f3 per a millorar l\u2019efici\u00e8ncia en la gesti\u00f3 de residus - RECIPLASA\" \/>\n<meta property=\"og:description\" content=\"L\u2019entitat avan\u00e7a en projectes estrat\u00e8gics que impulsen el compostatge, el desenvolupament de biopl\u00e0stics sostenibles i la millora dels processos ambientals.\" \/>\n<meta property=\"og:url\" content=\"https:\/\/www.reciplasa.es\/va\/reciplasa-reforca-la-seua-aposta-per-la-investigacio-i-la-innovacio-per-a-millorar-leficiencia-en-la-gestio-de-residus\/\" \/>\n<meta property=\"og:site_name\" content=\"RECIPLASA\" \/>\n<meta property=\"article:published_time\" content=\"2026-01-20T09:30:53+00:00\" \/>\n<meta property=\"og:image\" content=\"https:\/\/www.reciplasa.es\/wp-content\/uploads\/2026\/01\/IMG_2906-scaled.jpeg\" \/>\n\t<meta property=\"og:image:width\" content=\"2560\" \/>\n\t<meta property=\"og:image:height\" content=\"1920\" \/>\n\t<meta property=\"og:image:type\" content=\"image\/jpeg\" \/>\n<meta name=\"author\" content=\"Sandra\" \/>\n<meta name=\"twitter:card\" content=\"summary_large_image\" \/>\n<meta name=\"twitter:label1\" content=\"Written by\" \/>\n\t<meta name=\"twitter:data1\" content=\"Sandra\" \/>\n\t<meta name=\"twitter:label2\" content=\"Est. reading time\" \/>\n\t<meta name=\"twitter:data2\" content=\"4 minutes\" \/>\n<script type=\"application\/ld+json\" class=\"yoast-schema-graph\">{\"@context\":\"https:\\\/\\\/schema.org\",\"@graph\":[{\"@type\":\"Article\",\"@id\":\"https:\\\/\\\/www.reciplasa.es\\\/va\\\/reciplasa-reforca-la-seua-aposta-per-la-investigacio-i-la-innovacio-per-a-millorar-leficiencia-en-la-gestio-de-residus\\\/#article\",\"isPartOf\":{\"@id\":\"https:\\\/\\\/www.reciplasa.es\\\/va\\\/reciplasa-reforca-la-seua-aposta-per-la-investigacio-i-la-innovacio-per-a-millorar-leficiencia-en-la-gestio-de-residus\\\/\"},\"author\":{\"name\":\"Sandra\",\"@id\":\"https:\\\/\\\/www.reciplasa.es\\\/#\\\/schema\\\/person\\\/15191934c9f5618dadb907c80c029c0b\"},\"headline\":\"Reciplasa refor\u00e7a la seua aposta per la investigaci\u00f3 i la innovaci\u00f3 per a millorar l\u2019efici\u00e8ncia en la gesti\u00f3 de residus\",\"datePublished\":\"2026-01-20T09:30:53+00:00\",\"mainEntityOfPage\":{\"@id\":\"https:\\\/\\\/www.reciplasa.es\\\/va\\\/reciplasa-reforca-la-seua-aposta-per-la-investigacio-i-la-innovacio-per-a-millorar-leficiencia-en-la-gestio-de-residus\\\/\"},\"wordCount\":731,\"image\":{\"@id\":\"https:\\\/\\\/www.reciplasa.es\\\/va\\\/reciplasa-reforca-la-seua-aposta-per-la-investigacio-i-la-innovacio-per-a-millorar-leficiencia-en-la-gestio-de-residus\\\/#primaryimage\"},\"thumbnailUrl\":\"https:\\\/\\\/www.reciplasa.es\\\/wp-content\\\/uploads\\\/2026\\\/01\\\/IMG_2906-scaled.jpeg\",\"articleSection\":[\"Not\u00edcies corporatives\"],\"inLanguage\":\"va-VA\"},{\"@type\":\"WebPage\",\"@id\":\"https:\\\/\\\/www.reciplasa.es\\\/va\\\/reciplasa-reforca-la-seua-aposta-per-la-investigacio-i-la-innovacio-per-a-millorar-leficiencia-en-la-gestio-de-residus\\\/\",\"url\":\"https:\\\/\\\/www.reciplasa.es\\\/va\\\/reciplasa-reforca-la-seua-aposta-per-la-investigacio-i-la-innovacio-per-a-millorar-leficiencia-en-la-gestio-de-residus\\\/\",\"name\":\"Reciplasa refor\u00e7a la seua aposta per la investigaci\u00f3 i la innovaci\u00f3 per a millorar l\u2019efici\u00e8ncia en la gesti\u00f3 de residus - RECIPLASA\",\"isPartOf\":{\"@id\":\"https:\\\/\\\/www.reciplasa.es\\\/#website\"},\"primaryImageOfPage\":{\"@id\":\"https:\\\/\\\/www.reciplasa.es\\\/va\\\/reciplasa-reforca-la-seua-aposta-per-la-investigacio-i-la-innovacio-per-a-millorar-leficiencia-en-la-gestio-de-residus\\\/#primaryimage\"},\"image\":{\"@id\":\"https:\\\/\\\/www.reciplasa.es\\\/va\\\/reciplasa-reforca-la-seua-aposta-per-la-investigacio-i-la-innovacio-per-a-millorar-leficiencia-en-la-gestio-de-residus\\\/#primaryimage\"},\"thumbnailUrl\":\"https:\\\/\\\/www.reciplasa.es\\\/wp-content\\\/uploads\\\/2026\\\/01\\\/IMG_2906-scaled.jpeg\",\"datePublished\":\"2026-01-20T09:30:53+00:00\",\"author\":{\"@id\":\"https:\\\/\\\/www.reciplasa.es\\\/#\\\/schema\\\/person\\\/15191934c9f5618dadb907c80c029c0b\"},\"description\":\"L\u2019entitat avan\u00e7a en projectes estrat\u00e8gics que impulsen el compostatge, el desenvolupament de biopl\u00e0stics sostenibles i la millora dels processos ambientals.\",\"breadcrumb\":{\"@id\":\"https:\\\/\\\/www.reciplasa.es\\\/va\\\/reciplasa-reforca-la-seua-aposta-per-la-investigacio-i-la-innovacio-per-a-millorar-leficiencia-en-la-gestio-de-residus\\\/#breadcrumb\"},\"inLanguage\":\"va-VA\",\"potentialAction\":[{\"@type\":\"ReadAction\",\"target\":[\"https:\\\/\\\/www.reciplasa.es\\\/va\\\/reciplasa-reforca-la-seua-aposta-per-la-investigacio-i-la-innovacio-per-a-millorar-leficiencia-en-la-gestio-de-residus\\\/\"]}]},{\"@type\":\"ImageObject\",\"inLanguage\":\"va-VA\",\"@id\":\"https:\\\/\\\/www.reciplasa.es\\\/va\\\/reciplasa-reforca-la-seua-aposta-per-la-investigacio-i-la-innovacio-per-a-millorar-leficiencia-en-la-gestio-de-residus\\\/#primaryimage\",\"url\":\"https:\\\/\\\/www.reciplasa.es\\\/wp-content\\\/uploads\\\/2026\\\/01\\\/IMG_2906-scaled.jpeg\",\"contentUrl\":\"https:\\\/\\\/www.reciplasa.es\\\/wp-content\\\/uploads\\\/2026\\\/01\\\/IMG_2906-scaled.jpeg\",\"width\":2560,\"height\":1920,\"caption\":\"Reuni\u00f3n ADISAFE\"},{\"@type\":\"BreadcrumbList\",\"@id\":\"https:\\\/\\\/www.reciplasa.es\\\/va\\\/reciplasa-reforca-la-seua-aposta-per-la-investigacio-i-la-innovacio-per-a-millorar-leficiencia-en-la-gestio-de-residus\\\/#breadcrumb\",\"itemListElement\":[{\"@type\":\"ListItem\",\"position\":1,\"name\":\"Portada\",\"item\":\"https:\\\/\\\/www.reciplasa.es\\\/va\\\/\"},{\"@type\":\"ListItem\",\"position\":2,\"name\":\"Reciplasa refor\u00e7a la seua aposta per la investigaci\u00f3 i la innovaci\u00f3 per a millorar l\u2019efici\u00e8ncia en la gesti\u00f3 de residus\"}]},{\"@type\":\"WebSite\",\"@id\":\"https:\\\/\\\/www.reciplasa.es\\\/#website\",\"url\":\"https:\\\/\\\/www.reciplasa.es\\\/\",\"name\":\"RECIPLASA\",\"description\":\"Reciclats de Residus La Plana SA\",\"potentialAction\":[{\"@type\":\"SearchAction\",\"target\":{\"@type\":\"EntryPoint\",\"urlTemplate\":\"https:\\\/\\\/www.reciplasa.es\\\/?s={search_term_string}\"},\"query-input\":{\"@type\":\"PropertyValueSpecification\",\"valueRequired\":true,\"valueName\":\"search_term_string\"}}],\"inLanguage\":\"va-VA\"},{\"@type\":\"Person\",\"@id\":\"https:\\\/\\\/www.reciplasa.es\\\/#\\\/schema\\\/person\\\/15191934c9f5618dadb907c80c029c0b\",\"name\":\"Sandra\",\"image\":{\"@type\":\"ImageObject\",\"inLanguage\":\"va-VA\",\"@id\":\"https:\\\/\\\/secure.gravatar.com\\\/avatar\\\/605ca84bedd79915b697a46887df8ccd0249fb6f2a1bbcd0bfc66c91d997ae51?s=96&d=mm&r=g\",\"url\":\"https:\\\/\\\/secure.gravatar.com\\\/avatar\\\/605ca84bedd79915b697a46887df8ccd0249fb6f2a1bbcd0bfc66c91d997ae51?s=96&d=mm&r=g\",\"contentUrl\":\"https:\\\/\\\/secure.gravatar.com\\\/avatar\\\/605ca84bedd79915b697a46887df8ccd0249fb6f2a1bbcd0bfc66c91d997ae51?s=96&d=mm&r=g\",\"caption\":\"Sandra\"},\"url\":\"https:\\\/\\\/www.reciplasa.es\\\/va\\\/author\\\/sandra\\\/\"}]}<\/script>\n<!-- \/ Yoast SEO plugin. -->","yoast_head_json":{"title":"Reciplasa refor\u00e7a la seua aposta per la investigaci\u00f3 i la innovaci\u00f3 per a millorar l\u2019efici\u00e8ncia en la gesti\u00f3 de residus - RECIPLASA","description":"L\u2019entitat avan\u00e7a en projectes estrat\u00e8gics que impulsen el compostatge, el desenvolupament de biopl\u00e0stics sostenibles i la millora dels processos ambientals.","robots":{"index":"index","follow":"follow","max-snippet":"max-snippet:-1","max-image-preview":"max-image-preview:large","max-video-preview":"max-video-preview:-1"},"canonical":"https:\/\/www.reciplasa.es\/va\/reciplasa-reforca-la-seua-aposta-per-la-investigacio-i-la-innovacio-per-a-millorar-leficiencia-en-la-gestio-de-residus\/","og_locale":"en_US","og_type":"article","og_title":"Reciplasa refor\u00e7a la seua aposta per la investigaci\u00f3 i la innovaci\u00f3 per a millorar l\u2019efici\u00e8ncia en la gesti\u00f3 de residus - RECIPLASA","og_description":"L\u2019entitat avan\u00e7a en projectes estrat\u00e8gics que impulsen el compostatge, el desenvolupament de biopl\u00e0stics sostenibles i la millora dels processos ambientals.","og_url":"https:\/\/www.reciplasa.es\/va\/reciplasa-reforca-la-seua-aposta-per-la-investigacio-i-la-innovacio-per-a-millorar-leficiencia-en-la-gestio-de-residus\/","og_site_name":"RECIPLASA","article_published_time":"2026-01-20T09:30:53+00:00","og_image":[{"width":2560,"height":1920,"url":"https:\/\/www.reciplasa.es\/wp-content\/uploads\/2026\/01\/IMG_2906-scaled.jpeg","type":"image\/jpeg"}],"author":"Sandra","twitter_card":"summary_large_image","twitter_misc":{"Written by":"Sandra","Est. reading time":"4 minutes"},"schema":{"@context":"https:\/\/schema.org","@graph":[{"@type":"Article","@id":"https:\/\/www.reciplasa.es\/va\/reciplasa-reforca-la-seua-aposta-per-la-investigacio-i-la-innovacio-per-a-millorar-leficiencia-en-la-gestio-de-residus\/#article","isPartOf":{"@id":"https:\/\/www.reciplasa.es\/va\/reciplasa-reforca-la-seua-aposta-per-la-investigacio-i-la-innovacio-per-a-millorar-leficiencia-en-la-gestio-de-residus\/"},"author":{"name":"Sandra","@id":"https:\/\/www.reciplasa.es\/#\/schema\/person\/15191934c9f5618dadb907c80c029c0b"},"headline":"Reciplasa refor\u00e7a la seua aposta per la investigaci\u00f3 i la innovaci\u00f3 per a millorar l\u2019efici\u00e8ncia en la gesti\u00f3 de residus","datePublished":"2026-01-20T09:30:53+00:00","mainEntityOfPage":{"@id":"https:\/\/www.reciplasa.es\/va\/reciplasa-reforca-la-seua-aposta-per-la-investigacio-i-la-innovacio-per-a-millorar-leficiencia-en-la-gestio-de-residus\/"},"wordCount":731,"image":{"@id":"https:\/\/www.reciplasa.es\/va\/reciplasa-reforca-la-seua-aposta-per-la-investigacio-i-la-innovacio-per-a-millorar-leficiencia-en-la-gestio-de-residus\/#primaryimage"},"thumbnailUrl":"https:\/\/www.reciplasa.es\/wp-content\/uploads\/2026\/01\/IMG_2906-scaled.jpeg","articleSection":["Not\u00edcies corporatives"],"inLanguage":"va-VA"},{"@type":"WebPage","@id":"https:\/\/www.reciplasa.es\/va\/reciplasa-reforca-la-seua-aposta-per-la-investigacio-i-la-innovacio-per-a-millorar-leficiencia-en-la-gestio-de-residus\/","url":"https:\/\/www.reciplasa.es\/va\/reciplasa-reforca-la-seua-aposta-per-la-investigacio-i-la-innovacio-per-a-millorar-leficiencia-en-la-gestio-de-residus\/","name":"Reciplasa refor\u00e7a la seua aposta per la investigaci\u00f3 i la innovaci\u00f3 per a millorar l\u2019efici\u00e8ncia en la gesti\u00f3 de residus - RECIPLASA","isPartOf":{"@id":"https:\/\/www.reciplasa.es\/#website"},"primaryImageOfPage":{"@id":"https:\/\/www.reciplasa.es\/va\/reciplasa-reforca-la-seua-aposta-per-la-investigacio-i-la-innovacio-per-a-millorar-leficiencia-en-la-gestio-de-residus\/#primaryimage"},"image":{"@id":"https:\/\/www.reciplasa.es\/va\/reciplasa-reforca-la-seua-aposta-per-la-investigacio-i-la-innovacio-per-a-millorar-leficiencia-en-la-gestio-de-residus\/#primaryimage"},"thumbnailUrl":"https:\/\/www.reciplasa.es\/wp-content\/uploads\/2026\/01\/IMG_2906-scaled.jpeg","datePublished":"2026-01-20T09:30:53+00:00","author":{"@id":"https:\/\/www.reciplasa.es\/#\/schema\/person\/15191934c9f5618dadb907c80c029c0b"},"description":"L\u2019entitat avan\u00e7a en projectes estrat\u00e8gics que impulsen el compostatge, el desenvolupament de biopl\u00e0stics sostenibles i la millora dels processos ambientals.","breadcrumb":{"@id":"https:\/\/www.reciplasa.es\/va\/reciplasa-reforca-la-seua-aposta-per-la-investigacio-i-la-innovacio-per-a-millorar-leficiencia-en-la-gestio-de-residus\/#breadcrumb"},"inLanguage":"va-VA","potentialAction":[{"@type":"ReadAction","target":["https:\/\/www.reciplasa.es\/va\/reciplasa-reforca-la-seua-aposta-per-la-investigacio-i-la-innovacio-per-a-millorar-leficiencia-en-la-gestio-de-residus\/"]}]},{"@type":"ImageObject","inLanguage":"va-VA","@id":"https:\/\/www.reciplasa.es\/va\/reciplasa-reforca-la-seua-aposta-per-la-investigacio-i-la-innovacio-per-a-millorar-leficiencia-en-la-gestio-de-residus\/#primaryimage","url":"https:\/\/www.reciplasa.es\/wp-content\/uploads\/2026\/01\/IMG_2906-scaled.jpeg","contentUrl":"https:\/\/www.reciplasa.es\/wp-content\/uploads\/2026\/01\/IMG_2906-scaled.jpeg","width":2560,"height":1920,"caption":"Reuni\u00f3n ADISAFE"},{"@type":"BreadcrumbList","@id":"https:\/\/www.reciplasa.es\/va\/reciplasa-reforca-la-seua-aposta-per-la-investigacio-i-la-innovacio-per-a-millorar-leficiencia-en-la-gestio-de-residus\/#breadcrumb","itemListElement":[{"@type":"ListItem","position":1,"name":"Portada","item":"https:\/\/www.reciplasa.es\/va\/"},{"@type":"ListItem","position":2,"name":"Reciplasa refor\u00e7a la seua aposta per la investigaci\u00f3 i la innovaci\u00f3 per a millorar l\u2019efici\u00e8ncia en la gesti\u00f3 de residus"}]},{"@type":"WebSite","@id":"https:\/\/www.reciplasa.es\/#website","url":"https:\/\/www.reciplasa.es\/","name":"RECIPLASA","description":"Reciclats de Residus La Plana SA","potentialAction":[{"@type":"SearchAction","target":{"@type":"EntryPoint","urlTemplate":"https:\/\/www.reciplasa.es\/?s={search_term_string}"},"query-input":{"@type":"PropertyValueSpecification","valueRequired":true,"valueName":"search_term_string"}}],"inLanguage":"va-VA"},{"@type":"Person","@id":"https:\/\/www.reciplasa.es\/#\/schema\/person\/15191934c9f5618dadb907c80c029c0b","name":"Sandra","image":{"@type":"ImageObject","inLanguage":"va-VA","@id":"https:\/\/secure.gravatar.com\/avatar\/605ca84bedd79915b697a46887df8ccd0249fb6f2a1bbcd0bfc66c91d997ae51?s=96&d=mm&r=g","url":"https:\/\/secure.gravatar.com\/avatar\/605ca84bedd79915b697a46887df8ccd0249fb6f2a1bbcd0bfc66c91d997ae51?s=96&d=mm&r=g","contentUrl":"https:\/\/secure.gravatar.com\/avatar\/605ca84bedd79915b697a46887df8ccd0249fb6f2a1bbcd0bfc66c91d997ae51?s=96&d=mm&r=g","caption":"Sandra"},"url":"https:\/\/www.reciplasa.es\/va\/author\/sandra\/"}]}},"_links":{"self":[{"href":"https:\/\/www.reciplasa.es\/va\/wp-json\/wp\/v2\/posts\/35602","targetHints":{"allow":["GET"]}}],"collection":[{"href":"https:\/\/www.reciplasa.es\/va\/wp-json\/wp\/v2\/posts"}],"about":[{"href":"https:\/\/www.reciplasa.es\/va\/wp-json\/wp\/v2\/types\/post"}],"author":[{"embeddable":true,"href":"https:\/\/www.reciplasa.es\/va\/wp-json\/wp\/v2\/users\/13"}],"replies":[{"embeddable":true,"href":"https:\/\/www.reciplasa.es\/va\/wp-json\/wp\/v2\/comments?post=35602"}],"version-history":[{"count":1,"href":"https:\/\/www.reciplasa.es\/va\/wp-json\/wp\/v2\/posts\/35602\/revisions"}],"predecessor-version":[{"id":35659,"href":"https:\/\/www.reciplasa.es\/va\/wp-json\/wp\/v2\/posts\/35602\/revisions\/35659"}],"wp:featuredmedia":[{"embeddable":true,"href":"https:\/\/www.reciplasa.es\/va\/wp-json\/wp\/v2\/media\/35540"}],"wp:attachment":[{"href":"https:\/\/www.reciplasa.es\/va\/wp-json\/wp\/v2\/media?parent=35602"}],"wp:term":[{"taxonomy":"category","embeddable":true,"href":"https:\/\/www.reciplasa.es\/va\/wp-json\/wp\/v2\/categories?post=35602"},{"taxonomy":"post_tag","embeddable":true,"href":"https:\/\/www.reciplasa.es\/va\/wp-json\/wp\/v2\/tags?post=35602"}],"curies":[{"name":"wp","href":"https:\/\/api.w.org\/{rel}","templated":true}]}}