{"id":39981,"date":"2026-01-28T08:57:38","date_gmt":"2026-01-28T08:57:38","guid":{"rendered":"https:\/\/www.reciplasa.es\/?p=39981"},"modified":"2026-01-28T08:57:38","modified_gmt":"2026-01-28T08:57:38","slug":"la-catedra-reciplasa-entrega-el-premio-a-la-iniciativa-para-la-mejora-de-la-gestion-sostenible-de-los-residuos-urbanos-al-ies-llombai-de-burriana-con-su-proyecto-posat-les-piles","status":"publish","type":"post","link":"https:\/\/www.reciplasa.es\/va\/la-catedra-reciplasa-entrega-el-premio-a-la-iniciativa-para-la-mejora-de-la-gestion-sostenible-de-los-residuos-urbanos-al-ies-llombai-de-burriana-con-su-proyecto-posat-les-piles\/","title":{"rendered":"La C\u00e1tedra Reciplasa entrega el Premio a la Iniciativa para la Mejora de la Gesti\u00f3n Sostenible de los Residuos Urbanos al IES Llombai de Burriana con su proyecto \u2018Posa\u2019t les piles\u2019"},"content":{"rendered":"<p>&nbsp;<\/p>\n<p><em><br \/>\n<\/em><em>El galard\u00f3n reconoce proyectos innovadores que impulsan una gesti\u00f3n m\u00e1s sostenible de los residuos a nivel comunitario\u00a0 <\/em><\/p>\n<p><em>\u00a0<\/em><\/p>\n<p><strong>Castell\u00f3n (28-01-2026). \u2013 <\/strong>La C\u00e1tedra Reciplasa ha hecho entrega del Premio a la Iniciativa para la Mejora de la Gesti\u00f3n Sostenible de los Residuos Urbanos, una distinci\u00f3n impulsada por la C\u00e1tedra Reciplasa de Gesti\u00f3n de Residuos Urbanos de la Universitat Jaume I, que tiene como objetivo apoyar econ\u00f3mica y t\u00e9cnicamente propuestas innovadoras que contribuyan a mejorar la gesti\u00f3n de los residuos y a sensibilizar a la ciudadan\u00eda en materia medioambiental.<\/p>\n<p>&nbsp;<\/p>\n<p>Este premio, dotado con 2.500 euros, est\u00e1 dirigido a centros educativos, asociaciones sin \u00e1nimo de lucro y ayuntamientos de peque\u00f1as poblaciones (menos de 3.000 habitantes), y valora proyectos globales que aborden problem\u00e1ticas ambientales y de gesti\u00f3n de residuos desde una perspectiva sostenible, participativa y replicable. El proyecto ganador ha sido el presentado por el IES Llombai de Burriana, titulado \u2018Posat les piles\u2019, una iniciativa pionera que implic\u00f3 a todo el centro educativo en la recogida selectiva de pilas mediante acciones innovadoras como la creaci\u00f3n de ecodelegados por aula y una moneda propia del instituto canjeable por servicios en la cafeter\u00eda o fotocopias.<\/p>\n<p>&nbsp;<\/p>\n<p>El director de la C\u00e1tedra Reciplasa, F\u00e9lix Hern\u00e1ndez, ha subrayado el valor educativo y social de los proyectos presentados: \u00abLas propuestas que recibimos demuestran que la innovaci\u00f3n en residuos no siempre depende de grandes recursos, sino de ideas bien planteadas, con impacto real y capacidad de implicar a la ciudadan\u00eda. Desde la C\u00e1tedra queremos seguir siendo un espacio de impulso y acompa\u00f1amiento para este tipo de iniciativas\u00bb.<\/p>\n<p>&nbsp;<\/p>\n<p>&nbsp;<\/p>\n<p>El Premio a la Iniciativa se convoca por primera vez en 2022, en el marco de la renovaci\u00f3n del convenio trianual entre Reciplasa y la Universitat Jaume I, como una nueva l\u00ednea de acci\u00f3n de la C\u00e1tedra orientada a fomentar la innovaci\u00f3n y la educaci\u00f3n ambiental.<\/p>\n<p>&nbsp;<\/p>\n<p>El presidente de Reciplasa, Sergio Toledo, ha destacado la importancia de este reconocimiento como herramienta de transformaci\u00f3n social ya que \u201ccon este premio queremos poner en valor el talento, la creatividad y el compromiso de entidades y colectivos que trabajan desde lo local para dar respuesta a uno de los grandes retos ambientales de nuestro tiempo. La gesti\u00f3n sostenible de los residuos empieza en la comunidad y este galard\u00f3n es una forma de apoyar esas iniciativas que marcan la diferencia\u00bb.<\/p>\n<p>&nbsp;<\/p>\n<p>El director t\u00e9cnico de Reciplasa, Fernando Albarr\u00e1n, ha destacado el elevado nivel de las propuestas presentadas y ha animado a los estudiantes \u201ca seguir con iniciativas creativas como \u00e9sta en materiales como puede ser la materia org\u00e1nica, y otros residuos\u201d.<\/p>\n<p>&nbsp;<\/p>\n<p>El alcalde de Burriana, Jorge Monferrer, ha felicitado al estudiantado y al centro educativo \u201cpor vuestra apuesta por la sostenibilidad, tal y como hab\u00e9is demostrado con esta iniciativa y con otras que hemos podido conocer desde el Ayuntamiento. Enhorabuena y adelante, esto es solo el principio para lo que dentro de unos a\u00f1os podr\u00e9is seguir decidiendo en vuestro d\u00eda a d\u00eda con las mejoras que supone para vuestra ciudad\u201d.<\/p>\n<p>&nbsp;<\/p>\n<p>&nbsp;<\/p>\n<p>&nbsp;<\/p>\n<p>&nbsp;<\/p>\n","protected":false},"excerpt":{"rendered":"<p>&nbsp; El galard\u00f3n reconoce proyectos innovadores que impulsan una gesti\u00f3n m\u00e1s sostenible de los residuos a nivel comunitario\u00a0 \u00a0 Castell\u00f3n (28-01-2026). \u2013 La C\u00e1tedra Reciplasa ha hecho entrega del Premio a la Iniciativa para la Mejora de la Gesti\u00f3n Sostenible de los Residuos Urbanos, una distinci\u00f3n impulsada por la C\u00e1tedra Reciplasa de Gesti\u00f3n de ResiduosDale que hay m\u00e1s &#8230;<\/p>\n","protected":false},"author":13,"featured_media":40010,"comment_status":"closed","ping_status":"closed","sticky":false,"template":"","format":"standard","meta":{"footnotes":""},"categories":[2],"tags":[],"class_list":["post-39981","post","type-post","status-publish","format-standard","has-post-thumbnail","hentry","category-sin-categorizar"],"yoast_head":"<!-- This site is optimized with the Yoast SEO plugin v27.4 - https:\/\/yoast.com\/product\/yoast-seo-wordpress\/ -->\n<title>La C\u00e1tedra Reciplasa entrega el Premio a la Iniciativa para la Mejora de la Gesti\u00f3n Sostenible de los Residuos Urbanos al IES Llombai de Burriana con su proyecto \u2018Posa\u2019t les piles\u2019 - RECIPLASA<\/title>\n<meta name=\"description\" content=\"El galard\u00f3n reconoce proyectos innovadores que impulsan una gesti\u00f3n m\u00e1s sostenible de los residuos a nivel comunitario.\" \/>\n<meta name=\"robots\" content=\"index, follow, max-snippet:-1, max-image-preview:large, max-video-preview:-1\" \/>\n<link rel=\"canonical\" href=\"https:\/\/www.reciplasa.es\/la-catedra-reciplasa-entrega-el-premio-a-la-iniciativa-para-la-mejora-de-la-gestion-sostenible-de-los-residuos-urbanos-al-ies-llombai-de-burriana-con-su-proyecto-posat-les-piles\/\" \/>\n<meta property=\"og:locale\" content=\"en_US\" \/>\n<meta property=\"og:type\" content=\"article\" \/>\n<meta property=\"og:title\" content=\"La C\u00e1tedra Reciplasa entrega el Premio a la Iniciativa para la Mejora de la Gesti\u00f3n Sostenible de los Residuos Urbanos al IES Llombai de Burriana con su proyecto \u2018Posa\u2019t les piles\u2019 - RECIPLASA\" \/>\n<meta property=\"og:description\" content=\"El galard\u00f3n reconoce proyectos innovadores que impulsan una gesti\u00f3n m\u00e1s sostenible de los residuos a nivel comunitario.\" \/>\n<meta property=\"og:url\" content=\"https:\/\/www.reciplasa.es\/la-catedra-reciplasa-entrega-el-premio-a-la-iniciativa-para-la-mejora-de-la-gestion-sostenible-de-los-residuos-urbanos-al-ies-llombai-de-burriana-con-su-proyecto-posat-les-piles\/\" \/>\n<meta property=\"og:site_name\" content=\"RECIPLASA\" \/>\n<meta property=\"article:published_time\" content=\"2026-01-28T08:57:38+00:00\" \/>\n<meta property=\"og:image\" content=\"https:\/\/www.reciplasa.es\/wp-content\/uploads\/2026\/01\/DSC09154-scaled.jpg\" \/>\n\t<meta property=\"og:image:width\" content=\"2560\" \/>\n\t<meta property=\"og:image:height\" content=\"1707\" \/>\n\t<meta property=\"og:image:type\" content=\"image\/jpeg\" \/>\n<meta name=\"author\" content=\"Sandra\" \/>\n<meta name=\"twitter:card\" content=\"summary_large_image\" \/>\n<meta name=\"twitter:label1\" content=\"Written by\" \/>\n\t<meta name=\"twitter:data1\" content=\"Sandra\" \/>\n\t<meta name=\"twitter:label2\" content=\"Est. reading time\" \/>\n\t<meta name=\"twitter:data2\" content=\"3 minutes\" \/>\n<script type=\"application\/ld+json\" class=\"yoast-schema-graph\">{\"@context\":\"https:\\\/\\\/schema.org\",\"@graph\":[{\"@type\":\"Article\",\"@id\":\"https:\\\/\\\/www.reciplasa.es\\\/la-catedra-reciplasa-entrega-el-premio-a-la-iniciativa-para-la-mejora-de-la-gestion-sostenible-de-los-residuos-urbanos-al-ies-llombai-de-burriana-con-su-proyecto-posat-les-piles\\\/#article\",\"isPartOf\":{\"@id\":\"https:\\\/\\\/www.reciplasa.es\\\/la-catedra-reciplasa-entrega-el-premio-a-la-iniciativa-para-la-mejora-de-la-gestion-sostenible-de-los-residuos-urbanos-al-ies-llombai-de-burriana-con-su-proyecto-posat-les-piles\\\/\"},\"author\":{\"name\":\"Sandra\",\"@id\":\"https:\\\/\\\/www.reciplasa.es\\\/#\\\/schema\\\/person\\\/15191934c9f5618dadb907c80c029c0b\"},\"headline\":\"La C\u00e1tedra Reciplasa entrega el Premio a la Iniciativa para la Mejora de la Gesti\u00f3n Sostenible de los Residuos Urbanos al IES Llombai de Burriana con su proyecto \u2018Posa\u2019t les piles\u2019\",\"datePublished\":\"2026-01-28T08:57:38+00:00\",\"mainEntityOfPage\":{\"@id\":\"https:\\\/\\\/www.reciplasa.es\\\/la-catedra-reciplasa-entrega-el-premio-a-la-iniciativa-para-la-mejora-de-la-gestion-sostenible-de-los-residuos-urbanos-al-ies-llombai-de-burriana-con-su-proyecto-posat-les-piles\\\/\"},\"wordCount\":576,\"image\":{\"@id\":\"https:\\\/\\\/www.reciplasa.es\\\/la-catedra-reciplasa-entrega-el-premio-a-la-iniciativa-para-la-mejora-de-la-gestion-sostenible-de-los-residuos-urbanos-al-ies-llombai-de-burriana-con-su-proyecto-posat-les-piles\\\/#primaryimage\"},\"thumbnailUrl\":\"https:\\\/\\\/www.reciplasa.es\\\/wp-content\\\/uploads\\\/2026\\\/01\\\/DSC09154-scaled.jpg\",\"articleSection\":[\"Catedra-Reciplasa-UJI\"],\"inLanguage\":\"va-VA\"},{\"@type\":\"WebPage\",\"@id\":\"https:\\\/\\\/www.reciplasa.es\\\/la-catedra-reciplasa-entrega-el-premio-a-la-iniciativa-para-la-mejora-de-la-gestion-sostenible-de-los-residuos-urbanos-al-ies-llombai-de-burriana-con-su-proyecto-posat-les-piles\\\/\",\"url\":\"https:\\\/\\\/www.reciplasa.es\\\/la-catedra-reciplasa-entrega-el-premio-a-la-iniciativa-para-la-mejora-de-la-gestion-sostenible-de-los-residuos-urbanos-al-ies-llombai-de-burriana-con-su-proyecto-posat-les-piles\\\/\",\"name\":\"La C\u00e1tedra Reciplasa entrega el Premio a la Iniciativa para la Mejora de la Gesti\u00f3n Sostenible de los Residuos Urbanos al IES Llombai de Burriana con su proyecto \u2018Posa\u2019t les piles\u2019 - RECIPLASA\",\"isPartOf\":{\"@id\":\"https:\\\/\\\/www.reciplasa.es\\\/#website\"},\"primaryImageOfPage\":{\"@id\":\"https:\\\/\\\/www.reciplasa.es\\\/la-catedra-reciplasa-entrega-el-premio-a-la-iniciativa-para-la-mejora-de-la-gestion-sostenible-de-los-residuos-urbanos-al-ies-llombai-de-burriana-con-su-proyecto-posat-les-piles\\\/#primaryimage\"},\"image\":{\"@id\":\"https:\\\/\\\/www.reciplasa.es\\\/la-catedra-reciplasa-entrega-el-premio-a-la-iniciativa-para-la-mejora-de-la-gestion-sostenible-de-los-residuos-urbanos-al-ies-llombai-de-burriana-con-su-proyecto-posat-les-piles\\\/#primaryimage\"},\"thumbnailUrl\":\"https:\\\/\\\/www.reciplasa.es\\\/wp-content\\\/uploads\\\/2026\\\/01\\\/DSC09154-scaled.jpg\",\"datePublished\":\"2026-01-28T08:57:38+00:00\",\"author\":{\"@id\":\"https:\\\/\\\/www.reciplasa.es\\\/#\\\/schema\\\/person\\\/15191934c9f5618dadb907c80c029c0b\"},\"description\":\"El galard\u00f3n reconoce proyectos innovadores que impulsan una gesti\u00f3n m\u00e1s sostenible de los residuos a nivel comunitario.\",\"breadcrumb\":{\"@id\":\"https:\\\/\\\/www.reciplasa.es\\\/la-catedra-reciplasa-entrega-el-premio-a-la-iniciativa-para-la-mejora-de-la-gestion-sostenible-de-los-residuos-urbanos-al-ies-llombai-de-burriana-con-su-proyecto-posat-les-piles\\\/#breadcrumb\"},\"inLanguage\":\"va-VA\",\"potentialAction\":[{\"@type\":\"ReadAction\",\"target\":[\"https:\\\/\\\/www.reciplasa.es\\\/la-catedra-reciplasa-entrega-el-premio-a-la-iniciativa-para-la-mejora-de-la-gestion-sostenible-de-los-residuos-urbanos-al-ies-llombai-de-burriana-con-su-proyecto-posat-les-piles\\\/\"]}]},{\"@type\":\"ImageObject\",\"inLanguage\":\"va-VA\",\"@id\":\"https:\\\/\\\/www.reciplasa.es\\\/la-catedra-reciplasa-entrega-el-premio-a-la-iniciativa-para-la-mejora-de-la-gestion-sostenible-de-los-residuos-urbanos-al-ies-llombai-de-burriana-con-su-proyecto-posat-les-piles\\\/#primaryimage\",\"url\":\"https:\\\/\\\/www.reciplasa.es\\\/wp-content\\\/uploads\\\/2026\\\/01\\\/DSC09154-scaled.jpg\",\"contentUrl\":\"https:\\\/\\\/www.reciplasa.es\\\/wp-content\\\/uploads\\\/2026\\\/01\\\/DSC09154-scaled.jpg\",\"width\":2560,\"height\":1707},{\"@type\":\"BreadcrumbList\",\"@id\":\"https:\\\/\\\/www.reciplasa.es\\\/la-catedra-reciplasa-entrega-el-premio-a-la-iniciativa-para-la-mejora-de-la-gestion-sostenible-de-los-residuos-urbanos-al-ies-llombai-de-burriana-con-su-proyecto-posat-les-piles\\\/#breadcrumb\",\"itemListElement\":[{\"@type\":\"ListItem\",\"position\":1,\"name\":\"Portada\",\"item\":\"https:\\\/\\\/www.reciplasa.es\\\/va\\\/\"},{\"@type\":\"ListItem\",\"position\":2,\"name\":\"La C\u00e1tedra Reciplasa entrega el Premio a la Iniciativa para la Mejora de la Gesti\u00f3n Sostenible de los Residuos Urbanos al IES Llombai de Burriana con su proyecto \u2018Posa\u2019t les piles\u2019\"}]},{\"@type\":\"WebSite\",\"@id\":\"https:\\\/\\\/www.reciplasa.es\\\/#website\",\"url\":\"https:\\\/\\\/www.reciplasa.es\\\/\",\"name\":\"RECIPLASA\",\"description\":\"Reciclats de Residus La Plana SA\",\"potentialAction\":[{\"@type\":\"SearchAction\",\"target\":{\"@type\":\"EntryPoint\",\"urlTemplate\":\"https:\\\/\\\/www.reciplasa.es\\\/?s={search_term_string}\"},\"query-input\":{\"@type\":\"PropertyValueSpecification\",\"valueRequired\":true,\"valueName\":\"search_term_string\"}}],\"inLanguage\":\"va-VA\"},{\"@type\":\"Person\",\"@id\":\"https:\\\/\\\/www.reciplasa.es\\\/#\\\/schema\\\/person\\\/15191934c9f5618dadb907c80c029c0b\",\"name\":\"Sandra\",\"image\":{\"@type\":\"ImageObject\",\"inLanguage\":\"va-VA\",\"@id\":\"https:\\\/\\\/secure.gravatar.com\\\/avatar\\\/605ca84bedd79915b697a46887df8ccd0249fb6f2a1bbcd0bfc66c91d997ae51?s=96&d=mm&r=g\",\"url\":\"https:\\\/\\\/secure.gravatar.com\\\/avatar\\\/605ca84bedd79915b697a46887df8ccd0249fb6f2a1bbcd0bfc66c91d997ae51?s=96&d=mm&r=g\",\"contentUrl\":\"https:\\\/\\\/secure.gravatar.com\\\/avatar\\\/605ca84bedd79915b697a46887df8ccd0249fb6f2a1bbcd0bfc66c91d997ae51?s=96&d=mm&r=g\",\"caption\":\"Sandra\"},\"url\":\"https:\\\/\\\/www.reciplasa.es\\\/va\\\/author\\\/sandra\\\/\"}]}<\/script>\n<!-- \/ Yoast SEO plugin. -->","yoast_head_json":{"title":"La C\u00e1tedra Reciplasa entrega el Premio a la Iniciativa para la Mejora de la Gesti\u00f3n Sostenible de los Residuos Urbanos al IES Llombai de Burriana con su proyecto \u2018Posa\u2019t les piles\u2019 - RECIPLASA","description":"El galard\u00f3n reconoce proyectos innovadores que impulsan una gesti\u00f3n m\u00e1s sostenible de los residuos a nivel comunitario.","robots":{"index":"index","follow":"follow","max-snippet":"max-snippet:-1","max-image-preview":"max-image-preview:large","max-video-preview":"max-video-preview:-1"},"canonical":"https:\/\/www.reciplasa.es\/la-catedra-reciplasa-entrega-el-premio-a-la-iniciativa-para-la-mejora-de-la-gestion-sostenible-de-los-residuos-urbanos-al-ies-llombai-de-burriana-con-su-proyecto-posat-les-piles\/","og_locale":"en_US","og_type":"article","og_title":"La C\u00e1tedra Reciplasa entrega el Premio a la Iniciativa para la Mejora de la Gesti\u00f3n Sostenible de los Residuos Urbanos al IES Llombai de Burriana con su proyecto \u2018Posa\u2019t les piles\u2019 - RECIPLASA","og_description":"El galard\u00f3n reconoce proyectos innovadores que impulsan una gesti\u00f3n m\u00e1s sostenible de los residuos a nivel comunitario.","og_url":"https:\/\/www.reciplasa.es\/la-catedra-reciplasa-entrega-el-premio-a-la-iniciativa-para-la-mejora-de-la-gestion-sostenible-de-los-residuos-urbanos-al-ies-llombai-de-burriana-con-su-proyecto-posat-les-piles\/","og_site_name":"RECIPLASA","article_published_time":"2026-01-28T08:57:38+00:00","og_image":[{"width":2560,"height":1707,"url":"https:\/\/www.reciplasa.es\/wp-content\/uploads\/2026\/01\/DSC09154-scaled.jpg","type":"image\/jpeg"}],"author":"Sandra","twitter_card":"summary_large_image","twitter_misc":{"Written by":"Sandra","Est. reading time":"3 minutes"},"schema":{"@context":"https:\/\/schema.org","@graph":[{"@type":"Article","@id":"https:\/\/www.reciplasa.es\/la-catedra-reciplasa-entrega-el-premio-a-la-iniciativa-para-la-mejora-de-la-gestion-sostenible-de-los-residuos-urbanos-al-ies-llombai-de-burriana-con-su-proyecto-posat-les-piles\/#article","isPartOf":{"@id":"https:\/\/www.reciplasa.es\/la-catedra-reciplasa-entrega-el-premio-a-la-iniciativa-para-la-mejora-de-la-gestion-sostenible-de-los-residuos-urbanos-al-ies-llombai-de-burriana-con-su-proyecto-posat-les-piles\/"},"author":{"name":"Sandra","@id":"https:\/\/www.reciplasa.es\/#\/schema\/person\/15191934c9f5618dadb907c80c029c0b"},"headline":"La C\u00e1tedra Reciplasa entrega el Premio a la Iniciativa para la Mejora de la Gesti\u00f3n Sostenible de los Residuos Urbanos al IES Llombai de Burriana con su proyecto \u2018Posa\u2019t les piles\u2019","datePublished":"2026-01-28T08:57:38+00:00","mainEntityOfPage":{"@id":"https:\/\/www.reciplasa.es\/la-catedra-reciplasa-entrega-el-premio-a-la-iniciativa-para-la-mejora-de-la-gestion-sostenible-de-los-residuos-urbanos-al-ies-llombai-de-burriana-con-su-proyecto-posat-les-piles\/"},"wordCount":576,"image":{"@id":"https:\/\/www.reciplasa.es\/la-catedra-reciplasa-entrega-el-premio-a-la-iniciativa-para-la-mejora-de-la-gestion-sostenible-de-los-residuos-urbanos-al-ies-llombai-de-burriana-con-su-proyecto-posat-les-piles\/#primaryimage"},"thumbnailUrl":"https:\/\/www.reciplasa.es\/wp-content\/uploads\/2026\/01\/DSC09154-scaled.jpg","articleSection":["Catedra-Reciplasa-UJI"],"inLanguage":"va-VA"},{"@type":"WebPage","@id":"https:\/\/www.reciplasa.es\/la-catedra-reciplasa-entrega-el-premio-a-la-iniciativa-para-la-mejora-de-la-gestion-sostenible-de-los-residuos-urbanos-al-ies-llombai-de-burriana-con-su-proyecto-posat-les-piles\/","url":"https:\/\/www.reciplasa.es\/la-catedra-reciplasa-entrega-el-premio-a-la-iniciativa-para-la-mejora-de-la-gestion-sostenible-de-los-residuos-urbanos-al-ies-llombai-de-burriana-con-su-proyecto-posat-les-piles\/","name":"La C\u00e1tedra Reciplasa entrega el Premio a la Iniciativa para la Mejora de la Gesti\u00f3n Sostenible de los Residuos Urbanos al IES Llombai de Burriana con su proyecto \u2018Posa\u2019t les piles\u2019 - RECIPLASA","isPartOf":{"@id":"https:\/\/www.reciplasa.es\/#website"},"primaryImageOfPage":{"@id":"https:\/\/www.reciplasa.es\/la-catedra-reciplasa-entrega-el-premio-a-la-iniciativa-para-la-mejora-de-la-gestion-sostenible-de-los-residuos-urbanos-al-ies-llombai-de-burriana-con-su-proyecto-posat-les-piles\/#primaryimage"},"image":{"@id":"https:\/\/www.reciplasa.es\/la-catedra-reciplasa-entrega-el-premio-a-la-iniciativa-para-la-mejora-de-la-gestion-sostenible-de-los-residuos-urbanos-al-ies-llombai-de-burriana-con-su-proyecto-posat-les-piles\/#primaryimage"},"thumbnailUrl":"https:\/\/www.reciplasa.es\/wp-content\/uploads\/2026\/01\/DSC09154-scaled.jpg","datePublished":"2026-01-28T08:57:38+00:00","author":{"@id":"https:\/\/www.reciplasa.es\/#\/schema\/person\/15191934c9f5618dadb907c80c029c0b"},"description":"El galard\u00f3n reconoce proyectos innovadores que impulsan una gesti\u00f3n m\u00e1s sostenible de los residuos a nivel comunitario.","breadcrumb":{"@id":"https:\/\/www.reciplasa.es\/la-catedra-reciplasa-entrega-el-premio-a-la-iniciativa-para-la-mejora-de-la-gestion-sostenible-de-los-residuos-urbanos-al-ies-llombai-de-burriana-con-su-proyecto-posat-les-piles\/#breadcrumb"},"inLanguage":"va-VA","potentialAction":[{"@type":"ReadAction","target":["https:\/\/www.reciplasa.es\/la-catedra-reciplasa-entrega-el-premio-a-la-iniciativa-para-la-mejora-de-la-gestion-sostenible-de-los-residuos-urbanos-al-ies-llombai-de-burriana-con-su-proyecto-posat-les-piles\/"]}]},{"@type":"ImageObject","inLanguage":"va-VA","@id":"https:\/\/www.reciplasa.es\/la-catedra-reciplasa-entrega-el-premio-a-la-iniciativa-para-la-mejora-de-la-gestion-sostenible-de-los-residuos-urbanos-al-ies-llombai-de-burriana-con-su-proyecto-posat-les-piles\/#primaryimage","url":"https:\/\/www.reciplasa.es\/wp-content\/uploads\/2026\/01\/DSC09154-scaled.jpg","contentUrl":"https:\/\/www.reciplasa.es\/wp-content\/uploads\/2026\/01\/DSC09154-scaled.jpg","width":2560,"height":1707},{"@type":"BreadcrumbList","@id":"https:\/\/www.reciplasa.es\/la-catedra-reciplasa-entrega-el-premio-a-la-iniciativa-para-la-mejora-de-la-gestion-sostenible-de-los-residuos-urbanos-al-ies-llombai-de-burriana-con-su-proyecto-posat-les-piles\/#breadcrumb","itemListElement":[{"@type":"ListItem","position":1,"name":"Portada","item":"https:\/\/www.reciplasa.es\/va\/"},{"@type":"ListItem","position":2,"name":"La C\u00e1tedra Reciplasa entrega el Premio a la Iniciativa para la Mejora de la Gesti\u00f3n Sostenible de los Residuos Urbanos al IES Llombai de Burriana con su proyecto \u2018Posa\u2019t les piles\u2019"}]},{"@type":"WebSite","@id":"https:\/\/www.reciplasa.es\/#website","url":"https:\/\/www.reciplasa.es\/","name":"RECIPLASA","description":"Reciclats de Residus La Plana SA","potentialAction":[{"@type":"SearchAction","target":{"@type":"EntryPoint","urlTemplate":"https:\/\/www.reciplasa.es\/?s={search_term_string}"},"query-input":{"@type":"PropertyValueSpecification","valueRequired":true,"valueName":"search_term_string"}}],"inLanguage":"va-VA"},{"@type":"Person","@id":"https:\/\/www.reciplasa.es\/#\/schema\/person\/15191934c9f5618dadb907c80c029c0b","name":"Sandra","image":{"@type":"ImageObject","inLanguage":"va-VA","@id":"https:\/\/secure.gravatar.com\/avatar\/605ca84bedd79915b697a46887df8ccd0249fb6f2a1bbcd0bfc66c91d997ae51?s=96&d=mm&r=g","url":"https:\/\/secure.gravatar.com\/avatar\/605ca84bedd79915b697a46887df8ccd0249fb6f2a1bbcd0bfc66c91d997ae51?s=96&d=mm&r=g","contentUrl":"https:\/\/secure.gravatar.com\/avatar\/605ca84bedd79915b697a46887df8ccd0249fb6f2a1bbcd0bfc66c91d997ae51?s=96&d=mm&r=g","caption":"Sandra"},"url":"https:\/\/www.reciplasa.es\/va\/author\/sandra\/"}]}},"_links":{"self":[{"href":"https:\/\/www.reciplasa.es\/va\/wp-json\/wp\/v2\/posts\/39981","targetHints":{"allow":["GET"]}}],"collection":[{"href":"https:\/\/www.reciplasa.es\/va\/wp-json\/wp\/v2\/posts"}],"about":[{"href":"https:\/\/www.reciplasa.es\/va\/wp-json\/wp\/v2\/types\/post"}],"author":[{"embeddable":true,"href":"https:\/\/www.reciplasa.es\/va\/wp-json\/wp\/v2\/users\/13"}],"replies":[{"embeddable":true,"href":"https:\/\/www.reciplasa.es\/va\/wp-json\/wp\/v2\/comments?post=39981"}],"version-history":[{"count":1,"href":"https:\/\/www.reciplasa.es\/va\/wp-json\/wp\/v2\/posts\/39981\/revisions"}],"predecessor-version":[{"id":40044,"href":"https:\/\/www.reciplasa.es\/va\/wp-json\/wp\/v2\/posts\/39981\/revisions\/40044"}],"wp:featuredmedia":[{"embeddable":true,"href":"https:\/\/www.reciplasa.es\/va\/wp-json\/wp\/v2\/media\/40010"}],"wp:attachment":[{"href":"https:\/\/www.reciplasa.es\/va\/wp-json\/wp\/v2\/media?parent=39981"}],"wp:term":[{"taxonomy":"category","embeddable":true,"href":"https:\/\/www.reciplasa.es\/va\/wp-json\/wp\/v2\/categories?post=39981"},{"taxonomy":"post_tag","embeddable":true,"href":"https:\/\/www.reciplasa.es\/va\/wp-json\/wp\/v2\/tags?post=39981"}],"curies":[{"name":"wp","href":"https:\/\/api.w.org\/{rel}","templated":true}]}}