{"id":40082,"date":"2026-01-28T08:59:10","date_gmt":"2026-01-28T08:59:10","guid":{"rendered":"https:\/\/www.reciplasa.es\/?p=40082"},"modified":"2026-01-28T08:59:10","modified_gmt":"2026-01-28T08:59:10","slug":"la-catedra-reciplasa-entrega-el-premi-a-la-iniciativa-per-a-la-millora-de-la-gestio-sostenible-dels-residus-urbans-a-lies-llombai-de-borriana-amb-el-seu-projecte-posat-les","status":"publish","type":"post","link":"https:\/\/www.reciplasa.es\/va\/la-catedra-reciplasa-entrega-el-premi-a-la-iniciativa-per-a-la-millora-de-la-gestio-sostenible-dels-residus-urbans-a-lies-llombai-de-borriana-amb-el-seu-projecte-posat-les\/","title":{"rendered":"La C\u00e0tedra Reciplasa entrega el Premi a la Iniciativa per a la Millora de la Gesti\u00f3 Sostenible dels Residus Urbans a l\u2019IES Llombai de Borriana amb el seu projecte \u2018Posa\u2019t les\u00a0piles\u2019\u00a0\u00a0"},"content":{"rendered":"<p><em>El guard\u00f3 reconeix projectes innovadors que impulsen una gesti\u00f3 m\u00e9s sostenible dels residus a escala comunit\u00e0ria\u00a0\u00a0 <\/em><\/p>\n<p><em>\u00a0<\/em><\/p>\n<p><strong>Castell\u00f3 (28-01-2026). \u2013 <\/strong>La C\u00e0tedra Reciplasa ha fet entrega del Premi a la Iniciativa per a la Millora de la Gesti\u00f3 Sostenible dels Residus Urbans, una distinci\u00f3 impulsada per la C\u00e0tedra Reciplasa de Gesti\u00f3 de Residus Urbans de la Universitat Jaume I, que t\u00e9 com a objectiu donar suport econ\u00f2mic i t\u00e8cnic a propostes innovadores que contribu\u00efsquen a millorar la gesti\u00f3 dels residus i a sensibilitzar la ciutadania en mat\u00e8ria mediambiental.<\/p>\n<p>&nbsp;<\/p>\n<p>Aquest premi, dotat amb 2.500 euros, s\u2019adre\u00e7a a centres educatius, associacions sense \u00e0nim de lucre i ajuntaments de xicotetes poblacions (menys de 3.000 habitants), i valora projectes globals que aborden problem\u00e0tiques ambientals i de gesti\u00f3 de residus des d\u2019una perspectiva sostenible, participativa i replicable. El projecte guanyador ha sigut el presentat per l\u2019IES Llombai de Borriana, titulat \u2018Posat les piles\u2019, una iniciativa pionera que va implicar tot el centre educatiu en la recollida selectiva de piles mitjan\u00e7ant accions innovadores com la creaci\u00f3 d\u2019ecodelegats per aula i una moneda pr\u00f2pia de l\u2019institut bescanviable per serveis a la cafeteria o fotoc\u00f2pies.<\/p>\n<p>&nbsp;<\/p>\n<p>El director de la C\u00e0tedra Reciplasa, F\u00e9lix Hern\u00e1ndez, ha subratllat el valor educatiu i social dels projectes presentats: \u00abLes propostes que rebem demostren que la innovaci\u00f3 en residus no sempre dep\u00e9n de grans recursos, sin\u00f3 d\u2019idees ben plantejades, amb impacte real i capacitat d\u2019implicar la ciutadania. Des de la C\u00e0tedra volem continuar sent un espai d\u2019impuls i acompanyament per a aquest tipus d\u2019iniciatives\u00bb.<\/p>\n<p>&nbsp;<\/p>\n<p>El Premi a la Iniciativa es convoca per primera vegada l\u2019any 2022, en el marc de la renovaci\u00f3 del conveni triennal entre Reciplasa i la Universitat Jaume I, com una nova l\u00ednia d\u2019acci\u00f3 de la C\u00e0tedra orientada a fomentar la innovaci\u00f3 i l\u2019educaci\u00f3 ambiental.<\/p>\n<p>&nbsp;<\/p>\n<p>El president de Reciplasa, Sergio Toledo, ha destacat la import\u00e0ncia d\u2019aquest reconeixement com a eina de transformaci\u00f3 social, ja que \u00abamb aquest premi volem posar en valor el talent, la creativitat i el comprom\u00eds d\u2019entitats i col\u00b7lectius que treballen des de l\u2019\u00e0mbit local per donar resposta a un dels grans reptes ambientals del nostre temps. La gesti\u00f3 sostenible dels residus comen\u00e7a en la comunitat i aquest guard\u00f3 \u00e9s una manera de donar suport a aquelles iniciatives que marquen la difer\u00e8ncia\u00bb.<\/p>\n<p>&nbsp;<\/p>\n<p>El director t\u00e8cnic de\u00a0Reciplasa, Fernando Albarr\u00e1n, ha destacat l&#8217;elevat nivell de les propostes presentades i ha animat als estudiants \u201ca seguir amb iniciatives creatives com aquesta en materials com pot ser la mat\u00e8ria org\u00e0nica, i altres residus\u201d.<\/p>\n<p>L&#8217;alcalde de Borriana, Jorge Monferrer, ha felicitat l&#8217;estudiantat i al centre educatiu \u201cper la vostra aposta per la sostenibilitat, tal com heu demostrat amb aquesta iniciativa i amb unes altres que hem pogut con\u00e9ixer des de l&#8217;Ajuntament. Enhorabona i endavant, aix\u00f2 \u00e9s nom\u00e9s el principi per al que d&#8217;ac\u00ed a uns anys podreu continuar decidint en el vostre dia a dia amb les millores que suposa per a la vostra ciutat\u201d.<\/p>\n<p>&nbsp;<\/p>\n<p>&nbsp;<\/p>\n<p>&nbsp;<\/p>\n","protected":false},"excerpt":{"rendered":"<p>El guard\u00f3 reconeix projectes innovadors que impulsen una gesti\u00f3 m\u00e9s sostenible dels residus a escala comunit\u00e0ria\u00a0\u00a0 \u00a0 Castell\u00f3 (28-01-2026). \u2013 La C\u00e0tedra Reciplasa ha fet entrega del Premi a la Iniciativa per a la Millora de la Gesti\u00f3 Sostenible dels Residus Urbans, una distinci\u00f3 impulsada per la C\u00e0tedra Reciplasa de Gesti\u00f3 de Residus Urbans deDale que hay m\u00e1s &#8230;<\/p>\n","protected":false},"author":13,"featured_media":40011,"comment_status":"closed","ping_status":"closed","sticky":false,"template":"","format":"standard","meta":{"footnotes":""},"categories":[87],"tags":[],"class_list":["post-40082","post","type-post","status-publish","format-standard","has-post-thumbnail","hentry","category-noticies-corporatives"],"yoast_head":"<!-- This site is optimized with the Yoast SEO plugin v27.4 - https:\/\/yoast.com\/product\/yoast-seo-wordpress\/ -->\n<title>La C\u00e0tedra Reciplasa entrega el Premi a la Iniciativa per a la Millora de la Gesti\u00f3 Sostenible dels Residus Urbans a l\u2019IES Llombai de Borriana amb el seu projecte \u2018Posa\u2019t les\u00a0piles\u2019\u00a0\u00a0 - RECIPLASA<\/title>\n<meta name=\"description\" content=\"El guard\u00f3 reconeix projectes innovadors que impulsen una gesti\u00f3 m\u00e9s sostenible dels residus a escala comunit\u00e0ria.\" \/>\n<meta name=\"robots\" content=\"index, follow, max-snippet:-1, max-image-preview:large, max-video-preview:-1\" \/>\n<link rel=\"canonical\" href=\"https:\/\/www.reciplasa.es\/va\/la-catedra-reciplasa-entrega-el-premi-a-la-iniciativa-per-a-la-millora-de-la-gestio-sostenible-dels-residus-urbans-a-lies-llombai-de-borriana-amb-el-seu-projecte-posat-les\/\" \/>\n<meta property=\"og:locale\" content=\"en_US\" \/>\n<meta property=\"og:type\" content=\"article\" \/>\n<meta property=\"og:title\" content=\"La C\u00e0tedra Reciplasa entrega el Premi a la Iniciativa per a la Millora de la Gesti\u00f3 Sostenible dels Residus Urbans a l\u2019IES Llombai de Borriana amb el seu projecte \u2018Posa\u2019t les\u00a0piles\u2019\u00a0\u00a0 - RECIPLASA\" \/>\n<meta property=\"og:description\" content=\"El guard\u00f3 reconeix projectes innovadors que impulsen una gesti\u00f3 m\u00e9s sostenible dels residus a escala comunit\u00e0ria.\" \/>\n<meta property=\"og:url\" content=\"https:\/\/www.reciplasa.es\/va\/la-catedra-reciplasa-entrega-el-premi-a-la-iniciativa-per-a-la-millora-de-la-gestio-sostenible-dels-residus-urbans-a-lies-llombai-de-borriana-amb-el-seu-projecte-posat-les\/\" \/>\n<meta property=\"og:site_name\" content=\"RECIPLASA\" \/>\n<meta property=\"article:published_time\" content=\"2026-01-28T08:59:10+00:00\" \/>\n<meta property=\"og:image\" content=\"https:\/\/www.reciplasa.es\/wp-content\/uploads\/2026\/01\/DSC09154-scaled.jpg\" \/>\n\t<meta property=\"og:image:width\" content=\"2560\" \/>\n\t<meta property=\"og:image:height\" content=\"1707\" \/>\n\t<meta property=\"og:image:type\" content=\"image\/jpeg\" \/>\n<meta name=\"author\" content=\"Sandra\" \/>\n<meta name=\"twitter:card\" content=\"summary_large_image\" \/>\n<meta name=\"twitter:label1\" content=\"Written by\" \/>\n\t<meta name=\"twitter:data1\" content=\"Sandra\" \/>\n\t<meta name=\"twitter:label2\" content=\"Est. reading time\" \/>\n\t<meta name=\"twitter:data2\" content=\"3 minutes\" \/>\n<script type=\"application\/ld+json\" class=\"yoast-schema-graph\">{\"@context\":\"https:\\\/\\\/schema.org\",\"@graph\":[{\"@type\":\"Article\",\"@id\":\"https:\\\/\\\/www.reciplasa.es\\\/va\\\/la-catedra-reciplasa-entrega-el-premi-a-la-iniciativa-per-a-la-millora-de-la-gestio-sostenible-dels-residus-urbans-a-lies-llombai-de-borriana-amb-el-seu-projecte-posat-les\\\/#article\",\"isPartOf\":{\"@id\":\"https:\\\/\\\/www.reciplasa.es\\\/va\\\/la-catedra-reciplasa-entrega-el-premi-a-la-iniciativa-per-a-la-millora-de-la-gestio-sostenible-dels-residus-urbans-a-lies-llombai-de-borriana-amb-el-seu-projecte-posat-les\\\/\"},\"author\":{\"name\":\"Sandra\",\"@id\":\"https:\\\/\\\/www.reciplasa.es\\\/#\\\/schema\\\/person\\\/15191934c9f5618dadb907c80c029c0b\"},\"headline\":\"La C\u00e0tedra Reciplasa entrega el Premi a la Iniciativa per a la Millora de la Gesti\u00f3 Sostenible dels Residus Urbans a l\u2019IES Llombai de Borriana amb el seu projecte \u2018Posa\u2019t les\u00a0piles\u2019\u00a0\u00a0\",\"datePublished\":\"2026-01-28T08:59:10+00:00\",\"mainEntityOfPage\":{\"@id\":\"https:\\\/\\\/www.reciplasa.es\\\/va\\\/la-catedra-reciplasa-entrega-el-premi-a-la-iniciativa-per-a-la-millora-de-la-gestio-sostenible-dels-residus-urbans-a-lies-llombai-de-borriana-amb-el-seu-projecte-posat-les\\\/\"},\"wordCount\":573,\"image\":{\"@id\":\"https:\\\/\\\/www.reciplasa.es\\\/va\\\/la-catedra-reciplasa-entrega-el-premi-a-la-iniciativa-per-a-la-millora-de-la-gestio-sostenible-dels-residus-urbans-a-lies-llombai-de-borriana-amb-el-seu-projecte-posat-les\\\/#primaryimage\"},\"thumbnailUrl\":\"https:\\\/\\\/www.reciplasa.es\\\/wp-content\\\/uploads\\\/2026\\\/01\\\/DSC09154-scaled.jpg\",\"articleSection\":[\"Not\u00edcies corporatives\"],\"inLanguage\":\"va-VA\"},{\"@type\":\"WebPage\",\"@id\":\"https:\\\/\\\/www.reciplasa.es\\\/va\\\/la-catedra-reciplasa-entrega-el-premi-a-la-iniciativa-per-a-la-millora-de-la-gestio-sostenible-dels-residus-urbans-a-lies-llombai-de-borriana-amb-el-seu-projecte-posat-les\\\/\",\"url\":\"https:\\\/\\\/www.reciplasa.es\\\/va\\\/la-catedra-reciplasa-entrega-el-premi-a-la-iniciativa-per-a-la-millora-de-la-gestio-sostenible-dels-residus-urbans-a-lies-llombai-de-borriana-amb-el-seu-projecte-posat-les\\\/\",\"name\":\"La C\u00e0tedra Reciplasa entrega el Premi a la Iniciativa per a la Millora de la Gesti\u00f3 Sostenible dels Residus Urbans a l\u2019IES Llombai de Borriana amb el seu projecte \u2018Posa\u2019t les\u00a0piles\u2019\u00a0\u00a0 - RECIPLASA\",\"isPartOf\":{\"@id\":\"https:\\\/\\\/www.reciplasa.es\\\/#website\"},\"primaryImageOfPage\":{\"@id\":\"https:\\\/\\\/www.reciplasa.es\\\/va\\\/la-catedra-reciplasa-entrega-el-premi-a-la-iniciativa-per-a-la-millora-de-la-gestio-sostenible-dels-residus-urbans-a-lies-llombai-de-borriana-amb-el-seu-projecte-posat-les\\\/#primaryimage\"},\"image\":{\"@id\":\"https:\\\/\\\/www.reciplasa.es\\\/va\\\/la-catedra-reciplasa-entrega-el-premi-a-la-iniciativa-per-a-la-millora-de-la-gestio-sostenible-dels-residus-urbans-a-lies-llombai-de-borriana-amb-el-seu-projecte-posat-les\\\/#primaryimage\"},\"thumbnailUrl\":\"https:\\\/\\\/www.reciplasa.es\\\/wp-content\\\/uploads\\\/2026\\\/01\\\/DSC09154-scaled.jpg\",\"datePublished\":\"2026-01-28T08:59:10+00:00\",\"author\":{\"@id\":\"https:\\\/\\\/www.reciplasa.es\\\/#\\\/schema\\\/person\\\/15191934c9f5618dadb907c80c029c0b\"},\"description\":\"El guard\u00f3 reconeix projectes innovadors que impulsen una gesti\u00f3 m\u00e9s sostenible dels residus a escala comunit\u00e0ria.\",\"breadcrumb\":{\"@id\":\"https:\\\/\\\/www.reciplasa.es\\\/va\\\/la-catedra-reciplasa-entrega-el-premi-a-la-iniciativa-per-a-la-millora-de-la-gestio-sostenible-dels-residus-urbans-a-lies-llombai-de-borriana-amb-el-seu-projecte-posat-les\\\/#breadcrumb\"},\"inLanguage\":\"va-VA\",\"potentialAction\":[{\"@type\":\"ReadAction\",\"target\":[\"https:\\\/\\\/www.reciplasa.es\\\/va\\\/la-catedra-reciplasa-entrega-el-premi-a-la-iniciativa-per-a-la-millora-de-la-gestio-sostenible-dels-residus-urbans-a-lies-llombai-de-borriana-amb-el-seu-projecte-posat-les\\\/\"]}]},{\"@type\":\"ImageObject\",\"inLanguage\":\"va-VA\",\"@id\":\"https:\\\/\\\/www.reciplasa.es\\\/va\\\/la-catedra-reciplasa-entrega-el-premi-a-la-iniciativa-per-a-la-millora-de-la-gestio-sostenible-dels-residus-urbans-a-lies-llombai-de-borriana-amb-el-seu-projecte-posat-les\\\/#primaryimage\",\"url\":\"https:\\\/\\\/www.reciplasa.es\\\/wp-content\\\/uploads\\\/2026\\\/01\\\/DSC09154-scaled.jpg\",\"contentUrl\":\"https:\\\/\\\/www.reciplasa.es\\\/wp-content\\\/uploads\\\/2026\\\/01\\\/DSC09154-scaled.jpg\",\"width\":2560,\"height\":1707},{\"@type\":\"BreadcrumbList\",\"@id\":\"https:\\\/\\\/www.reciplasa.es\\\/va\\\/la-catedra-reciplasa-entrega-el-premi-a-la-iniciativa-per-a-la-millora-de-la-gestio-sostenible-dels-residus-urbans-a-lies-llombai-de-borriana-amb-el-seu-projecte-posat-les\\\/#breadcrumb\",\"itemListElement\":[{\"@type\":\"ListItem\",\"position\":1,\"name\":\"Portada\",\"item\":\"https:\\\/\\\/www.reciplasa.es\\\/va\\\/\"},{\"@type\":\"ListItem\",\"position\":2,\"name\":\"La C\u00e0tedra Reciplasa entrega el Premi a la Iniciativa per a la Millora de la Gesti\u00f3 Sostenible dels Residus Urbans a l\u2019IES Llombai de Borriana amb el seu projecte \u2018Posa\u2019t les\u00a0piles\u2019\u00a0\u00a0\"}]},{\"@type\":\"WebSite\",\"@id\":\"https:\\\/\\\/www.reciplasa.es\\\/#website\",\"url\":\"https:\\\/\\\/www.reciplasa.es\\\/\",\"name\":\"RECIPLASA\",\"description\":\"Reciclats de Residus La Plana SA\",\"potentialAction\":[{\"@type\":\"SearchAction\",\"target\":{\"@type\":\"EntryPoint\",\"urlTemplate\":\"https:\\\/\\\/www.reciplasa.es\\\/?s={search_term_string}\"},\"query-input\":{\"@type\":\"PropertyValueSpecification\",\"valueRequired\":true,\"valueName\":\"search_term_string\"}}],\"inLanguage\":\"va-VA\"},{\"@type\":\"Person\",\"@id\":\"https:\\\/\\\/www.reciplasa.es\\\/#\\\/schema\\\/person\\\/15191934c9f5618dadb907c80c029c0b\",\"name\":\"Sandra\",\"image\":{\"@type\":\"ImageObject\",\"inLanguage\":\"va-VA\",\"@id\":\"https:\\\/\\\/secure.gravatar.com\\\/avatar\\\/605ca84bedd79915b697a46887df8ccd0249fb6f2a1bbcd0bfc66c91d997ae51?s=96&d=mm&r=g\",\"url\":\"https:\\\/\\\/secure.gravatar.com\\\/avatar\\\/605ca84bedd79915b697a46887df8ccd0249fb6f2a1bbcd0bfc66c91d997ae51?s=96&d=mm&r=g\",\"contentUrl\":\"https:\\\/\\\/secure.gravatar.com\\\/avatar\\\/605ca84bedd79915b697a46887df8ccd0249fb6f2a1bbcd0bfc66c91d997ae51?s=96&d=mm&r=g\",\"caption\":\"Sandra\"},\"url\":\"https:\\\/\\\/www.reciplasa.es\\\/va\\\/author\\\/sandra\\\/\"}]}<\/script>\n<!-- \/ Yoast SEO plugin. -->","yoast_head_json":{"title":"La C\u00e0tedra Reciplasa entrega el Premi a la Iniciativa per a la Millora de la Gesti\u00f3 Sostenible dels Residus Urbans a l\u2019IES Llombai de Borriana amb el seu projecte \u2018Posa\u2019t les\u00a0piles\u2019\u00a0\u00a0 - RECIPLASA","description":"El guard\u00f3 reconeix projectes innovadors que impulsen una gesti\u00f3 m\u00e9s sostenible dels residus a escala comunit\u00e0ria.","robots":{"index":"index","follow":"follow","max-snippet":"max-snippet:-1","max-image-preview":"max-image-preview:large","max-video-preview":"max-video-preview:-1"},"canonical":"https:\/\/www.reciplasa.es\/va\/la-catedra-reciplasa-entrega-el-premi-a-la-iniciativa-per-a-la-millora-de-la-gestio-sostenible-dels-residus-urbans-a-lies-llombai-de-borriana-amb-el-seu-projecte-posat-les\/","og_locale":"en_US","og_type":"article","og_title":"La C\u00e0tedra Reciplasa entrega el Premi a la Iniciativa per a la Millora de la Gesti\u00f3 Sostenible dels Residus Urbans a l\u2019IES Llombai de Borriana amb el seu projecte \u2018Posa\u2019t les\u00a0piles\u2019\u00a0\u00a0 - RECIPLASA","og_description":"El guard\u00f3 reconeix projectes innovadors que impulsen una gesti\u00f3 m\u00e9s sostenible dels residus a escala comunit\u00e0ria.","og_url":"https:\/\/www.reciplasa.es\/va\/la-catedra-reciplasa-entrega-el-premi-a-la-iniciativa-per-a-la-millora-de-la-gestio-sostenible-dels-residus-urbans-a-lies-llombai-de-borriana-amb-el-seu-projecte-posat-les\/","og_site_name":"RECIPLASA","article_published_time":"2026-01-28T08:59:10+00:00","og_image":[{"width":2560,"height":1707,"url":"https:\/\/www.reciplasa.es\/wp-content\/uploads\/2026\/01\/DSC09154-scaled.jpg","type":"image\/jpeg"}],"author":"Sandra","twitter_card":"summary_large_image","twitter_misc":{"Written by":"Sandra","Est. reading time":"3 minutes"},"schema":{"@context":"https:\/\/schema.org","@graph":[{"@type":"Article","@id":"https:\/\/www.reciplasa.es\/va\/la-catedra-reciplasa-entrega-el-premi-a-la-iniciativa-per-a-la-millora-de-la-gestio-sostenible-dels-residus-urbans-a-lies-llombai-de-borriana-amb-el-seu-projecte-posat-les\/#article","isPartOf":{"@id":"https:\/\/www.reciplasa.es\/va\/la-catedra-reciplasa-entrega-el-premi-a-la-iniciativa-per-a-la-millora-de-la-gestio-sostenible-dels-residus-urbans-a-lies-llombai-de-borriana-amb-el-seu-projecte-posat-les\/"},"author":{"name":"Sandra","@id":"https:\/\/www.reciplasa.es\/#\/schema\/person\/15191934c9f5618dadb907c80c029c0b"},"headline":"La C\u00e0tedra Reciplasa entrega el Premi a la Iniciativa per a la Millora de la Gesti\u00f3 Sostenible dels Residus Urbans a l\u2019IES Llombai de Borriana amb el seu projecte \u2018Posa\u2019t les\u00a0piles\u2019\u00a0\u00a0","datePublished":"2026-01-28T08:59:10+00:00","mainEntityOfPage":{"@id":"https:\/\/www.reciplasa.es\/va\/la-catedra-reciplasa-entrega-el-premi-a-la-iniciativa-per-a-la-millora-de-la-gestio-sostenible-dels-residus-urbans-a-lies-llombai-de-borriana-amb-el-seu-projecte-posat-les\/"},"wordCount":573,"image":{"@id":"https:\/\/www.reciplasa.es\/va\/la-catedra-reciplasa-entrega-el-premi-a-la-iniciativa-per-a-la-millora-de-la-gestio-sostenible-dels-residus-urbans-a-lies-llombai-de-borriana-amb-el-seu-projecte-posat-les\/#primaryimage"},"thumbnailUrl":"https:\/\/www.reciplasa.es\/wp-content\/uploads\/2026\/01\/DSC09154-scaled.jpg","articleSection":["Not\u00edcies corporatives"],"inLanguage":"va-VA"},{"@type":"WebPage","@id":"https:\/\/www.reciplasa.es\/va\/la-catedra-reciplasa-entrega-el-premi-a-la-iniciativa-per-a-la-millora-de-la-gestio-sostenible-dels-residus-urbans-a-lies-llombai-de-borriana-amb-el-seu-projecte-posat-les\/","url":"https:\/\/www.reciplasa.es\/va\/la-catedra-reciplasa-entrega-el-premi-a-la-iniciativa-per-a-la-millora-de-la-gestio-sostenible-dels-residus-urbans-a-lies-llombai-de-borriana-amb-el-seu-projecte-posat-les\/","name":"La C\u00e0tedra Reciplasa entrega el Premi a la Iniciativa per a la Millora de la Gesti\u00f3 Sostenible dels Residus Urbans a l\u2019IES Llombai de Borriana amb el seu projecte \u2018Posa\u2019t les\u00a0piles\u2019\u00a0\u00a0 - RECIPLASA","isPartOf":{"@id":"https:\/\/www.reciplasa.es\/#website"},"primaryImageOfPage":{"@id":"https:\/\/www.reciplasa.es\/va\/la-catedra-reciplasa-entrega-el-premi-a-la-iniciativa-per-a-la-millora-de-la-gestio-sostenible-dels-residus-urbans-a-lies-llombai-de-borriana-amb-el-seu-projecte-posat-les\/#primaryimage"},"image":{"@id":"https:\/\/www.reciplasa.es\/va\/la-catedra-reciplasa-entrega-el-premi-a-la-iniciativa-per-a-la-millora-de-la-gestio-sostenible-dels-residus-urbans-a-lies-llombai-de-borriana-amb-el-seu-projecte-posat-les\/#primaryimage"},"thumbnailUrl":"https:\/\/www.reciplasa.es\/wp-content\/uploads\/2026\/01\/DSC09154-scaled.jpg","datePublished":"2026-01-28T08:59:10+00:00","author":{"@id":"https:\/\/www.reciplasa.es\/#\/schema\/person\/15191934c9f5618dadb907c80c029c0b"},"description":"El guard\u00f3 reconeix projectes innovadors que impulsen una gesti\u00f3 m\u00e9s sostenible dels residus a escala comunit\u00e0ria.","breadcrumb":{"@id":"https:\/\/www.reciplasa.es\/va\/la-catedra-reciplasa-entrega-el-premi-a-la-iniciativa-per-a-la-millora-de-la-gestio-sostenible-dels-residus-urbans-a-lies-llombai-de-borriana-amb-el-seu-projecte-posat-les\/#breadcrumb"},"inLanguage":"va-VA","potentialAction":[{"@type":"ReadAction","target":["https:\/\/www.reciplasa.es\/va\/la-catedra-reciplasa-entrega-el-premi-a-la-iniciativa-per-a-la-millora-de-la-gestio-sostenible-dels-residus-urbans-a-lies-llombai-de-borriana-amb-el-seu-projecte-posat-les\/"]}]},{"@type":"ImageObject","inLanguage":"va-VA","@id":"https:\/\/www.reciplasa.es\/va\/la-catedra-reciplasa-entrega-el-premi-a-la-iniciativa-per-a-la-millora-de-la-gestio-sostenible-dels-residus-urbans-a-lies-llombai-de-borriana-amb-el-seu-projecte-posat-les\/#primaryimage","url":"https:\/\/www.reciplasa.es\/wp-content\/uploads\/2026\/01\/DSC09154-scaled.jpg","contentUrl":"https:\/\/www.reciplasa.es\/wp-content\/uploads\/2026\/01\/DSC09154-scaled.jpg","width":2560,"height":1707},{"@type":"BreadcrumbList","@id":"https:\/\/www.reciplasa.es\/va\/la-catedra-reciplasa-entrega-el-premi-a-la-iniciativa-per-a-la-millora-de-la-gestio-sostenible-dels-residus-urbans-a-lies-llombai-de-borriana-amb-el-seu-projecte-posat-les\/#breadcrumb","itemListElement":[{"@type":"ListItem","position":1,"name":"Portada","item":"https:\/\/www.reciplasa.es\/va\/"},{"@type":"ListItem","position":2,"name":"La C\u00e0tedra Reciplasa entrega el Premi a la Iniciativa per a la Millora de la Gesti\u00f3 Sostenible dels Residus Urbans a l\u2019IES Llombai de Borriana amb el seu projecte \u2018Posa\u2019t les\u00a0piles\u2019\u00a0\u00a0"}]},{"@type":"WebSite","@id":"https:\/\/www.reciplasa.es\/#website","url":"https:\/\/www.reciplasa.es\/","name":"RECIPLASA","description":"Reciclats de Residus La Plana SA","potentialAction":[{"@type":"SearchAction","target":{"@type":"EntryPoint","urlTemplate":"https:\/\/www.reciplasa.es\/?s={search_term_string}"},"query-input":{"@type":"PropertyValueSpecification","valueRequired":true,"valueName":"search_term_string"}}],"inLanguage":"va-VA"},{"@type":"Person","@id":"https:\/\/www.reciplasa.es\/#\/schema\/person\/15191934c9f5618dadb907c80c029c0b","name":"Sandra","image":{"@type":"ImageObject","inLanguage":"va-VA","@id":"https:\/\/secure.gravatar.com\/avatar\/605ca84bedd79915b697a46887df8ccd0249fb6f2a1bbcd0bfc66c91d997ae51?s=96&d=mm&r=g","url":"https:\/\/secure.gravatar.com\/avatar\/605ca84bedd79915b697a46887df8ccd0249fb6f2a1bbcd0bfc66c91d997ae51?s=96&d=mm&r=g","contentUrl":"https:\/\/secure.gravatar.com\/avatar\/605ca84bedd79915b697a46887df8ccd0249fb6f2a1bbcd0bfc66c91d997ae51?s=96&d=mm&r=g","caption":"Sandra"},"url":"https:\/\/www.reciplasa.es\/va\/author\/sandra\/"}]}},"_links":{"self":[{"href":"https:\/\/www.reciplasa.es\/va\/wp-json\/wp\/v2\/posts\/40082","targetHints":{"allow":["GET"]}}],"collection":[{"href":"https:\/\/www.reciplasa.es\/va\/wp-json\/wp\/v2\/posts"}],"about":[{"href":"https:\/\/www.reciplasa.es\/va\/wp-json\/wp\/v2\/types\/post"}],"author":[{"embeddable":true,"href":"https:\/\/www.reciplasa.es\/va\/wp-json\/wp\/v2\/users\/13"}],"replies":[{"embeddable":true,"href":"https:\/\/www.reciplasa.es\/va\/wp-json\/wp\/v2\/comments?post=40082"}],"version-history":[{"count":1,"href":"https:\/\/www.reciplasa.es\/va\/wp-json\/wp\/v2\/posts\/40082\/revisions"}],"predecessor-version":[{"id":40127,"href":"https:\/\/www.reciplasa.es\/va\/wp-json\/wp\/v2\/posts\/40082\/revisions\/40127"}],"wp:featuredmedia":[{"embeddable":true,"href":"https:\/\/www.reciplasa.es\/va\/wp-json\/wp\/v2\/media\/40011"}],"wp:attachment":[{"href":"https:\/\/www.reciplasa.es\/va\/wp-json\/wp\/v2\/media?parent=40082"}],"wp:term":[{"taxonomy":"category","embeddable":true,"href":"https:\/\/www.reciplasa.es\/va\/wp-json\/wp\/v2\/categories?post=40082"},{"taxonomy":"post_tag","embeddable":true,"href":"https:\/\/www.reciplasa.es\/va\/wp-json\/wp\/v2\/tags?post=40082"}],"curies":[{"name":"wp","href":"https:\/\/api.w.org\/{rel}","templated":true}]}}