{"id":41610,"date":"2026-02-12T07:48:54","date_gmt":"2026-02-12T07:48:54","guid":{"rendered":"https:\/\/www.reciplasa.es\/?p=41610"},"modified":"2026-02-12T07:48:54","modified_gmt":"2026-02-12T07:48:54","slug":"el-ecomovil-de-reciplasa-supero-en-2025-las-20-tm-de-residuos-recogidos-para-reciclar-en-45-municipios-de-castellon","status":"publish","type":"post","link":"https:\/\/www.reciplasa.es\/va\/el-ecomovil-de-reciplasa-supero-en-2025-las-20-tm-de-residuos-recogidos-para-reciclar-en-45-municipios-de-castellon\/","title":{"rendered":"El\u00a0ecom\u00f3vil\u00a0de Reciplasa super\u00f3 en 2025 las 20 Tm. de residuos recogidos para reciclar en 45 municipios de Castell\u00f3n"},"content":{"rendered":"<div><\/div>\n<div><b><a name=\"m_-8008211133722209736__Hlk173312185\"><\/a>\u00a0<\/b><\/div>\n<div><i>La empresa p\u00fablica triplicar\u00e1 en 2026 este servicio itinerante que acerca el reciclaje a la poblaci\u00f3n y que supera los 4.200 usuarios en la provincia<\/i><\/div>\n<div><i>\u00a0<\/i><\/div>\n<div><b>Castell\u00f3n (12 de febrero-2026). \u2013 <\/b>El ecoparque m\u00f3vil de Reciplasa cerr\u00f3 el ejercicio 2025 con un balance positivo, consolid\u00e1ndose como un servicio clave para fomentar el reciclaje en los municipios del interior de la provincia de Castell\u00f3n. A lo largo del a\u00f1o, este recurso itinerante gestion\u00f3 20.955,68 kilogramos de residuos y dio servicio a 4.222 usuarios, acercando la recogida selectiva a 45 localidades, muchas de ellas con limitada accesibilidad a ecoparques fijos.<\/div>\n<div><\/div>\n<div>El servicio permiti\u00f3 a la ciudadan\u00eda depositar residuos que no pueden gestionarse a trav\u00e9s de los contenedores convencionales, facilitando una correcta separaci\u00f3n y evitando vertidos incontrolados. Entre los materiales m\u00e1s recogidos destacan los aparatos el\u00e9ctricos y electr\u00f3nicos de peque\u00f1o y mediano tama\u00f1o (RAEE), que supusieron el 42,8% del total, seguidos por los textiles (7,3%) y la chatarra y los metales (10,2%).<\/div>\n<div><\/div>\n<div>El an\u00e1lisis mensual refleja una mayor utilizaci\u00f3n del ecoparque m\u00f3vil en los meses de julio, noviembre y febrero, coincidiendo con picos de actividad que confirman la creciente implantaci\u00f3n del servicio entre la poblaci\u00f3n. El balance anual muestra adem\u00e1s una ligera mejora respecto al ejercicio anterior, situ\u00e1ndose en cifras similares a los mejores a\u00f1os desde la puesta en marcha del ecoparque m\u00f3vil.<\/div>\n<div><\/div>\n<div>El presidente de Reciplasa, Sergio Toledo, ha subrayado que \u201ca trav\u00e9s del ecoparque m\u00f3vil acercamos este servicio a los municipios con menos accesibilidad y facilitamos que los vecinos puedan reciclar correctamente residuos que no tienen cabida en los sistemas habituales\u201d.<\/div>\n<div><\/div>\n<div><b>Triplicar\u00e1 el servicio en 2026<\/b><\/div>\n<div><\/div>\n<div>Uno de los acuerdos m\u00e1s relevantes de las \u00faltimas fechas en Reciplasa ha sido la aprobaci\u00f3n de la licitaci\u00f3n que permitir\u00e1 poner en marcha\u00a0<b>cuatro ecoparques m\u00f3viles<\/b>\u00a0que dar\u00e1n servicio a\u00a0<b>45 municipios<\/b>\u00a0de la provincia, un servicio que actualmente se presta con un \u00fanico veh\u00edculo. El expediente contempla la incorporaci\u00f3n de cuatro nuevos ecoparques m\u00f3viles totalmente equipados para su operatividad con personal y\u00a0<b>cuatro camiones con sistema Multilift<\/b>, lo que supone una inversi\u00f3n cercana a\u00a0<b>1,2 millones de euros<\/b>, a la que se a\u00f1adir\u00e1 el IVA correspondiente. Esta ampliaci\u00f3n permitir\u00e1 mejorar la recogida selectiva, optimizar rutas y ampliar los puntos de atenci\u00f3n directa a los vecinos.<\/div>\n<div><\/div>\n<div>En esta l\u00ednea, Toledo ha anunciado un importante refuerzo del servicio para el pr\u00f3ximo a\u00f1o: \u201cEn 2026 vamos a triplicar el ecoparque m\u00f3vil, pasando de uno a cuatro ecom\u00f3viles, lo que permitir\u00e1 aumentar la frecuencia de visitas y facilitar todav\u00eda m\u00e1s el reciclaje en los municipios\u201d.<\/div>\n<div><\/div>\n<div>La ampliaci\u00f3n del servicio supondr\u00e1 una mejor cobertura territorial, especialmente en las localidades m\u00e1s peque\u00f1as o con mayores dificultades de acceso a infraestructuras fijas, y reforzar\u00e1 el compromiso de Reciplasa con la recogida selectiva, la sostenibilidad y la econom\u00eda circular en el conjunto de la provincia.<\/div>\n","protected":false},"excerpt":{"rendered":"<p>\u00a0 La empresa p\u00fablica triplicar\u00e1 en 2026 este servicio itinerante que acerca el reciclaje a la poblaci\u00f3n y que supera los 4.200 usuarios en la provincia \u00a0 Castell\u00f3n (12 de febrero-2026). \u2013 El ecoparque m\u00f3vil de Reciplasa cerr\u00f3 el ejercicio 2025 con un balance positivo, consolid\u00e1ndose como un servicio clave para fomentar el reciclaje enDale que hay m\u00e1s &#8230;<\/p>\n","protected":false},"author":13,"featured_media":41655,"comment_status":"closed","ping_status":"closed","sticky":false,"template":"","format":"standard","meta":{"footnotes":""},"categories":[3],"tags":[],"class_list":["post-41610","post","type-post","status-publish","format-standard","has-post-thumbnail","hentry","category-noticias-corporativas"],"yoast_head":"<!-- This site is optimized with the Yoast SEO plugin v27.4 - https:\/\/yoast.com\/product\/yoast-seo-wordpress\/ -->\n<title>El\u00a0ecom\u00f3vil\u00a0de Reciplasa super\u00f3 en 2025 las 20 Tm. de residuos recogidos para reciclar en 45 municipios de Castell\u00f3n - RECIPLASA<\/title>\n<meta name=\"description\" content=\"La empresa p\u00fablica triplicar\u00e1 en 2026 este servicio itinerante que acerca el reciclaje a la poblaci\u00f3n y que supera los 4.200 usuarios.\" \/>\n<meta name=\"robots\" content=\"index, follow, max-snippet:-1, max-image-preview:large, max-video-preview:-1\" \/>\n<link rel=\"canonical\" href=\"https:\/\/www.reciplasa.es\/el-ecomovil-de-reciplasa-supero-en-2025-las-20-tm-de-residuos-recogidos-para-reciclar-en-45-municipios-de-castellon\/\" \/>\n<meta property=\"og:locale\" content=\"en_US\" \/>\n<meta property=\"og:type\" content=\"article\" \/>\n<meta property=\"og:title\" content=\"El\u00a0ecom\u00f3vil\u00a0de Reciplasa super\u00f3 en 2025 las 20 Tm. de residuos recogidos para reciclar en 45 municipios de Castell\u00f3n - RECIPLASA\" \/>\n<meta property=\"og:description\" content=\"La empresa p\u00fablica triplicar\u00e1 en 2026 este servicio itinerante que acerca el reciclaje a la poblaci\u00f3n y que supera los 4.200 usuarios.\" \/>\n<meta property=\"og:url\" content=\"https:\/\/www.reciplasa.es\/el-ecomovil-de-reciplasa-supero-en-2025-las-20-tm-de-residuos-recogidos-para-reciclar-en-45-municipios-de-castellon\/\" \/>\n<meta property=\"og:site_name\" content=\"RECIPLASA\" \/>\n<meta property=\"article:published_time\" content=\"2026-02-12T07:48:54+00:00\" \/>\n<meta property=\"og:image\" content=\"https:\/\/www.reciplasa.es\/wp-content\/uploads\/2026\/02\/ecomovil-en-Llucena-1.jpeg\" \/>\n\t<meta property=\"og:image:width\" content=\"1920\" \/>\n\t<meta property=\"og:image:height\" content=\"1080\" \/>\n\t<meta property=\"og:image:type\" content=\"image\/jpeg\" \/>\n<meta name=\"author\" content=\"Sandra\" \/>\n<meta name=\"twitter:card\" content=\"summary_large_image\" \/>\n<meta name=\"twitter:label1\" content=\"Written by\" \/>\n\t<meta name=\"twitter:data1\" content=\"Sandra\" \/>\n\t<meta name=\"twitter:label2\" content=\"Est. reading time\" \/>\n\t<meta name=\"twitter:data2\" content=\"3 minutes\" \/>\n<script type=\"application\/ld+json\" class=\"yoast-schema-graph\">{\"@context\":\"https:\\\/\\\/schema.org\",\"@graph\":[{\"@type\":\"Article\",\"@id\":\"https:\\\/\\\/www.reciplasa.es\\\/el-ecomovil-de-reciplasa-supero-en-2025-las-20-tm-de-residuos-recogidos-para-reciclar-en-45-municipios-de-castellon\\\/#article\",\"isPartOf\":{\"@id\":\"https:\\\/\\\/www.reciplasa.es\\\/el-ecomovil-de-reciplasa-supero-en-2025-las-20-tm-de-residuos-recogidos-para-reciclar-en-45-municipios-de-castellon\\\/\"},\"author\":{\"name\":\"Sandra\",\"@id\":\"https:\\\/\\\/www.reciplasa.es\\\/#\\\/schema\\\/person\\\/15191934c9f5618dadb907c80c029c0b\"},\"headline\":\"El\u00a0ecom\u00f3vil\u00a0de Reciplasa super\u00f3 en 2025 las 20 Tm. de residuos recogidos para reciclar en 45 municipios de Castell\u00f3n\",\"datePublished\":\"2026-02-12T07:48:54+00:00\",\"mainEntityOfPage\":{\"@id\":\"https:\\\/\\\/www.reciplasa.es\\\/el-ecomovil-de-reciplasa-supero-en-2025-las-20-tm-de-residuos-recogidos-para-reciclar-en-45-municipios-de-castellon\\\/\"},\"wordCount\":516,\"image\":{\"@id\":\"https:\\\/\\\/www.reciplasa.es\\\/el-ecomovil-de-reciplasa-supero-en-2025-las-20-tm-de-residuos-recogidos-para-reciclar-en-45-municipios-de-castellon\\\/#primaryimage\"},\"thumbnailUrl\":\"https:\\\/\\\/www.reciplasa.es\\\/wp-content\\\/uploads\\\/2026\\\/02\\\/ecomovil-en-Llucena-1.jpeg\",\"articleSection\":[\"Noticias corporativas\"],\"inLanguage\":\"va-VA\"},{\"@type\":\"WebPage\",\"@id\":\"https:\\\/\\\/www.reciplasa.es\\\/el-ecomovil-de-reciplasa-supero-en-2025-las-20-tm-de-residuos-recogidos-para-reciclar-en-45-municipios-de-castellon\\\/\",\"url\":\"https:\\\/\\\/www.reciplasa.es\\\/el-ecomovil-de-reciplasa-supero-en-2025-las-20-tm-de-residuos-recogidos-para-reciclar-en-45-municipios-de-castellon\\\/\",\"name\":\"El\u00a0ecom\u00f3vil\u00a0de Reciplasa super\u00f3 en 2025 las 20 Tm. de residuos recogidos para reciclar en 45 municipios de Castell\u00f3n - RECIPLASA\",\"isPartOf\":{\"@id\":\"https:\\\/\\\/www.reciplasa.es\\\/#website\"},\"primaryImageOfPage\":{\"@id\":\"https:\\\/\\\/www.reciplasa.es\\\/el-ecomovil-de-reciplasa-supero-en-2025-las-20-tm-de-residuos-recogidos-para-reciclar-en-45-municipios-de-castellon\\\/#primaryimage\"},\"image\":{\"@id\":\"https:\\\/\\\/www.reciplasa.es\\\/el-ecomovil-de-reciplasa-supero-en-2025-las-20-tm-de-residuos-recogidos-para-reciclar-en-45-municipios-de-castellon\\\/#primaryimage\"},\"thumbnailUrl\":\"https:\\\/\\\/www.reciplasa.es\\\/wp-content\\\/uploads\\\/2026\\\/02\\\/ecomovil-en-Llucena-1.jpeg\",\"datePublished\":\"2026-02-12T07:48:54+00:00\",\"author\":{\"@id\":\"https:\\\/\\\/www.reciplasa.es\\\/#\\\/schema\\\/person\\\/15191934c9f5618dadb907c80c029c0b\"},\"description\":\"La empresa p\u00fablica triplicar\u00e1 en 2026 este servicio itinerante que acerca el reciclaje a la poblaci\u00f3n y que supera los 4.200 usuarios.\",\"breadcrumb\":{\"@id\":\"https:\\\/\\\/www.reciplasa.es\\\/el-ecomovil-de-reciplasa-supero-en-2025-las-20-tm-de-residuos-recogidos-para-reciclar-en-45-municipios-de-castellon\\\/#breadcrumb\"},\"inLanguage\":\"va-VA\",\"potentialAction\":[{\"@type\":\"ReadAction\",\"target\":[\"https:\\\/\\\/www.reciplasa.es\\\/el-ecomovil-de-reciplasa-supero-en-2025-las-20-tm-de-residuos-recogidos-para-reciclar-en-45-municipios-de-castellon\\\/\"]}]},{\"@type\":\"ImageObject\",\"inLanguage\":\"va-VA\",\"@id\":\"https:\\\/\\\/www.reciplasa.es\\\/el-ecomovil-de-reciplasa-supero-en-2025-las-20-tm-de-residuos-recogidos-para-reciclar-en-45-municipios-de-castellon\\\/#primaryimage\",\"url\":\"https:\\\/\\\/www.reciplasa.es\\\/wp-content\\\/uploads\\\/2026\\\/02\\\/ecomovil-en-Llucena-1.jpeg\",\"contentUrl\":\"https:\\\/\\\/www.reciplasa.es\\\/wp-content\\\/uploads\\\/2026\\\/02\\\/ecomovil-en-Llucena-1.jpeg\",\"width\":1920,\"height\":1080,\"caption\":\"El ecom\u00f3vil de Reciplasa recorre 45 municipios de la provincia de Castell\u00f3n\"},{\"@type\":\"BreadcrumbList\",\"@id\":\"https:\\\/\\\/www.reciplasa.es\\\/el-ecomovil-de-reciplasa-supero-en-2025-las-20-tm-de-residuos-recogidos-para-reciclar-en-45-municipios-de-castellon\\\/#breadcrumb\",\"itemListElement\":[{\"@type\":\"ListItem\",\"position\":1,\"name\":\"Portada\",\"item\":\"https:\\\/\\\/www.reciplasa.es\\\/va\\\/\"},{\"@type\":\"ListItem\",\"position\":2,\"name\":\"El\u00a0ecom\u00f3vil\u00a0de Reciplasa super\u00f3 en 2025 las 20 Tm. de residuos recogidos para reciclar en 45 municipios de Castell\u00f3n\"}]},{\"@type\":\"WebSite\",\"@id\":\"https:\\\/\\\/www.reciplasa.es\\\/#website\",\"url\":\"https:\\\/\\\/www.reciplasa.es\\\/\",\"name\":\"RECIPLASA\",\"description\":\"Reciclats de Residus La Plana SA\",\"potentialAction\":[{\"@type\":\"SearchAction\",\"target\":{\"@type\":\"EntryPoint\",\"urlTemplate\":\"https:\\\/\\\/www.reciplasa.es\\\/?s={search_term_string}\"},\"query-input\":{\"@type\":\"PropertyValueSpecification\",\"valueRequired\":true,\"valueName\":\"search_term_string\"}}],\"inLanguage\":\"va-VA\"},{\"@type\":\"Person\",\"@id\":\"https:\\\/\\\/www.reciplasa.es\\\/#\\\/schema\\\/person\\\/15191934c9f5618dadb907c80c029c0b\",\"name\":\"Sandra\",\"image\":{\"@type\":\"ImageObject\",\"inLanguage\":\"va-VA\",\"@id\":\"https:\\\/\\\/secure.gravatar.com\\\/avatar\\\/605ca84bedd79915b697a46887df8ccd0249fb6f2a1bbcd0bfc66c91d997ae51?s=96&d=mm&r=g\",\"url\":\"https:\\\/\\\/secure.gravatar.com\\\/avatar\\\/605ca84bedd79915b697a46887df8ccd0249fb6f2a1bbcd0bfc66c91d997ae51?s=96&d=mm&r=g\",\"contentUrl\":\"https:\\\/\\\/secure.gravatar.com\\\/avatar\\\/605ca84bedd79915b697a46887df8ccd0249fb6f2a1bbcd0bfc66c91d997ae51?s=96&d=mm&r=g\",\"caption\":\"Sandra\"},\"url\":\"https:\\\/\\\/www.reciplasa.es\\\/va\\\/author\\\/sandra\\\/\"}]}<\/script>\n<!-- \/ Yoast SEO plugin. -->","yoast_head_json":{"title":"El\u00a0ecom\u00f3vil\u00a0de Reciplasa super\u00f3 en 2025 las 20 Tm. de residuos recogidos para reciclar en 45 municipios de Castell\u00f3n - RECIPLASA","description":"La empresa p\u00fablica triplicar\u00e1 en 2026 este servicio itinerante que acerca el reciclaje a la poblaci\u00f3n y que supera los 4.200 usuarios.","robots":{"index":"index","follow":"follow","max-snippet":"max-snippet:-1","max-image-preview":"max-image-preview:large","max-video-preview":"max-video-preview:-1"},"canonical":"https:\/\/www.reciplasa.es\/el-ecomovil-de-reciplasa-supero-en-2025-las-20-tm-de-residuos-recogidos-para-reciclar-en-45-municipios-de-castellon\/","og_locale":"en_US","og_type":"article","og_title":"El\u00a0ecom\u00f3vil\u00a0de Reciplasa super\u00f3 en 2025 las 20 Tm. de residuos recogidos para reciclar en 45 municipios de Castell\u00f3n - RECIPLASA","og_description":"La empresa p\u00fablica triplicar\u00e1 en 2026 este servicio itinerante que acerca el reciclaje a la poblaci\u00f3n y que supera los 4.200 usuarios.","og_url":"https:\/\/www.reciplasa.es\/el-ecomovil-de-reciplasa-supero-en-2025-las-20-tm-de-residuos-recogidos-para-reciclar-en-45-municipios-de-castellon\/","og_site_name":"RECIPLASA","article_published_time":"2026-02-12T07:48:54+00:00","og_image":[{"width":1920,"height":1080,"url":"https:\/\/www.reciplasa.es\/wp-content\/uploads\/2026\/02\/ecomovil-en-Llucena-1.jpeg","type":"image\/jpeg"}],"author":"Sandra","twitter_card":"summary_large_image","twitter_misc":{"Written by":"Sandra","Est. reading time":"3 minutes"},"schema":{"@context":"https:\/\/schema.org","@graph":[{"@type":"Article","@id":"https:\/\/www.reciplasa.es\/el-ecomovil-de-reciplasa-supero-en-2025-las-20-tm-de-residuos-recogidos-para-reciclar-en-45-municipios-de-castellon\/#article","isPartOf":{"@id":"https:\/\/www.reciplasa.es\/el-ecomovil-de-reciplasa-supero-en-2025-las-20-tm-de-residuos-recogidos-para-reciclar-en-45-municipios-de-castellon\/"},"author":{"name":"Sandra","@id":"https:\/\/www.reciplasa.es\/#\/schema\/person\/15191934c9f5618dadb907c80c029c0b"},"headline":"El\u00a0ecom\u00f3vil\u00a0de Reciplasa super\u00f3 en 2025 las 20 Tm. de residuos recogidos para reciclar en 45 municipios de Castell\u00f3n","datePublished":"2026-02-12T07:48:54+00:00","mainEntityOfPage":{"@id":"https:\/\/www.reciplasa.es\/el-ecomovil-de-reciplasa-supero-en-2025-las-20-tm-de-residuos-recogidos-para-reciclar-en-45-municipios-de-castellon\/"},"wordCount":516,"image":{"@id":"https:\/\/www.reciplasa.es\/el-ecomovil-de-reciplasa-supero-en-2025-las-20-tm-de-residuos-recogidos-para-reciclar-en-45-municipios-de-castellon\/#primaryimage"},"thumbnailUrl":"https:\/\/www.reciplasa.es\/wp-content\/uploads\/2026\/02\/ecomovil-en-Llucena-1.jpeg","articleSection":["Noticias corporativas"],"inLanguage":"va-VA"},{"@type":"WebPage","@id":"https:\/\/www.reciplasa.es\/el-ecomovil-de-reciplasa-supero-en-2025-las-20-tm-de-residuos-recogidos-para-reciclar-en-45-municipios-de-castellon\/","url":"https:\/\/www.reciplasa.es\/el-ecomovil-de-reciplasa-supero-en-2025-las-20-tm-de-residuos-recogidos-para-reciclar-en-45-municipios-de-castellon\/","name":"El\u00a0ecom\u00f3vil\u00a0de Reciplasa super\u00f3 en 2025 las 20 Tm. de residuos recogidos para reciclar en 45 municipios de Castell\u00f3n - RECIPLASA","isPartOf":{"@id":"https:\/\/www.reciplasa.es\/#website"},"primaryImageOfPage":{"@id":"https:\/\/www.reciplasa.es\/el-ecomovil-de-reciplasa-supero-en-2025-las-20-tm-de-residuos-recogidos-para-reciclar-en-45-municipios-de-castellon\/#primaryimage"},"image":{"@id":"https:\/\/www.reciplasa.es\/el-ecomovil-de-reciplasa-supero-en-2025-las-20-tm-de-residuos-recogidos-para-reciclar-en-45-municipios-de-castellon\/#primaryimage"},"thumbnailUrl":"https:\/\/www.reciplasa.es\/wp-content\/uploads\/2026\/02\/ecomovil-en-Llucena-1.jpeg","datePublished":"2026-02-12T07:48:54+00:00","author":{"@id":"https:\/\/www.reciplasa.es\/#\/schema\/person\/15191934c9f5618dadb907c80c029c0b"},"description":"La empresa p\u00fablica triplicar\u00e1 en 2026 este servicio itinerante que acerca el reciclaje a la poblaci\u00f3n y que supera los 4.200 usuarios.","breadcrumb":{"@id":"https:\/\/www.reciplasa.es\/el-ecomovil-de-reciplasa-supero-en-2025-las-20-tm-de-residuos-recogidos-para-reciclar-en-45-municipios-de-castellon\/#breadcrumb"},"inLanguage":"va-VA","potentialAction":[{"@type":"ReadAction","target":["https:\/\/www.reciplasa.es\/el-ecomovil-de-reciplasa-supero-en-2025-las-20-tm-de-residuos-recogidos-para-reciclar-en-45-municipios-de-castellon\/"]}]},{"@type":"ImageObject","inLanguage":"va-VA","@id":"https:\/\/www.reciplasa.es\/el-ecomovil-de-reciplasa-supero-en-2025-las-20-tm-de-residuos-recogidos-para-reciclar-en-45-municipios-de-castellon\/#primaryimage","url":"https:\/\/www.reciplasa.es\/wp-content\/uploads\/2026\/02\/ecomovil-en-Llucena-1.jpeg","contentUrl":"https:\/\/www.reciplasa.es\/wp-content\/uploads\/2026\/02\/ecomovil-en-Llucena-1.jpeg","width":1920,"height":1080,"caption":"El ecom\u00f3vil de Reciplasa recorre 45 municipios de la provincia de Castell\u00f3n"},{"@type":"BreadcrumbList","@id":"https:\/\/www.reciplasa.es\/el-ecomovil-de-reciplasa-supero-en-2025-las-20-tm-de-residuos-recogidos-para-reciclar-en-45-municipios-de-castellon\/#breadcrumb","itemListElement":[{"@type":"ListItem","position":1,"name":"Portada","item":"https:\/\/www.reciplasa.es\/va\/"},{"@type":"ListItem","position":2,"name":"El\u00a0ecom\u00f3vil\u00a0de Reciplasa super\u00f3 en 2025 las 20 Tm. de residuos recogidos para reciclar en 45 municipios de Castell\u00f3n"}]},{"@type":"WebSite","@id":"https:\/\/www.reciplasa.es\/#website","url":"https:\/\/www.reciplasa.es\/","name":"RECIPLASA","description":"Reciclats de Residus La Plana SA","potentialAction":[{"@type":"SearchAction","target":{"@type":"EntryPoint","urlTemplate":"https:\/\/www.reciplasa.es\/?s={search_term_string}"},"query-input":{"@type":"PropertyValueSpecification","valueRequired":true,"valueName":"search_term_string"}}],"inLanguage":"va-VA"},{"@type":"Person","@id":"https:\/\/www.reciplasa.es\/#\/schema\/person\/15191934c9f5618dadb907c80c029c0b","name":"Sandra","image":{"@type":"ImageObject","inLanguage":"va-VA","@id":"https:\/\/secure.gravatar.com\/avatar\/605ca84bedd79915b697a46887df8ccd0249fb6f2a1bbcd0bfc66c91d997ae51?s=96&d=mm&r=g","url":"https:\/\/secure.gravatar.com\/avatar\/605ca84bedd79915b697a46887df8ccd0249fb6f2a1bbcd0bfc66c91d997ae51?s=96&d=mm&r=g","contentUrl":"https:\/\/secure.gravatar.com\/avatar\/605ca84bedd79915b697a46887df8ccd0249fb6f2a1bbcd0bfc66c91d997ae51?s=96&d=mm&r=g","caption":"Sandra"},"url":"https:\/\/www.reciplasa.es\/va\/author\/sandra\/"}]}},"_links":{"self":[{"href":"https:\/\/www.reciplasa.es\/va\/wp-json\/wp\/v2\/posts\/41610","targetHints":{"allow":["GET"]}}],"collection":[{"href":"https:\/\/www.reciplasa.es\/va\/wp-json\/wp\/v2\/posts"}],"about":[{"href":"https:\/\/www.reciplasa.es\/va\/wp-json\/wp\/v2\/types\/post"}],"author":[{"embeddable":true,"href":"https:\/\/www.reciplasa.es\/va\/wp-json\/wp\/v2\/users\/13"}],"replies":[{"embeddable":true,"href":"https:\/\/www.reciplasa.es\/va\/wp-json\/wp\/v2\/comments?post=41610"}],"version-history":[{"count":1,"href":"https:\/\/www.reciplasa.es\/va\/wp-json\/wp\/v2\/posts\/41610\/revisions"}],"predecessor-version":[{"id":41689,"href":"https:\/\/www.reciplasa.es\/va\/wp-json\/wp\/v2\/posts\/41610\/revisions\/41689"}],"wp:featuredmedia":[{"embeddable":true,"href":"https:\/\/www.reciplasa.es\/va\/wp-json\/wp\/v2\/media\/41655"}],"wp:attachment":[{"href":"https:\/\/www.reciplasa.es\/va\/wp-json\/wp\/v2\/media?parent=41610"}],"wp:term":[{"taxonomy":"category","embeddable":true,"href":"https:\/\/www.reciplasa.es\/va\/wp-json\/wp\/v2\/categories?post=41610"},{"taxonomy":"post_tag","embeddable":true,"href":"https:\/\/www.reciplasa.es\/va\/wp-json\/wp\/v2\/tags?post=41610"}],"curies":[{"name":"wp","href":"https:\/\/api.w.org\/{rel}","templated":true}]}}