{"id":41706,"date":"2026-02-12T07:50:36","date_gmt":"2026-02-12T07:50:36","guid":{"rendered":"https:\/\/www.reciplasa.es\/?p=41706"},"modified":"2026-02-12T07:50:36","modified_gmt":"2026-02-12T07:50:36","slug":"l-ecomobil-de-reciplasa-va-superar-en-2025-les-20-tm-de-residus-arreplegats-per-a-reciclar-en-45-municipis-de-castello","status":"publish","type":"post","link":"https:\/\/www.reciplasa.es\/va\/l-ecomobil-de-reciplasa-va-superar-en-2025-les-20-tm-de-residus-arreplegats-per-a-reciclar-en-45-municipis-de-castello\/","title":{"rendered":"L\u2019\u00a0ecom\u00f2bil\u00a0de\u00a0Reciplasa\u00a0va superar en 2025 les 20 Tm. de residus arreplegats per a reciclar en 45 municipis de Castell\u00f3"},"content":{"rendered":"<p>&nbsp;<\/p>\n<p><em>L&#8217;empresa p\u00fablica triplicar\u00e0 en 2026 aquest servei itinerant que acosta el reciclatge a la poblaci\u00f3 i que supera els 4.200 usuaris a la prov\u00edncia<\/em><\/p>\n<p><em>\u00a0<\/em><\/p>\n<p><strong>Castell\u00f3 (11 de febrer-2025). \u2013 <\/strong>L&#8217;ecoparc m\u00f2bil de\u00a0Reciplasa\u00a0va tancar l&#8217;exercici 2025 amb un balan\u00e7 positiu, consolidant-se com un servei clau per a fomentar el reciclatge en els municipis de l&#8217;interior de la prov\u00edncia de Castell\u00f3. Al llarg de l&#8217;any, aquest recurs itinerant va gestionar 20.955,68 quilograms de residus i va donar servei a 4.222 usuaris, acostant la recollida selectiva a 45 localitats, moltes d&#8217;elles amb limitada accessibilitat a ecoparcs fixos.<\/p>\n<p>El servei va permetre a la ciutadania depositar residus que no poden gestionar-se a trav\u00e9s dels contenidors convencionals, facilitant una correcta separaci\u00f3 i evitant abocaments incontrolats. Entre els materials m\u00e9s arreplegats destaquen els aparells el\u00e8ctrics i electr\u00f2nics de xicotet i mitjana grand\u00e0ria (RAEE), que van suposar el 42,8% del total, seguits pels t\u00e8xtils (7,3%) i la ferralla i els metalls (10,2%).<\/p>\n<p>L&#8217;an\u00e0lisi mensual reflecteix una major utilitzaci\u00f3 de l&#8217;ecoparc m\u00f2bil en els mesos de juliol, novembre i febrer, coincidint amb pics d&#8217;activitat que confirmen la creixent implantaci\u00f3 del servei entre la poblaci\u00f3. El balan\u00e7 anual mostra a m\u00e9s una lleugera millora respecte a l&#8217;exercici anterior, situant-se en xifres similars als millors anys des de la posada en marxa de l&#8217;ecoparc m\u00f2bil.<\/p>\n<p>El president de\u00a0Reciplasa, Sergio Toledo, ha subratllat que \u201ca trav\u00e9s de l&#8217;ecoparc m\u00f2bil acostem aquest servei als municipis amb menys accessibilitat i facilitem que els ve\u00efns puguen reciclar correctament residus que no tenen cabuda en els sistemes habituals\u201d.<\/p>\n<p><strong>Triplicar\u00e0 el servei en 2026<\/strong><\/p>\n<p>Un dels acords m\u00e9s rellevants de les \u00faltimes dates en\u00a0Reciplasa\u00a0ha sigut l&#8217;aprovaci\u00f3 de la licitaci\u00f3 que permetr\u00e0 posar en marxa quatre ecoparcs m\u00f2bils que donaran servei a 45 municipis de la prov\u00edncia, un servei que actualment es presta amb un \u00fanic vehicle. L&#8217;expedient contempla la incorporaci\u00f3 de quatre nous ecoparcs m\u00f2bils totalment equipats per a la seua operativitat amb personal i quatre camions amb sistema\u00a0Multilift, la qual cosa suposa una inversi\u00f3 pr\u00f2xima a 1,2 milions d&#8217;euros, a la qual s&#8217;afegir\u00e0 l&#8217;IVA corresponent. Aquesta ampliaci\u00f3 permetr\u00e0 millorar la recollida selectiva, optimitzar rutes i ampliar els punts d&#8217;atenci\u00f3 directa als ve\u00efns.<\/p>\n<p>En aquesta l\u00ednia, Toledo ha anunciat un important refor\u00e7 del servei per a l&#8217;any vinent: \u201cEn 2026 triplicarem l&#8217;ecoparc m\u00f2bil, passant d&#8217;un a quatre\u00a0ecom\u00f3viles, la qual cosa permetr\u00e0 augmentar la freq\u00fc\u00e8ncia de visites i facilitar encara m\u00e9s el reciclatge en els municipis\u201d.<\/p>\n<p>L&#8217;ampliaci\u00f3 del servei suposar\u00e0 una millor cobertura territorial, especialment en les localitats m\u00e9s xicotetes o amb majors dificultats d&#8217;acc\u00e9s a infraestructures fixes, i refor\u00e7ar\u00e0 el comprom\u00eds de\u00a0Reciplasa\u00a0amb la recollida selectiva, la sostenibilitat i l&#8217;economia circular en el conjunt de la prov\u00edncia.<\/p>\n","protected":false},"excerpt":{"rendered":"<p>&nbsp; L&#8217;empresa p\u00fablica triplicar\u00e0 en 2026 aquest servei itinerant que acosta el reciclatge a la poblaci\u00f3 i que supera els 4.200 usuaris a la prov\u00edncia \u00a0 Castell\u00f3 (11 de febrer-2025). \u2013 L&#8217;ecoparc m\u00f2bil de\u00a0Reciplasa\u00a0va tancar l&#8217;exercici 2025 amb un balan\u00e7 positiu, consolidant-se com un servei clau per a fomentar el reciclatge en els municipis deDale que hay m\u00e1s &#8230;<\/p>\n","protected":false},"author":13,"featured_media":41655,"comment_status":"closed","ping_status":"closed","sticky":false,"template":"","format":"standard","meta":{"footnotes":""},"categories":[3],"tags":[],"class_list":["post-41706","post","type-post","status-publish","format-standard","has-post-thumbnail","hentry","category-noticias-corporativas"],"yoast_head":"<!-- This site is optimized with the Yoast SEO plugin v27.4 - https:\/\/yoast.com\/product\/yoast-seo-wordpress\/ -->\n<title>L\u2019\u00a0ecom\u00f2bil\u00a0de\u00a0Reciplasa\u00a0va superar en 2025 les 20 Tm. de residus arreplegats per a reciclar en 45 municipis de Castell\u00f3 - RECIPLASA<\/title>\n<meta name=\"description\" content=\"L&#039;empresa p\u00fablica triplicar\u00e0 en 2026 aquest servei itinerant que acosta el reciclatge a la poblaci\u00f3 i que supera els 4.200 usuaris\" \/>\n<meta name=\"robots\" content=\"index, follow, max-snippet:-1, max-image-preview:large, max-video-preview:-1\" \/>\n<link rel=\"canonical\" href=\"https:\/\/www.reciplasa.es\/l-ecomobil-de-reciplasa-va-superar-en-2025-les-20-tm-de-residus-arreplegats-per-a-reciclar-en-45-municipis-de-castello\/\" \/>\n<meta property=\"og:locale\" content=\"en_US\" \/>\n<meta property=\"og:type\" content=\"article\" \/>\n<meta property=\"og:title\" content=\"L\u2019\u00a0ecom\u00f2bil\u00a0de\u00a0Reciplasa\u00a0va superar en 2025 les 20 Tm. de residus arreplegats per a reciclar en 45 municipis de Castell\u00f3 - RECIPLASA\" \/>\n<meta property=\"og:description\" content=\"L&#039;empresa p\u00fablica triplicar\u00e0 en 2026 aquest servei itinerant que acosta el reciclatge a la poblaci\u00f3 i que supera els 4.200 usuaris\" \/>\n<meta property=\"og:url\" content=\"https:\/\/www.reciplasa.es\/l-ecomobil-de-reciplasa-va-superar-en-2025-les-20-tm-de-residus-arreplegats-per-a-reciclar-en-45-municipis-de-castello\/\" \/>\n<meta property=\"og:site_name\" content=\"RECIPLASA\" \/>\n<meta property=\"article:published_time\" content=\"2026-02-12T07:50:36+00:00\" \/>\n<meta property=\"og:image\" content=\"https:\/\/www.reciplasa.es\/wp-content\/uploads\/2026\/02\/ecomovil-en-Llucena-1.jpeg\" \/>\n\t<meta property=\"og:image:width\" content=\"1920\" \/>\n\t<meta property=\"og:image:height\" content=\"1080\" \/>\n\t<meta property=\"og:image:type\" content=\"image\/jpeg\" \/>\n<meta name=\"author\" content=\"Sandra\" \/>\n<meta name=\"twitter:card\" content=\"summary_large_image\" \/>\n<meta name=\"twitter:label1\" content=\"Written by\" \/>\n\t<meta name=\"twitter:data1\" content=\"Sandra\" \/>\n\t<meta name=\"twitter:label2\" content=\"Est. reading time\" \/>\n\t<meta name=\"twitter:data2\" content=\"3 minutes\" \/>\n<script type=\"application\/ld+json\" class=\"yoast-schema-graph\">{\"@context\":\"https:\\\/\\\/schema.org\",\"@graph\":[{\"@type\":\"Article\",\"@id\":\"https:\\\/\\\/www.reciplasa.es\\\/l-ecomobil-de-reciplasa-va-superar-en-2025-les-20-tm-de-residus-arreplegats-per-a-reciclar-en-45-municipis-de-castello\\\/#article\",\"isPartOf\":{\"@id\":\"https:\\\/\\\/www.reciplasa.es\\\/l-ecomobil-de-reciplasa-va-superar-en-2025-les-20-tm-de-residus-arreplegats-per-a-reciclar-en-45-municipis-de-castello\\\/\"},\"author\":{\"name\":\"Sandra\",\"@id\":\"https:\\\/\\\/www.reciplasa.es\\\/#\\\/schema\\\/person\\\/15191934c9f5618dadb907c80c029c0b\"},\"headline\":\"L\u2019\u00a0ecom\u00f2bil\u00a0de\u00a0Reciplasa\u00a0va superar en 2025 les 20 Tm. de residus arreplegats per a reciclar en 45 municipis de Castell\u00f3\",\"datePublished\":\"2026-02-12T07:50:36+00:00\",\"mainEntityOfPage\":{\"@id\":\"https:\\\/\\\/www.reciplasa.es\\\/l-ecomobil-de-reciplasa-va-superar-en-2025-les-20-tm-de-residus-arreplegats-per-a-reciclar-en-45-municipis-de-castello\\\/\"},\"wordCount\":512,\"image\":{\"@id\":\"https:\\\/\\\/www.reciplasa.es\\\/l-ecomobil-de-reciplasa-va-superar-en-2025-les-20-tm-de-residus-arreplegats-per-a-reciclar-en-45-municipis-de-castello\\\/#primaryimage\"},\"thumbnailUrl\":\"https:\\\/\\\/www.reciplasa.es\\\/wp-content\\\/uploads\\\/2026\\\/02\\\/ecomovil-en-Llucena-1.jpeg\",\"articleSection\":[\"Noticias corporativas\"],\"inLanguage\":\"va-VA\"},{\"@type\":\"WebPage\",\"@id\":\"https:\\\/\\\/www.reciplasa.es\\\/l-ecomobil-de-reciplasa-va-superar-en-2025-les-20-tm-de-residus-arreplegats-per-a-reciclar-en-45-municipis-de-castello\\\/\",\"url\":\"https:\\\/\\\/www.reciplasa.es\\\/l-ecomobil-de-reciplasa-va-superar-en-2025-les-20-tm-de-residus-arreplegats-per-a-reciclar-en-45-municipis-de-castello\\\/\",\"name\":\"L\u2019\u00a0ecom\u00f2bil\u00a0de\u00a0Reciplasa\u00a0va superar en 2025 les 20 Tm. de residus arreplegats per a reciclar en 45 municipis de Castell\u00f3 - RECIPLASA\",\"isPartOf\":{\"@id\":\"https:\\\/\\\/www.reciplasa.es\\\/#website\"},\"primaryImageOfPage\":{\"@id\":\"https:\\\/\\\/www.reciplasa.es\\\/l-ecomobil-de-reciplasa-va-superar-en-2025-les-20-tm-de-residus-arreplegats-per-a-reciclar-en-45-municipis-de-castello\\\/#primaryimage\"},\"image\":{\"@id\":\"https:\\\/\\\/www.reciplasa.es\\\/l-ecomobil-de-reciplasa-va-superar-en-2025-les-20-tm-de-residus-arreplegats-per-a-reciclar-en-45-municipis-de-castello\\\/#primaryimage\"},\"thumbnailUrl\":\"https:\\\/\\\/www.reciplasa.es\\\/wp-content\\\/uploads\\\/2026\\\/02\\\/ecomovil-en-Llucena-1.jpeg\",\"datePublished\":\"2026-02-12T07:50:36+00:00\",\"author\":{\"@id\":\"https:\\\/\\\/www.reciplasa.es\\\/#\\\/schema\\\/person\\\/15191934c9f5618dadb907c80c029c0b\"},\"description\":\"L'empresa p\u00fablica triplicar\u00e0 en 2026 aquest servei itinerant que acosta el reciclatge a la poblaci\u00f3 i que supera els 4.200 usuaris\",\"breadcrumb\":{\"@id\":\"https:\\\/\\\/www.reciplasa.es\\\/l-ecomobil-de-reciplasa-va-superar-en-2025-les-20-tm-de-residus-arreplegats-per-a-reciclar-en-45-municipis-de-castello\\\/#breadcrumb\"},\"inLanguage\":\"va-VA\",\"potentialAction\":[{\"@type\":\"ReadAction\",\"target\":[\"https:\\\/\\\/www.reciplasa.es\\\/l-ecomobil-de-reciplasa-va-superar-en-2025-les-20-tm-de-residus-arreplegats-per-a-reciclar-en-45-municipis-de-castello\\\/\"]}]},{\"@type\":\"ImageObject\",\"inLanguage\":\"va-VA\",\"@id\":\"https:\\\/\\\/www.reciplasa.es\\\/l-ecomobil-de-reciplasa-va-superar-en-2025-les-20-tm-de-residus-arreplegats-per-a-reciclar-en-45-municipis-de-castello\\\/#primaryimage\",\"url\":\"https:\\\/\\\/www.reciplasa.es\\\/wp-content\\\/uploads\\\/2026\\\/02\\\/ecomovil-en-Llucena-1.jpeg\",\"contentUrl\":\"https:\\\/\\\/www.reciplasa.es\\\/wp-content\\\/uploads\\\/2026\\\/02\\\/ecomovil-en-Llucena-1.jpeg\",\"width\":1920,\"height\":1080,\"caption\":\"El ecom\u00f3vil de Reciplasa recorre 45 municipios de la provincia de Castell\u00f3n\"},{\"@type\":\"BreadcrumbList\",\"@id\":\"https:\\\/\\\/www.reciplasa.es\\\/l-ecomobil-de-reciplasa-va-superar-en-2025-les-20-tm-de-residus-arreplegats-per-a-reciclar-en-45-municipis-de-castello\\\/#breadcrumb\",\"itemListElement\":[{\"@type\":\"ListItem\",\"position\":1,\"name\":\"Portada\",\"item\":\"https:\\\/\\\/www.reciplasa.es\\\/va\\\/\"},{\"@type\":\"ListItem\",\"position\":2,\"name\":\"L\u2019\u00a0ecom\u00f2bil\u00a0de\u00a0Reciplasa\u00a0va superar en 2025 les 20 Tm. de residus arreplegats per a reciclar en 45 municipis de Castell\u00f3\"}]},{\"@type\":\"WebSite\",\"@id\":\"https:\\\/\\\/www.reciplasa.es\\\/#website\",\"url\":\"https:\\\/\\\/www.reciplasa.es\\\/\",\"name\":\"RECIPLASA\",\"description\":\"Reciclats de Residus La Plana SA\",\"potentialAction\":[{\"@type\":\"SearchAction\",\"target\":{\"@type\":\"EntryPoint\",\"urlTemplate\":\"https:\\\/\\\/www.reciplasa.es\\\/?s={search_term_string}\"},\"query-input\":{\"@type\":\"PropertyValueSpecification\",\"valueRequired\":true,\"valueName\":\"search_term_string\"}}],\"inLanguage\":\"va-VA\"},{\"@type\":\"Person\",\"@id\":\"https:\\\/\\\/www.reciplasa.es\\\/#\\\/schema\\\/person\\\/15191934c9f5618dadb907c80c029c0b\",\"name\":\"Sandra\",\"image\":{\"@type\":\"ImageObject\",\"inLanguage\":\"va-VA\",\"@id\":\"https:\\\/\\\/secure.gravatar.com\\\/avatar\\\/605ca84bedd79915b697a46887df8ccd0249fb6f2a1bbcd0bfc66c91d997ae51?s=96&d=mm&r=g\",\"url\":\"https:\\\/\\\/secure.gravatar.com\\\/avatar\\\/605ca84bedd79915b697a46887df8ccd0249fb6f2a1bbcd0bfc66c91d997ae51?s=96&d=mm&r=g\",\"contentUrl\":\"https:\\\/\\\/secure.gravatar.com\\\/avatar\\\/605ca84bedd79915b697a46887df8ccd0249fb6f2a1bbcd0bfc66c91d997ae51?s=96&d=mm&r=g\",\"caption\":\"Sandra\"},\"url\":\"https:\\\/\\\/www.reciplasa.es\\\/va\\\/author\\\/sandra\\\/\"}]}<\/script>\n<!-- \/ Yoast SEO plugin. -->","yoast_head_json":{"title":"L\u2019\u00a0ecom\u00f2bil\u00a0de\u00a0Reciplasa\u00a0va superar en 2025 les 20 Tm. de residus arreplegats per a reciclar en 45 municipis de Castell\u00f3 - RECIPLASA","description":"L'empresa p\u00fablica triplicar\u00e0 en 2026 aquest servei itinerant que acosta el reciclatge a la poblaci\u00f3 i que supera els 4.200 usuaris","robots":{"index":"index","follow":"follow","max-snippet":"max-snippet:-1","max-image-preview":"max-image-preview:large","max-video-preview":"max-video-preview:-1"},"canonical":"https:\/\/www.reciplasa.es\/l-ecomobil-de-reciplasa-va-superar-en-2025-les-20-tm-de-residus-arreplegats-per-a-reciclar-en-45-municipis-de-castello\/","og_locale":"en_US","og_type":"article","og_title":"L\u2019\u00a0ecom\u00f2bil\u00a0de\u00a0Reciplasa\u00a0va superar en 2025 les 20 Tm. de residus arreplegats per a reciclar en 45 municipis de Castell\u00f3 - RECIPLASA","og_description":"L'empresa p\u00fablica triplicar\u00e0 en 2026 aquest servei itinerant que acosta el reciclatge a la poblaci\u00f3 i que supera els 4.200 usuaris","og_url":"https:\/\/www.reciplasa.es\/l-ecomobil-de-reciplasa-va-superar-en-2025-les-20-tm-de-residus-arreplegats-per-a-reciclar-en-45-municipis-de-castello\/","og_site_name":"RECIPLASA","article_published_time":"2026-02-12T07:50:36+00:00","og_image":[{"width":1920,"height":1080,"url":"https:\/\/www.reciplasa.es\/wp-content\/uploads\/2026\/02\/ecomovil-en-Llucena-1.jpeg","type":"image\/jpeg"}],"author":"Sandra","twitter_card":"summary_large_image","twitter_misc":{"Written by":"Sandra","Est. reading time":"3 minutes"},"schema":{"@context":"https:\/\/schema.org","@graph":[{"@type":"Article","@id":"https:\/\/www.reciplasa.es\/l-ecomobil-de-reciplasa-va-superar-en-2025-les-20-tm-de-residus-arreplegats-per-a-reciclar-en-45-municipis-de-castello\/#article","isPartOf":{"@id":"https:\/\/www.reciplasa.es\/l-ecomobil-de-reciplasa-va-superar-en-2025-les-20-tm-de-residus-arreplegats-per-a-reciclar-en-45-municipis-de-castello\/"},"author":{"name":"Sandra","@id":"https:\/\/www.reciplasa.es\/#\/schema\/person\/15191934c9f5618dadb907c80c029c0b"},"headline":"L\u2019\u00a0ecom\u00f2bil\u00a0de\u00a0Reciplasa\u00a0va superar en 2025 les 20 Tm. de residus arreplegats per a reciclar en 45 municipis de Castell\u00f3","datePublished":"2026-02-12T07:50:36+00:00","mainEntityOfPage":{"@id":"https:\/\/www.reciplasa.es\/l-ecomobil-de-reciplasa-va-superar-en-2025-les-20-tm-de-residus-arreplegats-per-a-reciclar-en-45-municipis-de-castello\/"},"wordCount":512,"image":{"@id":"https:\/\/www.reciplasa.es\/l-ecomobil-de-reciplasa-va-superar-en-2025-les-20-tm-de-residus-arreplegats-per-a-reciclar-en-45-municipis-de-castello\/#primaryimage"},"thumbnailUrl":"https:\/\/www.reciplasa.es\/wp-content\/uploads\/2026\/02\/ecomovil-en-Llucena-1.jpeg","articleSection":["Noticias corporativas"],"inLanguage":"va-VA"},{"@type":"WebPage","@id":"https:\/\/www.reciplasa.es\/l-ecomobil-de-reciplasa-va-superar-en-2025-les-20-tm-de-residus-arreplegats-per-a-reciclar-en-45-municipis-de-castello\/","url":"https:\/\/www.reciplasa.es\/l-ecomobil-de-reciplasa-va-superar-en-2025-les-20-tm-de-residus-arreplegats-per-a-reciclar-en-45-municipis-de-castello\/","name":"L\u2019\u00a0ecom\u00f2bil\u00a0de\u00a0Reciplasa\u00a0va superar en 2025 les 20 Tm. de residus arreplegats per a reciclar en 45 municipis de Castell\u00f3 - RECIPLASA","isPartOf":{"@id":"https:\/\/www.reciplasa.es\/#website"},"primaryImageOfPage":{"@id":"https:\/\/www.reciplasa.es\/l-ecomobil-de-reciplasa-va-superar-en-2025-les-20-tm-de-residus-arreplegats-per-a-reciclar-en-45-municipis-de-castello\/#primaryimage"},"image":{"@id":"https:\/\/www.reciplasa.es\/l-ecomobil-de-reciplasa-va-superar-en-2025-les-20-tm-de-residus-arreplegats-per-a-reciclar-en-45-municipis-de-castello\/#primaryimage"},"thumbnailUrl":"https:\/\/www.reciplasa.es\/wp-content\/uploads\/2026\/02\/ecomovil-en-Llucena-1.jpeg","datePublished":"2026-02-12T07:50:36+00:00","author":{"@id":"https:\/\/www.reciplasa.es\/#\/schema\/person\/15191934c9f5618dadb907c80c029c0b"},"description":"L'empresa p\u00fablica triplicar\u00e0 en 2026 aquest servei itinerant que acosta el reciclatge a la poblaci\u00f3 i que supera els 4.200 usuaris","breadcrumb":{"@id":"https:\/\/www.reciplasa.es\/l-ecomobil-de-reciplasa-va-superar-en-2025-les-20-tm-de-residus-arreplegats-per-a-reciclar-en-45-municipis-de-castello\/#breadcrumb"},"inLanguage":"va-VA","potentialAction":[{"@type":"ReadAction","target":["https:\/\/www.reciplasa.es\/l-ecomobil-de-reciplasa-va-superar-en-2025-les-20-tm-de-residus-arreplegats-per-a-reciclar-en-45-municipis-de-castello\/"]}]},{"@type":"ImageObject","inLanguage":"va-VA","@id":"https:\/\/www.reciplasa.es\/l-ecomobil-de-reciplasa-va-superar-en-2025-les-20-tm-de-residus-arreplegats-per-a-reciclar-en-45-municipis-de-castello\/#primaryimage","url":"https:\/\/www.reciplasa.es\/wp-content\/uploads\/2026\/02\/ecomovil-en-Llucena-1.jpeg","contentUrl":"https:\/\/www.reciplasa.es\/wp-content\/uploads\/2026\/02\/ecomovil-en-Llucena-1.jpeg","width":1920,"height":1080,"caption":"El ecom\u00f3vil de Reciplasa recorre 45 municipios de la provincia de Castell\u00f3n"},{"@type":"BreadcrumbList","@id":"https:\/\/www.reciplasa.es\/l-ecomobil-de-reciplasa-va-superar-en-2025-les-20-tm-de-residus-arreplegats-per-a-reciclar-en-45-municipis-de-castello\/#breadcrumb","itemListElement":[{"@type":"ListItem","position":1,"name":"Portada","item":"https:\/\/www.reciplasa.es\/va\/"},{"@type":"ListItem","position":2,"name":"L\u2019\u00a0ecom\u00f2bil\u00a0de\u00a0Reciplasa\u00a0va superar en 2025 les 20 Tm. de residus arreplegats per a reciclar en 45 municipis de Castell\u00f3"}]},{"@type":"WebSite","@id":"https:\/\/www.reciplasa.es\/#website","url":"https:\/\/www.reciplasa.es\/","name":"RECIPLASA","description":"Reciclats de Residus La Plana SA","potentialAction":[{"@type":"SearchAction","target":{"@type":"EntryPoint","urlTemplate":"https:\/\/www.reciplasa.es\/?s={search_term_string}"},"query-input":{"@type":"PropertyValueSpecification","valueRequired":true,"valueName":"search_term_string"}}],"inLanguage":"va-VA"},{"@type":"Person","@id":"https:\/\/www.reciplasa.es\/#\/schema\/person\/15191934c9f5618dadb907c80c029c0b","name":"Sandra","image":{"@type":"ImageObject","inLanguage":"va-VA","@id":"https:\/\/secure.gravatar.com\/avatar\/605ca84bedd79915b697a46887df8ccd0249fb6f2a1bbcd0bfc66c91d997ae51?s=96&d=mm&r=g","url":"https:\/\/secure.gravatar.com\/avatar\/605ca84bedd79915b697a46887df8ccd0249fb6f2a1bbcd0bfc66c91d997ae51?s=96&d=mm&r=g","contentUrl":"https:\/\/secure.gravatar.com\/avatar\/605ca84bedd79915b697a46887df8ccd0249fb6f2a1bbcd0bfc66c91d997ae51?s=96&d=mm&r=g","caption":"Sandra"},"url":"https:\/\/www.reciplasa.es\/va\/author\/sandra\/"}]}},"_links":{"self":[{"href":"https:\/\/www.reciplasa.es\/va\/wp-json\/wp\/v2\/posts\/41706","targetHints":{"allow":["GET"]}}],"collection":[{"href":"https:\/\/www.reciplasa.es\/va\/wp-json\/wp\/v2\/posts"}],"about":[{"href":"https:\/\/www.reciplasa.es\/va\/wp-json\/wp\/v2\/types\/post"}],"author":[{"embeddable":true,"href":"https:\/\/www.reciplasa.es\/va\/wp-json\/wp\/v2\/users\/13"}],"replies":[{"embeddable":true,"href":"https:\/\/www.reciplasa.es\/va\/wp-json\/wp\/v2\/comments?post=41706"}],"version-history":[{"count":1,"href":"https:\/\/www.reciplasa.es\/va\/wp-json\/wp\/v2\/posts\/41706\/revisions"}],"predecessor-version":[{"id":41755,"href":"https:\/\/www.reciplasa.es\/va\/wp-json\/wp\/v2\/posts\/41706\/revisions\/41755"}],"wp:featuredmedia":[{"embeddable":true,"href":"https:\/\/www.reciplasa.es\/va\/wp-json\/wp\/v2\/media\/41655"}],"wp:attachment":[{"href":"https:\/\/www.reciplasa.es\/va\/wp-json\/wp\/v2\/media?parent=41706"}],"wp:term":[{"taxonomy":"category","embeddable":true,"href":"https:\/\/www.reciplasa.es\/va\/wp-json\/wp\/v2\/categories?post=41706"},{"taxonomy":"post_tag","embeddable":true,"href":"https:\/\/www.reciplasa.es\/va\/wp-json\/wp\/v2\/tags?post=41706"}],"curies":[{"name":"wp","href":"https:\/\/api.w.org\/{rel}","templated":true}]}}