{"id":48842,"date":"2026-04-27T10:15:46","date_gmt":"2026-04-27T10:15:46","guid":{"rendered":"https:\/\/www.reciplasa.es\/?p=48842"},"modified":"2026-04-27T10:15:46","modified_gmt":"2026-04-27T10:15:46","slug":"reciplasa-reforca-la-coordinacio-institucional-per-a-garantir-el-servei-despres-de-lincendi-de-la-seua-planta","status":"publish","type":"post","link":"https:\/\/www.reciplasa.es\/va\/reciplasa-reforca-la-coordinacio-institucional-per-a-garantir-el-servei-despres-de-lincendi-de-la-seua-planta\/","title":{"rendered":"Reciplasa refor\u00e7a la coordinaci\u00f3 institucional per a garantir el servei despr\u00e9s de l\u2019incendi de la seua planta"},"content":{"rendered":"<p>&nbsp;<\/p>\n<p><strong>\u00a0<\/strong><\/p>\n<p><em>El consell extraordinari celebrat a Onda centra tots els esfor\u00e7os en mantindre la recollida i el tractament de residus mentre els bombers <\/em><em>confirmen l&#8217;evoluci\u00f3 favorable d&#8217;aquest<\/em><\/p>\n<p><em>\u00a0<\/em><\/p>\n<p><em>\u00a0<\/em><\/p>\n<p><strong>Castell\u00f3 (27-04-2026). \u2013 <\/strong>L\u2019entitat p\u00fablica Reciplasa ha celebrat este dilluns un consell d\u2019administraci\u00f3 extraordinari i urgent a l\u2019Ajuntament d\u2019Onda, en el qual s\u2019ha acordat bolcar tots els esfor\u00e7os a garantir la continu\u00eftat del servei de recollida i tractament de residus mentre la planta roman parcialment inhabilitada per l\u2019incendi registrat este diumenge.<\/p>\n<p>&nbsp;<\/p>\n<p>La reuni\u00f3, presidida per Sergio Toledo,<br \/>\ni que ha comptat amb la participaci\u00f3 del director general de Qualitat i Educaci\u00f3 Ambiental de la Generalitat, Jorge Blanco, ha servit per a coordinar les accions immediates despr\u00e9s del succ\u00e9s i refor\u00e7ar la resposta conjunta entre administracions i institucions implicades. L\u2019objectiu prioritari \u00e9s assegurar que els 46 municipis consorciats mantinguen el servei amb total normalitat, malgrat que la zona de tractament de la planta ha quedat afectada pel foc.<\/p>\n<p>&nbsp;<\/p>\n<p>En este sentit, Toledo ha subratllat que \u201cgr\u00e0cies al treball coordinat amb els diferents consorcis de residus i la Generalitat Valenciana, el servei est\u00e0 plenament garantit des del primer moment\u201d, destacant la capacitat de reacci\u00f3 i la col\u00b7laboraci\u00f3 institucional per a redistribuir el tractament de les entre 400 i 450 tones di\u00e0ries que rep la planta.<\/p>\n<p>&nbsp;<\/p>\n<p>Respecte a l\u2019incendi, els efectius del Consorci Provincial de Bombers de Castell\u00f3 continuen treballant en la zona i confirmen l&#8217;evoluci\u00f3 favorable d&#8217;aquest, despr\u00e9s d\u2019una intervenci\u00f3 que ha evitat danys majors i la propagaci\u00f3 a la massa forestal del terme municipal d\u2019Onda.<\/p>\n<p>&nbsp;<\/p>\n<p>Durant la reuni\u00f3 tamb\u00e9 s\u2019ha posat sobre la taula la necessitat d\u2019accelerar els projectes previstos per a modernitzar les infraestructures de gesti\u00f3 de residus a la prov\u00edncia. En este sentit, el president de Reciplasa ha recordat que \u201cja s\u2019estava treballant en la millora de les instal\u00b7lacions, per\u00f2 despr\u00e9s d\u2019este succ\u00e9s es fa encara m\u00e9s urgent dotar la zona centre de Castell\u00f3 d\u2019unes instal\u00b7lacions modernes i adaptades a les necessitats actuals\u201d.<\/p>\n<p>&nbsp;<\/p>\n<p>Finalment, des de Reciplasa s\u2019ha insistit que la prioritat absoluta continua sent garantir el servei a la ciutadania, al mateix temps que s\u2019avan\u00e7a en la planificaci\u00f3 de noves infraestructures que permeten refor\u00e7ar el sistema davant situacions extraordin\u00e0ries com la viscuda.<\/p>\n<p>&nbsp;<\/p>\n","protected":false},"excerpt":{"rendered":"<p>&nbsp; \u00a0 El consell extraordinari celebrat a Onda centra tots els esfor\u00e7os en mantindre la recollida i el tractament de residus mentre els bombers confirmen l&#8217;evoluci\u00f3 favorable d&#8217;aquest \u00a0 \u00a0 Castell\u00f3 (27-04-2026). \u2013 L\u2019entitat p\u00fablica Reciplasa ha celebrat este dilluns un consell d\u2019administraci\u00f3 extraordinari i urgent a l\u2019Ajuntament d\u2019Onda, en el qual s\u2019ha acordat bolcarDale que hay m\u00e1s &#8230;<\/p>\n","protected":false},"author":13,"featured_media":48792,"comment_status":"closed","ping_status":"closed","sticky":false,"template":"","format":"standard","meta":{"footnotes":""},"categories":[87],"tags":[],"class_list":["post-48842","post","type-post","status-publish","format-standard","has-post-thumbnail","hentry","category-noticies-corporatives"],"yoast_head":"<!-- This site is optimized with the Yoast SEO plugin v27.4 - https:\/\/yoast.com\/product\/yoast-seo-wordpress\/ -->\n<title>Reciplasa refor\u00e7a la coordinaci\u00f3 institucional per a garantir el servei despr\u00e9s de l\u2019incendi de la seua planta - RECIPLASA<\/title>\n<meta name=\"robots\" content=\"index, follow, max-snippet:-1, max-image-preview:large, max-video-preview:-1\" \/>\n<link rel=\"canonical\" href=\"https:\/\/www.reciplasa.es\/va\/reciplasa-reforca-la-coordinacio-institucional-per-a-garantir-el-servei-despres-de-lincendi-de-la-seua-planta\/\" \/>\n<meta property=\"og:locale\" content=\"en_US\" \/>\n<meta property=\"og:type\" content=\"article\" \/>\n<meta property=\"og:title\" content=\"Reciplasa refor\u00e7a la coordinaci\u00f3 institucional per a garantir el servei despr\u00e9s de l\u2019incendi de la seua planta - RECIPLASA\" \/>\n<meta property=\"og:description\" content=\"&nbsp; \u00a0 El consell extraordinari celebrat a Onda centra tots els esfor\u00e7os en mantindre la recollida i el tractament de residus mentre els bombers confirmen l&#8217;evoluci\u00f3 favorable d&#8217;aquest \u00a0 \u00a0 Castell\u00f3 (27-04-2026). \u2013 L\u2019entitat p\u00fablica Reciplasa ha celebrat este dilluns un consell d\u2019administraci\u00f3 extraordinari i urgent a l\u2019Ajuntament d\u2019Onda, en el qual s\u2019ha acordat bolcarDale que hay m\u00e1s ...\" \/>\n<meta property=\"og:url\" content=\"https:\/\/www.reciplasa.es\/va\/reciplasa-reforca-la-coordinacio-institucional-per-a-garantir-el-servei-despres-de-lincendi-de-la-seua-planta\/\" \/>\n<meta property=\"og:site_name\" content=\"RECIPLASA\" \/>\n<meta property=\"article:published_time\" content=\"2026-04-27T10:15:46+00:00\" \/>\n<meta property=\"og:image\" content=\"https:\/\/www.reciplasa.es\/wp-content\/uploads\/2026\/04\/DSC00702-scaled.jpg\" \/>\n\t<meta property=\"og:image:width\" content=\"2560\" \/>\n\t<meta property=\"og:image:height\" content=\"1707\" \/>\n\t<meta property=\"og:image:type\" content=\"image\/jpeg\" \/>\n<meta name=\"author\" content=\"Sandra\" \/>\n<meta name=\"twitter:card\" content=\"summary_large_image\" \/>\n<meta name=\"twitter:label1\" content=\"Written by\" \/>\n\t<meta name=\"twitter:data1\" content=\"Sandra\" \/>\n\t<meta name=\"twitter:label2\" content=\"Est. reading time\" \/>\n\t<meta name=\"twitter:data2\" content=\"2 minutes\" \/>\n<script type=\"application\/ld+json\" class=\"yoast-schema-graph\">{\"@context\":\"https:\\\/\\\/schema.org\",\"@graph\":[{\"@type\":\"Article\",\"@id\":\"https:\\\/\\\/www.reciplasa.es\\\/va\\\/reciplasa-reforca-la-coordinacio-institucional-per-a-garantir-el-servei-despres-de-lincendi-de-la-seua-planta\\\/#article\",\"isPartOf\":{\"@id\":\"https:\\\/\\\/www.reciplasa.es\\\/va\\\/reciplasa-reforca-la-coordinacio-institucional-per-a-garantir-el-servei-despres-de-lincendi-de-la-seua-planta\\\/\"},\"author\":{\"name\":\"Sandra\",\"@id\":\"https:\\\/\\\/www.reciplasa.es\\\/#\\\/schema\\\/person\\\/15191934c9f5618dadb907c80c029c0b\"},\"headline\":\"Reciplasa refor\u00e7a la coordinaci\u00f3 institucional per a garantir el servei despr\u00e9s de l\u2019incendi de la seua planta\",\"datePublished\":\"2026-04-27T10:15:46+00:00\",\"mainEntityOfPage\":{\"@id\":\"https:\\\/\\\/www.reciplasa.es\\\/va\\\/reciplasa-reforca-la-coordinacio-institucional-per-a-garantir-el-servei-despres-de-lincendi-de-la-seua-planta\\\/\"},\"wordCount\":425,\"image\":{\"@id\":\"https:\\\/\\\/www.reciplasa.es\\\/va\\\/reciplasa-reforca-la-coordinacio-institucional-per-a-garantir-el-servei-despres-de-lincendi-de-la-seua-planta\\\/#primaryimage\"},\"thumbnailUrl\":\"https:\\\/\\\/www.reciplasa.es\\\/wp-content\\\/uploads\\\/2026\\\/04\\\/DSC00702-scaled.jpg\",\"articleSection\":[\"Not\u00edcies corporatives\"],\"inLanguage\":\"va-VA\"},{\"@type\":\"WebPage\",\"@id\":\"https:\\\/\\\/www.reciplasa.es\\\/va\\\/reciplasa-reforca-la-coordinacio-institucional-per-a-garantir-el-servei-despres-de-lincendi-de-la-seua-planta\\\/\",\"url\":\"https:\\\/\\\/www.reciplasa.es\\\/va\\\/reciplasa-reforca-la-coordinacio-institucional-per-a-garantir-el-servei-despres-de-lincendi-de-la-seua-planta\\\/\",\"name\":\"Reciplasa refor\u00e7a la coordinaci\u00f3 institucional per a garantir el servei despr\u00e9s de l\u2019incendi de la seua planta - RECIPLASA\",\"isPartOf\":{\"@id\":\"https:\\\/\\\/www.reciplasa.es\\\/#website\"},\"primaryImageOfPage\":{\"@id\":\"https:\\\/\\\/www.reciplasa.es\\\/va\\\/reciplasa-reforca-la-coordinacio-institucional-per-a-garantir-el-servei-despres-de-lincendi-de-la-seua-planta\\\/#primaryimage\"},\"image\":{\"@id\":\"https:\\\/\\\/www.reciplasa.es\\\/va\\\/reciplasa-reforca-la-coordinacio-institucional-per-a-garantir-el-servei-despres-de-lincendi-de-la-seua-planta\\\/#primaryimage\"},\"thumbnailUrl\":\"https:\\\/\\\/www.reciplasa.es\\\/wp-content\\\/uploads\\\/2026\\\/04\\\/DSC00702-scaled.jpg\",\"datePublished\":\"2026-04-27T10:15:46+00:00\",\"author\":{\"@id\":\"https:\\\/\\\/www.reciplasa.es\\\/#\\\/schema\\\/person\\\/15191934c9f5618dadb907c80c029c0b\"},\"breadcrumb\":{\"@id\":\"https:\\\/\\\/www.reciplasa.es\\\/va\\\/reciplasa-reforca-la-coordinacio-institucional-per-a-garantir-el-servei-despres-de-lincendi-de-la-seua-planta\\\/#breadcrumb\"},\"inLanguage\":\"va-VA\",\"potentialAction\":[{\"@type\":\"ReadAction\",\"target\":[\"https:\\\/\\\/www.reciplasa.es\\\/va\\\/reciplasa-reforca-la-coordinacio-institucional-per-a-garantir-el-servei-despres-de-lincendi-de-la-seua-planta\\\/\"]}]},{\"@type\":\"ImageObject\",\"inLanguage\":\"va-VA\",\"@id\":\"https:\\\/\\\/www.reciplasa.es\\\/va\\\/reciplasa-reforca-la-coordinacio-institucional-per-a-garantir-el-servei-despres-de-lincendi-de-la-seua-planta\\\/#primaryimage\",\"url\":\"https:\\\/\\\/www.reciplasa.es\\\/wp-content\\\/uploads\\\/2026\\\/04\\\/DSC00702-scaled.jpg\",\"contentUrl\":\"https:\\\/\\\/www.reciplasa.es\\\/wp-content\\\/uploads\\\/2026\\\/04\\\/DSC00702-scaled.jpg\",\"width\":2560,\"height\":1707},{\"@type\":\"BreadcrumbList\",\"@id\":\"https:\\\/\\\/www.reciplasa.es\\\/va\\\/reciplasa-reforca-la-coordinacio-institucional-per-a-garantir-el-servei-despres-de-lincendi-de-la-seua-planta\\\/#breadcrumb\",\"itemListElement\":[{\"@type\":\"ListItem\",\"position\":1,\"name\":\"Portada\",\"item\":\"https:\\\/\\\/www.reciplasa.es\\\/va\\\/\"},{\"@type\":\"ListItem\",\"position\":2,\"name\":\"Reciplasa refor\u00e7a la coordinaci\u00f3 institucional per a garantir el servei despr\u00e9s de l\u2019incendi de la seua planta\"}]},{\"@type\":\"WebSite\",\"@id\":\"https:\\\/\\\/www.reciplasa.es\\\/#website\",\"url\":\"https:\\\/\\\/www.reciplasa.es\\\/\",\"name\":\"RECIPLASA\",\"description\":\"Reciclats de Residus La Plana SA\",\"potentialAction\":[{\"@type\":\"SearchAction\",\"target\":{\"@type\":\"EntryPoint\",\"urlTemplate\":\"https:\\\/\\\/www.reciplasa.es\\\/?s={search_term_string}\"},\"query-input\":{\"@type\":\"PropertyValueSpecification\",\"valueRequired\":true,\"valueName\":\"search_term_string\"}}],\"inLanguage\":\"va-VA\"},{\"@type\":\"Person\",\"@id\":\"https:\\\/\\\/www.reciplasa.es\\\/#\\\/schema\\\/person\\\/15191934c9f5618dadb907c80c029c0b\",\"name\":\"Sandra\",\"image\":{\"@type\":\"ImageObject\",\"inLanguage\":\"va-VA\",\"@id\":\"https:\\\/\\\/secure.gravatar.com\\\/avatar\\\/605ca84bedd79915b697a46887df8ccd0249fb6f2a1bbcd0bfc66c91d997ae51?s=96&d=mm&r=g\",\"url\":\"https:\\\/\\\/secure.gravatar.com\\\/avatar\\\/605ca84bedd79915b697a46887df8ccd0249fb6f2a1bbcd0bfc66c91d997ae51?s=96&d=mm&r=g\",\"contentUrl\":\"https:\\\/\\\/secure.gravatar.com\\\/avatar\\\/605ca84bedd79915b697a46887df8ccd0249fb6f2a1bbcd0bfc66c91d997ae51?s=96&d=mm&r=g\",\"caption\":\"Sandra\"},\"url\":\"https:\\\/\\\/www.reciplasa.es\\\/va\\\/author\\\/sandra\\\/\"}]}<\/script>\n<!-- \/ Yoast SEO plugin. -->","yoast_head_json":{"title":"Reciplasa refor\u00e7a la coordinaci\u00f3 institucional per a garantir el servei despr\u00e9s de l\u2019incendi de la seua planta - RECIPLASA","robots":{"index":"index","follow":"follow","max-snippet":"max-snippet:-1","max-image-preview":"max-image-preview:large","max-video-preview":"max-video-preview:-1"},"canonical":"https:\/\/www.reciplasa.es\/va\/reciplasa-reforca-la-coordinacio-institucional-per-a-garantir-el-servei-despres-de-lincendi-de-la-seua-planta\/","og_locale":"en_US","og_type":"article","og_title":"Reciplasa refor\u00e7a la coordinaci\u00f3 institucional per a garantir el servei despr\u00e9s de l\u2019incendi de la seua planta - RECIPLASA","og_description":"&nbsp; \u00a0 El consell extraordinari celebrat a Onda centra tots els esfor\u00e7os en mantindre la recollida i el tractament de residus mentre els bombers confirmen l&#8217;evoluci\u00f3 favorable d&#8217;aquest \u00a0 \u00a0 Castell\u00f3 (27-04-2026). \u2013 L\u2019entitat p\u00fablica Reciplasa ha celebrat este dilluns un consell d\u2019administraci\u00f3 extraordinari i urgent a l\u2019Ajuntament d\u2019Onda, en el qual s\u2019ha acordat bolcarDale que hay m\u00e1s ...","og_url":"https:\/\/www.reciplasa.es\/va\/reciplasa-reforca-la-coordinacio-institucional-per-a-garantir-el-servei-despres-de-lincendi-de-la-seua-planta\/","og_site_name":"RECIPLASA","article_published_time":"2026-04-27T10:15:46+00:00","og_image":[{"width":2560,"height":1707,"url":"https:\/\/www.reciplasa.es\/wp-content\/uploads\/2026\/04\/DSC00702-scaled.jpg","type":"image\/jpeg"}],"author":"Sandra","twitter_card":"summary_large_image","twitter_misc":{"Written by":"Sandra","Est. reading time":"2 minutes"},"schema":{"@context":"https:\/\/schema.org","@graph":[{"@type":"Article","@id":"https:\/\/www.reciplasa.es\/va\/reciplasa-reforca-la-coordinacio-institucional-per-a-garantir-el-servei-despres-de-lincendi-de-la-seua-planta\/#article","isPartOf":{"@id":"https:\/\/www.reciplasa.es\/va\/reciplasa-reforca-la-coordinacio-institucional-per-a-garantir-el-servei-despres-de-lincendi-de-la-seua-planta\/"},"author":{"name":"Sandra","@id":"https:\/\/www.reciplasa.es\/#\/schema\/person\/15191934c9f5618dadb907c80c029c0b"},"headline":"Reciplasa refor\u00e7a la coordinaci\u00f3 institucional per a garantir el servei despr\u00e9s de l\u2019incendi de la seua planta","datePublished":"2026-04-27T10:15:46+00:00","mainEntityOfPage":{"@id":"https:\/\/www.reciplasa.es\/va\/reciplasa-reforca-la-coordinacio-institucional-per-a-garantir-el-servei-despres-de-lincendi-de-la-seua-planta\/"},"wordCount":425,"image":{"@id":"https:\/\/www.reciplasa.es\/va\/reciplasa-reforca-la-coordinacio-institucional-per-a-garantir-el-servei-despres-de-lincendi-de-la-seua-planta\/#primaryimage"},"thumbnailUrl":"https:\/\/www.reciplasa.es\/wp-content\/uploads\/2026\/04\/DSC00702-scaled.jpg","articleSection":["Not\u00edcies corporatives"],"inLanguage":"va-VA"},{"@type":"WebPage","@id":"https:\/\/www.reciplasa.es\/va\/reciplasa-reforca-la-coordinacio-institucional-per-a-garantir-el-servei-despres-de-lincendi-de-la-seua-planta\/","url":"https:\/\/www.reciplasa.es\/va\/reciplasa-reforca-la-coordinacio-institucional-per-a-garantir-el-servei-despres-de-lincendi-de-la-seua-planta\/","name":"Reciplasa refor\u00e7a la coordinaci\u00f3 institucional per a garantir el servei despr\u00e9s de l\u2019incendi de la seua planta - RECIPLASA","isPartOf":{"@id":"https:\/\/www.reciplasa.es\/#website"},"primaryImageOfPage":{"@id":"https:\/\/www.reciplasa.es\/va\/reciplasa-reforca-la-coordinacio-institucional-per-a-garantir-el-servei-despres-de-lincendi-de-la-seua-planta\/#primaryimage"},"image":{"@id":"https:\/\/www.reciplasa.es\/va\/reciplasa-reforca-la-coordinacio-institucional-per-a-garantir-el-servei-despres-de-lincendi-de-la-seua-planta\/#primaryimage"},"thumbnailUrl":"https:\/\/www.reciplasa.es\/wp-content\/uploads\/2026\/04\/DSC00702-scaled.jpg","datePublished":"2026-04-27T10:15:46+00:00","author":{"@id":"https:\/\/www.reciplasa.es\/#\/schema\/person\/15191934c9f5618dadb907c80c029c0b"},"breadcrumb":{"@id":"https:\/\/www.reciplasa.es\/va\/reciplasa-reforca-la-coordinacio-institucional-per-a-garantir-el-servei-despres-de-lincendi-de-la-seua-planta\/#breadcrumb"},"inLanguage":"va-VA","potentialAction":[{"@type":"ReadAction","target":["https:\/\/www.reciplasa.es\/va\/reciplasa-reforca-la-coordinacio-institucional-per-a-garantir-el-servei-despres-de-lincendi-de-la-seua-planta\/"]}]},{"@type":"ImageObject","inLanguage":"va-VA","@id":"https:\/\/www.reciplasa.es\/va\/reciplasa-reforca-la-coordinacio-institucional-per-a-garantir-el-servei-despres-de-lincendi-de-la-seua-planta\/#primaryimage","url":"https:\/\/www.reciplasa.es\/wp-content\/uploads\/2026\/04\/DSC00702-scaled.jpg","contentUrl":"https:\/\/www.reciplasa.es\/wp-content\/uploads\/2026\/04\/DSC00702-scaled.jpg","width":2560,"height":1707},{"@type":"BreadcrumbList","@id":"https:\/\/www.reciplasa.es\/va\/reciplasa-reforca-la-coordinacio-institucional-per-a-garantir-el-servei-despres-de-lincendi-de-la-seua-planta\/#breadcrumb","itemListElement":[{"@type":"ListItem","position":1,"name":"Portada","item":"https:\/\/www.reciplasa.es\/va\/"},{"@type":"ListItem","position":2,"name":"Reciplasa refor\u00e7a la coordinaci\u00f3 institucional per a garantir el servei despr\u00e9s de l\u2019incendi de la seua planta"}]},{"@type":"WebSite","@id":"https:\/\/www.reciplasa.es\/#website","url":"https:\/\/www.reciplasa.es\/","name":"RECIPLASA","description":"Reciclats de Residus La Plana SA","potentialAction":[{"@type":"SearchAction","target":{"@type":"EntryPoint","urlTemplate":"https:\/\/www.reciplasa.es\/?s={search_term_string}"},"query-input":{"@type":"PropertyValueSpecification","valueRequired":true,"valueName":"search_term_string"}}],"inLanguage":"va-VA"},{"@type":"Person","@id":"https:\/\/www.reciplasa.es\/#\/schema\/person\/15191934c9f5618dadb907c80c029c0b","name":"Sandra","image":{"@type":"ImageObject","inLanguage":"va-VA","@id":"https:\/\/secure.gravatar.com\/avatar\/605ca84bedd79915b697a46887df8ccd0249fb6f2a1bbcd0bfc66c91d997ae51?s=96&d=mm&r=g","url":"https:\/\/secure.gravatar.com\/avatar\/605ca84bedd79915b697a46887df8ccd0249fb6f2a1bbcd0bfc66c91d997ae51?s=96&d=mm&r=g","contentUrl":"https:\/\/secure.gravatar.com\/avatar\/605ca84bedd79915b697a46887df8ccd0249fb6f2a1bbcd0bfc66c91d997ae51?s=96&d=mm&r=g","caption":"Sandra"},"url":"https:\/\/www.reciplasa.es\/va\/author\/sandra\/"}]}},"_links":{"self":[{"href":"https:\/\/www.reciplasa.es\/va\/wp-json\/wp\/v2\/posts\/48842","targetHints":{"allow":["GET"]}}],"collection":[{"href":"https:\/\/www.reciplasa.es\/va\/wp-json\/wp\/v2\/posts"}],"about":[{"href":"https:\/\/www.reciplasa.es\/va\/wp-json\/wp\/v2\/types\/post"}],"author":[{"embeddable":true,"href":"https:\/\/www.reciplasa.es\/va\/wp-json\/wp\/v2\/users\/13"}],"replies":[{"embeddable":true,"href":"https:\/\/www.reciplasa.es\/va\/wp-json\/wp\/v2\/comments?post=48842"}],"version-history":[{"count":1,"href":"https:\/\/www.reciplasa.es\/va\/wp-json\/wp\/v2\/posts\/48842\/revisions"}],"predecessor-version":[{"id":48887,"href":"https:\/\/www.reciplasa.es\/va\/wp-json\/wp\/v2\/posts\/48842\/revisions\/48887"}],"wp:featuredmedia":[{"embeddable":true,"href":"https:\/\/www.reciplasa.es\/va\/wp-json\/wp\/v2\/media\/48792"}],"wp:attachment":[{"href":"https:\/\/www.reciplasa.es\/va\/wp-json\/wp\/v2\/media?parent=48842"}],"wp:term":[{"taxonomy":"category","embeddable":true,"href":"https:\/\/www.reciplasa.es\/va\/wp-json\/wp\/v2\/categories?post=48842"},{"taxonomy":"post_tag","embeddable":true,"href":"https:\/\/www.reciplasa.es\/va\/wp-json\/wp\/v2\/tags?post=48842"}],"curies":[{"name":"wp","href":"https:\/\/api.w.org\/{rel}","templated":true}]}}