{"id":49148,"date":"2026-04-29T16:20:15","date_gmt":"2026-04-29T16:20:15","guid":{"rendered":"https:\/\/www.reciplasa.es\/?p=49148"},"modified":"2026-04-29T16:24:03","modified_gmt":"2026-04-29T16:24:03","slug":"la-generalitat-i-reciplasa-coordinen-la-reorganitzacio-del-flux-de-residus-per-a-garantir-el-tractament-de-les-400-tones-que-rebia-la-planta-de-reciplasa","status":"publish","type":"post","link":"https:\/\/www.reciplasa.es\/va\/la-generalitat-i-reciplasa-coordinen-la-reorganitzacio-del-flux-de-residus-per-a-garantir-el-tractament-de-les-400-tones-que-rebia-la-planta-de-reciplasa\/","title":{"rendered":"La Generalitat i Reciplasa\u00a0coordinen la reorganitzaci\u00f3 del flux de residus per a garantir el tractament de les 400 tones que rebia la planta de Reciplasa"},"content":{"rendered":"<p>&nbsp;<\/p>\n<p><em>Reciplasa\u00a0participa en la reuni\u00f3 amb el vicepresident Vicente Mart\u00ednez Mus i representants de tots els consorcis per a negociar tant el dispositiu a curt termini com a mitj\u00e0 i llarg despr\u00e9s de l&#8217;incendi de la seua planta de tractament.<\/em><\/p>\n<p>Reciplasa\u00a0i la Generalitat coordinaran el pla que garantisca la continu\u00eftat del servei de tractament de les prop de 150.000 tones de residus anuals que rebia la planta.<\/p>\n<p>&nbsp;<\/p>\n<p>&nbsp;<\/p>\n<p><strong>Val\u00e8ncia (29-04-2026).<\/strong> \u2013La Vicepresid\u00e8ncia Tercera i Conselleria de Medi Ambient, Infraestructures, Territori i de la Recuperaci\u00f3 ha reorganitzat amb els diferents consorcis de residus i de la m\u00e0 de\u00a0Reciplasa\u00a0un pla per a reorganitzar el flux de residus mantindre la continu\u00eftat del servei a 46 municipis de la prov\u00edncia de Castell\u00f3, despr\u00e9s de l&#8217;incendi registrat diumenge passat en la planta de\u00a0Reciplasa\u00a0d&#8217;Onda.<\/p>\n<p>El vicepresident tercer i conseller de Medi Ambient, Infraestructures, Territori i de la Recuperaci\u00f3, Vicente Mart\u00ednez Mus, i el director general de Qualitat i Educaci\u00f3 Ambiental, Jorge Blanco, han mantingut una reuni\u00f3 amb representants dels diferents consorcis amb l&#8217;objectiu de coordinar les mesures extraordin\u00e0ries necess\u00e0ries i reorganitzar el tractament dels residus davant la situaci\u00f3 generada.<\/p>\n<p>Aquesta reorganitzaci\u00f3 davant una situaci\u00f3 de \u201cd&#8217;emerg\u00e8ncia\u201d ha perm\u00e9s recalcular els fluxos de tractament i redistribuir les c\u00e0rregues de treball entre diferents plantes. D&#8217;aquesta manera, es continua prestant el servei que oferia la planta d&#8217;Onda, que, fins al sinistre, rebia entre 400 i 450 tones di\u00e0ries de residus, la qual cosa representa unes 150.000 anuals. Durant aquests dies totes les instal\u00b7lacions de la Comunitat Valenciana estan rebent en major o menor mesura residus mentre que es continua treballant la f\u00f3rmula per a la redistribuci\u00f3 m\u00e9s enll\u00e0 del mes del mes de maig.<\/p>\n<p>Mart\u00ednez\u00a0mus\u00a0ha assenyalat que, gr\u00e0cies a la coordinaci\u00f3 entre la Generalitat,\u00a0Reciplasa\u00a0i els consorcis, \u201cel servei ha estat garantit des del primer moment, de manera que els ciutadans poden continuar depositant els seus residus en els contenidors habituals, que s\u00f3n arreplegats amb normalitat i reben el tractament adequat\u201d.<\/p>\n<p>El vicepresident ha destacat que el primer pla de conting\u00e8ncia est\u00e0 funcionant i que, malgrat l&#8217;incendi, \u201cla recollida de residus s&#8217;est\u00e0 realitzant amb normalitat i el seu tractament s&#8217;ha derivat a plantes pr\u00f2ximes\u201d, la qual cosa ha perm\u00e9s mantindre el servei sense interrupcions.<\/p>\n<p>Mart\u00ednez Mus ha subratllat i agra\u00eft \u201cla col\u00b7laboraci\u00f3 i solidaritat de la resta d&#8217;instal\u00b7lacions, que estan oferint la seua capacitat disponible per a assumir aquest volum addicional\u201d i ha remarcat que durant els pr\u00f2xims dies es continuar\u00e0 treballant amb els consorcis i, especialment, amb\u00a0Reciplasa\u00a0per a garantir que es mant\u00e9 una correcta gesti\u00f3 dels residus malgrat el succ\u00e9s.<\/p>\n","protected":false},"excerpt":{"rendered":"<p>&nbsp; Reciplasa\u00a0participa en la reuni\u00f3 amb el vicepresident Vicente Mart\u00ednez Mus i representants de tots els consorcis per a negociar tant el dispositiu a curt termini com a mitj\u00e0 i llarg despr\u00e9s de l&#8217;incendi de la seua planta de tractament. Reciplasa\u00a0i la Generalitat coordinaran el pla que garantisca la continu\u00eftat del servei de tractament deDale que hay m\u00e1s &#8230;<\/p>\n","protected":false},"author":13,"featured_media":49106,"comment_status":"closed","ping_status":"closed","sticky":false,"template":"","format":"standard","meta":{"footnotes":""},"categories":[87],"tags":[],"class_list":["post-49148","post","type-post","status-publish","format-standard","has-post-thumbnail","hentry","category-noticies-corporatives"],"yoast_head":"<!-- This site is optimized with the Yoast SEO plugin v27.4 - https:\/\/yoast.com\/product\/yoast-seo-wordpress\/ -->\n<title>La Generalitat i Reciplasa\u00a0coordinen la reorganitzaci\u00f3 del flux de residus per a garantir el tractament de les 400 tones que rebia la planta de Reciplasa - RECIPLASA<\/title>\n<meta name=\"description\" content=\"Reciplasa\u00a0i la Generalitat coordinaran el pla que garantisca la continu\u00eftat del servei de tractament de les prop de 150.000 tones de residus anuals que rebia la planta.\" \/>\n<meta name=\"robots\" content=\"index, follow, max-snippet:-1, max-image-preview:large, max-video-preview:-1\" \/>\n<link rel=\"canonical\" href=\"https:\/\/www.reciplasa.es\/va\/la-generalitat-i-reciplasa-coordinen-la-reorganitzacio-del-flux-de-residus-per-a-garantir-el-tractament-de-les-400-tones-que-rebia-la-planta-de-reciplasa\/\" \/>\n<meta property=\"og:locale\" content=\"en_US\" \/>\n<meta property=\"og:type\" content=\"article\" \/>\n<meta property=\"og:title\" content=\"La Generalitat i Reciplasa\u00a0coordinen la reorganitzaci\u00f3 del flux de residus per a garantir el tractament de les 400 tones que rebia la planta de Reciplasa - RECIPLASA\" \/>\n<meta property=\"og:description\" content=\"Reciplasa\u00a0i la Generalitat coordinaran el pla que garantisca la continu\u00eftat del servei de tractament de les prop de 150.000 tones de residus anuals que rebia la planta.\" \/>\n<meta property=\"og:url\" content=\"https:\/\/www.reciplasa.es\/va\/la-generalitat-i-reciplasa-coordinen-la-reorganitzacio-del-flux-de-residus-per-a-garantir-el-tractament-de-les-400-tones-que-rebia-la-planta-de-reciplasa\/\" \/>\n<meta property=\"og:site_name\" content=\"RECIPLASA\" \/>\n<meta property=\"article:published_time\" content=\"2026-04-29T16:20:15+00:00\" \/>\n<meta property=\"article:modified_time\" content=\"2026-04-29T16:24:03+00:00\" \/>\n<meta property=\"og:image\" content=\"https:\/\/www.reciplasa.es\/wp-content\/uploads\/2026\/04\/Reciclaje-emergencia-1024x683.png\" \/>\n\t<meta property=\"og:image:width\" content=\"1024\" \/>\n\t<meta property=\"og:image:height\" content=\"683\" \/>\n\t<meta property=\"og:image:type\" content=\"image\/png\" \/>\n<meta name=\"author\" content=\"Sandra\" \/>\n<meta name=\"twitter:card\" content=\"summary_large_image\" \/>\n<meta name=\"twitter:label1\" content=\"Written by\" \/>\n\t<meta name=\"twitter:data1\" content=\"Sandra\" \/>\n\t<meta name=\"twitter:label2\" content=\"Est. reading time\" \/>\n\t<meta name=\"twitter:data2\" content=\"3 minutes\" \/>\n<script type=\"application\/ld+json\" class=\"yoast-schema-graph\">{\"@context\":\"https:\\\/\\\/schema.org\",\"@graph\":[{\"@type\":\"Article\",\"@id\":\"https:\\\/\\\/www.reciplasa.es\\\/va\\\/la-generalitat-i-reciplasa-coordinen-la-reorganitzacio-del-flux-de-residus-per-a-garantir-el-tractament-de-les-400-tones-que-rebia-la-planta-de-reciplasa\\\/#article\",\"isPartOf\":{\"@id\":\"https:\\\/\\\/www.reciplasa.es\\\/va\\\/la-generalitat-i-reciplasa-coordinen-la-reorganitzacio-del-flux-de-residus-per-a-garantir-el-tractament-de-les-400-tones-que-rebia-la-planta-de-reciplasa\\\/\"},\"author\":{\"name\":\"Sandra\",\"@id\":\"https:\\\/\\\/www.reciplasa.es\\\/#\\\/schema\\\/person\\\/15191934c9f5618dadb907c80c029c0b\"},\"headline\":\"La Generalitat i Reciplasa\u00a0coordinen la reorganitzaci\u00f3 del flux de residus per a garantir el tractament de les 400 tones que rebia la planta de Reciplasa\",\"datePublished\":\"2026-04-29T16:20:15+00:00\",\"dateModified\":\"2026-04-29T16:24:03+00:00\",\"mainEntityOfPage\":{\"@id\":\"https:\\\/\\\/www.reciplasa.es\\\/va\\\/la-generalitat-i-reciplasa-coordinen-la-reorganitzacio-del-flux-de-residus-per-a-garantir-el-tractament-de-les-400-tones-que-rebia-la-planta-de-reciplasa\\\/\"},\"wordCount\":496,\"image\":{\"@id\":\"https:\\\/\\\/www.reciplasa.es\\\/va\\\/la-generalitat-i-reciplasa-coordinen-la-reorganitzacio-del-flux-de-residus-per-a-garantir-el-tractament-de-les-400-tones-que-rebia-la-planta-de-reciplasa\\\/#primaryimage\"},\"thumbnailUrl\":\"https:\\\/\\\/www.reciplasa.es\\\/wp-content\\\/uploads\\\/2026\\\/04\\\/Reciclaje-emergencia.png\",\"articleSection\":[\"Not\u00edcies corporatives\"],\"inLanguage\":\"va-VA\"},{\"@type\":\"WebPage\",\"@id\":\"https:\\\/\\\/www.reciplasa.es\\\/va\\\/la-generalitat-i-reciplasa-coordinen-la-reorganitzacio-del-flux-de-residus-per-a-garantir-el-tractament-de-les-400-tones-que-rebia-la-planta-de-reciplasa\\\/\",\"url\":\"https:\\\/\\\/www.reciplasa.es\\\/va\\\/la-generalitat-i-reciplasa-coordinen-la-reorganitzacio-del-flux-de-residus-per-a-garantir-el-tractament-de-les-400-tones-que-rebia-la-planta-de-reciplasa\\\/\",\"name\":\"La Generalitat i Reciplasa\u00a0coordinen la reorganitzaci\u00f3 del flux de residus per a garantir el tractament de les 400 tones que rebia la planta de Reciplasa - RECIPLASA\",\"isPartOf\":{\"@id\":\"https:\\\/\\\/www.reciplasa.es\\\/#website\"},\"primaryImageOfPage\":{\"@id\":\"https:\\\/\\\/www.reciplasa.es\\\/va\\\/la-generalitat-i-reciplasa-coordinen-la-reorganitzacio-del-flux-de-residus-per-a-garantir-el-tractament-de-les-400-tones-que-rebia-la-planta-de-reciplasa\\\/#primaryimage\"},\"image\":{\"@id\":\"https:\\\/\\\/www.reciplasa.es\\\/va\\\/la-generalitat-i-reciplasa-coordinen-la-reorganitzacio-del-flux-de-residus-per-a-garantir-el-tractament-de-les-400-tones-que-rebia-la-planta-de-reciplasa\\\/#primaryimage\"},\"thumbnailUrl\":\"https:\\\/\\\/www.reciplasa.es\\\/wp-content\\\/uploads\\\/2026\\\/04\\\/Reciclaje-emergencia.png\",\"datePublished\":\"2026-04-29T16:20:15+00:00\",\"dateModified\":\"2026-04-29T16:24:03+00:00\",\"author\":{\"@id\":\"https:\\\/\\\/www.reciplasa.es\\\/#\\\/schema\\\/person\\\/15191934c9f5618dadb907c80c029c0b\"},\"description\":\"Reciplasa\u00a0i la Generalitat coordinaran el pla que garantisca la continu\u00eftat del servei de tractament de les prop de 150.000 tones de residus anuals que rebia la planta.\",\"breadcrumb\":{\"@id\":\"https:\\\/\\\/www.reciplasa.es\\\/va\\\/la-generalitat-i-reciplasa-coordinen-la-reorganitzacio-del-flux-de-residus-per-a-garantir-el-tractament-de-les-400-tones-que-rebia-la-planta-de-reciplasa\\\/#breadcrumb\"},\"inLanguage\":\"va-VA\",\"potentialAction\":[{\"@type\":\"ReadAction\",\"target\":[\"https:\\\/\\\/www.reciplasa.es\\\/va\\\/la-generalitat-i-reciplasa-coordinen-la-reorganitzacio-del-flux-de-residus-per-a-garantir-el-tractament-de-les-400-tones-que-rebia-la-planta-de-reciplasa\\\/\"]}]},{\"@type\":\"ImageObject\",\"inLanguage\":\"va-VA\",\"@id\":\"https:\\\/\\\/www.reciplasa.es\\\/va\\\/la-generalitat-i-reciplasa-coordinen-la-reorganitzacio-del-flux-de-residus-per-a-garantir-el-tractament-de-les-400-tones-que-rebia-la-planta-de-reciplasa\\\/#primaryimage\",\"url\":\"https:\\\/\\\/www.reciplasa.es\\\/wp-content\\\/uploads\\\/2026\\\/04\\\/Reciclaje-emergencia.png\",\"contentUrl\":\"https:\\\/\\\/www.reciplasa.es\\\/wp-content\\\/uploads\\\/2026\\\/04\\\/Reciclaje-emergencia.png\",\"width\":1536,\"height\":1024},{\"@type\":\"BreadcrumbList\",\"@id\":\"https:\\\/\\\/www.reciplasa.es\\\/va\\\/la-generalitat-i-reciplasa-coordinen-la-reorganitzacio-del-flux-de-residus-per-a-garantir-el-tractament-de-les-400-tones-que-rebia-la-planta-de-reciplasa\\\/#breadcrumb\",\"itemListElement\":[{\"@type\":\"ListItem\",\"position\":1,\"name\":\"Portada\",\"item\":\"https:\\\/\\\/www.reciplasa.es\\\/va\\\/\"},{\"@type\":\"ListItem\",\"position\":2,\"name\":\"La Generalitat i Reciplasa\u00a0coordinen la reorganitzaci\u00f3 del flux de residus per a garantir el tractament de les 400 tones que rebia la planta de Reciplasa\"}]},{\"@type\":\"WebSite\",\"@id\":\"https:\\\/\\\/www.reciplasa.es\\\/#website\",\"url\":\"https:\\\/\\\/www.reciplasa.es\\\/\",\"name\":\"RECIPLASA\",\"description\":\"Reciclats de Residus La Plana SA\",\"potentialAction\":[{\"@type\":\"SearchAction\",\"target\":{\"@type\":\"EntryPoint\",\"urlTemplate\":\"https:\\\/\\\/www.reciplasa.es\\\/?s={search_term_string}\"},\"query-input\":{\"@type\":\"PropertyValueSpecification\",\"valueRequired\":true,\"valueName\":\"search_term_string\"}}],\"inLanguage\":\"va-VA\"},{\"@type\":\"Person\",\"@id\":\"https:\\\/\\\/www.reciplasa.es\\\/#\\\/schema\\\/person\\\/15191934c9f5618dadb907c80c029c0b\",\"name\":\"Sandra\",\"image\":{\"@type\":\"ImageObject\",\"inLanguage\":\"va-VA\",\"@id\":\"https:\\\/\\\/secure.gravatar.com\\\/avatar\\\/605ca84bedd79915b697a46887df8ccd0249fb6f2a1bbcd0bfc66c91d997ae51?s=96&d=mm&r=g\",\"url\":\"https:\\\/\\\/secure.gravatar.com\\\/avatar\\\/605ca84bedd79915b697a46887df8ccd0249fb6f2a1bbcd0bfc66c91d997ae51?s=96&d=mm&r=g\",\"contentUrl\":\"https:\\\/\\\/secure.gravatar.com\\\/avatar\\\/605ca84bedd79915b697a46887df8ccd0249fb6f2a1bbcd0bfc66c91d997ae51?s=96&d=mm&r=g\",\"caption\":\"Sandra\"},\"url\":\"https:\\\/\\\/www.reciplasa.es\\\/va\\\/author\\\/sandra\\\/\"}]}<\/script>\n<!-- \/ Yoast SEO plugin. -->","yoast_head_json":{"title":"La Generalitat i Reciplasa\u00a0coordinen la reorganitzaci\u00f3 del flux de residus per a garantir el tractament de les 400 tones que rebia la planta de Reciplasa - RECIPLASA","description":"Reciplasa\u00a0i la Generalitat coordinaran el pla que garantisca la continu\u00eftat del servei de tractament de les prop de 150.000 tones de residus anuals que rebia la planta.","robots":{"index":"index","follow":"follow","max-snippet":"max-snippet:-1","max-image-preview":"max-image-preview:large","max-video-preview":"max-video-preview:-1"},"canonical":"https:\/\/www.reciplasa.es\/va\/la-generalitat-i-reciplasa-coordinen-la-reorganitzacio-del-flux-de-residus-per-a-garantir-el-tractament-de-les-400-tones-que-rebia-la-planta-de-reciplasa\/","og_locale":"en_US","og_type":"article","og_title":"La Generalitat i Reciplasa\u00a0coordinen la reorganitzaci\u00f3 del flux de residus per a garantir el tractament de les 400 tones que rebia la planta de Reciplasa - RECIPLASA","og_description":"Reciplasa\u00a0i la Generalitat coordinaran el pla que garantisca la continu\u00eftat del servei de tractament de les prop de 150.000 tones de residus anuals que rebia la planta.","og_url":"https:\/\/www.reciplasa.es\/va\/la-generalitat-i-reciplasa-coordinen-la-reorganitzacio-del-flux-de-residus-per-a-garantir-el-tractament-de-les-400-tones-que-rebia-la-planta-de-reciplasa\/","og_site_name":"RECIPLASA","article_published_time":"2026-04-29T16:20:15+00:00","article_modified_time":"2026-04-29T16:24:03+00:00","og_image":[{"width":1024,"height":683,"url":"https:\/\/www.reciplasa.es\/wp-content\/uploads\/2026\/04\/Reciclaje-emergencia-1024x683.png","type":"image\/png"}],"author":"Sandra","twitter_card":"summary_large_image","twitter_misc":{"Written by":"Sandra","Est. reading time":"3 minutes"},"schema":{"@context":"https:\/\/schema.org","@graph":[{"@type":"Article","@id":"https:\/\/www.reciplasa.es\/va\/la-generalitat-i-reciplasa-coordinen-la-reorganitzacio-del-flux-de-residus-per-a-garantir-el-tractament-de-les-400-tones-que-rebia-la-planta-de-reciplasa\/#article","isPartOf":{"@id":"https:\/\/www.reciplasa.es\/va\/la-generalitat-i-reciplasa-coordinen-la-reorganitzacio-del-flux-de-residus-per-a-garantir-el-tractament-de-les-400-tones-que-rebia-la-planta-de-reciplasa\/"},"author":{"name":"Sandra","@id":"https:\/\/www.reciplasa.es\/#\/schema\/person\/15191934c9f5618dadb907c80c029c0b"},"headline":"La Generalitat i Reciplasa\u00a0coordinen la reorganitzaci\u00f3 del flux de residus per a garantir el tractament de les 400 tones que rebia la planta de Reciplasa","datePublished":"2026-04-29T16:20:15+00:00","dateModified":"2026-04-29T16:24:03+00:00","mainEntityOfPage":{"@id":"https:\/\/www.reciplasa.es\/va\/la-generalitat-i-reciplasa-coordinen-la-reorganitzacio-del-flux-de-residus-per-a-garantir-el-tractament-de-les-400-tones-que-rebia-la-planta-de-reciplasa\/"},"wordCount":496,"image":{"@id":"https:\/\/www.reciplasa.es\/va\/la-generalitat-i-reciplasa-coordinen-la-reorganitzacio-del-flux-de-residus-per-a-garantir-el-tractament-de-les-400-tones-que-rebia-la-planta-de-reciplasa\/#primaryimage"},"thumbnailUrl":"https:\/\/www.reciplasa.es\/wp-content\/uploads\/2026\/04\/Reciclaje-emergencia.png","articleSection":["Not\u00edcies corporatives"],"inLanguage":"va-VA"},{"@type":"WebPage","@id":"https:\/\/www.reciplasa.es\/va\/la-generalitat-i-reciplasa-coordinen-la-reorganitzacio-del-flux-de-residus-per-a-garantir-el-tractament-de-les-400-tones-que-rebia-la-planta-de-reciplasa\/","url":"https:\/\/www.reciplasa.es\/va\/la-generalitat-i-reciplasa-coordinen-la-reorganitzacio-del-flux-de-residus-per-a-garantir-el-tractament-de-les-400-tones-que-rebia-la-planta-de-reciplasa\/","name":"La Generalitat i Reciplasa\u00a0coordinen la reorganitzaci\u00f3 del flux de residus per a garantir el tractament de les 400 tones que rebia la planta de Reciplasa - RECIPLASA","isPartOf":{"@id":"https:\/\/www.reciplasa.es\/#website"},"primaryImageOfPage":{"@id":"https:\/\/www.reciplasa.es\/va\/la-generalitat-i-reciplasa-coordinen-la-reorganitzacio-del-flux-de-residus-per-a-garantir-el-tractament-de-les-400-tones-que-rebia-la-planta-de-reciplasa\/#primaryimage"},"image":{"@id":"https:\/\/www.reciplasa.es\/va\/la-generalitat-i-reciplasa-coordinen-la-reorganitzacio-del-flux-de-residus-per-a-garantir-el-tractament-de-les-400-tones-que-rebia-la-planta-de-reciplasa\/#primaryimage"},"thumbnailUrl":"https:\/\/www.reciplasa.es\/wp-content\/uploads\/2026\/04\/Reciclaje-emergencia.png","datePublished":"2026-04-29T16:20:15+00:00","dateModified":"2026-04-29T16:24:03+00:00","author":{"@id":"https:\/\/www.reciplasa.es\/#\/schema\/person\/15191934c9f5618dadb907c80c029c0b"},"description":"Reciplasa\u00a0i la Generalitat coordinaran el pla que garantisca la continu\u00eftat del servei de tractament de les prop de 150.000 tones de residus anuals que rebia la planta.","breadcrumb":{"@id":"https:\/\/www.reciplasa.es\/va\/la-generalitat-i-reciplasa-coordinen-la-reorganitzacio-del-flux-de-residus-per-a-garantir-el-tractament-de-les-400-tones-que-rebia-la-planta-de-reciplasa\/#breadcrumb"},"inLanguage":"va-VA","potentialAction":[{"@type":"ReadAction","target":["https:\/\/www.reciplasa.es\/va\/la-generalitat-i-reciplasa-coordinen-la-reorganitzacio-del-flux-de-residus-per-a-garantir-el-tractament-de-les-400-tones-que-rebia-la-planta-de-reciplasa\/"]}]},{"@type":"ImageObject","inLanguage":"va-VA","@id":"https:\/\/www.reciplasa.es\/va\/la-generalitat-i-reciplasa-coordinen-la-reorganitzacio-del-flux-de-residus-per-a-garantir-el-tractament-de-les-400-tones-que-rebia-la-planta-de-reciplasa\/#primaryimage","url":"https:\/\/www.reciplasa.es\/wp-content\/uploads\/2026\/04\/Reciclaje-emergencia.png","contentUrl":"https:\/\/www.reciplasa.es\/wp-content\/uploads\/2026\/04\/Reciclaje-emergencia.png","width":1536,"height":1024},{"@type":"BreadcrumbList","@id":"https:\/\/www.reciplasa.es\/va\/la-generalitat-i-reciplasa-coordinen-la-reorganitzacio-del-flux-de-residus-per-a-garantir-el-tractament-de-les-400-tones-que-rebia-la-planta-de-reciplasa\/#breadcrumb","itemListElement":[{"@type":"ListItem","position":1,"name":"Portada","item":"https:\/\/www.reciplasa.es\/va\/"},{"@type":"ListItem","position":2,"name":"La Generalitat i Reciplasa\u00a0coordinen la reorganitzaci\u00f3 del flux de residus per a garantir el tractament de les 400 tones que rebia la planta de Reciplasa"}]},{"@type":"WebSite","@id":"https:\/\/www.reciplasa.es\/#website","url":"https:\/\/www.reciplasa.es\/","name":"RECIPLASA","description":"Reciclats de Residus La Plana SA","potentialAction":[{"@type":"SearchAction","target":{"@type":"EntryPoint","urlTemplate":"https:\/\/www.reciplasa.es\/?s={search_term_string}"},"query-input":{"@type":"PropertyValueSpecification","valueRequired":true,"valueName":"search_term_string"}}],"inLanguage":"va-VA"},{"@type":"Person","@id":"https:\/\/www.reciplasa.es\/#\/schema\/person\/15191934c9f5618dadb907c80c029c0b","name":"Sandra","image":{"@type":"ImageObject","inLanguage":"va-VA","@id":"https:\/\/secure.gravatar.com\/avatar\/605ca84bedd79915b697a46887df8ccd0249fb6f2a1bbcd0bfc66c91d997ae51?s=96&d=mm&r=g","url":"https:\/\/secure.gravatar.com\/avatar\/605ca84bedd79915b697a46887df8ccd0249fb6f2a1bbcd0bfc66c91d997ae51?s=96&d=mm&r=g","contentUrl":"https:\/\/secure.gravatar.com\/avatar\/605ca84bedd79915b697a46887df8ccd0249fb6f2a1bbcd0bfc66c91d997ae51?s=96&d=mm&r=g","caption":"Sandra"},"url":"https:\/\/www.reciplasa.es\/va\/author\/sandra\/"}]}},"_links":{"self":[{"href":"https:\/\/www.reciplasa.es\/va\/wp-json\/wp\/v2\/posts\/49148","targetHints":{"allow":["GET"]}}],"collection":[{"href":"https:\/\/www.reciplasa.es\/va\/wp-json\/wp\/v2\/posts"}],"about":[{"href":"https:\/\/www.reciplasa.es\/va\/wp-json\/wp\/v2\/types\/post"}],"author":[{"embeddable":true,"href":"https:\/\/www.reciplasa.es\/va\/wp-json\/wp\/v2\/users\/13"}],"replies":[{"embeddable":true,"href":"https:\/\/www.reciplasa.es\/va\/wp-json\/wp\/v2\/comments?post=49148"}],"version-history":[{"count":2,"href":"https:\/\/www.reciplasa.es\/va\/wp-json\/wp\/v2\/posts\/49148\/revisions"}],"predecessor-version":[{"id":49214,"href":"https:\/\/www.reciplasa.es\/va\/wp-json\/wp\/v2\/posts\/49148\/revisions\/49214"}],"wp:featuredmedia":[{"embeddable":true,"href":"https:\/\/www.reciplasa.es\/va\/wp-json\/wp\/v2\/media\/49106"}],"wp:attachment":[{"href":"https:\/\/www.reciplasa.es\/va\/wp-json\/wp\/v2\/media?parent=49148"}],"wp:term":[{"taxonomy":"category","embeddable":true,"href":"https:\/\/www.reciplasa.es\/va\/wp-json\/wp\/v2\/categories?post=49148"},{"taxonomy":"post_tag","embeddable":true,"href":"https:\/\/www.reciplasa.es\/va\/wp-json\/wp\/v2\/tags?post=49148"}],"curies":[{"name":"wp","href":"https:\/\/api.w.org\/{rel}","templated":true}]}}